{"id":1204,"date":"2014-12-10T09:23:31","date_gmt":"2014-12-10T11:23:31","guid":{"rendered":"http:\/\/cfcontabil.com\/cf\/?p=570"},"modified":"2014-12-10T09:23:31","modified_gmt":"2014-12-10T11:23:31","slug":"entao-e-natal-2","status":"publish","type":"post","link":"http:\/\/cfcontabil.com\/cf\/entao-e-natal-2\/","title":{"rendered":"Ent\u00e3o&#8230; \u00c9 Natal!"},"content":{"rendered":"<figure id=\"attachment_572\" aria-describedby=\"caption-attachment-572\" style=\"width: 1000px\" class=\"wp-caption aligncenter\"><a href=\"https:\/\/i0.wp.com\/cfcontabil.com\/cf\/wp-content\/uploads\/2014\/12\/CF-CONTABIL-NATAL-2014-V.21.png\"><img data-recalc-dims=\"1\" fetchpriority=\"high\" decoding=\"async\" data-attachment-id=\"572\" data-permalink=\"http:\/\/cfcontabil.com\/cf\/cf-contabil-natal-2014-v-2-2\/\" data-orig-file=\"https:\/\/i0.wp.com\/cfcontabil.com\/cf\/wp-content\/uploads\/2014\/12\/CF-CONTABIL-NATAL-2014-V.21-2.png?fit=1000%2C1400\" data-orig-size=\"1000,1400\" data-comments-opened=\"1\" data-image-meta=\"{&quot;aperture&quot;:&quot;0&quot;,&quot;credit&quot;:&quot;&quot;,&quot;camera&quot;:&quot;&quot;,&quot;caption&quot;:&quot;&quot;,&quot;created_timestamp&quot;:&quot;0&quot;,&quot;copyright&quot;:&quot;&quot;,&quot;focal_length&quot;:&quot;0&quot;,&quot;iso&quot;:&quot;0&quot;,&quot;shutter_speed&quot;:&quot;0&quot;,&quot;title&quot;:&quot;&quot;,&quot;orientation&quot;:&quot;0&quot;}\" data-image-title=\"Natal na CF Cont\u00e1bil!\" data-image-description=\"\" data-image-caption=\"&lt;p&gt;Boas Festas! Feliz Natal!&lt;\/p&gt;\n\" data-large-file=\"https:\/\/i0.wp.com\/cfcontabil.com\/cf\/wp-content\/uploads\/2014\/12\/CF-CONTABIL-NATAL-2014-V.21-2.png?fit=731%2C1024\" class=\"size-full wp-image-572\" src=\"https:\/\/i0.wp.com\/cfcontabil.com\/cf\/wp-content\/uploads\/2014\/12\/CF-CONTABIL-NATAL-2014-V.21.png?resize=1000%2C1400\" alt=\"Boas Festas! Feliz Natal!\" width=\"1000\" height=\"1400\" \/><\/a><figcaption id=\"caption-attachment-572\" class=\"wp-caption-text\">Boas Festas! Feliz Natal!<\/figcaption><\/figure>\n","protected":false},"excerpt":{"rendered":"","protected":false},"author":2,"featured_media":0,"comment_status":"open","ping_status":"open","sticky":false,"template":"","format":"aside","meta":{"jetpack_post_was_ever_published":false,"_jetpack_newsletter_access":"","_jetpack_dont_email_post_to_subs":false,"_jetpack_newsletter_tier_id":0,"_jetpack_memberships_contains_paywalled_content":false,"_jetpack_memberships_contains_paid_content":false,"footnotes":"","jetpack_publicize_message":"","jetpack_publicize_feature_enabled":true,"jetpack_social_post_already_shared":true,"jetpack_social_options":{"image_generator_settings":{"template":"highway","default_image_id":0,"font":"","enabled":false},"version":2}},"categories":[60,69,46,29,22],"tags":[154,21,155,156],"class_list":["post-1204","post","type-post","status-publish","format-aside","hentry","category-consultoria","category-contabilidade-2","category-df","category-dp","category-geral","tag-boas-festas","tag-contabilidade","tag-feliz-natal","tag-fim-de-ano","post_format-post-format-aside"],"jetpack_publicize_connections":[],"jetpack_featured_media_url":"","jetpack_sharing_enabled":true,"jetpack_shortlink":"https:\/\/wp.me\/p2wklX-jq","jetpack-related-posts":[{"id":796,"url":"http:\/\/cfcontabil.com\/cf\/feliz-natal-boas-festas-2\/","url_meta":{"origin":1204,"position":0},"title":"Feliz Natal! Boas Festas!","author":"Vin\u00edcius Moizinho","date":"22 de dezembro de 2016","format":"image","excerpt":"","rel":"","context":"Em &quot;Geral&quot;","block_context":{"text":"Geral","link":"http:\/\/cfcontabil.com\/cf\/category\/geral\/"},"img":{"alt_text":"","src":"https:\/\/i0.wp.com\/cfcontabil.com\/cf\/wp-content\/uploads\/2016\/12\/CARTAO_NATAL_2017-MODELO_02-1.jpg?fit=591%2C394&resize=350%2C200","width":350,"height":200,"srcset":"https:\/\/i0.wp.com\/cfcontabil.com\/cf\/wp-content\/uploads\/2016\/12\/CARTAO_NATAL_2017-MODELO_02-1.jpg?fit=591%2C394&resize=350%2C200 1x, https:\/\/i0.wp.com\/cfcontabil.com\/cf\/wp-content\/uploads\/2016\/12\/CARTAO_NATAL_2017-MODELO_02-1.jpg?fit=591%2C394&resize=525%2C300 1.5x"},"classes":[]},{"id":626,"url":"http:\/\/cfcontabil.com\/cf\/feliz-natal-boas-festas\/","url_meta":{"origin":1204,"position":1},"title":"Feliz Natal! Boas Festas!","author":"Vin\u00edcius Moizinho","date":"21 de dezembro de 2015","format":"image","excerpt":"","rel":"","context":"Em &quot;Geral&quot;","block_context":{"text":"Geral","link":"http:\/\/cfcontabil.com\/cf\/category\/geral\/"},"img":{"alt_text":"","src":"https:\/\/i0.wp.com\/cfcontabil.com\/cf\/wp-content\/uploads\/2014\/07\/CF-Cart%C3%A3o-Natal-2015-2.jpg?fit=897%2C602&resize=350%2C200","width":350,"height":200,"srcset":"https:\/\/i0.wp.com\/cfcontabil.com\/cf\/wp-content\/uploads\/2014\/07\/CF-Cart%C3%A3o-Natal-2015-2.jpg?fit=897%2C602&resize=350%2C200 1x, https:\/\/i0.wp.com\/cfcontabil.com\/cf\/wp-content\/uploads\/2014\/07\/CF-Cart%C3%A3o-Natal-2015-2.jpg?fit=897%2C602&resize=525%2C300 1.5x, https:\/\/i0.wp.com\/cfcontabil.com\/cf\/wp-content\/uploads\/2014\/07\/CF-Cart%C3%A3o-Natal-2015-2.jpg?fit=897%2C602&resize=700%2C400 2x"},"classes":[]},{"id":275,"url":"http:\/\/cfcontabil.com\/cf\/entao-e-natal\/","url_meta":{"origin":1204,"position":2},"title":"Ent\u00e3o \u00e9 Natal!","author":"Vin\u00edcius Moizinho","date":"20 de dezembro de 2012","format":false,"excerpt":"Chegou! Mais um ano se encerra.\u00a0Gostar\u00edamos de agradecer a todos pela companhia durante essa longa jornada.\u00a0Nosso\u00a0Natal\u00a0n\u00e3o seria t\u00e3o gratificante sem voc\u00ea!\u00a0Feliz Natal e um 2013 maravilhoso!! Lembrando aos prezados parceiros e queridos amigos leitores que a\u00a0CF Cont\u00e1bil\u00a0estar\u00e1 de recesso no per\u00edodo entre\u00a021 de Dezembro de 2012\u00a0a\u00a002 de Janeiro de 2013.\u2026","rel":"","context":"Em &quot;Geral&quot;","block_context":{"text":"Geral","link":"http:\/\/cfcontabil.com\/cf\/category\/geral\/"},"img":{"alt_text":"\u00c9 Natal!","src":"https:\/\/i0.wp.com\/lh4.googleusercontent.com\/-uoq8jeX_x4w\/UNNQ5a0ZL9I\/AAAAAAAAp04\/6eLu4nxNsro\/s552\/CF%2BNATAL%2BCARD%2B2012%2Bv2.jpg?resize=350%2C200&ssl=1","width":350,"height":200,"srcset":"https:\/\/i0.wp.com\/lh4.googleusercontent.com\/-uoq8jeX_x4w\/UNNQ5a0ZL9I\/AAAAAAAAp04\/6eLu4nxNsro\/s552\/CF%2BNATAL%2BCARD%2B2012%2Bv2.jpg?resize=350%2C200&ssl=1 1x, https:\/\/i0.wp.com\/lh4.googleusercontent.com\/-uoq8jeX_x4w\/UNNQ5a0ZL9I\/AAAAAAAAp04\/6eLu4nxNsro\/s552\/CF%2BNATAL%2BCARD%2B2012%2Bv2.jpg?resize=525%2C300&ssl=1 1.5x"},"classes":[]},{"id":778,"url":"http:\/\/cfcontabil.com\/cf\/comunicado-recesso-e-ferias-coletivas-ano-2016\/","url_meta":{"origin":1204,"position":3},"title":"COMUNICADO &#8211; Recesso e F\u00e9rias Coletivas &#8211; Ano 2016","author":"Ab\u00edlio Gon\u00e7alves","date":"2 de dezembro de 2016","format":false,"excerpt":"","rel":"","context":"Em &quot;Geral&quot;","block_context":{"text":"Geral","link":"http:\/\/cfcontabil.com\/cf\/category\/geral\/"},"img":{"alt_text":"","src":"https:\/\/i0.wp.com\/cfcontabil.com\/Encarte_Recesso_2016.jpg?resize=350%2C200","width":350,"height":200,"srcset":"https:\/\/i0.wp.com\/cfcontabil.com\/Encarte_Recesso_2016.jpg?resize=350%2C200 1x, https:\/\/i0.wp.com\/cfcontabil.com\/Encarte_Recesso_2016.jpg?resize=525%2C300 1.5x, https:\/\/i0.wp.com\/cfcontabil.com\/Encarte_Recesso_2016.jpg?resize=700%2C400 2x, https:\/\/i0.wp.com\/cfcontabil.com\/Encarte_Recesso_2016.jpg?resize=1050%2C600 3x"},"classes":[]},{"id":2386,"url":"http:\/\/cfcontabil.com\/cf\/saude-e-esperanca-em-2021\/","url_meta":{"origin":1204,"position":4},"title":"Sa\u00fade e Esperan\u00e7a em 2021!","author":"Ab\u00edlio Gon\u00e7alves","date":"23 de dezembro de 2020","format":false,"excerpt":"Em virtude da proximidade das festas de fim de ano, informamos que nosso recesso e f\u00e9rias coletivas se estender\u00e3o de\u00a023 de Dezembro de 2020\u00a0a\u00a004 de Janeiro de 2021. Retornaremos com nossas atividades normais a partir de 04 de Janeiro, em nosso hor\u00e1rio de atendimento habitual nos per\u00edodos matutino (09:00 \u00e0s\u2026","rel":"","context":"Em &quot;Geral&quot;","block_context":{"text":"Geral","link":"http:\/\/cfcontabil.com\/cf\/category\/geral\/"},"img":{"alt_text":"","src":"https:\/\/i0.wp.com\/cfcontabil.com\/cf\/wp-content\/uploads\/2020\/12\/Mensagem-Ano-Novo-2020-CF-Contabil.png?fit=1200%2C848&resize=350%2C200","width":350,"height":200,"srcset":"https:\/\/i0.wp.com\/cfcontabil.com\/cf\/wp-content\/uploads\/2020\/12\/Mensagem-Ano-Novo-2020-CF-Contabil.png?fit=1200%2C848&resize=350%2C200 1x, https:\/\/i0.wp.com\/cfcontabil.com\/cf\/wp-content\/uploads\/2020\/12\/Mensagem-Ano-Novo-2020-CF-Contabil.png?fit=1200%2C848&resize=525%2C300 1.5x, https:\/\/i0.wp.com\/cfcontabil.com\/cf\/wp-content\/uploads\/2020\/12\/Mensagem-Ano-Novo-2020-CF-Contabil.png?fit=1200%2C848&resize=700%2C400 2x, https:\/\/i0.wp.com\/cfcontabil.com\/cf\/wp-content\/uploads\/2020\/12\/Mensagem-Ano-Novo-2020-CF-Contabil.png?fit=1200%2C848&resize=1050%2C600 3x"},"classes":[]},{"id":424,"url":"http:\/\/cfcontabil.com\/cf\/recesso-e-ferias-coletivas-2013\/","url_meta":{"origin":1204,"position":5},"title":"Recesso e F\u00e9rias Coletivas 2013","author":"Vin\u00edcius Moizinho","date":"20 de dezembro de 2013","format":false,"excerpt":"","rel":"","context":"Em &quot;Consultoria Empresarial&quot;","block_context":{"text":"Consultoria Empresarial","link":"http:\/\/cfcontabil.com\/cf\/category\/consultoria\/"},"img":{"alt_text":"","src":"","width":0,"height":0},"classes":[]}],"jetpack_likes_enabled":true,"_links":{"self":[{"href":"http:\/\/cfcontabil.com\/cf\/wp-json\/wp\/v2\/posts\/1204","targetHints":{"allow":["GET"]}}],"collection":[{"href":"http:\/\/cfcontabil.com\/cf\/wp-json\/wp\/v2\/posts"}],"about":[{"href":"http:\/\/cfcontabil.com\/cf\/wp-json\/wp\/v2\/types\/post"}],"author":[{"embeddable":true,"href":"http:\/\/cfcontabil.com\/cf\/wp-json\/wp\/v2\/users\/2"}],"replies":[{"embeddable":true,"href":"http:\/\/cfcontabil.com\/cf\/wp-json\/wp\/v2\/comments?post=1204"}],"version-history":[{"count":0,"href":"http:\/\/cfcontabil.com\/cf\/wp-json\/wp\/v2\/posts\/1204\/revisions"}],"wp:attachment":[{"href":"http:\/\/cfcontabil.com\/cf\/wp-json\/wp\/v2\/media?parent=1204"}],"wp:term":[{"taxonomy":"category","embeddable":true,"href":"http:\/\/cfcontabil.com\/cf\/wp-json\/wp\/v2\/categories?post=1204"},{"taxonomy":"post_tag","embeddable":true,"href":"http:\/\/cfcontabil.com\/cf\/wp-json\/wp\/v2\/tags?post=1204"}],"curies":[{"name":"wp","href":"https:\/\/api.w.org\/{rel}","templated":true}]}}