{"id":1207,"date":"2016-07-20T11:41:20","date_gmt":"2016-07-20T14:41:20","guid":{"rendered":"http:\/\/cfcontabil.com\/cf\/?p=762"},"modified":"2016-07-20T11:41:20","modified_gmt":"2016-07-20T14:41:20","slug":"receita-publica-instrucao-normativa-que-dispoe-sobre-a-apresentacao-da-declaracao-do-itr-2016-itr","status":"publish","type":"post","link":"http:\/\/cfcontabil.com\/cf\/receita-publica-instrucao-normativa-que-dispoe-sobre-a-apresentacao-da-declaracao-do-itr-2016-itr\/","title":{"rendered":"Receita publica Instru\u00e7\u00e3o Normativa que disp\u00f5e sobre a apresenta\u00e7\u00e3o da Declara\u00e7\u00e3o do ITR 2016 ITR"},"content":{"rendered":"<p style=\"text-align: justify;\">A Receita Federal publicou hoje (13\/6), a\u00a0Instru\u00e7\u00e3o Normativa (IN) RFB n\u00ba 1.651\u00a0que disp\u00f5e sobre a apresenta\u00e7\u00e3o da Declara\u00e7\u00e3o do Imposto sobre a Propriedade Territorial Rural (DITR) referente ao exerc\u00edcio de 2016. A IN estabelece as normas e os procedimentos para a apresenta\u00e7\u00e3o da DITR referente ao exerc\u00edcio de 2016, informando quais os crit\u00e9rios de obrigatoriedade, a necessidade do uso de computador na elabora\u00e7\u00e3o da DITR, o prazo para apresenta\u00e7\u00e3o, as consequ\u00eancias da apresenta\u00e7\u00e3o fora deste prazo, a forma de pagamento do imposto apurado, dentre outras informa\u00e7\u00f5es.<\/p>\n<p style=\"text-align: justify;\">Quanto aos crit\u00e9rios de obrigatoriedade, estar\u00e3o obrigados a apresentar a DITR a pessoa f\u00edsica ou jur\u00eddica, exceto a imune ou isenta, propriet\u00e1ria, titular do dom\u00ednio \u00fatil ou possuidora a qualquer t\u00edtulo, inclusive a usufrutu\u00e1ria, um dos cond\u00f4minos, bem como um dos compossuidores. Tamb\u00e9m estar\u00e3o obrigadas a pessoa f\u00edsica ou jur\u00eddica que, entre 1\u00ba de janeiro de 2016 e a data da efetiva apresenta\u00e7\u00e3o da declara\u00e7\u00e3o, perdeu a posse do im\u00f3vel rural, o direito de propriedade pela transfer\u00eancia ou incorpora\u00e7\u00e3o do im\u00f3vel rural ao patrim\u00f4nio do expropriante.<\/p>\n<p style=\"text-align: justify;\">Inclui-se entre os obrigados, aquele que, em rela\u00e7\u00e3o ao im\u00f3vel rural a ser declarado, imune ou isento, e para o qual houve altera\u00e7\u00e3o nas informa\u00e7\u00f5es cadastrais correspondentes ao im\u00f3vel rural, ao seu titular, \u00e0 composse ou ao condom\u00ednio, constantes do Cadastro de Im\u00f3veis Rurais (Cafir) e sem que esse fato tenha sido comunicado \u00e0 Secretaria da Receita Federal do Brasil para fins de altera\u00e7\u00e3o no Cafir.<\/p>\n<p style=\"text-align: justify;\"><img fetchpriority=\"high\" decoding=\"async\" class=\"alignnone\" src=\"http:\/\/i0.wp.com\/agrocontabilservicos.com.br\/wp-content\/uploads\/2016\/06\/ITR21.jpg?fit=2926%2C1902\" width=\"2926\" height=\"1902\" \/><\/p>\n<p style=\"text-align: justify;\">Veja mais informa\u00e7\u00f5es na mat\u00e9ria completa:<!--more--><\/p>\n<p style=\"text-align: justify;\">Em rela\u00e7\u00e3o \u00e0 necessidade do uso de computador para elabora\u00e7\u00e3o da DITR, esta que \u00e9 composta pelo Documento de Informa\u00e7\u00e3o e Atualiza\u00e7\u00e3o Cadastral do Imposto sobre a Propriedade Territorial Rural (Diac) e pelo Documento de Informa\u00e7\u00e3o e Apura\u00e7\u00e3o do Imposto sobre a Propriedade Territorial Rural (Diat), dever\u00e1 ser elaborada mediante a utiliza\u00e7\u00e3o do Programa Gerador da Declara\u00e7\u00e3o do ITR, relativo ao exerc\u00edcio de 2016 (ITR2016), a ser disponibilizada \u00e0 \u00e9poca pr\u00f3pria no s\u00edtio da RFB na Internet, no endere\u00e7o <a href=\"http:\/\/rfb.gov.br\">http:\/\/rfb.gov.br<\/a>.<\/p>\n<p style=\"text-align: justify;\">A DITR dever\u00e1 ser apresentada no per\u00edodo 22 de agosto a 30 de setembro de 2016, pela Internet, mediante utiliza\u00e7\u00e3o do programa de transmiss\u00e3o Receitanet e a comprova\u00e7\u00e3o desta apresenta\u00e7\u00e3o ser\u00e1 feita por meio de recibo gravado ap\u00f3s a sua transmiss\u00e3o, em disco r\u00edgido de computador ou em m\u00eddia remov\u00edvel que contenha a declara\u00e7\u00e3o transmitida, cuja impress\u00e3o deve ser realizada pelo contribuinte.<\/p>\n<p style=\"text-align: justify;\">Caso o contribuinte apresente a DITR fora do prazo, este estar\u00e1 sujeito \u00e0 aplica\u00e7\u00e3o de multa de 1% (um por cento) ao m\u00eas-calend\u00e1rio ou fra\u00e7\u00e3o de atraso, calculada sobre o total do imposto devido, n\u00e3o podendo seu valor ser inferior a R$ 50,00 (cinquenta reais).<\/p>\n<p style=\"text-align: justify;\">Quanto ao pagamento do imposto, o valor poder\u00e1 ser pago em at\u00e9 4 (quatro) quotas iguais, mensais e consecutivas, desde que nenhuma quota seja inferior a R$ 50,00 (cinquenta reais), o imposto de valor inferior a R$ 100,00 (cem reais) dever\u00e1 ser pago em quota \u00fanica, a 1\u00aa (primeira) quota ou quota \u00fanica dever\u00e1 ser paga at\u00e9 o \u00faltimo dia do prazo para a apresenta\u00e7\u00e3o da DITR e as demais quotas at\u00e9 o \u00faltimo dia \u00fatil de cada m\u00eas, acrescidas de juros equivalentes \u00e0 taxa referencial do Sistema Especial de Liquida\u00e7\u00e3o e de Cust\u00f3dia (Selic) para t\u00edtulos federais, acumulada mensalmente, calculados a partir do m\u00eas de outubro de 2016 at\u00e9 o m\u00eas anterior ao do pagamento, e de 1% (um por cento) no m\u00eas do pagamento. Em nenhuma hip\u00f3tese o valor do imposto devido ser\u00e1 inferior a R$ 10,00 (dez reais).<\/p>\n<p>Fonte: RFB<\/p>\n","protected":false},"excerpt":{"rendered":"<p>A Receita Federal publicou hoje (13\/6), a\u00a0Instru\u00e7\u00e3o Normativa (IN) RFB n\u00ba 1.651\u00a0que disp\u00f5e sobre a apresenta\u00e7\u00e3o da Declara\u00e7\u00e3o do Imposto sobre a Propriedade Territorial Rural (DITR) referente ao exerc\u00edcio de 2016. A IN estabelece as normas e os procedimentos para a apresenta\u00e7\u00e3o da DITR referente ao exerc\u00edcio de 2016, informando quais os crit\u00e9rios de obrigatoriedade, [&hellip;]<\/p>\n","protected":false},"author":3,"featured_media":0,"comment_status":"open","ping_status":"open","sticky":false,"template":"","format":"standard","meta":{"jetpack_post_was_ever_published":false,"_jetpack_newsletter_access":"","_jetpack_dont_email_post_to_subs":false,"_jetpack_newsletter_tier_id":0,"_jetpack_memberships_contains_paywalled_content":false,"_jetpack_memberships_contains_paid_content":false,"footnotes":"","jetpack_publicize_message":"","jetpack_publicize_feature_enabled":true,"jetpack_social_post_already_shared":true,"jetpack_social_options":{"image_generator_settings":{"template":"highway","default_image_id":0,"font":"","enabled":false},"version":2}},"categories":[22],"tags":[265,108,266,267,268],"class_list":["post-1207","post","type-post","status-publish","format-standard","hentry","category-geral","tag-ditr","tag-imposto","tag-itr","tag-rural","tag-territorio"],"jetpack_publicize_connections":[],"jetpack_featured_media_url":"","jetpack_sharing_enabled":true,"jetpack_shortlink":"https:\/\/wp.me\/p2wklX-jt","jetpack-related-posts":[{"id":2630,"url":"http:\/\/cfcontabil.com\/cf\/entrega-da-declaracao-do-itr-2021-comeca-em-16-de-agosto\/","url_meta":{"origin":1207,"position":0},"title":"Entrega da declara\u00e7\u00e3o do ITR 2021 come\u00e7a em 16 de agosto","author":"Ab\u00edlio Gon\u00e7alves","date":"16 de agosto de 2021","format":false,"excerpt":"Procedimento deve ser realizado de forma digital, por meio de programa da Receita Federal. O prazo para entrega da declara\u00e7\u00e3o do Imposto Territorial Rural (ITR), referente ao exerc\u00edcio 2021, tem in\u00edcio no dia 16 de agosto. O procedimento \u00e9 obrigat\u00f3rio para pessoas f\u00edsicas e\/ou jur\u00eddicas propriet\u00e1rias, titulares do dom\u00ednio \u00fatil\u2026","rel":"","context":"Em &quot;Imposto de Renda&quot;","block_context":{"text":"Imposto de Renda","link":"http:\/\/cfcontabil.com\/cf\/category\/imposto-de-renda\/"},"img":{"alt_text":"","src":"https:\/\/i0.wp.com\/cfcontabil.com\/cf\/wp-content\/uploads\/2021\/08\/ITR.png?fit=987%2C270&resize=350%2C200","width":350,"height":200,"srcset":"https:\/\/i0.wp.com\/cfcontabil.com\/cf\/wp-content\/uploads\/2021\/08\/ITR.png?fit=987%2C270&resize=350%2C200 1x, https:\/\/i0.wp.com\/cfcontabil.com\/cf\/wp-content\/uploads\/2021\/08\/ITR.png?fit=987%2C270&resize=525%2C300 1.5x, https:\/\/i0.wp.com\/cfcontabil.com\/cf\/wp-content\/uploads\/2021\/08\/ITR.png?fit=987%2C270&resize=700%2C400 2x"},"classes":[]},{"id":1218,"url":"http:\/\/cfcontabil.com\/cf\/instrucoes-normativas-sobre-imposto-de-renda\/","url_meta":{"origin":1207,"position":1},"title":"Instru\u00e7\u00f5es Normativas sobre Imposto de Renda","author":"Ab\u00edlio Gon\u00e7alves","date":"22 de fevereiro de 2017","format":false,"excerpt":"A Receita Federal publicou hoje (22.02) v\u00e1rias Instru\u00e7\u00f5es Normativas com regras sobre o imposto de renda, para o exerc\u00edcio de 2017: Instru\u00e7\u00e3o Normativa 1696 - programa multiplataforma da Declara\u00e7\u00e3o de Ajuste Anual do Imposto sobre a Renda da Pessoa F\u00edsica, da Declara\u00e7\u00e3o Final de Esp\u00f3lio e da Declara\u00e7\u00e3o de Sa\u00edda\u2026","rel":"","context":"Em &quot;Departamento Fiscal&quot;","block_context":{"text":"Departamento Fiscal","link":"http:\/\/cfcontabil.com\/cf\/category\/df\/"},"img":{"alt_text":"","src":"","width":0,"height":0},"classes":[]},{"id":1968,"url":"http:\/\/cfcontabil.com\/cf\/receita-federal-divulga-norma-sobre-a-declaracao-do-imposto-sobre-a-renda-retido-na-fonte-2020\/","url_meta":{"origin":1207,"position":2},"title":"Receita Federal divulga norma sobre a Declara\u00e7\u00e3o do Imposto sobre a Renda Retido na Fonte 2020","author":"Ab\u00edlio Gon\u00e7alves","date":"29 de novembro de 2019","format":false,"excerpt":"Declara\u00e7\u00e3o dever\u00e1 ser apresentada at\u00e9 as 23h59min59s do dia 28 de fevereiro de 2020 Foi publicada hoje, no Di\u00e1rio Oficial da Uni\u00e3o, a\u00a0Instru\u00e7\u00e3o Normativa RFB n\u00ba 1.915, de 2019, que disp\u00f5e sobre a Declara\u00e7\u00e3o do Imposto sobre a Renda Retido na Fonte referente ao ano-calend\u00e1rio de 2019 \u2013 Dirf 2020.\u2026","rel":"","context":"Em &quot;Departamento Fiscal&quot;","block_context":{"text":"Departamento Fiscal","link":"http:\/\/cfcontabil.com\/cf\/category\/df\/"},"img":{"alt_text":"","src":"https:\/\/i0.wp.com\/cfcontabil.com\/cf\/wp-content\/uploads\/2019\/11\/dirf-imposto-renda-banner.png?fit=886%2C346&resize=350%2C200","width":350,"height":200,"srcset":"https:\/\/i0.wp.com\/cfcontabil.com\/cf\/wp-content\/uploads\/2019\/11\/dirf-imposto-renda-banner.png?fit=886%2C346&resize=350%2C200 1x, https:\/\/i0.wp.com\/cfcontabil.com\/cf\/wp-content\/uploads\/2019\/11\/dirf-imposto-renda-banner.png?fit=886%2C346&resize=525%2C300 1.5x, https:\/\/i0.wp.com\/cfcontabil.com\/cf\/wp-content\/uploads\/2019\/11\/dirf-imposto-renda-banner.png?fit=886%2C346&resize=700%2C400 2x"},"classes":[]},{"id":917,"url":"http:\/\/cfcontabil.com\/cf\/receita-esclarece-duvidas-sobre-in-1-646-dctf-dspj\/","url_meta":{"origin":1207,"position":3},"title":"Receita esclarece d\u00favidas sobre IN 1.646 &#8211; DCTF \/ DSPJ","author":"Ab\u00edlio Gon\u00e7alves","date":"1 de fevereiro de 2017","format":false,"excerpt":"A Instru\u00e7\u00e3o Normativa RFB n\u00ba 1.646, de 30 de maio de 2016, realizou adequa\u00e7\u00f5es na Instru\u00e7\u00e3o Normativa RFB n\u00ba 1.599, de 11 de dezembro de 2015, que disp\u00f5e sobre a Declara\u00e7\u00e3o de D\u00e9bitos e Cr\u00e9ditos Tribut\u00e1rios Federais (DCTF), e na Instru\u00e7\u00e3o Normativa RFB n\u00ba 1.605, de 22 de dezembro de\u2026","rel":"","context":"Em &quot;Departamento Fiscal&quot;","block_context":{"text":"Departamento Fiscal","link":"http:\/\/cfcontabil.com\/cf\/category\/df\/"},"img":{"alt_text":"","src":"https:\/\/i0.wp.com\/cfcontabil.com\/cf\/wp-content\/uploads\/2017\/02\/dctf-1.png?fit=800%2C500&resize=350%2C200","width":350,"height":200,"srcset":"https:\/\/i0.wp.com\/cfcontabil.com\/cf\/wp-content\/uploads\/2017\/02\/dctf-1.png?fit=800%2C500&resize=350%2C200 1x, https:\/\/i0.wp.com\/cfcontabil.com\/cf\/wp-content\/uploads\/2017\/02\/dctf-1.png?fit=800%2C500&resize=525%2C300 1.5x, https:\/\/i0.wp.com\/cfcontabil.com\/cf\/wp-content\/uploads\/2017\/02\/dctf-1.png?fit=800%2C500&resize=700%2C400 2x"},"classes":[]},{"id":1224,"url":"http:\/\/cfcontabil.com\/cf\/confira-as-regras-da-declaracao-do-irpf-2017\/","url_meta":{"origin":1207,"position":4},"title":"Confira as regras da Declara\u00e7\u00e3o do IRPF 2017","author":"Ab\u00edlio Gon\u00e7alves","date":"23 de fevereiro de 2017","format":false,"excerpt":"O prazo de entrega vai de 2 de mar\u00e7o a 28 de abril de 2017 Na manh\u00e3 de hoje (22\/2), a Receita Federal anunciou em coletiva de imprensa as principais novidades e regras do Imposto de Renda das Pessoas F\u00edsicas para este ano. Entre as inova\u00e7\u00f5es est\u00e1 a atualiza\u00e7\u00e3o autom\u00e1tica\u2026","rel":"","context":"Em &quot;Departamento Fiscal&quot;","block_context":{"text":"Departamento Fiscal","link":"http:\/\/cfcontabil.com\/cf\/category\/df\/"},"img":{"alt_text":"","src":"","width":0,"height":0},"classes":[]},{"id":1064,"url":"http:\/\/cfcontabil.com\/cf\/receita-federal-regulamenta-transmissao-de-informacoes-relativas-ao-rerct\/","url_meta":{"origin":1207,"position":5},"title":"Receita Federal regulamenta transmiss\u00e3o de informa\u00e7\u00f5es relativas ao RERCT","author":"Ab\u00edlio Gon\u00e7alves","date":"15 de mar\u00e7o de 2017","format":false,"excerpt":"Receita Federal lan\u00e7a Instru\u00e7\u00e3o Normativa (IN) RFB n\u00b0 1699\/2017 que disp\u00f5e sobre a obrigatoriedade de presta\u00e7\u00e3o de informa\u00e7\u00f5es na e-Financeira. Foi publicada dia 10.03\u00a0no Di\u00e1rio Oficial da Uni\u00e3o a IN RFB n\u00b0 1699\/2017, que trata de informa\u00e7\u00f5es da e-Financeira referentes ao Regime Especial de Regulariza\u00e7\u00e3o Cambial e Tribut\u00e1ria (RERCT). A\u2026","rel":"","context":"Em &quot;Departamento Fiscal&quot;","block_context":{"text":"Departamento Fiscal","link":"http:\/\/cfcontabil.com\/cf\/category\/df\/"},"img":{"alt_text":"","src":"https:\/\/i0.wp.com\/cfcontabil.com\/cf\/wp-content\/uploads\/2016\/03\/fiscaliza%C3%A7%C3%A3o-8-1.jpg?fit=825%2C367&resize=350%2C200","width":350,"height":200,"srcset":"https:\/\/i0.wp.com\/cfcontabil.com\/cf\/wp-content\/uploads\/2016\/03\/fiscaliza%C3%A7%C3%A3o-8-1.jpg?fit=825%2C367&resize=350%2C200 1x, https:\/\/i0.wp.com\/cfcontabil.com\/cf\/wp-content\/uploads\/2016\/03\/fiscaliza%C3%A7%C3%A3o-8-1.jpg?fit=825%2C367&resize=525%2C300 1.5x, https:\/\/i0.wp.com\/cfcontabil.com\/cf\/wp-content\/uploads\/2016\/03\/fiscaliza%C3%A7%C3%A3o-8-1.jpg?fit=825%2C367&resize=700%2C400 2x"},"classes":[]}],"jetpack_likes_enabled":true,"_links":{"self":[{"href":"http:\/\/cfcontabil.com\/cf\/wp-json\/wp\/v2\/posts\/1207","targetHints":{"allow":["GET"]}}],"collection":[{"href":"http:\/\/cfcontabil.com\/cf\/wp-json\/wp\/v2\/posts"}],"about":[{"href":"http:\/\/cfcontabil.com\/cf\/wp-json\/wp\/v2\/types\/post"}],"author":[{"embeddable":true,"href":"http:\/\/cfcontabil.com\/cf\/wp-json\/wp\/v2\/users\/3"}],"replies":[{"embeddable":true,"href":"http:\/\/cfcontabil.com\/cf\/wp-json\/wp\/v2\/comments?post=1207"}],"version-history":[{"count":0,"href":"http:\/\/cfcontabil.com\/cf\/wp-json\/wp\/v2\/posts\/1207\/revisions"}],"wp:attachment":[{"href":"http:\/\/cfcontabil.com\/cf\/wp-json\/wp\/v2\/media?parent=1207"}],"wp:term":[{"taxonomy":"category","embeddable":true,"href":"http:\/\/cfcontabil.com\/cf\/wp-json\/wp\/v2\/categories?post=1207"},{"taxonomy":"post_tag","embeddable":true,"href":"http:\/\/cfcontabil.com\/cf\/wp-json\/wp\/v2\/tags?post=1207"}],"curies":[{"name":"wp","href":"https:\/\/api.w.org\/{rel}","templated":true}]}}