{"id":1302,"date":"2018-06-04T13:54:10","date_gmt":"2018-06-04T16:54:10","guid":{"rendered":"http:\/\/cfcontabil.com\/cf\/?p=1302"},"modified":"2018-06-04T13:54:10","modified_gmt":"2018-06-04T16:54:10","slug":"empresas-com-funcionarios-tem-ate-julho-para-aderir-ao-esocial","status":"publish","type":"post","link":"http:\/\/cfcontabil.com\/cf\/empresas-com-funcionarios-tem-ate-julho-para-aderir-ao-esocial\/","title":{"rendered":"Empresas com funcion\u00e1rios t\u00eam at\u00e9 julho para aderir ao eSocial"},"content":{"rendered":"<h4 class=\"subtitulo\">Pesquisa da FENACON apontou que menos de 10% das micro e pequenas empresas est\u00e3o informadas<\/h4>\n<p><strong>Sistema substitui 15 presta\u00e7\u00f5es de informa\u00e7\u00f5es fiscais, trabalhistas e previdenci\u00e1rias passar\u00e1 a valer a todo o setor privado e implicar\u00e1 em multas sobre faturamento em caso de descumprimento<\/strong><\/p>\n<p>Todas as empresas do setor privado t\u00eam at\u00e9 o dia 1\u00ba de julho para adotar o eSocial, sistema que unifica a presta\u00e7\u00e3o de 15 relat\u00f3rios a \u00f3rg\u00e3os do governo, com informa\u00e7\u00f5es fiscais, trabalhistas e previdenci\u00e1rias. Apesar da proposta de simplificar o ambiente de neg\u00f3cios, consultores e profissionais de recursos humanos afirmam que a adapta\u00e7\u00e3o \u00e9 bastante trabalhosa e implica em multas de at\u00e9 0,2% sobre o faturamento anual, em caso de descumprimento dos prazos estabelecidos.<\/p>\n<p><em>Adils\u00e9ia Soriani Batista, gerente de RH: &#8220;A forma como as solicita\u00e7\u00f5es precisam ser cumpridas \u00e9 nova e nem sempre se aplicam ao dia a dia din\u00e2mico das organiza\u00e7\u00f5es&#8221;<\/em><\/p>\n<p><!--more--><br \/>\nA exig\u00eancia vale desde janeiro para 13,7 mil neg\u00f3cios com faturamento acima de R$ 78 milh\u00f5es ao ano, que correspondem a cerca de 15 milh\u00f5es de trabalhadores. A obrigatoriedade se estender\u00e1 a mais de 18 milh\u00f5es de empreendimentos no in\u00edcio do segundo semestre, o que inclui micro e pequenas empresas, al\u00e9m dos MEIs (microempreendedores individuais) que tenham funcion\u00e1rios. Os aut\u00f4nomos sem empregados continuar\u00e3o a usar o o Simei, o sistema de recolhimento dos tributos em valores fixos mensais do Simples Nacional.<\/p>\n<p>Consultor do Sescap-Londrina (Sindicato das Empresas de Assessoramento, Per\u00edcias, Informa\u00e7\u00f5es, Pesquisas e de Servi\u00e7os Cont\u00e1beis de Londrina e Regi\u00e3o), Taylam Alves afirma que pesquisa feita pela Fenacon (Federa\u00e7\u00e3o Nacional das Empresas de Servi\u00e7os Cont\u00e1beis e das Empresas de Assessoramento, Per\u00edcias, Informa\u00e7\u00f5es e Pesquisas) apontou que menos de 10% das micro e pequenas empresas est\u00e3o informadas sobre a exig\u00eancia. &#8220;Mesmo as de grande porte tiveram dificuldades e mais de 8 mil foram notificadas por n\u00e3o informarem dados dos empregadores&#8221;, diz.<\/p>\n<p>Alves sugere que as empresas criem comit\u00eas internos para implanta\u00e7\u00e3o do eSocial e que iniciem o quanto antes a atualiza\u00e7\u00e3o dos dados cadastrais de funcion\u00e1rios, um dos principais problemas enfrentados. A ades\u00e3o \u00e9 dividida em cinco fases e a primeira \u00e9 justamente a que envolve o cadastro do empregador. Logo em setembro ser\u00e1 necess\u00e1rio atualizar dados de trabalhadores e os v\u00ednculos com as empresas. Em novembro ser\u00e1 a vez da folha de pagamento e em janeiro de 2019, dados previdenci\u00e1rios e sobre a seguran\u00e7a e sa\u00fade do trabalho. &#8220;Se a pessoa tiver dificuldades, busque um consultor para fazer o treinamento, porque as autua\u00e7\u00f5es s\u00e3o altas e podem gerar fiscaliza\u00e7\u00e3o retroativa&#8221;, afirma.<\/p>\n<p>Isso porque, ainda que as exig\u00eancias valham somente a partir da entrada em vig\u00eancia do eSocial, o consultor diz que uma informa\u00e7\u00e3o divergente, como de enquadramento tribut\u00e1rio, por exemplo, pode indicar que o erro tenha sido cometido tamb\u00e9m anteriormente. &#8220;A fiscaliza\u00e7\u00e3o pode ser em rela\u00e7\u00e3o aos \u00faltimo cinco anos&#8221;, cita Alves. O sistema \u00e9 um projeto que integra Receita Federal, Caixa Econ\u00f4mica Federal, INSS (Instituto Nacional do Seguro Social), Previd\u00eancia e Minist\u00e9rio do Trabalho.<\/p>\n<p>Outros tipos de multa podem ser aplicados em casos de ilegalidade, conforme a legisla\u00e7\u00e3o j\u00e1 vigente. Alves cita o lan\u00e7amento informa\u00e7\u00f5es de pagamento a trabalhador por horas extras al\u00e9m do permitido ao dia. &#8220;O eSocial faz apenas a valida\u00e7\u00e3o de consist\u00eancia. Se faltar uma letra ou n\u00famero necess\u00e1rios a um campo, n\u00e3o \u00e9 poss\u00edvel fazer a transmiss\u00e3o de dados. Se for plaus\u00edvel, mais ilegal, n\u00e3o h\u00e1 aviso e a fiscaliza\u00e7\u00e3o \u00e9 feita depois.&#8221;<\/p>\n<p><strong>BENEF\u00cdCIOS<\/strong><br \/>\nDepois da dor de cabe\u00e7a para a implanta\u00e7\u00e3o do sistema, o governo prega que haver\u00e1 simplifica\u00e7\u00e3o do cadastro de informa\u00e7\u00f5es e redu\u00e7\u00e3o de custos na gest\u00e3o de recursos humanos nas empresas. Ainda, com o cruzamento de dados facilitado, o consultor do Sescap lembra que h\u00e1 potencial de aumento da arrecada\u00e7\u00e3o, principalmente em quest\u00f5es tribut\u00e1rias e fiscais e n\u00e3o necessariamente pelas multas. &#8220;Para o empregador, vai dar seguran\u00e7a jur\u00eddica em rela\u00e7\u00e3o ao v\u00ednculo empregat\u00edcio e, para o empregado, incentivar a fiscaliza\u00e7\u00e3o e a autua\u00e7\u00e3o em casos de viola\u00e7\u00e3o da legisla\u00e7\u00e3o.&#8221;<\/p>\n<p>No entanto, Alves lembra que os trabalhadores ainda precisar\u00e3o contar com a fiscaliza\u00e7\u00e3o presencial. &#8220;Se o empregador fizer algo errado, mas declarar como se fizesse certo, o eSocial n\u00e3o ter\u00e1 como pegar&#8221;, explica.<\/p>\n<p><strong>EXIG\u00caNCIAS<\/strong><br \/>\nA quantidade de dados cadastrais de funcion\u00e1rios que precisam ser atualizados para a implanta\u00e7\u00e3o do eSocial est\u00e1 entre as principais dores de cabe\u00e7a dos departamentos de RH (Recursos Humanos). At\u00e9 mesmo o CPF de maiores de oito anos, dependentes de empregados, passa a ser exigido. Ainda, como \u00e9 comum a diverg\u00eancia entre informa\u00e7\u00f5es registradas em diferentes \u00f3rg\u00e3os, muitos precisam ir \u00e0 Caixa Econ\u00f4mica Federal ou \u00e0 Receita para corre\u00e7\u00f5es.<\/p>\n<p>A gerente de RH da Unifil e do Col\u00e9gio Londrinense, Adils\u00e9ia Soriani Batista, afirma que a implanta\u00e7\u00e3o do sistema tem sido muito trabalhosa. &#8220;A base de dados necess\u00e1ria e a verifica\u00e7\u00e3o de todos os dados \u00e9 enorme&#8221;, conta, ao citar que s\u00e3o 1,4 mil funcion\u00e1rios.<\/p>\n<p>Para a implanta\u00e7\u00e3o em julho, ela afirma que foi preciso come\u00e7ar a adapta\u00e7\u00e3o em dezembro de 2017. Por\u00e9m, como j\u00e1 contava com um software de gest\u00e3o s\u00eanior, n\u00e3o houve custo. &#8220;Mas mudou tudo. N\u00e3o que faz\u00edamos coisas erradas antes, mas a forma como as solicita\u00e7\u00f5es precisam ser cumpridas \u00e9 nova e nem sempre se aplicam ao dia a dia din\u00e2mico das organiza\u00e7\u00f5es&#8221;, cita Batista.<\/p>\n<p>Um exemplo \u00e9 o processo de admiss\u00e3o, que precisa ser assinado e informado pelo eSocial com um dia de anteced\u00eancia. &#8220;Por conveni\u00eancia at\u00e9 do funcion\u00e1rio, muitas empresas permitiam que a assinatura fosse no primeiro dia. Assim como, \u00e0s vezes por necessidade familiar, algum colaborador pede f\u00e9rias com prazo menor do que os 30 dias exigidos por lei&#8221;, diz.<\/p>\n<p>Na Belagr\u00edcola, a gerente de gest\u00e3o, Laura de Albuquerque Philippsen Moraes, afirma que o mais complicado tamb\u00e9m foi a atualiza\u00e7\u00e3o de dados cadastrais dos 1,4 mil funcion\u00e1rios. Para a implanta\u00e7\u00e3o ainda em janeiro deste ano, ela conta que foi preciso implantar um novo sistema de RH, que abrangesse folha de pagamento e cart\u00e3o ponto. &#8220;Entendo que alguns pontos poderiam ser mais coerentes com a realidade das empresas, como a admiss\u00e3o e o CPF de dependentes.&#8221;<\/p>\n<p>Apesar de n\u00e3o conseguir sentir a simplifica\u00e7\u00e3o proposta pelo governo ainda, Moraes v\u00ea o eSocial como importante. &#8220;Se a quest\u00e3o das multas separar eventuais erros do que \u00e9 intencional, ser\u00e1 muito bom para a competitividade dos empregadores que respeitam a legisla\u00e7\u00e3o, como fazemos, em rela\u00e7\u00e3o aos que n\u00e3o arcam com esse custo.&#8221;<\/p>\n<p><strong>SERVI\u00c7O<\/strong><br \/>\nMais informa\u00e7\u00f5es e o cronograma de implanta\u00e7\u00e3o podem ser obtidos no endere\u00e7o eletr\u00f4nico portal.esocial.gov.br.<\/p>\n","protected":false},"excerpt":{"rendered":"<p>Pesquisa da FENACON apontou que menos de 10% das micro e pequenas empresas est\u00e3o informadas Sistema substitui 15 presta\u00e7\u00f5es de informa\u00e7\u00f5es fiscais, trabalhistas e previdenci\u00e1rias passar\u00e1 a valer a todo o setor privado e implicar\u00e1 em multas sobre faturamento em caso de descumprimento Todas as empresas do setor privado t\u00eam at\u00e9 o dia 1\u00ba de [&hellip;]<\/p>\n","protected":false},"author":3,"featured_media":1509,"comment_status":"open","ping_status":"open","sticky":false,"template":"","format":"standard","meta":{"jetpack_post_was_ever_published":false,"_jetpack_newsletter_access":"","_jetpack_dont_email_post_to_subs":false,"_jetpack_newsletter_tier_id":0,"_jetpack_memberships_contains_paywalled_content":false,"_jetpack_memberships_contains_paid_content":false,"footnotes":"","jetpack_publicize_message":"","jetpack_publicize_feature_enabled":true,"jetpack_social_post_already_shared":true,"jetpack_social_options":{"image_generator_settings":{"template":"highway","default_image_id":0,"font":"","enabled":false},"version":2}},"categories":[29],"tags":[78,30],"class_list":["post-1302","post","type-post","status-publish","format-standard","has-post-thumbnail","hentry","category-dp","tag-esocial","tag-pessoal"],"jetpack_publicize_connections":[],"jetpack_featured_media_url":"https:\/\/i0.wp.com\/cfcontabil.com\/cf\/wp-content\/uploads\/2017\/06\/esocial-pasta-1.jpg?fit=1000%2C591","jetpack_sharing_enabled":true,"jetpack_shortlink":"https:\/\/wp.me\/p2wklX-l0","jetpack-related-posts":[{"id":1244,"url":"http:\/\/cfcontabil.com\/cf\/esocial-libera-ambiente-de-testes-para-empresas\/","url_meta":{"origin":1302,"position":0},"title":"eSocial libera ambiente de testes para empresas","author":"Ab\u00edlio Gon\u00e7alves","date":"30 de junho de 2017","format":false,"excerpt":"Processo ocorrer\u00e1 em duas etapas e contemplar\u00e1, neste primeiro momento, empresas de TI. A partir de segunda-feira (26), empresas de tecnologia de informa\u00e7\u00e3o podem testar o eSocial, um sistema para facilitar a administra\u00e7\u00e3o de informa\u00e7\u00f5es relativas aos trabalhadores. As empresas v\u00e3o ter um ganho de produtividade e redu\u00e7\u00e3o de processos.\u2026","rel":"","context":"Em &quot;Departamento Pessoal&quot;","block_context":{"text":"Departamento Pessoal","link":"http:\/\/cfcontabil.com\/cf\/category\/dp\/"},"img":{"alt_text":"","src":"https:\/\/i0.wp.com\/cfcontabil.com\/cf\/wp-content\/uploads\/2017\/06\/esocial-pasta-1.jpg?fit=1000%2C591&resize=350%2C200","width":350,"height":200,"srcset":"https:\/\/i0.wp.com\/cfcontabil.com\/cf\/wp-content\/uploads\/2017\/06\/esocial-pasta-1.jpg?fit=1000%2C591&resize=350%2C200 1x, https:\/\/i0.wp.com\/cfcontabil.com\/cf\/wp-content\/uploads\/2017\/06\/esocial-pasta-1.jpg?fit=1000%2C591&resize=525%2C300 1.5x, https:\/\/i0.wp.com\/cfcontabil.com\/cf\/wp-content\/uploads\/2017\/06\/esocial-pasta-1.jpg?fit=1000%2C591&resize=700%2C400 2x"},"classes":[]},{"id":1374,"url":"http:\/\/cfcontabil.com\/cf\/receita-federal-intensifica-esclarecimentos-sobre-esocial\/","url_meta":{"origin":1302,"position":1},"title":"Receita Federal intensifica esclarecimentos sobre eSocial","author":"Ab\u00edlio Gon\u00e7alves","date":"30 de agosto de 2018","format":false,"excerpt":"Servi\u00e7o gratuito funciona de segunda \u00e0 sexta-feira, das 7h \u00e0s 19h Com objetivo de intensificar informa\u00e7\u00f5es e esclarecer d\u00favidas sobre o funcionamento do Sistema de Escritura\u00e7\u00e3o Digital das Obriga\u00e7\u00f5es Fiscais, Previd\u00eanci\u00e1rias e Trabalhistas (eSocial), a Receita Federal disponibilizou mais uma ferramenta de comunica\u00e7\u00e3o, o servi\u00e7o de 0800. O canal aceitar\u00e1\u2026","rel":"","context":"Em &quot;Departamento Pessoal&quot;","block_context":{"text":"Departamento Pessoal","link":"http:\/\/cfcontabil.com\/cf\/category\/dp\/"},"img":{"alt_text":"","src":"https:\/\/i0.wp.com\/cfcontabil.com\/cf\/wp-content\/uploads\/2017\/02\/receita-federal-1-1.png?fit=702%2C325&resize=350%2C200","width":350,"height":200,"srcset":"https:\/\/i0.wp.com\/cfcontabil.com\/cf\/wp-content\/uploads\/2017\/02\/receita-federal-1-1.png?fit=702%2C325&resize=350%2C200 1x, https:\/\/i0.wp.com\/cfcontabil.com\/cf\/wp-content\/uploads\/2017\/02\/receita-federal-1-1.png?fit=702%2C325&resize=525%2C300 1.5x, https:\/\/i0.wp.com\/cfcontabil.com\/cf\/wp-content\/uploads\/2017\/02\/receita-federal-1-1.png?fit=702%2C325&resize=700%2C400 2x"},"classes":[]},{"id":1272,"url":"http:\/\/cfcontabil.com\/cf\/esocial-libera-ambiente-de-testes-para-todas-as-empresas-do-pais\/","url_meta":{"origin":1302,"position":2},"title":"eSocial libera ambiente de testes para todas as empresas do pa\u00eds","author":"Ab\u00edlio Gon\u00e7alves","date":"7 de agosto de 2017","format":false,"excerpt":"Etapa tem como objetivo preparar o setor produtivo para o in\u00edcio da obrigatoriedade do sistema em 2018 O eSocial disponibiliza, a partir da ter\u00e7a-feira (1\u00b0), o acesso ao ambiente de testes da plataforma para todas as empresas do pa\u00eds. A etapa tem como objetivo preparar o setor produtivo para o\u2026","rel":"","context":"Em &quot;Departamento Fiscal&quot;","block_context":{"text":"Departamento Fiscal","link":"http:\/\/cfcontabil.com\/cf\/category\/df\/"},"img":{"alt_text":"","src":"https:\/\/i0.wp.com\/cfcontabil.com\/cf\/wp-content\/uploads\/2017\/06\/esocial-462x234-1.png?fit=462%2C234&resize=350%2C200","width":350,"height":200},"classes":[]},{"id":1343,"url":"http:\/\/cfcontabil.com\/cf\/esocial-passa-a-valer-para-todas-as-empresas-do-pais-a-partir-de-16-de-julho\/","url_meta":{"origin":1302,"position":3},"title":"ESocial Passa a Valer Para Todas as Empresas do Pa\u00eds a Partir de 16 de Julho","author":"Ab\u00edlio Gon\u00e7alves","date":"14 de julho de 2018","format":false,"excerpt":"A partir do dia 16 de julho, todas as empresas privadas do pa\u00eds, incluindo micro e pequenas empresas e microempreendedores individuais\u00a0(MEIs)\u00a0que possuam empregados, dever\u00e3o utilizar o Sistema de Escritura\u00e7\u00e3o Digital das Obriga\u00e7\u00f5es Fiscais, Previdenci\u00e1rias e Trabalhistas\u00a0(eSocial)\u00a0. Esse grupo representa 4 milh\u00f5es de empregadores e cerca de 30 milh\u00f5es de trabalhadores.\u2026","rel":"","context":"Em &quot;Departamento Pessoal&quot;","block_context":{"text":"Departamento Pessoal","link":"http:\/\/cfcontabil.com\/cf\/category\/dp\/"},"img":{"alt_text":"","src":"https:\/\/i0.wp.com\/cfcontabil.com\/cf\/wp-content\/uploads\/2018\/07\/Cronograma_de_implanta%C3%A7%C3%A3o_do_eSocial-1.png?fit=1024%2C768&resize=350%2C200","width":350,"height":200,"srcset":"https:\/\/i0.wp.com\/cfcontabil.com\/cf\/wp-content\/uploads\/2018\/07\/Cronograma_de_implanta%C3%A7%C3%A3o_do_eSocial-1.png?fit=1024%2C768&resize=350%2C200 1x, https:\/\/i0.wp.com\/cfcontabil.com\/cf\/wp-content\/uploads\/2018\/07\/Cronograma_de_implanta%C3%A7%C3%A3o_do_eSocial-1.png?fit=1024%2C768&resize=525%2C300 1.5x, https:\/\/i0.wp.com\/cfcontabil.com\/cf\/wp-content\/uploads\/2018\/07\/Cronograma_de_implanta%C3%A7%C3%A3o_do_eSocial-1.png?fit=1024%2C768&resize=700%2C400 2x"},"classes":[]},{"id":1352,"url":"http:\/\/cfcontabil.com\/cf\/esocial-registra-o-ingresso-de-1-milhao-de-empregadores\/","url_meta":{"origin":1302,"position":4},"title":"eSocial registra o ingresso de 1 milh\u00e3o de empregadores","author":"Ab\u00edlio Gon\u00e7alves","date":"21 de agosto de 2018","format":false,"excerpt":"O eSocial est\u00e1 sendo implantado desde o primeiro semestre deste ano contemplando 5 fases. No primeiro momento foi a vez das empresas com faturamento superior a R$ 78 milh\u00f5es anuais, que passaram a ter a utiliza\u00e7\u00e3o obrigat\u00f3ria do programa a partir de 8 de janeiro de 2018. Esse grupo \u00e9\u2026","rel":"","context":"Em &quot;Departamento Pessoal&quot;","block_context":{"text":"Departamento Pessoal","link":"http:\/\/cfcontabil.com\/cf\/category\/dp\/"},"img":{"alt_text":"","src":"https:\/\/i0.wp.com\/cfcontabil.com\/cf\/wp-content\/uploads\/2017\/06\/esocial-462x234-1.png?fit=462%2C234&resize=350%2C200","width":350,"height":200},"classes":[]},{"id":1262,"url":"http:\/\/cfcontabil.com\/cf\/receita-lanca-ambiente-de-teste-do-esocial-para-empresas\/","url_meta":{"origin":1302,"position":5},"title":"Receita lan\u00e7a ambiente de teste do eSocial para empresas","author":"Ab\u00edlio Gon\u00e7alves","date":"29 de julho de 2017","format":false,"excerpt":"Segundo a Fenacon as empresas tamb\u00e9m poder\u00e3o contribuir para o aprimoramento do ambiente A Secretaria da Receita Federal disponibilizou o ambiente de produ\u00e7\u00e3o restrita do eSocial, que d\u00e1 in\u00edcio a uma fase de testes do projeto para as empresas. O acesso ser\u00e1 permitido em duas etapas, sendo a primeira no\u2026","rel":"","context":"Em &quot;Departamento Pessoal&quot;","block_context":{"text":"Departamento Pessoal","link":"http:\/\/cfcontabil.com\/cf\/category\/dp\/"},"img":{"alt_text":"","src":"https:\/\/i0.wp.com\/cfcontabil.com\/cf\/wp-content\/uploads\/2017\/06\/esocial-pasta-1.jpg?fit=1000%2C591&resize=350%2C200","width":350,"height":200,"srcset":"https:\/\/i0.wp.com\/cfcontabil.com\/cf\/wp-content\/uploads\/2017\/06\/esocial-pasta-1.jpg?fit=1000%2C591&resize=350%2C200 1x, https:\/\/i0.wp.com\/cfcontabil.com\/cf\/wp-content\/uploads\/2017\/06\/esocial-pasta-1.jpg?fit=1000%2C591&resize=525%2C300 1.5x, https:\/\/i0.wp.com\/cfcontabil.com\/cf\/wp-content\/uploads\/2017\/06\/esocial-pasta-1.jpg?fit=1000%2C591&resize=700%2C400 2x"},"classes":[]}],"jetpack_likes_enabled":true,"_links":{"self":[{"href":"http:\/\/cfcontabil.com\/cf\/wp-json\/wp\/v2\/posts\/1302","targetHints":{"allow":["GET"]}}],"collection":[{"href":"http:\/\/cfcontabil.com\/cf\/wp-json\/wp\/v2\/posts"}],"about":[{"href":"http:\/\/cfcontabil.com\/cf\/wp-json\/wp\/v2\/types\/post"}],"author":[{"embeddable":true,"href":"http:\/\/cfcontabil.com\/cf\/wp-json\/wp\/v2\/users\/3"}],"replies":[{"embeddable":true,"href":"http:\/\/cfcontabil.com\/cf\/wp-json\/wp\/v2\/comments?post=1302"}],"version-history":[{"count":0,"href":"http:\/\/cfcontabil.com\/cf\/wp-json\/wp\/v2\/posts\/1302\/revisions"}],"wp:featuredmedia":[{"embeddable":true,"href":"http:\/\/cfcontabil.com\/cf\/wp-json\/wp\/v2\/media\/1509"}],"wp:attachment":[{"href":"http:\/\/cfcontabil.com\/cf\/wp-json\/wp\/v2\/media?parent=1302"}],"wp:term":[{"taxonomy":"category","embeddable":true,"href":"http:\/\/cfcontabil.com\/cf\/wp-json\/wp\/v2\/categories?post=1302"},{"taxonomy":"post_tag","embeddable":true,"href":"http:\/\/cfcontabil.com\/cf\/wp-json\/wp\/v2\/tags?post=1302"}],"curies":[{"name":"wp","href":"https:\/\/api.w.org\/{rel}","templated":true}]}}