{"id":1304,"date":"2018-06-10T05:00:22","date_gmt":"2018-06-10T08:00:22","guid":{"rendered":"http:\/\/cfcontabil.com\/cf\/?p=1304"},"modified":"2018-06-10T05:00:22","modified_gmt":"2018-06-10T08:00:22","slug":"nf-e-versao-4-0-sera-obrigatoria-a-partir-de-2-de-julho-saiba-o-que-muda","status":"publish","type":"post","link":"http:\/\/cfcontabil.com\/cf\/nf-e-versao-4-0-sera-obrigatoria-a-partir-de-2-de-julho-saiba-o-que-muda\/","title":{"rendered":"NF-e vers\u00e3o 4.0 ser\u00e1 obrigat\u00f3ria a partir de 2 de julho; saiba o que muda"},"content":{"rendered":"<h4 class=\"subtitulo\">A partir de 2 de julho o Governo Federal deixar\u00e1 de aceitar notas fiscais eletr\u00f4nicas antigas<\/h4>\n<div class=\"fotodestaque\"><img data-recalc-dims=\"1\" decoding=\"async\" src=\"https:\/\/i0.wp.com\/fenacon.org.br\/media\/uploads\/noticias\/2018\/05\/Emisde-Nota-Fiscal.jpg.600x335_q85_box-36%2C0%2C1168%2C630_crop_detail.jpg?w=1170\" alt=\"\" \/><\/div>\n<div class=\"articleTexto\">\n<p>Se voc\u00ea vende produtos (bens e mercadorias), precisa se adaptar \u00e0s altera\u00e7\u00f5es do documento.<\/p>\n<p>Apesar da obrigatoriedade do novo layout ter sido prorrogada para julho deste ano (o prazo inicial era abril de 2018), desde novembro de 2017 j\u00e1 estava aberto o ambiente de homologa\u00e7\u00e3o para testes e em 4 de dezembro come\u00e7ou a funcionar na pr\u00e1tica o ambiente 4.0. O arquivo\u00a0XML\u00a0da\u00a0nota fiscal\u00a0eletr\u00f4nica passar\u00e1 a ter uma nova organiza\u00e7\u00e3o e ser\u00e1 necess\u00e1rio ter um sistema preparado para a altera\u00e7\u00e3o.<\/p>\n<\/div>\n<p><!--more--><\/p>\n<div class=\"articleTexto\">\n<p>Mesmo com a proximidade do prazo, muitos profissionais t\u00eam d\u00favidas sobre as principais mudan\u00e7as. \u00c9 necess\u00e1rio ficar atento \u00e0s novas regulamenta\u00e7\u00f5es e migrar em definitivo para o novo layout, a fim de n\u00e3o perder o prazo com notas fora do padr\u00e3o.<\/p>\n<p>A previs\u00e3o, at\u00e9 o momento, \u00e9 que o modelo antigo ser\u00e1 desativado e n\u00e3o mais aceito pelos \u00f3rg\u00e3os do governo (Sefaz) a partir de 2 de julho.<br \/>\nA Nota T\u00e9cnica 2016.002 que trata sobre o layout NF-e 4.0 foi divulgada em novembro de 2016 pela Encat (Coordena\u00e7\u00e3o T\u00e9cnica do Encontro Nacional de Coordenadores e Administradores Tribut\u00e1rios Estaduais).<\/p>\n<p>Principais mudan\u00e7as<\/p>\n<p>Listamos as principais modifica\u00e7\u00f5es, ou seja, \u00e0quelas que v\u00e3o trazer, de in\u00edcio, impacto no dia a dia dos profissionais da contabilidade:<\/p>\n<p>&#8211; A partir da obrigatoriedade, o protocolo SSL n\u00e3o ser\u00e1 mais o padr\u00e3o na comunica\u00e7\u00e3o. Ser\u00e1 usado o protocolo TLS 1.2 ou superior, que deve proporcionar mais seguran\u00e7a para as empresas.<\/p>\n<p>&#8211; Os campos relativos ao Fundo de Combate \u00e0 Pobreza (FCP) para opera\u00e7\u00f5es internas ou interestaduais com\u00a0substitui\u00e7\u00e3o tribut\u00e1ria\u00a0tamb\u00e9m ter\u00e3o novidades. O novo layout permitir\u00e1 identificar o valor referente ao percentual de\u00a0ICMS.<\/p>\n<p>&#8211; O campo indicador de pagamento tamb\u00e9m muda e passa a integrar o Grupo de Informa\u00e7\u00f5es de Pagamento. Nele, h\u00e1 a previs\u00e3o do preenchimento de dados com os valores de troco, al\u00e9m de ser preciso informar a forma de pagamento \u2013 cart\u00e3o (d\u00e9bito ou cr\u00e9dito), dinheiro, cheque ou vale-alimenta\u00e7\u00e3o.<\/p>\n<p>Outras mudan\u00e7as que tamb\u00e9m precisam ser consideradas:<\/p>\n<p>&#8211; No Grupo de Identifica\u00e7\u00e3o da NF-e, o campo indicador de presen\u00e7a (indPres) pode ser preenchido com a op\u00e7\u00e3o 5.<\/p>\n<p>&#8211; O Grupo X (Informa\u00e7\u00f5es do Transporte da NF-e) foi alterado para a inclus\u00e3o de novas modalidades de frete (id X02)<\/p>\n<p>&#8211; H\u00e1 um novo grupo chamado \u201cRastreabilidade de produto\u201d (Grupo I80) que permitir\u00e1 rastrear produtos sujeitos a restri\u00e7\u00f5es sanit\u00e1rias.<\/p>\n<p>&#8211; No caso de medicamentos, o c\u00f3digo da Anvisa deve ser informado sempre em campo espec\u00edfico<\/p>\n<p>Fonte: FENACON<\/p>\n<\/div>\n","protected":false},"excerpt":{"rendered":"<p>A partir de 2 de julho o Governo Federal deixar\u00e1 de aceitar notas fiscais eletr\u00f4nicas antigas Se voc\u00ea vende produtos (bens e mercadorias), precisa se adaptar \u00e0s altera\u00e7\u00f5es do documento. Apesar da obrigatoriedade do novo layout ter sido prorrogada para julho deste ano (o prazo inicial era abril de 2018), desde novembro de 2017 j\u00e1 [&hellip;]<\/p>\n","protected":false},"author":3,"featured_media":1306,"comment_status":"open","ping_status":"open","sticky":false,"template":"","format":"standard","meta":{"jetpack_post_was_ever_published":false,"_jetpack_newsletter_access":"","_jetpack_dont_email_post_to_subs":false,"_jetpack_newsletter_tier_id":0,"_jetpack_memberships_contains_paywalled_content":false,"_jetpack_memberships_contains_paid_content":false,"footnotes":"","jetpack_publicize_message":"","jetpack_publicize_feature_enabled":true,"jetpack_social_post_already_shared":true,"jetpack_social_options":{"image_generator_settings":{"template":"highway","default_image_id":0,"font":"","enabled":false},"version":2}},"categories":[46],"tags":[274,199,238,205],"class_list":["post-1304","post","type-post","status-publish","format-standard","has-post-thumbnail","hentry","category-df","tag-eletronica","tag-fiscal","tag-nfe","tag-nota"],"jetpack_publicize_connections":[],"jetpack_featured_media_url":"https:\/\/i0.wp.com\/cfcontabil.com\/cf\/wp-content\/uploads\/2018\/06\/nfe-4-1.png?fit=523%2C246","jetpack_sharing_enabled":true,"jetpack_shortlink":"https:\/\/wp.me\/p2wklX-l2","jetpack-related-posts":[{"id":774,"url":"http:\/\/cfcontabil.com\/cf\/obrigatoriedade-da-nfc-e-para-empresas-do-df\/","url_meta":{"origin":1304,"position":0},"title":"Obrigatoriedade da NFC-e para empresas do DF","author":"Ab\u00edlio Gon\u00e7alves","date":"4 de outubro de 2016","format":false,"excerpt":"A\u00a0 Nota Fiscal de Consumidor Eletr\u00f4nica (NFC-e), tamb\u00e9m conhecida como a Nota Fiscal Eletr\u00f4nica modelo 65, \u00e9 o projeto\u00a0 que substituir\u00e1 a Nota Fiscal de Venda ao Consumidor (Modelo 02D), a Nota Fiscal de Servi\u00e7o (Modelo 03A) e ao Cupom Fiscal emitido por equipamento Emissor de Cupom Fiscal (ECF). As\u2026","rel":"","context":"Em &quot;Geral&quot;","block_context":{"text":"Geral","link":"http:\/\/cfcontabil.com\/cf\/category\/geral\/"},"img":{"alt_text":"","src":"https:\/\/i0.wp.com\/cfcontabil.com\/cf\/wp-content\/uploads\/2016\/10\/nfce-1.png?fit=1200%2C1022&resize=350%2C200","width":350,"height":200,"srcset":"https:\/\/i0.wp.com\/cfcontabil.com\/cf\/wp-content\/uploads\/2016\/10\/nfce-1.png?fit=1200%2C1022&resize=350%2C200 1x, https:\/\/i0.wp.com\/cfcontabil.com\/cf\/wp-content\/uploads\/2016\/10\/nfce-1.png?fit=1200%2C1022&resize=525%2C300 1.5x, https:\/\/i0.wp.com\/cfcontabil.com\/cf\/wp-content\/uploads\/2016\/10\/nfce-1.png?fit=1200%2C1022&resize=700%2C400 2x, https:\/\/i0.wp.com\/cfcontabil.com\/cf\/wp-content\/uploads\/2016\/10\/nfce-1.png?fit=1200%2C1022&resize=1050%2C600 3x"},"classes":[]},{"id":675,"url":"http:\/\/cfcontabil.com\/cf\/atencao-as-mudancas-na-nf-e-o-prazo-expira-no-final-do-mes\/","url_meta":{"origin":1304,"position":1},"title":"Aten\u00e7\u00e3o \u00e0s mudan\u00e7as na NF-e. O prazo expira no final do m\u00eas","author":"Ab\u00edlio Gon\u00e7alves","date":"17 de mar\u00e7o de 2016","format":false,"excerpt":"Em abril, o layout das NF-e e da NFC-e ter\u00e1 de incluir campos para contemplar um novo c\u00f3digo identificador de mercadorias, o Cest. As empresas t\u00eam at\u00e9 1\u00b0 de abril para adequar os seus programas geradores de documentos fiscais ao C\u00f3digo Especificador da Substitui\u00e7\u00e3o Tribut\u00e1ria (Cest). Todos aqueles que emitem\u2026","rel":"","context":"Em &quot;Consultoria Empresarial&quot;","block_context":{"text":"Consultoria Empresarial","link":"http:\/\/cfcontabil.com\/cf\/category\/consultoria\/"},"img":{"alt_text":"","src":"https:\/\/i0.wp.com\/cfcontabil.com\/cf\/wp-content\/uploads\/2016\/03\/ncfe-1.jpg?fit=473%2C326&resize=350%2C200","width":350,"height":200},"classes":[]},{"id":2208,"url":"http:\/\/cfcontabil.com\/cf\/prazo-para-microempresarios-emitirem-notas-fiscais-e-prorrogado\/","url_meta":{"origin":1304,"position":2},"title":"Prazo para microempres\u00e1rios emitirem notas fiscais \u00e9 prorrogado","author":"Ab\u00edlio Gon\u00e7alves","date":"1 de abril de 2020","format":false,"excerpt":"A medida poder\u00e1 ser efetuada at\u00e9 31 de dezembro. Iniciativa deve beneficiar mais de 135 mil microempres\u00e1rios que se utilizam deste servi\u00e7o O prazo para emiss\u00e3o de notas fiscais por meio do Sistema de Emiss\u00e3o de\u00a0Nota Fiscal Avulsa\u00a0(Senfa) para Microempreendedores Individuais (MEIs) do Distrito Federal foi prorrogado para 31 de\u2026","rel":"","context":"Em &quot;Departamento Fiscal&quot;","block_context":{"text":"Departamento Fiscal","link":"http:\/\/cfcontabil.com\/cf\/category\/df\/"},"img":{"alt_text":"","src":"https:\/\/i0.wp.com\/cfcontabil.com\/cf\/wp-content\/uploads\/2020\/04\/nota-fiscal-eletronica-1024x768-1.jpg?fit=1024%2C768&resize=350%2C200","width":350,"height":200,"srcset":"https:\/\/i0.wp.com\/cfcontabil.com\/cf\/wp-content\/uploads\/2020\/04\/nota-fiscal-eletronica-1024x768-1.jpg?fit=1024%2C768&resize=350%2C200 1x, https:\/\/i0.wp.com\/cfcontabil.com\/cf\/wp-content\/uploads\/2020\/04\/nota-fiscal-eletronica-1024x768-1.jpg?fit=1024%2C768&resize=525%2C300 1.5x, https:\/\/i0.wp.com\/cfcontabil.com\/cf\/wp-content\/uploads\/2020\/04\/nota-fiscal-eletronica-1024x768-1.jpg?fit=1024%2C768&resize=700%2C400 2x"},"classes":[]},{"id":119,"url":"http:\/\/cfcontabil.com\/cf\/tecnologia-na-governanca-triburaria\/","url_meta":{"origin":1304,"position":3},"title":"Tecnologia na Governan\u00e7a Tribur\u00e1ria","author":"Vin\u00edcius Moizinho","date":"22 de agosto de 2012","format":false,"excerpt":"Bom dia, prezados! Hoje trago a voc\u00eas um excelente artigo produzido por\u00a0Luciano Silva, atual diretor executivo da SPL Fiscal, empresa especializada na presta\u00e7\u00e3o de servi\u00e7os de terceiriza\u00e7\u00e3o de processos fiscais. Nele o autor aborta a import\u00e2ncia do controle tribut\u00e1rio para as empresas brasileiras, destacando como contribuintes podem se beneficiar com\u2026","rel":"","context":"Em &quot;Geral&quot;","block_context":{"text":"Geral","link":"http:\/\/cfcontabil.com\/cf\/category\/geral\/"},"img":{"alt_text":"","src":"https:\/\/i0.wp.com\/thumbs.dreamstime.com\/thumblarge_545\/12865050587MYJsS.jpg?resize=350%2C200","width":350,"height":200},"classes":[]},{"id":2228,"url":"http:\/\/cfcontabil.com\/cf\/consumidores-terao-que-informar-cpf-ou-cnpj-em-compras-acima-de-r-1-mil\/","url_meta":{"origin":1304,"position":4},"title":"Consumidores ter\u00e3o que informar CPF ou CNPJ em compras acima de R$ 1 mil","author":"Ab\u00edlio Gon\u00e7alves","date":"6 de abril de 2020","format":false,"excerpt":"Empresas que operam com vendas aos consumidores finais devem informar os dados do consumidor na Nota Fiscal do Consumidor Eletr\u00f4nica (NFCe) quando o valor da opera\u00e7\u00e3o for igual ou superior a R$ 10.000 (dez mil reais). Nas vendas com valor inferior a identifica\u00e7\u00e3o \u00e9 facultativa, ou seja, s\u00f3 \u00e9 exig\u00edvel\u2026","rel":"","context":"Em \"Consumidor\"","block_context":{"text":"Consumidor","link":"http:\/\/cfcontabil.com\/cf\/tag\/consumidor\/"},"img":{"alt_text":"","src":"https:\/\/i0.wp.com\/cfcontabil.com\/cf\/wp-content\/uploads\/2020\/04\/nfce_impressa.png?fit=700%2C400&resize=350%2C200","width":350,"height":200,"srcset":"https:\/\/i0.wp.com\/cfcontabil.com\/cf\/wp-content\/uploads\/2020\/04\/nfce_impressa.png?fit=700%2C400&resize=350%2C200 1x, https:\/\/i0.wp.com\/cfcontabil.com\/cf\/wp-content\/uploads\/2020\/04\/nfce_impressa.png?fit=700%2C400&resize=525%2C300 1.5x, https:\/\/i0.wp.com\/cfcontabil.com\/cf\/wp-content\/uploads\/2020\/04\/nfce_impressa.png?fit=700%2C400&resize=700%2C400 2x"},"classes":[]},{"id":1267,"url":"http:\/\/cfcontabil.com\/cf\/termina-em-31-de-julho-prazo-de-entrega-da-escrituracao-contabil-fiscal\/","url_meta":{"origin":1304,"position":5},"title":"Termina em 31 de julho prazo de entrega da Escritura\u00e7\u00e3o Cont\u00e1bil Fiscal","author":"Ab\u00edlio Gon\u00e7alves","date":"28 de julho de 2017","format":false,"excerpt":"Diretor da Fenacon recomenda que n\u00e3o seja deixada para o \u00faltimo dia Empresas que n\u00e3o enviarem as informa\u00e7\u00f5es \u00e0 Receita Federal at\u00e9 a data final ficar\u00e3o impedidas de emitir certid\u00e3o negativa de d\u00e9bitos e ter\u00e3o de pagar multa O prazo de entrega da Escritura\u00e7\u00e3o Cont\u00e1bil Fiscal (ECF) termina no \u00faltimo\u2026","rel":"","context":"Em &quot;Departamento Fiscal&quot;","block_context":{"text":"Departamento Fiscal","link":"http:\/\/cfcontabil.com\/cf\/category\/df\/"},"img":{"alt_text":"","src":"https:\/\/i0.wp.com\/cfcontabil.com\/cf\/wp-content\/uploads\/2017\/07\/ecf-1406658540-1-1.jpg?fit=800%2C588&resize=350%2C200","width":350,"height":200,"srcset":"https:\/\/i0.wp.com\/cfcontabil.com\/cf\/wp-content\/uploads\/2017\/07\/ecf-1406658540-1-1.jpg?fit=800%2C588&resize=350%2C200 1x, https:\/\/i0.wp.com\/cfcontabil.com\/cf\/wp-content\/uploads\/2017\/07\/ecf-1406658540-1-1.jpg?fit=800%2C588&resize=525%2C300 1.5x, https:\/\/i0.wp.com\/cfcontabil.com\/cf\/wp-content\/uploads\/2017\/07\/ecf-1406658540-1-1.jpg?fit=800%2C588&resize=700%2C400 2x"},"classes":[]}],"jetpack_likes_enabled":true,"_links":{"self":[{"href":"http:\/\/cfcontabil.com\/cf\/wp-json\/wp\/v2\/posts\/1304","targetHints":{"allow":["GET"]}}],"collection":[{"href":"http:\/\/cfcontabil.com\/cf\/wp-json\/wp\/v2\/posts"}],"about":[{"href":"http:\/\/cfcontabil.com\/cf\/wp-json\/wp\/v2\/types\/post"}],"author":[{"embeddable":true,"href":"http:\/\/cfcontabil.com\/cf\/wp-json\/wp\/v2\/users\/3"}],"replies":[{"embeddable":true,"href":"http:\/\/cfcontabil.com\/cf\/wp-json\/wp\/v2\/comments?post=1304"}],"version-history":[{"count":0,"href":"http:\/\/cfcontabil.com\/cf\/wp-json\/wp\/v2\/posts\/1304\/revisions"}],"wp:featuredmedia":[{"embeddable":true,"href":"http:\/\/cfcontabil.com\/cf\/wp-json\/wp\/v2\/media\/1306"}],"wp:attachment":[{"href":"http:\/\/cfcontabil.com\/cf\/wp-json\/wp\/v2\/media?parent=1304"}],"wp:term":[{"taxonomy":"category","embeddable":true,"href":"http:\/\/cfcontabil.com\/cf\/wp-json\/wp\/v2\/categories?post=1304"},{"taxonomy":"post_tag","embeddable":true,"href":"http:\/\/cfcontabil.com\/cf\/wp-json\/wp\/v2\/tags?post=1304"}],"curies":[{"name":"wp","href":"https:\/\/api.w.org\/{rel}","templated":true}]}}