{"id":1327,"date":"2018-06-12T10:53:25","date_gmt":"2018-06-12T13:53:25","guid":{"rendered":"http:\/\/cfcontabil.com\/cf\/?p=1327"},"modified":"2018-06-12T10:53:25","modified_gmt":"2018-06-12T13:53:25","slug":"receita-federal-regulamenta-prestacoes-de-informacoes-no-ambito-do-prt","status":"publish","type":"post","link":"http:\/\/cfcontabil.com\/cf\/receita-federal-regulamenta-prestacoes-de-informacoes-no-ambito-do-prt\/","title":{"rendered":"Receita Federal regulamenta presta\u00e7\u00f5es de informa\u00e7\u00f5es no \u00e2mbito do PRT"},"content":{"rendered":"<div id=\"articleTitle\">\n<h3>As informa\u00e7\u00f5es s\u00e3o necess\u00e1rias \u00e0 consolida\u00e7\u00e3o dos demais d\u00e9bitos<\/h3>\n<\/div>\n<div class=\"fotodestaque\"><img data-recalc-dims=\"1\" decoding=\"async\" src=\"https:\/\/i0.wp.com\/fenacon.org.br\/media\/uploads\/noticias\/2018\/06\/pert1.png.600x335_q85_box-0%2C5%2C700%2C396_crop_detail.jpg?w=1170\" alt=\"\" \/><\/div>\n<div class=\"articleTexto\">\n<p>Foi\u00a0publicada, no Di\u00e1rio Oficial da Uni\u00e3o desta\u00a0segunda-feira, dia 11 de junho, a\u00a0<a href=\"http:\/\/portal.imprensanacional.gov.br\/web\/guest\/materia\/-\/asset_publisher\/Kujrw0TZC2Mb\/content\/id\/24968655\/do1-2018-06-11-instrucao-normativa-n-1-809-de-8-de-junho-de-2018-24968577\">Instru\u00e7\u00e3o Normativa RFB n\u00ba 1.809<\/a>, de 2018, que disp\u00f5e sobre a presta\u00e7\u00e3o das informa\u00e7\u00f5es necess\u00e1rias \u00e0 consolida\u00e7\u00e3o dos demais d\u00e9bitos ( n\u00e3o previdenci\u00e1rios) a serem regularizados na forma do Programa de Regulariza\u00e7\u00e3o Tribut\u00e1ria (PRT), institu\u00eddo pela Medida Provis\u00f3ria (MP) n\u00ba 766, 4 de janeiro de 2017. No \u00e2mbito da Receita Federal a regulamenta\u00e7\u00e3o se deu por meio da Instru\u00e7\u00e3o Normativa (IN) RFB n\u00ba 1.687, de 31 de janeiro de 2017.<\/p>\n<\/div>\n<p><!--more--><\/p>\n<div class=\"articleTexto\">\n<p>A MP n\u00ba 766, de 2017, n\u00e3o foi convertida em lei, mas operou seus efeitos enquanto vigente e as etapas do programa ainda n\u00e3o finalizadas devem ser cumpridas.<\/p>\n<p>Por sua vez, o \u00a7 4\u00ba do art. 3\u00ba da IN RFB n\u00ba 1.687, de 2017, estabeleceu que \u201cDepois da formaliza\u00e7\u00e3o do requerimento de ades\u00e3o, a RFB divulgar\u00e1, por meio de ato normativo e em seu s\u00edtio na Internet, o prazo para que o sujeito passivo apresente as informa\u00e7\u00f5es necess\u00e1rias \u00e0 consolida\u00e7\u00e3o do parcelamento ou do pagamento \u00e0 vista com utiliza\u00e7\u00e3o de cr\u00e9ditos. \u201d<\/p>\n<p>Assim, a nova norma visa dar cumprimento a essa determina\u00e7\u00e3o, em rela\u00e7\u00e3o aos demais d\u00e9bitos administrados pela Receita Federal, exceto os d\u00e9bitos previdenci\u00e1rios recolhidos por Guia da Previd\u00eancia Social (GPS), estabelecendo as regras necess\u00e1rias \u00e0 presta\u00e7\u00e3o das informa\u00e7\u00f5es, que dever\u00e3o ser cumpridas no per\u00edodo de 11 a 29 de junho de 2018.<\/p>\n<p>As principais informa\u00e7\u00f5es a serem prestadas s\u00e3o: o n\u00famero de presta\u00e7\u00f5es, os cr\u00e9ditos que ser\u00e3o utilizados para quitar parte da d\u00edvida e os d\u00e9bitos que est\u00e3o suspensos por discuss\u00e3o administrativa em rela\u00e7\u00e3o aos quais o contribuinte deseja desistir da discuss\u00e3o para inclus\u00e3o no programa.<\/p>\n<p>Fonte: FENANCON<\/p>\n<\/div>\n","protected":false},"excerpt":{"rendered":"<p>As informa\u00e7\u00f5es s\u00e3o necess\u00e1rias \u00e0 consolida\u00e7\u00e3o dos demais d\u00e9bitos Foi\u00a0publicada, no Di\u00e1rio Oficial da Uni\u00e3o desta\u00a0segunda-feira, dia 11 de junho, a\u00a0Instru\u00e7\u00e3o Normativa RFB n\u00ba 1.809, de 2018, que disp\u00f5e sobre a presta\u00e7\u00e3o das informa\u00e7\u00f5es necess\u00e1rias \u00e0 consolida\u00e7\u00e3o dos demais d\u00e9bitos ( n\u00e3o previdenci\u00e1rios) a serem regularizados na forma do Programa de Regulariza\u00e7\u00e3o Tribut\u00e1ria (PRT), institu\u00eddo [&hellip;]<\/p>\n","protected":false},"author":3,"featured_media":1495,"comment_status":"open","ping_status":"open","sticky":false,"template":"","format":"standard","meta":{"jetpack_post_was_ever_published":false,"_jetpack_newsletter_access":"","_jetpack_dont_email_post_to_subs":false,"_jetpack_newsletter_tier_id":0,"_jetpack_memberships_contains_paywalled_content":false,"_jetpack_memberships_contains_paid_content":false,"footnotes":"","jetpack_publicize_message":"Receita Federal regulamenta presta\u00e7\u00f5es de informa\u00e7\u00f5es no \u00e2mbito do PRT","jetpack_publicize_feature_enabled":true,"jetpack_social_post_already_shared":true,"jetpack_social_options":{"image_generator_settings":{"template":"highway","default_image_id":0,"font":"","enabled":false},"version":2}},"categories":[46],"tags":[574,575,188,399,296,297],"class_list":["post-1327","post","type-post","status-publish","format-standard","has-post-thumbnail","hentry","category-df","tag-consolidacao","tag-prestacoes","tag-programa","tag-prt","tag-regularizacao","tag-tributaria"],"jetpack_publicize_connections":[],"jetpack_featured_media_url":"https:\/\/i0.wp.com\/cfcontabil.com\/cf\/wp-content\/uploads\/2017\/02\/receita-federal-1-1.png?fit=702%2C325","jetpack_sharing_enabled":true,"jetpack_shortlink":"https:\/\/wp.me\/p2wklX-lp","jetpack-related-posts":[{"id":1230,"url":"http:\/\/cfcontabil.com\/cf\/programa-de-regularizacao-tributaria-prt-e-oportunidade-para-retomada-de-negocios\/","url_meta":{"origin":1327,"position":0},"title":"Programa de Regulariza\u00e7\u00e3o Tribut\u00e1ria (PRT) \u00e9 oportunidade para retomada de neg\u00f3cios","author":"Ab\u00edlio Gon\u00e7alves","date":"6 de mar\u00e7o de 2017","format":false,"excerpt":"O PRT estabeleceu condi\u00e7\u00f5es especiais para pagamento de d\u00edvidas de empresas e pessoas f\u00edsicas Com os objetivos de reduzir lit\u00edgios tribut\u00e1rios e promover a regulariza\u00e7\u00e3o fiscal, o Governo Federal lan\u00e7ou, por meio da Medida Provis\u00f3ria 766, de 2017, o Programa de Regulariza\u00e7\u00e3o Tribut\u00e1ria (PRT), por meio do qual poder\u00e3o ser\u2026","rel":"","context":"Em &quot;Departamento Fiscal&quot;","block_context":{"text":"Departamento Fiscal","link":"http:\/\/cfcontabil.com\/cf\/category\/df\/"},"img":{"alt_text":"","src":"https:\/\/i0.wp.com\/cfcontabil.com\/cf\/wp-content\/uploads\/2017\/02\/receita-federal-1-1.png?fit=702%2C325&resize=350%2C200","width":350,"height":200,"srcset":"https:\/\/i0.wp.com\/cfcontabil.com\/cf\/wp-content\/uploads\/2017\/02\/receita-federal-1-1.png?fit=702%2C325&resize=350%2C200 1x, https:\/\/i0.wp.com\/cfcontabil.com\/cf\/wp-content\/uploads\/2017\/02\/receita-federal-1-1.png?fit=702%2C325&resize=525%2C300 1.5x, https:\/\/i0.wp.com\/cfcontabil.com\/cf\/wp-content\/uploads\/2017\/02\/receita-federal-1-1.png?fit=702%2C325&resize=700%2C400 2x"},"classes":[]},{"id":1213,"url":"http:\/\/cfcontabil.com\/cf\/receita-divulga-orientacoes-para-adesao-ao-programa-de-regularizacao-tributaria\/","url_meta":{"origin":1327,"position":1},"title":"Receita divulga orienta\u00e7\u00f5es para ades\u00e3o ao Programa de Regulariza\u00e7\u00e3o Tribut\u00e1ria","author":"Ab\u00edlio Gon\u00e7alves","date":"15 de fevereiro de 2017","format":false,"excerpt":"A op\u00e7\u00e3o pelo Programa ocorrer\u00e1 exclusivamente no Ambiente Virtual (e-CAC) Com o intuito de facilitar a compreens\u00e3o das regras do Programa, foi publicado no s\u00edtio da Receita Federal do Brasil, na internet, documento contendo informa\u00e7\u00f5es b\u00e1sicas ao contribuinte, bem como um passo a passo com o roteiro para a ades\u00e3o.\u2026","rel":"","context":"Em &quot;Departamento Fiscal&quot;","block_context":{"text":"Departamento Fiscal","link":"http:\/\/cfcontabil.com\/cf\/category\/df\/"},"img":{"alt_text":"","src":"https:\/\/i0.wp.com\/cfcontabil.com\/cf\/wp-content\/uploads\/2017\/01\/Moedas-1-real-1.jpg?fit=810%2C455&resize=350%2C200","width":350,"height":200,"srcset":"https:\/\/i0.wp.com\/cfcontabil.com\/cf\/wp-content\/uploads\/2017\/01\/Moedas-1-real-1.jpg?fit=810%2C455&resize=350%2C200 1x, https:\/\/i0.wp.com\/cfcontabil.com\/cf\/wp-content\/uploads\/2017\/01\/Moedas-1-real-1.jpg?fit=810%2C455&resize=525%2C300 1.5x, https:\/\/i0.wp.com\/cfcontabil.com\/cf\/wp-content\/uploads\/2017\/01\/Moedas-1-real-1.jpg?fit=810%2C455&resize=700%2C400 2x"},"classes":[]},{"id":1216,"url":"http:\/\/cfcontabil.com\/cf\/entenda-como-aderir-ao-programa-de-regularizacao-tributaria\/","url_meta":{"origin":1327,"position":2},"title":"Entenda como aderir ao Programa de Regulariza\u00e7\u00e3o Tribut\u00e1ria","author":"Ab\u00edlio Gon\u00e7alves","date":"21 de fevereiro de 2017","format":false,"excerpt":"A op\u00e7\u00e3o pelo Programa \u00e9 feita no site da Receita Federal Com o intuito de facilitar a compreens\u00e3o das regras do Programa, foi publicado no s\u00edtio da Receita Federal, na Internet, documento contendo informa\u00e7\u00f5es b\u00e1sicas ao contribuinte, bem como um passo a passo com o roteiro para a ades\u00e3o. A\u2026","rel":"","context":"Em &quot;Departamento Fiscal&quot;","block_context":{"text":"Departamento Fiscal","link":"http:\/\/cfcontabil.com\/cf\/category\/df\/"},"img":{"alt_text":"","src":"https:\/\/i0.wp.com\/cfcontabil.com\/cf\/wp-content\/uploads\/2017\/02\/receita-federal-1-1.png?fit=702%2C325&resize=350%2C200","width":350,"height":200,"srcset":"https:\/\/i0.wp.com\/cfcontabil.com\/cf\/wp-content\/uploads\/2017\/02\/receita-federal-1-1.png?fit=702%2C325&resize=350%2C200 1x, https:\/\/i0.wp.com\/cfcontabil.com\/cf\/wp-content\/uploads\/2017\/02\/receita-federal-1-1.png?fit=702%2C325&resize=525%2C300 1.5x, https:\/\/i0.wp.com\/cfcontabil.com\/cf\/wp-content\/uploads\/2017\/02\/receita-federal-1-1.png?fit=702%2C325&resize=700%2C400 2x"},"classes":[]},{"id":1377,"url":"http:\/\/cfcontabil.com\/cf\/termina-sexta-feira-o-prazo-para-prestacao-de-informacoes-relacionadas-ao-pert\/","url_meta":{"origin":1327,"position":3},"title":"Termina sexta-feira o prazo para presta\u00e7\u00e3o de informa\u00e7\u00f5es relacionadas ao Pert","author":"Ab\u00edlio Gon\u00e7alves","date":"30 de agosto de 2018","format":false,"excerpt":"O n\u00e3o cumprimento dessa exig\u00eancia implica exclus\u00e3o do Pert Dia 31\/8\/2018 termina o prazo para a presta\u00e7\u00e3o das informa\u00e7\u00f5es necess\u00e1rias \u00e0 consolida\u00e7\u00e3o do Pert. Devem prestar as informa\u00e7\u00f5es os contribuintes que fizeram ades\u00e3o ao Pert na modalidade d\u00e9bitos previdenci\u00e1rios para parcelamento ou para pagamento a vista com utiliza\u00e7\u00e3o de cr\u00e9ditos\u2026","rel":"","context":"Em &quot;Geral&quot;","block_context":{"text":"Geral","link":"http:\/\/cfcontabil.com\/cf\/category\/geral\/"},"img":{"alt_text":"","src":"https:\/\/i0.wp.com\/cfcontabil.com\/cf\/wp-content\/uploads\/2018\/08\/pert-1.png?fit=735%2C250&resize=350%2C200","width":350,"height":200,"srcset":"https:\/\/i0.wp.com\/cfcontabil.com\/cf\/wp-content\/uploads\/2018\/08\/pert-1.png?fit=735%2C250&resize=350%2C200 1x, https:\/\/i0.wp.com\/cfcontabil.com\/cf\/wp-content\/uploads\/2018\/08\/pert-1.png?fit=735%2C250&resize=525%2C300 1.5x, https:\/\/i0.wp.com\/cfcontabil.com\/cf\/wp-content\/uploads\/2018\/08\/pert-1.png?fit=735%2C250&resize=700%2C400 2x"},"classes":[]},{"id":1064,"url":"http:\/\/cfcontabil.com\/cf\/receita-federal-regulamenta-transmissao-de-informacoes-relativas-ao-rerct\/","url_meta":{"origin":1327,"position":4},"title":"Receita Federal regulamenta transmiss\u00e3o de informa\u00e7\u00f5es relativas ao RERCT","author":"Ab\u00edlio Gon\u00e7alves","date":"15 de mar\u00e7o de 2017","format":false,"excerpt":"Receita Federal lan\u00e7a Instru\u00e7\u00e3o Normativa (IN) RFB n\u00b0 1699\/2017 que disp\u00f5e sobre a obrigatoriedade de presta\u00e7\u00e3o de informa\u00e7\u00f5es na e-Financeira. Foi publicada dia 10.03\u00a0no Di\u00e1rio Oficial da Uni\u00e3o a IN RFB n\u00b0 1699\/2017, que trata de informa\u00e7\u00f5es da e-Financeira referentes ao Regime Especial de Regulariza\u00e7\u00e3o Cambial e Tribut\u00e1ria (RERCT). A\u2026","rel":"","context":"Em &quot;Departamento Fiscal&quot;","block_context":{"text":"Departamento Fiscal","link":"http:\/\/cfcontabil.com\/cf\/category\/df\/"},"img":{"alt_text":"","src":"https:\/\/i0.wp.com\/cfcontabil.com\/cf\/wp-content\/uploads\/2016\/03\/fiscaliza%C3%A7%C3%A3o-8-1.jpg?fit=825%2C367&resize=350%2C200","width":350,"height":200,"srcset":"https:\/\/i0.wp.com\/cfcontabil.com\/cf\/wp-content\/uploads\/2016\/03\/fiscaliza%C3%A7%C3%A3o-8-1.jpg?fit=825%2C367&resize=350%2C200 1x, https:\/\/i0.wp.com\/cfcontabil.com\/cf\/wp-content\/uploads\/2016\/03\/fiscaliza%C3%A7%C3%A3o-8-1.jpg?fit=825%2C367&resize=525%2C300 1.5x, https:\/\/i0.wp.com\/cfcontabil.com\/cf\/wp-content\/uploads\/2016\/03\/fiscaliza%C3%A7%C3%A3o-8-1.jpg?fit=825%2C367&resize=700%2C400 2x"},"classes":[]},{"id":925,"url":"http:\/\/cfcontabil.com\/cf\/empresas-pessoas-fisicas-e-orgaos-publicos-poderao-pagar-dividas-vencidas-ate-30-11-2016-usando-creditos-de-prejuizo-fiscal-inclusive-com-a-previdencia\/","url_meta":{"origin":1327,"position":5},"title":"Empresas, pessoas f\u00edsicas e \u00f3rg\u00e3os p\u00fablicos poder\u00e3o pagar d\u00edvidas vencidas at\u00e9 30.11.2016 usando cr\u00e9ditos de preju\u00edzo fiscal, inclusive com a Previd\u00eancia","author":"Ab\u00edlio Gon\u00e7alves","date":"9 de fevereiro de 2017","format":false,"excerpt":"A partir de quarta (01\/02) os contribuintes - tanto pessoas f\u00edsicas quanto jur\u00eddicas e \u00f3rg\u00e3os do poder p\u00fablico - poder\u00e3o regularizar sua situa\u00e7\u00e3o tribut\u00e1ria perante a Receita Federal do Brasil, seguindo as condi\u00e7\u00f5es especiais determinadas pelo Programa de Regulariza\u00e7\u00e3o Tribut\u00e1ria(PRT). A ades\u00e3o poder\u00e1 ser feita por um prazo de 120\u2026","rel":"","context":"Em &quot;Geral&quot;","block_context":{"text":"Geral","link":"http:\/\/cfcontabil.com\/cf\/category\/geral\/"},"img":{"alt_text":"","src":"https:\/\/i0.wp.com\/cfcontabil.com\/cf\/wp-content\/uploads\/2016\/03\/dinheiro-1.jpg?fit=661%2C351&resize=350%2C200","width":350,"height":200,"srcset":"https:\/\/i0.wp.com\/cfcontabil.com\/cf\/wp-content\/uploads\/2016\/03\/dinheiro-1.jpg?fit=661%2C351&resize=350%2C200 1x, https:\/\/i0.wp.com\/cfcontabil.com\/cf\/wp-content\/uploads\/2016\/03\/dinheiro-1.jpg?fit=661%2C351&resize=525%2C300 1.5x"},"classes":[]}],"jetpack_likes_enabled":true,"_links":{"self":[{"href":"http:\/\/cfcontabil.com\/cf\/wp-json\/wp\/v2\/posts\/1327","targetHints":{"allow":["GET"]}}],"collection":[{"href":"http:\/\/cfcontabil.com\/cf\/wp-json\/wp\/v2\/posts"}],"about":[{"href":"http:\/\/cfcontabil.com\/cf\/wp-json\/wp\/v2\/types\/post"}],"author":[{"embeddable":true,"href":"http:\/\/cfcontabil.com\/cf\/wp-json\/wp\/v2\/users\/3"}],"replies":[{"embeddable":true,"href":"http:\/\/cfcontabil.com\/cf\/wp-json\/wp\/v2\/comments?post=1327"}],"version-history":[{"count":0,"href":"http:\/\/cfcontabil.com\/cf\/wp-json\/wp\/v2\/posts\/1327\/revisions"}],"wp:featuredmedia":[{"embeddable":true,"href":"http:\/\/cfcontabil.com\/cf\/wp-json\/wp\/v2\/media\/1495"}],"wp:attachment":[{"href":"http:\/\/cfcontabil.com\/cf\/wp-json\/wp\/v2\/media?parent=1327"}],"wp:term":[{"taxonomy":"category","embeddable":true,"href":"http:\/\/cfcontabil.com\/cf\/wp-json\/wp\/v2\/categories?post=1327"},{"taxonomy":"post_tag","embeddable":true,"href":"http:\/\/cfcontabil.com\/cf\/wp-json\/wp\/v2\/tags?post=1327"}],"curies":[{"name":"wp","href":"https:\/\/api.w.org\/{rel}","templated":true}]}}