{"id":1329,"date":"2018-06-13T05:54:31","date_gmt":"2018-06-13T08:54:31","guid":{"rendered":"http:\/\/cfcontabil.com\/cf\/?p=1329"},"modified":"2018-06-13T05:54:31","modified_gmt":"2018-06-13T08:54:31","slug":"greve-eleicoes-e-copa-do-mundo-podem-desacelerar-receita-de-icms","status":"publish","type":"post","link":"http:\/\/cfcontabil.com\/cf\/greve-eleicoes-e-copa-do-mundo-podem-desacelerar-receita-de-icms\/","title":{"rendered":"Greve, elei\u00e7\u00f5es e Copa do Mundo podem desacelerar receita de ICMS"},"content":{"rendered":"<h4 class=\"subtitulo\">Para os pr\u00f3ximos meses, a tend\u00eancia \u00e9 que a arrecada\u00e7\u00e3o de ICMS passe por uma desacelera\u00e7\u00e3o<\/h4>\n<div class=\"fotodestaque\"><img data-recalc-dims=\"1\" decoding=\"async\" src=\"https:\/\/i0.wp.com\/fenacon.org.br\/media\/uploads\/noticias\/2018\/06\/sssda.jpg.600x335_q85_box-40%2C0%2C716%2C377_crop_detail.jpg?w=1170\" alt=\"\" \/><\/div>\n<div class=\"articleTexto\">\n<p><strong>Uma amostra com 20 estados mostrou que a arrecada\u00e7\u00e3o estadual expandiu 5,37% acima da infla\u00e7\u00e3o at\u00e9 abril, para R$ 115 bilh\u00f5es, impulsionada, especialmente, pela alta dos combust\u00edveis<\/strong><\/p>\n<p>A arrecada\u00e7\u00e3o do Imposto sobre a Circula\u00e7\u00e3o de Bens e Servi\u00e7os (ICMS) cresceu acima da infla\u00e7\u00e3o at\u00e9 abril em 19 estados de uma amostra de 20 unidades federativas (UFs). A receita foi puxada, principalmente, pela alta dos pre\u00e7os dos combust\u00edveis no per\u00edodo.<\/p>\n<p>Contudo, os reflexos da greve dos caminhoneiros, o per\u00edodo dos jogos da Copa do Mundo e o processo eleitoral podem provocar desacelera\u00e7\u00e3o no ritmo de expans\u00e3o da arrecada\u00e7\u00e3o estadual, avaliam especialistas.<\/p>\n<p>Entre janeiro e abril deste ano, 20 estados conseguiram recolher R$ 115,583 bilh\u00f5es com a cobran\u00e7a do ICMS, aumento de 5,37%, em termos reais (descontada a infla\u00e7\u00e3o), ante igual per\u00edodo de 2017. Este foi o primeiro crescimento nesta base de compara\u00e7\u00e3o desde 2014, ou seja, depois de tr\u00eas anos.<\/p>\n<p>Os dados s\u00e3o da Secretaria do Tesouro Nacional (STN), organizados pelo portal Compara Brasil, e n\u00e3o incluem a arrecada\u00e7\u00e3o do Distrito Federal, Mato Grosso do Sul, Minas Gerais, Paran\u00e1, Piau\u00ed, Rio Grande do Norte, Roraima e Tocantins, estados que ainda n\u00e3o informaram o desempenho tribut\u00e1rio do segundo bimestre de 2018.<\/p>\n<p>O professor do curso de Direito da FMU e especialista em ICMS, Jean Simei, avalia que a expans\u00e3o da receita estadual nos primeiros quatro meses do ano foi impulsionada mais pelo aumento dos pre\u00e7os dos combust\u00edveis \u2013 em decorr\u00eancia da disparada dos pre\u00e7os dos barris de petr\u00f3leo no mercado internacional \u2013 do que pela retomada da atividade econ\u00f4mica.<\/p>\n<p>\u201cO consumo do combust\u00edvel ficou mais caro e isso acabou provocando um crescimento no volume de arrecada\u00e7\u00e3o do ICMS. Os combust\u00edveis e a energia el\u00e9trica representam 23% do total da receita do imposto\u201d, refor\u00e7a Simei. Ele pondera que a recupera\u00e7\u00e3o da atividade tamb\u00e9m ajudou na alta da arrecada\u00e7\u00e3o, mas que n\u00e3o seria correto atribuir o aumento somente \u00e0 din\u00e2mica da economia, tendo em vista que o comportamento dos indicadores no in\u00edcio do ano foi fraco. O Produto Interno Bruto (PIB) do primeiro trimestre, por exemplo, cresceu 0,4%, ante uma expectativa de 1% no in\u00edcio de 2018.<\/p>\n<p><strong>Perspectivas<\/strong><\/p>\n<p>Para os pr\u00f3ximos meses, a tend\u00eancia \u00e9 que a arrecada\u00e7\u00e3o de ICMS nos estados passe por uma desacelera\u00e7\u00e3o, por causa das consequ\u00eancias da greve dos caminhoneiros durante 11 dias de maio e ao per\u00edodo do processo eleitoral \u2013 que tende a retrair mais o consumo e a produ\u00e7\u00e3o, devido \u00e0s incertezas sobre quem ir\u00e1 assumir \u00e0 Presid\u00eancia no pr\u00f3ximo ano \u2013 avalia o presidente do Sindicato dos Agentes Fiscais de Rendas do Estado de S\u00e3o Paulo (Sinafresp), Alfredo Maranca.<\/p>\n<p>Ele acrescenta que a Copa do Mundo entre 14 de junho e 15 de julho tamb\u00e9m deve prejudicar a arrecada\u00e7\u00e3o de ICMS, j\u00e1 que muitos estabelecimentos param durante os jogos.<\/p>\n<p>\u201cSomente a receita de ICMS perdida nos dias de greve n\u00e3o se recupera mais. \u00c9 como se voc\u00ea subtra\u00edsse alguns dias de arrecada\u00e7\u00e3o do m\u00eas. A gente continua tendo contas a pagar, mas com alguns dias a menos de dinheiro. Isso \u00e9 muito ruim para a economia p\u00fablica\u201d, destaca Alfredo Maraca. \u201cAl\u00e9m disso, a Copa do Mundo costuma ser um momento de parada\u201d, reafirma o especialista.<\/p>\n<p>Simei, da FMU, ressalta que a turbul\u00eancia pol\u00edtica tamb\u00e9m deve continuar impactando o ritmo de recupera\u00e7\u00e3o da economia, podendo levar a receita de ICMS \u00e0 uma estabilidade ou leve crescimento no fechamento de 2018, na compara\u00e7\u00e3o com o resultado tribut\u00e1rio registrado no ano passado.<\/p>\n<p>O professor da FMU comenta ainda que o subs\u00eddio do governo federal dado ao diesel \u2013 atendendo \u00e0s reivindica\u00e7\u00f5es dos caminhoneiros \u2013 acabou onerando a gasolina, movimento que deve provocar um aumento da arrecada\u00e7\u00e3o de ICMS combust\u00edveis. No entanto, a incerteza pol\u00edtica, ao enfraquecer a atividade, arrefecer\u00e1 essa alta no consolidado da arrecada\u00e7\u00e3o do tribut\u00e1ria.<\/p>\n<p>Na amostra com 20 estados, somente o Rio Grande do Sul (RS) apresentou recuo na arrecada\u00e7\u00e3o de ICMS at\u00e9 abril, ante iguais meses de 2017. A retra\u00e7\u00e3o na receita foi de 1%, em termos reais, para um valor de R$ 10,661 bilh\u00f5es. J\u00e1 no estado de S\u00e3o Paulo, as opera\u00e7\u00f5es de circula\u00e7\u00f5es de bens e servi\u00e7os geraram R$ 44,156 bilh\u00f5es \u00e0 Fazenda estadual, o que representou um aumento de 4,78%.<\/p>\n<p>O presidente do Sinafresp afirma que S\u00e3o Paulo deve verificar aumento real na arrecada\u00e7\u00e3o de ICMS este ano e que o governo estadual tem trabalhado mais intensamente na fiscaliza\u00e7\u00e3o, focando esfor\u00e7os na formaliza\u00e7\u00e3o de empresas.<\/p>\n<p><strong>Principais entes<\/strong><\/p>\n<p>A receita de ICMS tamb\u00e9m se recuperou no Rio de Janeiro \u2013 estado que, desde 2016, vem passando por uma forte crise financeira e fiscal \u2013 com interven\u00e7\u00e3o federal na \u00e1rea de seguran\u00e7a p\u00fablica. At\u00e9 abril, o Rio arrecadou R$ 11,892 bilh\u00f5es, aumento real de 6,37% contra igual per\u00edodo de 2017. J\u00e1 na Bahia, a receita do ICMS apresentou expans\u00e3o de 5,45%, para R$ 7,247 bilh\u00f5es.<\/p>\n<p>O estado de Santa Catarina, por sua vez, teve aumento de 5,32%, para R$ 6,909 bilh\u00f5es, enquanto o crescimento da arrecada\u00e7\u00e3o Pernambuco avan\u00e7ou 10% acima da infla\u00e7\u00e3o, para R$ 5 bilh\u00f5es. J\u00e1 a cobran\u00e7a de ICMS em Goi\u00e1s gerou um total de R$ 4,966 bilh\u00f5es ao caixa do estado at\u00e9 abril, o que significou uma alta de 3,81%, ante igual per\u00edodo de 2017.<\/p>\n<p>Fonte: DCI &#8211; SP &#8211; Por: Paula Salati<\/p>\n<\/div>\n","protected":false},"excerpt":{"rendered":"<p>Para os pr\u00f3ximos meses, a tend\u00eancia \u00e9 que a arrecada\u00e7\u00e3o de ICMS passe por uma desacelera\u00e7\u00e3o Uma amostra com 20 estados mostrou que a arrecada\u00e7\u00e3o estadual expandiu 5,37% acima da infla\u00e7\u00e3o at\u00e9 abril, para R$ 115 bilh\u00f5es, impulsionada, especialmente, pela alta dos combust\u00edveis A arrecada\u00e7\u00e3o do Imposto sobre a Circula\u00e7\u00e3o de Bens e Servi\u00e7os (ICMS) [&hellip;]<\/p>\n","protected":false},"author":3,"featured_media":695,"comment_status":"open","ping_status":"open","sticky":false,"template":"","format":"standard","meta":{"jetpack_post_was_ever_published":false,"_jetpack_newsletter_access":"","_jetpack_dont_email_post_to_subs":false,"_jetpack_newsletter_tier_id":0,"_jetpack_memberships_contains_paywalled_content":false,"_jetpack_memberships_contains_paid_content":false,"footnotes":"","jetpack_publicize_message":"","jetpack_publicize_feature_enabled":true,"jetpack_social_post_already_shared":true,"jetpack_social_options":{"image_generator_settings":{"template":"highway","default_image_id":0,"font":"","enabled":false},"version":2}},"categories":[22],"tags":[186,341,200,576],"class_list":["post-1329","post","type-post","status-publish","format-standard","has-post-thumbnail","hentry","category-geral","tag-arrecadacao","tag-economia","tag-icms","tag-mercado"],"jetpack_publicize_connections":[],"jetpack_featured_media_url":"https:\/\/i0.wp.com\/cfcontabil.com\/cf\/wp-content\/uploads\/2016\/03\/dinheiro-1.jpg?fit=661%2C351","jetpack_sharing_enabled":true,"jetpack_shortlink":"https:\/\/wp.me\/p2wklX-lr","jetpack-related-posts":[{"id":2653,"url":"http:\/\/cfcontabil.com\/cf\/mei-precisa-pagar-suas-dividas-ate-o-final-de-agosto\/","url_meta":{"origin":1329,"position":0},"title":"MEI precisa pagar suas d\u00edvidas at\u00e9 o final de agosto","author":"Ab\u00edlio Gon\u00e7alves","date":"23 de agosto de 2021","format":false,"excerpt":"A partir de setembro, a Receita Federal encaminhar\u00e1 os d\u00e9bitos n\u00e3o regularizados para a D\u00edvida Ativa, e elas ser\u00e3o cobradas com juros. Os microempreendedores individuais (MEI) que est\u00e3o devendo impostos poder\u00e3o regularizar suas d\u00edvidas at\u00e9 o final deste m\u00eas. A situa\u00e7\u00e3o pode ser resolvida pelo pagamento dos d\u00e9bitos, utilizando o\u2026","rel":"","context":"Em &quot;Departamento Fiscal&quot;","block_context":{"text":"Departamento Fiscal","link":"http:\/\/cfcontabil.com\/cf\/category\/df\/"},"img":{"alt_text":"","src":"https:\/\/i0.wp.com\/cfcontabil.com\/cf\/wp-content\/uploads\/2020\/04\/MEI-1200x675-1.png?fit=1200%2C675&resize=350%2C200","width":350,"height":200,"srcset":"https:\/\/i0.wp.com\/cfcontabil.com\/cf\/wp-content\/uploads\/2020\/04\/MEI-1200x675-1.png?fit=1200%2C675&resize=350%2C200 1x, https:\/\/i0.wp.com\/cfcontabil.com\/cf\/wp-content\/uploads\/2020\/04\/MEI-1200x675-1.png?fit=1200%2C675&resize=525%2C300 1.5x, https:\/\/i0.wp.com\/cfcontabil.com\/cf\/wp-content\/uploads\/2020\/04\/MEI-1200x675-1.png?fit=1200%2C675&resize=700%2C400 2x, https:\/\/i0.wp.com\/cfcontabil.com\/cf\/wp-content\/uploads\/2020\/04\/MEI-1200x675-1.png?fit=1200%2C675&resize=1050%2C600 3x"},"classes":[]},{"id":2613,"url":"http:\/\/cfcontabil.com\/cf\/microempreendedores-individuais-mei-devem-regularizar-dividas-ate-31-de-agosto\/","url_meta":{"origin":1329,"position":1},"title":"Microempreendedores Individuais (MEI) devem regularizar d\u00edvidas at\u00e9 31 de agosto","author":"Ab\u00edlio Gon\u00e7alves","date":"10 de agosto de 2021","format":false,"excerpt":"Os Microempreendedores Individuais (MEI) que est\u00e3o devendo impostos, poder\u00e3o regularizar suas d\u00edvidas at\u00e9 o final deste m\u00eas. A situa\u00e7\u00e3o pode ser resolvida pelo pagamento dos d\u00e9bitos, utilizando o Documento de Arrecada\u00e7\u00e3o do Simples Nacional (DAS), ou parcelamento, que deve ser realizado at\u00e9 o dia 31\/08\/2021.\u00a0Tanto a emiss\u00e3o do DAS para\u2026","rel":"","context":"Em &quot;Geral&quot;","block_context":{"text":"Geral","link":"http:\/\/cfcontabil.com\/cf\/category\/geral\/"},"img":{"alt_text":"","src":"https:\/\/i0.wp.com\/cfcontabil.com\/cf\/wp-content\/uploads\/2020\/04\/MEI-1200x675-1.png?fit=1200%2C675&resize=350%2C200","width":350,"height":200,"srcset":"https:\/\/i0.wp.com\/cfcontabil.com\/cf\/wp-content\/uploads\/2020\/04\/MEI-1200x675-1.png?fit=1200%2C675&resize=350%2C200 1x, https:\/\/i0.wp.com\/cfcontabil.com\/cf\/wp-content\/uploads\/2020\/04\/MEI-1200x675-1.png?fit=1200%2C675&resize=525%2C300 1.5x, https:\/\/i0.wp.com\/cfcontabil.com\/cf\/wp-content\/uploads\/2020\/04\/MEI-1200x675-1.png?fit=1200%2C675&resize=700%2C400 2x, https:\/\/i0.wp.com\/cfcontabil.com\/cf\/wp-content\/uploads\/2020\/04\/MEI-1200x675-1.png?fit=1200%2C675&resize=1050%2C600 3x"},"classes":[]},{"id":250,"url":"http:\/\/cfcontabil.com\/cf\/substituicao-tributaria-como-afeta-sua-empresa\/","url_meta":{"origin":1329,"position":2},"title":"Substitui\u00e7\u00e3o tribut\u00e1ria: como afeta sua empresa?","author":"Vin\u00edcius Moizinho","date":"6 de dezembro de 2012","format":false,"excerpt":"O Brasil \u00e9 um dos pa\u00edses com maior carga tribut\u00e1ria do mundo - e tamb\u00e9m com uma das mais complexas estruturas de arrecada\u00e7\u00e3o de impostos, tanto federais, quanto estaduais e municipais. Ao abrir novos neg\u00f3cios ou diversificar os j\u00e1 existentes, os empreendedores devem ficar atentos ao Imposto sobre Circula\u00e7\u00e3o de\u2026","rel":"","context":"Em &quot;Geral&quot;","block_context":{"text":"Geral","link":"http:\/\/cfcontabil.com\/cf\/category\/geral\/"},"img":{"alt_text":"","src":"https:\/\/i0.wp.com\/www.ajegoias.com.br\/wp-content\/uploads\/2012\/03\/imposto-581x326.jpg?resize=350%2C200","width":350,"height":200,"srcset":"https:\/\/i0.wp.com\/www.ajegoias.com.br\/wp-content\/uploads\/2012\/03\/imposto-581x326.jpg?resize=350%2C200 1x, https:\/\/i0.wp.com\/www.ajegoias.com.br\/wp-content\/uploads\/2012\/03\/imposto-581x326.jpg?resize=525%2C300 1.5x"},"classes":[]},{"id":717,"url":"http:\/\/cfcontabil.com\/cf\/cest-exigencia-e-adiada-para-outubro-de-2016\/","url_meta":{"origin":1329,"position":3},"title":"CEST \u2013 exig\u00eancia \u00e9 adiada para outubro de 2016","author":"Ab\u00edlio Gon\u00e7alves","date":"1 de abril de 2016","format":false,"excerpt":"O CONFAZ por meio do Conv\u00eanio ICMS 16 \/2016 (DOU de 28\/03) adiou para 1\u00ba de outubro de 2016 a exig\u00eancia do CEST. O CEST - C\u00f3digo Especificador de Substitui\u00e7\u00e3o Tribut\u00e1ria, institu\u00eddo pelo Conv\u00eanio ICMS 92\/2015, promete diminuir os conflitos sobre a tributa\u00e7\u00e3o do produtos no que tange ao ICMS.\u2026","rel":"","context":"Em &quot;Departamento Fiscal&quot;","block_context":{"text":"Departamento Fiscal","link":"http:\/\/cfcontabil.com\/cf\/category\/df\/"},"img":{"alt_text":"","src":"https:\/\/i0.wp.com\/cfcontabil.com\/cf\/wp-content\/uploads\/2016\/03\/NFe-1.jpg?fit=543%2C232&resize=350%2C200","width":350,"height":200,"srcset":"https:\/\/i0.wp.com\/cfcontabil.com\/cf\/wp-content\/uploads\/2016\/03\/NFe-1.jpg?fit=543%2C232&resize=350%2C200 1x, https:\/\/i0.wp.com\/cfcontabil.com\/cf\/wp-content\/uploads\/2016\/03\/NFe-1.jpg?fit=543%2C232&resize=525%2C300 1.5x"},"classes":[]},{"id":2533,"url":"http:\/\/cfcontabil.com\/cf\/mei-tem-ate-31-de-agosto-de-2021-para-regularizar-seus-debitos\/","url_meta":{"origin":1329,"position":4},"title":"MEI tem at\u00e9 31 de agosto de 2021 para regularizar seus d\u00e9bitos","author":"Ab\u00edlio Gon\u00e7alves","date":"5 de agosto de 2021","format":false,"excerpt":"At\u00e9 o dia 31\/08\/2021, o MEI\u00a0poder\u00e1\u00a0regularizar\u00a0seus d\u00e9bitos (INSS, ISS e ICMS)\u00a0por meio de recolhimento em DAS, acessando o\u00a0PGMEI,\u00a0ou\u00a0parcelando.\u00a0 A\u00a0partir de setembro, a Receita Federal (RFB) encaminhar\u00e1\u00a0os d\u00e9bitos\u00a0apurados nas\u00a0Declara\u00e7\u00f5es Anuais Simplificadas para o Microempreendedor Individual\u00a0(DASN-Simei), n\u00e3o regularizados, para inscri\u00e7\u00e3o em D\u00edvida Ativa. O envio \u00e0 D\u00edvida Ativa ser\u00e1 da seguinte forma:\u2013\u2026","rel":"","context":"Em &quot;Geral&quot;","block_context":{"text":"Geral","link":"http:\/\/cfcontabil.com\/cf\/category\/geral\/"},"img":{"alt_text":"","src":"https:\/\/i0.wp.com\/cfcontabil.com\/cf\/wp-content\/uploads\/2017\/03\/mei-micro-empreendedor-individual-696x287-1.jpg?fit=696%2C287&resize=350%2C200","width":350,"height":200,"srcset":"https:\/\/i0.wp.com\/cfcontabil.com\/cf\/wp-content\/uploads\/2017\/03\/mei-micro-empreendedor-individual-696x287-1.jpg?fit=696%2C287&resize=350%2C200 1x, https:\/\/i0.wp.com\/cfcontabil.com\/cf\/wp-content\/uploads\/2017\/03\/mei-micro-empreendedor-individual-696x287-1.jpg?fit=696%2C287&resize=525%2C300 1.5x"},"classes":[]},{"id":1082,"url":"http:\/\/cfcontabil.com\/cf\/temer-queria-simplificar-impostos-agora-pensa-em-aumenta-los\/","url_meta":{"origin":1329,"position":5},"title":"Temer queria simplificar impostos. Agora pensa em aument\u00e1-los","author":"Ab\u00edlio Gon\u00e7alves","date":"23 de mar\u00e7o de 2017","format":false,"excerpt":"\"Se o governo quer fazer via medida provis\u00f3ria, \u00e9 porque vem aumento\u201d, diz diretor da Fenacon O governo Temer parecia disposto a simplificar o pagamento de impostos, sem mexer - para mais nem para menos - na carga tribut\u00e1ria. A ideia era fazer uma \u201creforma fatiada\u201d, via medidas provis\u00f3rias, come\u00e7ando\u2026","rel":"","context":"Em &quot;Departamento Fiscal&quot;","block_context":{"text":"Departamento Fiscal","link":"http:\/\/cfcontabil.com\/cf\/category\/df\/"},"img":{"alt_text":"","src":"https:\/\/i0.wp.com\/cfcontabil.com\/cf\/wp-content\/uploads\/2017\/01\/Moedas-1-real-1.jpg?fit=810%2C455&resize=350%2C200","width":350,"height":200,"srcset":"https:\/\/i0.wp.com\/cfcontabil.com\/cf\/wp-content\/uploads\/2017\/01\/Moedas-1-real-1.jpg?fit=810%2C455&resize=350%2C200 1x, https:\/\/i0.wp.com\/cfcontabil.com\/cf\/wp-content\/uploads\/2017\/01\/Moedas-1-real-1.jpg?fit=810%2C455&resize=525%2C300 1.5x, https:\/\/i0.wp.com\/cfcontabil.com\/cf\/wp-content\/uploads\/2017\/01\/Moedas-1-real-1.jpg?fit=810%2C455&resize=700%2C400 2x"},"classes":[]}],"jetpack_likes_enabled":true,"_links":{"self":[{"href":"http:\/\/cfcontabil.com\/cf\/wp-json\/wp\/v2\/posts\/1329","targetHints":{"allow":["GET"]}}],"collection":[{"href":"http:\/\/cfcontabil.com\/cf\/wp-json\/wp\/v2\/posts"}],"about":[{"href":"http:\/\/cfcontabil.com\/cf\/wp-json\/wp\/v2\/types\/post"}],"author":[{"embeddable":true,"href":"http:\/\/cfcontabil.com\/cf\/wp-json\/wp\/v2\/users\/3"}],"replies":[{"embeddable":true,"href":"http:\/\/cfcontabil.com\/cf\/wp-json\/wp\/v2\/comments?post=1329"}],"version-history":[{"count":0,"href":"http:\/\/cfcontabil.com\/cf\/wp-json\/wp\/v2\/posts\/1329\/revisions"}],"wp:featuredmedia":[{"embeddable":true,"href":"http:\/\/cfcontabil.com\/cf\/wp-json\/wp\/v2\/media\/695"}],"wp:attachment":[{"href":"http:\/\/cfcontabil.com\/cf\/wp-json\/wp\/v2\/media?parent=1329"}],"wp:term":[{"taxonomy":"category","embeddable":true,"href":"http:\/\/cfcontabil.com\/cf\/wp-json\/wp\/v2\/categories?post=1329"},{"taxonomy":"post_tag","embeddable":true,"href":"http:\/\/cfcontabil.com\/cf\/wp-json\/wp\/v2\/tags?post=1329"}],"curies":[{"name":"wp","href":"https:\/\/api.w.org\/{rel}","templated":true}]}}