{"id":1333,"date":"2018-06-20T16:36:12","date_gmt":"2018-06-20T19:36:12","guid":{"rendered":"http:\/\/cfcontabil.com\/cf\/?p=1333"},"modified":"2018-06-20T16:36:12","modified_gmt":"2018-06-20T19:36:12","slug":"esocial-comite-gestor-aprova-reformulacao-em-calendario","status":"publish","type":"post","link":"http:\/\/cfcontabil.com\/cf\/esocial-comite-gestor-aprova-reformulacao-em-calendario\/","title":{"rendered":"eSocial: Comit\u00ea Gestor aprova reformula\u00e7\u00e3o em calend\u00e1rio"},"content":{"rendered":"<div id=\"attachment_201754\" class=\"wp-caption aligncenter\">\n<p><a href=\"https:\/\/i0.wp.com\/portalcontabilsc.com.br\/wp-content\/uploads\/2018\/06\/imagem1.jpg\"><img data-recalc-dims=\"1\" fetchpriority=\"high\" decoding=\"async\" class=\"size-large wp-image-201754\" src=\"https:\/\/i0.wp.com\/portalcontabilsc.com.br\/wp-content\/uploads\/2018\/06\/imagem1-1024x768.jpg?resize=1024%2C768\" sizes=\"(max-width: 1024px) 100vw, 1024px\" srcset=\"http:\/\/portalcontabilsc.com.br\/wp-content\/uploads\/2018\/06\/imagem1-1024x768.jpg 1024w, http:\/\/portalcontabilsc.com.br\/wp-content\/uploads\/2018\/06\/imagem1-300x225.jpg 300w, http:\/\/portalcontabilsc.com.br\/wp-content\/uploads\/2018\/06\/imagem1-768x576.jpg 768w, http:\/\/portalcontabilsc.com.br\/wp-content\/uploads\/2018\/06\/imagem1.jpg 1280w\" alt=\"\" width=\"1024\" height=\"768\" \/><\/a><\/p>\n<p class=\"wp-caption-text\">Reuni\u00e3o do dia 14 de junho com Subsecret\u00e1rio de Fiscaliza\u00e7\u00e3o da Receita Federal, I\u00e1garo Jung Martins<\/p>\n<\/div>\n<p>O Comit\u00ea Gestor do eSocial decidiu na tarde de ontem aprovar a reformula\u00e7\u00e3o do calend\u00e1rio de implementa\u00e7\u00e3o do m\u00f3dulo eSocial. A medida atendeu ao pedido da Fenacon, em conjunto com o Conselho Federal de Contabilidade (CFC) e Sebrae, que ontem a estiveram mais cedo reunidos com o Subsecret\u00e1rio Substituto de Fiscaliza\u00e7\u00e3o da Receita Federal do Brasil (RFB), Francisco Assis de Oliveira J\u00fanior e o assessor especial para o eSocial, Altemir Linhares de Melo.<\/p>\n<p>Na ocasi\u00e3o, as entidades entregaram of\u00edcio conjunto solicitando que as empresas com faturamento anual de at\u00e9 R$ 4,8 milh\u00f5es sejam inclu\u00eddas no eSocial em car\u00e1ter obrigat\u00f3rio a partir da 3\u00aa fase do programa.<\/p>\n<p>Al\u00e9m dos representantes da RFB participaram do encontro: o diretor de Assuntos Legislativos, Institucionais, Sindicais e do Trabalho da Fenacon, Antonino Ferreira Neves, o vice-presidente de Pol\u00edtica Institucional do CFC, Joaquim de Alencar Bezerra Filho, a gerente de Pol\u00edticas P\u00fablicas do Sebrae, Ines Schwingel.<\/p>\n<p><!--more--><\/p>\n<p><strong>Atua\u00e7\u00e3o da Fenacon<\/strong><\/p>\n<div id=\"attachment_201749\" class=\"wp-caption alignright\">\n<p><a href=\"https:\/\/i0.wp.com\/portalcontabilsc.com.br\/wp-content\/uploads\/2018\/06\/RFB.jpeg\"><img data-recalc-dims=\"1\" decoding=\"async\" class=\"wp-image-201749\" src=\"https:\/\/i0.wp.com\/portalcontabilsc.com.br\/wp-content\/uploads\/2018\/06\/RFB.jpeg?resize=400%2C223\" sizes=\"(max-width: 400px) 100vw, 400px\" srcset=\"http:\/\/portalcontabilsc.com.br\/wp-content\/uploads\/2018\/06\/RFB.jpeg 600w, http:\/\/portalcontabilsc.com.br\/wp-content\/uploads\/2018\/06\/RFB-300x168.jpeg 300w\" alt=\"\" width=\"400\" height=\"223\" \/><\/a><\/p>\n<p class=\"wp-caption-text\">FENACON, CFC e Sebrae entregaram of\u00edcio conjunto \u00e0 Receita Federal \u2013 Fotos: Divulga\u00e7\u00e3o Fenacon<\/p>\n<\/div>\n<p>Sens\u00edvel as diversas demandas recebidas o Sistema Fenacon Sescap\/Sescon atuou de toda as formas junto aos \u00f3rg\u00e3os competentes sobre a necessidade de reformular o calend\u00e1rio do eSocial.<\/p>\n<p>Na \u00faltima quinta-feira, 14, o diretor de Educa\u00e7\u00e3o e Cultura da Fenacon, H\u00e9lio Donin Jr. Esteve reunido com o Subsecret\u00e1rio de Fiscaliza\u00e7\u00e3o da Receita Federal, I\u00e1garo Jung Martins para tratar do assunto. o objetivo do encontro foi demonstrar a preocupa\u00e7\u00e3o de que grande parte das empresas ainda n\u00e3o estavam adequadas para ingressar no sistema.<\/p>\n<p>Em seguida o encontro foi com o ministro do Trabalho e Emprego, Helton Yomura, para relatar as dificuldades das empresas brasileiras diante das demandas do eSocial.<\/p>\n<p>Nas duas ocasi\u00f5es tamb\u00e9m esteve presente a vice-presidente de Fiscaliza\u00e7\u00e3o, \u00c9tica e Disciplina do CFC, Sandra Maria Batista.<\/p>\n<div id=\"attachment_201755\" class=\"wp-caption alignleft\">\n<p><a href=\"https:\/\/i0.wp.com\/portalcontabilsc.com.br\/wp-content\/uploads\/2018\/06\/imagem3.jpg\"><img data-recalc-dims=\"1\" decoding=\"async\" class=\"wp-image-201755\" src=\"https:\/\/i0.wp.com\/portalcontabilsc.com.br\/wp-content\/uploads\/2018\/06\/imagem3.jpg?resize=400%2C267\" sizes=\"(max-width: 400px) 100vw, 400px\" srcset=\"http:\/\/portalcontabilsc.com.br\/wp-content\/uploads\/2018\/06\/imagem3.jpg 427w, http:\/\/portalcontabilsc.com.br\/wp-content\/uploads\/2018\/06\/imagem3-300x200.jpg 300w\" alt=\"\" width=\"400\" height=\"267\" \/><\/a><\/p>\n<p class=\"wp-caption-text\">Helton Yomura e Helio Donin Jr<\/p>\n<\/div>\n<p>De acordo com o diretor, a Fenacon e o CFC integram o grupo de trabalho que discute a elabora\u00e7\u00e3o dos diversos m\u00f3dulos do Sistema P\u00fablico de Escritura\u00e7\u00e3o Digital (SPED) e conhecem as dificuldades com a implementa\u00e7\u00e3o do eSocial, em especial desta etapa que inclui as empresas tributadas pelo lucro presumido e pelo Simples Nacional.<\/p>\n<p>\u201cEntendo que a decis\u00e3o \u00e9 uma medida acertada e al\u00e9m do tratamento diferenciado as PME prevista em lei, mostra a percep\u00e7\u00e3o dos gestores do eSocial do que acontece na classe empresarial, permitindo as PME uma entrada mais confort\u00e1vel no projeto, evitando problemas e minimizando a possibilidade de eventuais multas. A possibilidade de acesso aos gestores da RFB e MTE, bem como audi\u00eancia com o Ministro do Trabalho mostra o alto grau de compromisso da Fenacon com as empresas brasileiras e o respeito dos \u00f3rg\u00e3os p\u00fablico ao s\u00e9rio trabalho que vem desenvolvendo. A Fenacon est\u00e1 de parab\u00e9ns pela conquista\u201d, disse Helio Donin Jr.<\/p>\n<p>Fonte: FENANCON<\/p>\n","protected":false},"excerpt":{"rendered":"<p>Reuni\u00e3o do dia 14 de junho com Subsecret\u00e1rio de Fiscaliza\u00e7\u00e3o da Receita Federal, I\u00e1garo Jung Martins O Comit\u00ea Gestor do eSocial decidiu na tarde de ontem aprovar a reformula\u00e7\u00e3o do calend\u00e1rio de implementa\u00e7\u00e3o do m\u00f3dulo eSocial. A medida atendeu ao pedido da Fenacon, em conjunto com o Conselho Federal de Contabilidade (CFC) e Sebrae, que [&hellip;]<\/p>\n","protected":false},"author":3,"featured_media":1509,"comment_status":"open","ping_status":"open","sticky":false,"template":"","format":"standard","meta":{"jetpack_post_was_ever_published":false,"_jetpack_newsletter_access":"","_jetpack_dont_email_post_to_subs":false,"_jetpack_newsletter_tier_id":0,"_jetpack_memberships_contains_paywalled_content":false,"_jetpack_memberships_contains_paid_content":false,"footnotes":"","jetpack_publicize_message":"","jetpack_publicize_feature_enabled":true,"jetpack_social_post_already_shared":true,"jetpack_social_options":{"image_generator_settings":{"template":"highway","default_image_id":0,"font":"","enabled":false},"version":2}},"categories":[29],"tags":[577,578,78,71,579,80,74],"class_list":["post-1333","post","type-post","status-publish","format-standard","has-post-thumbnail","hentry","category-dp","tag-calendario","tag-comite","tag-esocial","tag-federal","tag-gestor","tag-implantacao","tag-receita"],"jetpack_publicize_connections":[],"jetpack_featured_media_url":"https:\/\/i0.wp.com\/cfcontabil.com\/cf\/wp-content\/uploads\/2017\/06\/esocial-pasta-1.jpg?fit=1000%2C591","jetpack_sharing_enabled":true,"jetpack_shortlink":"https:\/\/wp.me\/p2wklX-lv","jetpack-related-posts":[{"id":1244,"url":"http:\/\/cfcontabil.com\/cf\/esocial-libera-ambiente-de-testes-para-empresas\/","url_meta":{"origin":1333,"position":0},"title":"eSocial libera ambiente de testes para empresas","author":"Ab\u00edlio Gon\u00e7alves","date":"30 de junho de 2017","format":false,"excerpt":"Processo ocorrer\u00e1 em duas etapas e contemplar\u00e1, neste primeiro momento, empresas de TI. A partir de segunda-feira (26), empresas de tecnologia de informa\u00e7\u00e3o podem testar o eSocial, um sistema para facilitar a administra\u00e7\u00e3o de informa\u00e7\u00f5es relativas aos trabalhadores. As empresas v\u00e3o ter um ganho de produtividade e redu\u00e7\u00e3o de processos.\u2026","rel":"","context":"Em &quot;Departamento Pessoal&quot;","block_context":{"text":"Departamento Pessoal","link":"http:\/\/cfcontabil.com\/cf\/category\/dp\/"},"img":{"alt_text":"","src":"https:\/\/i0.wp.com\/cfcontabil.com\/cf\/wp-content\/uploads\/2017\/06\/esocial-pasta-1.jpg?fit=1000%2C591&resize=350%2C200","width":350,"height":200,"srcset":"https:\/\/i0.wp.com\/cfcontabil.com\/cf\/wp-content\/uploads\/2017\/06\/esocial-pasta-1.jpg?fit=1000%2C591&resize=350%2C200 1x, https:\/\/i0.wp.com\/cfcontabil.com\/cf\/wp-content\/uploads\/2017\/06\/esocial-pasta-1.jpg?fit=1000%2C591&resize=525%2C300 1.5x, https:\/\/i0.wp.com\/cfcontabil.com\/cf\/wp-content\/uploads\/2017\/06\/esocial-pasta-1.jpg?fit=1000%2C591&resize=700%2C400 2x"},"classes":[]},{"id":1272,"url":"http:\/\/cfcontabil.com\/cf\/esocial-libera-ambiente-de-testes-para-todas-as-empresas-do-pais\/","url_meta":{"origin":1333,"position":1},"title":"eSocial libera ambiente de testes para todas as empresas do pa\u00eds","author":"Ab\u00edlio Gon\u00e7alves","date":"7 de agosto de 2017","format":false,"excerpt":"Etapa tem como objetivo preparar o setor produtivo para o in\u00edcio da obrigatoriedade do sistema em 2018 O eSocial disponibiliza, a partir da ter\u00e7a-feira (1\u00b0), o acesso ao ambiente de testes da plataforma para todas as empresas do pa\u00eds. A etapa tem como objetivo preparar o setor produtivo para o\u2026","rel":"","context":"Em &quot;Departamento Fiscal&quot;","block_context":{"text":"Departamento Fiscal","link":"http:\/\/cfcontabil.com\/cf\/category\/df\/"},"img":{"alt_text":"","src":"https:\/\/i0.wp.com\/cfcontabil.com\/cf\/wp-content\/uploads\/2017\/06\/esocial-462x234-1.png?fit=462%2C234&resize=350%2C200","width":350,"height":200},"classes":[]},{"id":1348,"url":"http:\/\/cfcontabil.com\/cf\/empresas-relatam-dificuldades-e-despreparo-na-implantacao-do-esocial\/","url_meta":{"origin":1333,"position":2},"title":"Empresas relatam dificuldades e despreparo na implanta\u00e7\u00e3o do eSocial","author":"Ab\u00edlio Gon\u00e7alves","date":"13 de agosto de 2018","format":false,"excerpt":"Para n\u00e3o deixar de cumprir prazos, escrit\u00f3rios e condom\u00ednios contrataram servi\u00e7os e funcion\u00e1rios nas \u00e1reas de TI e recursos humanos; governo diz que toma provid\u00eancias para facilitar o uso da ferramenta. Fonte: G1 Ang\u00e9lica Arbex, diretora de relacionamento da Lello Condom\u00ednios: empresa levou 4 meses para corrigir inconsist\u00eancias de dados\u2026","rel":"","context":"Em &quot;Departamento Pessoal&quot;","block_context":{"text":"Departamento Pessoal","link":"http:\/\/cfcontabil.com\/cf\/category\/dp\/"},"img":{"alt_text":"","src":"https:\/\/i0.wp.com\/cfcontabil.com\/cf\/wp-content\/uploads\/2017\/06\/esocial-462x234-1.png?fit=462%2C234&resize=350%2C200","width":350,"height":200},"classes":[]},{"id":1352,"url":"http:\/\/cfcontabil.com\/cf\/esocial-registra-o-ingresso-de-1-milhao-de-empregadores\/","url_meta":{"origin":1333,"position":3},"title":"eSocial registra o ingresso de 1 milh\u00e3o de empregadores","author":"Ab\u00edlio Gon\u00e7alves","date":"21 de agosto de 2018","format":false,"excerpt":"O eSocial est\u00e1 sendo implantado desde o primeiro semestre deste ano contemplando 5 fases. No primeiro momento foi a vez das empresas com faturamento superior a R$ 78 milh\u00f5es anuais, que passaram a ter a utiliza\u00e7\u00e3o obrigat\u00f3ria do programa a partir de 8 de janeiro de 2018. Esse grupo \u00e9\u2026","rel":"","context":"Em &quot;Departamento Pessoal&quot;","block_context":{"text":"Departamento Pessoal","link":"http:\/\/cfcontabil.com\/cf\/category\/dp\/"},"img":{"alt_text":"","src":"https:\/\/i0.wp.com\/cfcontabil.com\/cf\/wp-content\/uploads\/2017\/06\/esocial-462x234-1.png?fit=462%2C234&resize=350%2C200","width":350,"height":200},"classes":[]},{"id":1374,"url":"http:\/\/cfcontabil.com\/cf\/receita-federal-intensifica-esclarecimentos-sobre-esocial\/","url_meta":{"origin":1333,"position":4},"title":"Receita Federal intensifica esclarecimentos sobre eSocial","author":"Ab\u00edlio Gon\u00e7alves","date":"30 de agosto de 2018","format":false,"excerpt":"Servi\u00e7o gratuito funciona de segunda \u00e0 sexta-feira, das 7h \u00e0s 19h Com objetivo de intensificar informa\u00e7\u00f5es e esclarecer d\u00favidas sobre o funcionamento do Sistema de Escritura\u00e7\u00e3o Digital das Obriga\u00e7\u00f5es Fiscais, Previd\u00eanci\u00e1rias e Trabalhistas (eSocial), a Receita Federal disponibilizou mais uma ferramenta de comunica\u00e7\u00e3o, o servi\u00e7o de 0800. O canal aceitar\u00e1\u2026","rel":"","context":"Em &quot;Departamento Pessoal&quot;","block_context":{"text":"Departamento Pessoal","link":"http:\/\/cfcontabil.com\/cf\/category\/dp\/"},"img":{"alt_text":"","src":"https:\/\/i0.wp.com\/cfcontabil.com\/cf\/wp-content\/uploads\/2017\/02\/receita-federal-1-1.png?fit=702%2C325&resize=350%2C200","width":350,"height":200,"srcset":"https:\/\/i0.wp.com\/cfcontabil.com\/cf\/wp-content\/uploads\/2017\/02\/receita-federal-1-1.png?fit=702%2C325&resize=350%2C200 1x, https:\/\/i0.wp.com\/cfcontabil.com\/cf\/wp-content\/uploads\/2017\/02\/receita-federal-1-1.png?fit=702%2C325&resize=525%2C300 1.5x, https:\/\/i0.wp.com\/cfcontabil.com\/cf\/wp-content\/uploads\/2017\/02\/receita-federal-1-1.png?fit=702%2C325&resize=700%2C400 2x"},"classes":[]},{"id":1226,"url":"http:\/\/cfcontabil.com\/cf\/atencao-aos-prazos-esocial-para-empresas-esta-chegando-e-deve-ser-prioridade-em-2017\/","url_meta":{"origin":1333,"position":5},"title":"Aten\u00e7\u00e3o aos prazos: eSocial para empresas est\u00e1 chegando e deve ser prioridade em 2017","author":"Ab\u00edlio Gon\u00e7alves","date":"27 de fevereiro de 2017","format":false,"excerpt":"O eSocial, que faz parte do cotidiano dos empregadores dom\u00e9sticos desde 2015, dever\u00e1 ser adotado por todas as empresas do pa\u00eds a partir de janeiro de 2018. Se a sua organiza\u00e7\u00e3o ainda est\u00e1 confusa com os prazos, fique atento: o ambiente de testes estar\u00e1 dispon\u00edvel a partir de julho deste\u2026","rel":"","context":"Em &quot;Departamento Pessoal&quot;","block_context":{"text":"Departamento Pessoal","link":"http:\/\/cfcontabil.com\/cf\/category\/dp\/"},"img":{"alt_text":"","src":"https:\/\/i0.wp.com\/cfcontabil.com\/cf\/wp-content\/uploads\/2016\/03\/esocial-1374759873-2.png?fit=439%2C339&resize=350%2C200","width":350,"height":200},"classes":[]}],"jetpack_likes_enabled":true,"_links":{"self":[{"href":"http:\/\/cfcontabil.com\/cf\/wp-json\/wp\/v2\/posts\/1333","targetHints":{"allow":["GET"]}}],"collection":[{"href":"http:\/\/cfcontabil.com\/cf\/wp-json\/wp\/v2\/posts"}],"about":[{"href":"http:\/\/cfcontabil.com\/cf\/wp-json\/wp\/v2\/types\/post"}],"author":[{"embeddable":true,"href":"http:\/\/cfcontabil.com\/cf\/wp-json\/wp\/v2\/users\/3"}],"replies":[{"embeddable":true,"href":"http:\/\/cfcontabil.com\/cf\/wp-json\/wp\/v2\/comments?post=1333"}],"version-history":[{"count":0,"href":"http:\/\/cfcontabil.com\/cf\/wp-json\/wp\/v2\/posts\/1333\/revisions"}],"wp:featuredmedia":[{"embeddable":true,"href":"http:\/\/cfcontabil.com\/cf\/wp-json\/wp\/v2\/media\/1509"}],"wp:attachment":[{"href":"http:\/\/cfcontabil.com\/cf\/wp-json\/wp\/v2\/media?parent=1333"}],"wp:term":[{"taxonomy":"category","embeddable":true,"href":"http:\/\/cfcontabil.com\/cf\/wp-json\/wp\/v2\/categories?post=1333"},{"taxonomy":"post_tag","embeddable":true,"href":"http:\/\/cfcontabil.com\/cf\/wp-json\/wp\/v2\/tags?post=1333"}],"curies":[{"name":"wp","href":"https:\/\/api.w.org\/{rel}","templated":true}]}}