{"id":1341,"date":"2018-07-13T10:41:06","date_gmt":"2018-07-13T13:41:06","guid":{"rendered":"http:\/\/cfcontabil.com\/cf\/?p=1341"},"modified":"2018-07-13T10:41:06","modified_gmt":"2018-07-13T13:41:06","slug":"servidor-municipal-tera-que-atualizar-dados-no-esocial-para-manter-salario","status":"publish","type":"post","link":"http:\/\/cfcontabil.com\/cf\/servidor-municipal-tera-que-atualizar-dados-no-esocial-para-manter-salario\/","title":{"rendered":"Servidor municipal ter\u00e1 que atualizar dados no eSocial para manter sal\u00e1rio"},"content":{"rendered":"<p><img data-recalc-dims=\"1\" decoding=\"async\" title=\"Para evitar dor de cabe\u00e7a, orienta\u00e7\u00e3o \u00e9 para que servidores confiram informa\u00e7\u00f5es no site do eSocial\" src=\"https:\/\/i0.wp.com\/odia.ig.com.br\/_midias\/jpg\/2018\/07\/11\/700x470\/1_cass-7339910.jpg?w=1170&#038;ssl=1\" alt=\"Para evitar dor de cabe\u00e7a, orienta\u00e7\u00e3o \u00e9 para que servidores confiram informa\u00e7\u00f5es no site do eSocial\" \/><span style=\"font-size: 8pt;\">Para evitar dor de cabe\u00e7a, orienta\u00e7\u00e3o \u00e9 para que servidores confiram informa\u00e7\u00f5es no site do eSocial &#8211;\u00a0<b>DIVULGA\u00c7\u00c3O<\/b><\/span><\/p>\n<p class=\"texto\">Rio &#8211; Os servidores da ativa, aposentados e pensionistas da Prefeitura do Rio t\u00eam at\u00e9 o fim deste ano para atualizar informa\u00e7\u00f5es cadastrais \u2014 como CPF e n\u00famero do PIS \u2014 no eSocial, vinculado ao governo federal. Isso porque, a partir de janeiro de 2019, quem estiver com os dados inconsistentes no sistema da Uni\u00e3o poder\u00e1 ser exclu\u00eddo da folha de pagamentos do munic\u00edpio.<\/p>\n<p class=\"texto\">O\u00a0Sistema de Escritura\u00e7\u00e3o\u00a0Digital das Obriga\u00e7\u00f5es Fiscais, Previdenci\u00e1rias e Trabalhistas (eSocial) foi institu\u00eddo pelo Decreto 8.373\/2014, do governo federal. O objetivo \u00e9 unificar a presta\u00e7\u00e3o de informa\u00e7\u00f5es de trabalhadores no pa\u00eds.<\/p>\n<p class=\"texto\">Por enquanto, a Subsecretaria de Assuntos Compartilhados orientou os setores de Recursos Humanos (RH) de cada secretaria municipal a enviar um aviso aos servidores que possuem incongru\u00eancias em suas informa\u00e7\u00f5es (por exemplo, mulheres que casaram e mudaram de nome). A recomenda\u00e7\u00e3o \u00e9 para que acessem o site do eSocial e verifiquem se h\u00e1 alguma pend\u00eancia. Em seguida, \u00e9 necess\u00e1rio acert\u00e1-la.<\/p>\n<p><!--more--><\/p>\n<p class=\"texto\">O informativo \u2014 que, at\u00e9 agora, foi entregue a poucas pessoas \u2014 acabou sendo divulgado em grupos de WhatsApp de aposentados e funcion\u00e1rios ativos, e viralizou. O documento, ali\u00e1s, diz que o recadastramento tinha que ter sido feito at\u00e9 9 de julho, sob pena de n\u00e3o pagamento dos vencimentos. \u00c0 Coluna, a subsecretaria, por\u00e9m, negou a informa\u00e7\u00e3o.<\/p>\n<p class=\"texto\">O Executivo do Rio explicou que a exclus\u00e3o do funcion\u00e1rio da folha salarial s\u00f3 ocorrer\u00e1 em \u00faltimo caso, a partir do ano que vem. Antes disso, haver\u00e1 tempo para acertar e unificar as informa\u00e7\u00f5es pessoais com o sistema do munic\u00edpio e do governo federal.<\/p>\n<p class=\"texto\"><strong>Todos devem verificar<\/strong><\/p>\n<p class=\"texto\">A subsecretaria acrescentou ainda que, com a circula\u00e7\u00e3o do informativo, muitos servidores que n\u00e3o estavam na lista das poss\u00edveis pend\u00eancias come\u00e7aram a procurar o administrativo de suas secretarias. Diante disso, os RHs est\u00e3o aconselhando todos a acessarem o eSocial, verificando, assim, se h\u00e1 alguma pend\u00eancia. \u00c9 uma forma de antecipar qualquer necessidade de regulariza\u00e7\u00e3o dos dados.<\/p>\n<p class=\"texto\"><strong>Saiba como fazer a consulta<\/strong><\/p>\n<p class=\"texto\">Para fazer a consulta no eSocial, o servidor ter\u00e1 de entrar no site https:\/\/portal.esocial.gov.br\/ e clicar em &#8216;Consulta Qualifica\u00e7\u00e3o Cadastral&#8217; (na barra lateral \u00e0 esquerda). Em seguida, ser\u00e1 aberta uma nova p\u00e1gina e basta clicar em &#8216;Consulta qualifica\u00e7\u00e3o cadastral on-line&#8217;. Depois, deve-se preencher os campos com o nome, data de nascimento, CPF e NIS (NIT\/PIS\/Pasep).<\/p>\n<p class=\"texto\">Como exemplo, a Coluna usou dados de uma aposentada, e o eSocial informou que o CPF deveria ser informado no Pasep da servidora. Ela dever\u00e1 ligar para o 135 (central de atendimento da Previd\u00eancia Social).<\/p>\n<p class=\"texto\">A Subsecretaria de Assuntos Compartilhados destacou que o munic\u00edpio deve implantar o sistema (eSocial) at\u00e9 janeiro de 2019. Se a partir de janeiro de 2018, a Uni\u00e3o identificar incongru\u00eancias nas informa\u00e7\u00f5es transmitidas pelo Executivo carioca, o Munic\u00edpio do Rio come\u00e7ar\u00e1 a ser multado.<\/p>\n<p>Fonte: odia.ig.com.br<\/p>\n","protected":false},"excerpt":{"rendered":"<p>Para evitar dor de cabe\u00e7a, orienta\u00e7\u00e3o \u00e9 para que servidores confiram informa\u00e7\u00f5es no site do eSocial &#8211;\u00a0DIVULGA\u00c7\u00c3O Rio &#8211; Os servidores da ativa, aposentados e pensionistas da Prefeitura do Rio t\u00eam at\u00e9 o fim deste ano para atualizar informa\u00e7\u00f5es cadastrais \u2014 como CPF e n\u00famero do PIS \u2014 no eSocial, vinculado ao governo federal. Isso [&hellip;]<\/p>\n","protected":false},"author":3,"featured_media":671,"comment_status":"open","ping_status":"open","sticky":false,"template":"","format":"standard","meta":{"jetpack_post_was_ever_published":false,"_jetpack_newsletter_access":"","_jetpack_dont_email_post_to_subs":false,"_jetpack_newsletter_tier_id":0,"_jetpack_memberships_contains_paywalled_content":false,"_jetpack_memberships_contains_paid_content":false,"footnotes":"","jetpack_publicize_message":"","jetpack_publicize_feature_enabled":true,"jetpack_social_post_already_shared":true,"jetpack_social_options":{"image_generator_settings":{"template":"highway","default_image_id":0,"font":"","enabled":false},"version":2}},"categories":[29],"tags":[581,582,78,96,184,583,584],"class_list":["post-1341","post","type-post","status-publish","format-standard","has-post-thumbnail","hentry","category-dp","tag-cadastral","tag-consulta","tag-esocial","tag-pagamento","tag-pis","tag-qualificacao","tag-servidores"],"jetpack_publicize_connections":[],"jetpack_featured_media_url":"https:\/\/i0.wp.com\/cfcontabil.com\/cf\/wp-content\/uploads\/2016\/03\/E-social-1-1.jpg?fit=660%2C271","jetpack_sharing_enabled":true,"jetpack_shortlink":"https:\/\/wp.me\/p2wklX-lD","jetpack-related-posts":[{"id":1348,"url":"http:\/\/cfcontabil.com\/cf\/empresas-relatam-dificuldades-e-despreparo-na-implantacao-do-esocial\/","url_meta":{"origin":1341,"position":0},"title":"Empresas relatam dificuldades e despreparo na implanta\u00e7\u00e3o do eSocial","author":"Ab\u00edlio Gon\u00e7alves","date":"13 de agosto de 2018","format":false,"excerpt":"Para n\u00e3o deixar de cumprir prazos, escrit\u00f3rios e condom\u00ednios contrataram servi\u00e7os e funcion\u00e1rios nas \u00e1reas de TI e recursos humanos; governo diz que toma provid\u00eancias para facilitar o uso da ferramenta. Fonte: G1 Ang\u00e9lica Arbex, diretora de relacionamento da Lello Condom\u00ednios: empresa levou 4 meses para corrigir inconsist\u00eancias de dados\u2026","rel":"","context":"Em &quot;Departamento Pessoal&quot;","block_context":{"text":"Departamento Pessoal","link":"http:\/\/cfcontabil.com\/cf\/category\/dp\/"},"img":{"alt_text":"","src":"https:\/\/i0.wp.com\/cfcontabil.com\/cf\/wp-content\/uploads\/2017\/06\/esocial-462x234-1.png?fit=462%2C234&resize=350%2C200","width":350,"height":200},"classes":[]},{"id":1374,"url":"http:\/\/cfcontabil.com\/cf\/receita-federal-intensifica-esclarecimentos-sobre-esocial\/","url_meta":{"origin":1341,"position":1},"title":"Receita Federal intensifica esclarecimentos sobre eSocial","author":"Ab\u00edlio Gon\u00e7alves","date":"30 de agosto de 2018","format":false,"excerpt":"Servi\u00e7o gratuito funciona de segunda \u00e0 sexta-feira, das 7h \u00e0s 19h Com objetivo de intensificar informa\u00e7\u00f5es e esclarecer d\u00favidas sobre o funcionamento do Sistema de Escritura\u00e7\u00e3o Digital das Obriga\u00e7\u00f5es Fiscais, Previd\u00eanci\u00e1rias e Trabalhistas (eSocial), a Receita Federal disponibilizou mais uma ferramenta de comunica\u00e7\u00e3o, o servi\u00e7o de 0800. O canal aceitar\u00e1\u2026","rel":"","context":"Em &quot;Departamento Pessoal&quot;","block_context":{"text":"Departamento Pessoal","link":"http:\/\/cfcontabil.com\/cf\/category\/dp\/"},"img":{"alt_text":"","src":"https:\/\/i0.wp.com\/cfcontabil.com\/cf\/wp-content\/uploads\/2017\/02\/receita-federal-1-1.png?fit=702%2C325&resize=350%2C200","width":350,"height":200,"srcset":"https:\/\/i0.wp.com\/cfcontabil.com\/cf\/wp-content\/uploads\/2017\/02\/receita-federal-1-1.png?fit=702%2C325&resize=350%2C200 1x, https:\/\/i0.wp.com\/cfcontabil.com\/cf\/wp-content\/uploads\/2017\/02\/receita-federal-1-1.png?fit=702%2C325&resize=525%2C300 1.5x, https:\/\/i0.wp.com\/cfcontabil.com\/cf\/wp-content\/uploads\/2017\/02\/receita-federal-1-1.png?fit=702%2C325&resize=700%2C400 2x"},"classes":[]},{"id":2651,"url":"http:\/\/cfcontabil.com\/cf\/esocial-apresenta-novo-layout-mais-acessivel-e-simplificado\/","url_meta":{"origin":1341,"position":2},"title":"eSocial apresenta novo layout mais acess\u00edvel e simplificado","author":"Ab\u00edlio Gon\u00e7alves","date":"23 de agosto de 2021","format":false,"excerpt":"Atualiza\u00e7\u00e3o no sistema traz novidades que beneficiam e agilizam o envio de informa\u00e7\u00f5es pelos usu\u00e1rios. Anova vers\u00e3o do eSocial j\u00e1 foi implementada e traz novidades, dentre elas, atualiza\u00e7\u00f5es nas solu\u00e7\u00f5es web e no aplicativo mobile. Nesta nova vers\u00e3o, o sistema foi programado para simplificar o envio de informa\u00e7\u00f5es pelos empregadores,\u2026","rel":"","context":"Em &quot;Departamento Pessoal&quot;","block_context":{"text":"Departamento Pessoal","link":"http:\/\/cfcontabil.com\/cf\/category\/dp\/"},"img":{"alt_text":"","src":"https:\/\/i0.wp.com\/cfcontabil.com\/cf\/wp-content\/uploads\/2018\/10\/esocial-24-09-2-750x430-1.jpg?fit=750%2C430&resize=350%2C200","width":350,"height":200,"srcset":"https:\/\/i0.wp.com\/cfcontabil.com\/cf\/wp-content\/uploads\/2018\/10\/esocial-24-09-2-750x430-1.jpg?fit=750%2C430&resize=350%2C200 1x, https:\/\/i0.wp.com\/cfcontabil.com\/cf\/wp-content\/uploads\/2018\/10\/esocial-24-09-2-750x430-1.jpg?fit=750%2C430&resize=525%2C300 1.5x, https:\/\/i0.wp.com\/cfcontabil.com\/cf\/wp-content\/uploads\/2018\/10\/esocial-24-09-2-750x430-1.jpg?fit=750%2C430&resize=700%2C400 2x"},"classes":[]},{"id":1404,"url":"http:\/\/cfcontabil.com\/cf\/o-papel-do-profissional-da-contabilidade-na-2a-fase-do-esocial\/","url_meta":{"origin":1341,"position":3},"title":"O papel do profissional da contabilidade na 2\u00aa fase do eSocial","author":"Ab\u00edlio Gon\u00e7alves","date":"18 de outubro de 2018","format":false,"excerpt":"\u00c9 importante orientar o empres\u00e1rio para que os dados dos seus funcion\u00e1rios estejam organizados Fonte: CFC - Por Andr\u00e9a Rosa\u00a0Com informa\u00e7\u00f5es da Receita Federal do Brasil A segunda fase do eSocial teve in\u00edcio nesta quarta-feira (10), abrangendo entidades empresariais com faturamento de at\u00e9 R$ 78 milh\u00f5es no ano de 2016\u2026","rel":"","context":"Em &quot;Departamento Pessoal&quot;","block_context":{"text":"Departamento Pessoal","link":"http:\/\/cfcontabil.com\/cf\/category\/dp\/"},"img":{"alt_text":"","src":"https:\/\/i0.wp.com\/cfcontabil.com\/cf\/wp-content\/uploads\/2017\/06\/esocial-pasta-1.jpg?fit=1000%2C591&resize=350%2C200","width":350,"height":200,"srcset":"https:\/\/i0.wp.com\/cfcontabil.com\/cf\/wp-content\/uploads\/2017\/06\/esocial-pasta-1.jpg?fit=1000%2C591&resize=350%2C200 1x, https:\/\/i0.wp.com\/cfcontabil.com\/cf\/wp-content\/uploads\/2017\/06\/esocial-pasta-1.jpg?fit=1000%2C591&resize=525%2C300 1.5x, https:\/\/i0.wp.com\/cfcontabil.com\/cf\/wp-content\/uploads\/2017\/06\/esocial-pasta-1.jpg?fit=1000%2C591&resize=700%2C400 2x"},"classes":[]},{"id":1244,"url":"http:\/\/cfcontabil.com\/cf\/esocial-libera-ambiente-de-testes-para-empresas\/","url_meta":{"origin":1341,"position":4},"title":"eSocial libera ambiente de testes para empresas","author":"Ab\u00edlio Gon\u00e7alves","date":"30 de junho de 2017","format":false,"excerpt":"Processo ocorrer\u00e1 em duas etapas e contemplar\u00e1, neste primeiro momento, empresas de TI. A partir de segunda-feira (26), empresas de tecnologia de informa\u00e7\u00e3o podem testar o eSocial, um sistema para facilitar a administra\u00e7\u00e3o de informa\u00e7\u00f5es relativas aos trabalhadores. As empresas v\u00e3o ter um ganho de produtividade e redu\u00e7\u00e3o de processos.\u2026","rel":"","context":"Em &quot;Departamento Pessoal&quot;","block_context":{"text":"Departamento Pessoal","link":"http:\/\/cfcontabil.com\/cf\/category\/dp\/"},"img":{"alt_text":"","src":"https:\/\/i0.wp.com\/cfcontabil.com\/cf\/wp-content\/uploads\/2017\/06\/esocial-pasta-1.jpg?fit=1000%2C591&resize=350%2C200","width":350,"height":200,"srcset":"https:\/\/i0.wp.com\/cfcontabil.com\/cf\/wp-content\/uploads\/2017\/06\/esocial-pasta-1.jpg?fit=1000%2C591&resize=350%2C200 1x, https:\/\/i0.wp.com\/cfcontabil.com\/cf\/wp-content\/uploads\/2017\/06\/esocial-pasta-1.jpg?fit=1000%2C591&resize=525%2C300 1.5x, https:\/\/i0.wp.com\/cfcontabil.com\/cf\/wp-content\/uploads\/2017\/06\/esocial-pasta-1.jpg?fit=1000%2C591&resize=700%2C400 2x"},"classes":[]},{"id":1343,"url":"http:\/\/cfcontabil.com\/cf\/esocial-passa-a-valer-para-todas-as-empresas-do-pais-a-partir-de-16-de-julho\/","url_meta":{"origin":1341,"position":5},"title":"ESocial Passa a Valer Para Todas as Empresas do Pa\u00eds a Partir de 16 de Julho","author":"Ab\u00edlio Gon\u00e7alves","date":"14 de julho de 2018","format":false,"excerpt":"A partir do dia 16 de julho, todas as empresas privadas do pa\u00eds, incluindo micro e pequenas empresas e microempreendedores individuais\u00a0(MEIs)\u00a0que possuam empregados, dever\u00e3o utilizar o Sistema de Escritura\u00e7\u00e3o Digital das Obriga\u00e7\u00f5es Fiscais, Previdenci\u00e1rias e Trabalhistas\u00a0(eSocial)\u00a0. Esse grupo representa 4 milh\u00f5es de empregadores e cerca de 30 milh\u00f5es de trabalhadores.\u2026","rel":"","context":"Em &quot;Departamento Pessoal&quot;","block_context":{"text":"Departamento Pessoal","link":"http:\/\/cfcontabil.com\/cf\/category\/dp\/"},"img":{"alt_text":"","src":"https:\/\/i0.wp.com\/cfcontabil.com\/cf\/wp-content\/uploads\/2018\/07\/Cronograma_de_implanta%C3%A7%C3%A3o_do_eSocial-1.png?fit=1024%2C768&resize=350%2C200","width":350,"height":200,"srcset":"https:\/\/i0.wp.com\/cfcontabil.com\/cf\/wp-content\/uploads\/2018\/07\/Cronograma_de_implanta%C3%A7%C3%A3o_do_eSocial-1.png?fit=1024%2C768&resize=350%2C200 1x, https:\/\/i0.wp.com\/cfcontabil.com\/cf\/wp-content\/uploads\/2018\/07\/Cronograma_de_implanta%C3%A7%C3%A3o_do_eSocial-1.png?fit=1024%2C768&resize=525%2C300 1.5x, https:\/\/i0.wp.com\/cfcontabil.com\/cf\/wp-content\/uploads\/2018\/07\/Cronograma_de_implanta%C3%A7%C3%A3o_do_eSocial-1.png?fit=1024%2C768&resize=700%2C400 2x"},"classes":[]}],"jetpack_likes_enabled":true,"_links":{"self":[{"href":"http:\/\/cfcontabil.com\/cf\/wp-json\/wp\/v2\/posts\/1341","targetHints":{"allow":["GET"]}}],"collection":[{"href":"http:\/\/cfcontabil.com\/cf\/wp-json\/wp\/v2\/posts"}],"about":[{"href":"http:\/\/cfcontabil.com\/cf\/wp-json\/wp\/v2\/types\/post"}],"author":[{"embeddable":true,"href":"http:\/\/cfcontabil.com\/cf\/wp-json\/wp\/v2\/users\/3"}],"replies":[{"embeddable":true,"href":"http:\/\/cfcontabil.com\/cf\/wp-json\/wp\/v2\/comments?post=1341"}],"version-history":[{"count":0,"href":"http:\/\/cfcontabil.com\/cf\/wp-json\/wp\/v2\/posts\/1341\/revisions"}],"wp:featuredmedia":[{"embeddable":true,"href":"http:\/\/cfcontabil.com\/cf\/wp-json\/wp\/v2\/media\/671"}],"wp:attachment":[{"href":"http:\/\/cfcontabil.com\/cf\/wp-json\/wp\/v2\/media?parent=1341"}],"wp:term":[{"taxonomy":"category","embeddable":true,"href":"http:\/\/cfcontabil.com\/cf\/wp-json\/wp\/v2\/categories?post=1341"},{"taxonomy":"post_tag","embeddable":true,"href":"http:\/\/cfcontabil.com\/cf\/wp-json\/wp\/v2\/tags?post=1341"}],"curies":[{"name":"wp","href":"https:\/\/api.w.org\/{rel}","templated":true}]}}