{"id":1348,"date":"2018-08-13T07:47:35","date_gmt":"2018-08-13T10:47:35","guid":{"rendered":"http:\/\/cfcontabil.com\/cf\/?p=1348"},"modified":"2018-08-13T07:47:35","modified_gmt":"2018-08-13T10:47:35","slug":"empresas-relatam-dificuldades-e-despreparo-na-implantacao-do-esocial","status":"publish","type":"post","link":"http:\/\/cfcontabil.com\/cf\/empresas-relatam-dificuldades-e-despreparo-na-implantacao-do-esocial\/","title":{"rendered":"Empresas relatam dificuldades e despreparo na implanta\u00e7\u00e3o do eSocial"},"content":{"rendered":"<blockquote>\n<h2 class=\"content-head__subtitle\">Para n\u00e3o deixar de cumprir prazos, escrit\u00f3rios e condom\u00ednios contrataram servi\u00e7os e funcion\u00e1rios nas \u00e1reas de TI e recursos humanos; governo diz que toma provid\u00eancias para facilitar o uso da ferramenta.<\/h2>\n<\/blockquote>\n<p style=\"text-align: right;\"><span style=\"font-size: 8pt;\">Fonte: G1<\/span><\/p>\n<div class=\"content-media__image-centered\">\n<div class=\"progressive-img can-open-lightbox\" data-min-size=\"1008x671\" data-min-size-url=\"https:\/\/s2.glbimg.com\/ydp2_8hCrYGK1x5_31Y03KHXYdw=\/0x0:5000x3333\/1008x0\/smart\/filters:strip_icc()\/i.s3.glbimg.com\/v1\/AUTH_59edd422c0c84a879bd37670ae4f538a\/internal_photos\/bs\/2018\/6\/J\/JKFDsvRuqImC4WIAvWSA\/foto-angelica-2017.jpg\" data-max-size=\"1600x1066\" data-max-size-url=\"https:\/\/s2.glbimg.com\/zBzxItH6RLDfJe0xPZMIGzCsBbY=\/0x0:5000x3333\/1600x0\/smart\/filters:strip_icc()\/i.s3.glbimg.com\/v1\/AUTH_59edd422c0c84a879bd37670ae4f538a\/internal_photos\/bs\/2018\/6\/J\/JKFDsvRuqImC4WIAvWSA\/foto-angelica-2017.jpg\" data-media-index=\"0\"><picture><img data-recalc-dims=\"1\" decoding=\"async\" class=\"image content-media__image progressive-loaded\" title=\"Ang\u00e9lica Arbex, diretora de relacionamento da Lello Condom\u00ednios: empresa levou 4 meses para corrigir inconsist\u00eancias de dados dos empregados. (Foto: Divulga\u00e7\u00e3o)\" src=\"https:\/\/i0.wp.com\/s2.glbimg.com\/6arzRyP6z-kNw8ZfEf-hwKjESdQ%3D\/0x0%3A5000x3333\/984x0\/smart\/filters%3Astrip_icc%28%29\/i.s3.glbimg.com\/v1\/AUTH_59edd422c0c84a879bd37670ae4f538a\/internal_photos\/bs\/2018\/6\/J\/JKFDsvRuqImC4WIAvWSA\/foto-angelica-2017.jpg?w=1170&#038;ssl=1\" alt=\"Ang\u00e9lica Arbex, diretora de relacionamento da Lello Condom\u00ednios: empresa levou 4 meses para corrigir inconsist\u00eancias de dados dos empregados. (Foto: Divulga\u00e7\u00e3o)\" data-src=\"https:\/\/s2.glbimg.com\/6arzRyP6z-kNw8ZfEf-hwKjESdQ=\/0x0:5000x3333\/984x0\/smart\/filters:strip_icc()\/i.s3.glbimg.com\/v1\/AUTH_59edd422c0c84a879bd37670ae4f538a\/internal_photos\/bs\/2018\/6\/J\/JKFDsvRuqImC4WIAvWSA\/foto-angelica-2017.jpg\" \/><\/picture><\/div>\n<\/div>\n<div class=\"content-media__description-centered \">\n<p class=\"content-media__description\"><i class=\"content-media__description__icon theme-color-primary\"><\/i><span class=\"content-media__description__caption\" style=\"font-size: 8pt;\">Ang\u00e9lica Arbex, diretora de relacionamento da Lello Condom\u00ednios: empresa levou 4 meses para corrigir inconsist\u00eancias de dados dos empregados. (Foto: Divulga\u00e7\u00e3o)<\/span><\/p>\n<p style=\"text-align: justify;\">mpresas que j\u00e1 come\u00e7aram a usar o eSocial,\u00a0<a href=\"https:\/\/g1.globo.com\/economia\/noticia\/uso-do-esocial-passa-a-ser-obrigatorio-para-todas-as-empresas.ghtml\">sistema que re\u00fane dados do setor privado enviados ao governo<\/a>, relatam dificuldades em atender as exig\u00eancias do programa. Para n\u00e3o deixar de cumprir prazos, alguns contadores e administradores de condom\u00ednio contrataram funcion\u00e1rios e refor\u00e7aram os investimentos em TI e recursos humanos. Procurada, a Receita Federal informou ao\u00a0<strong>G1<\/strong>\u00a0que est\u00e1 tomando provid\u00eancias e que, por enquanto, n\u00e3o est\u00e1 aplicando multas (<em>veja as respostas ao fim do texto<\/em>).<\/p>\n<\/div>\n<p><!--more--><\/p>\n<div class=\"mc-column content-text active-extra-styles \" data-block-type=\"unstyled\" data-block-weight=\"54\" data-block-id=\"4\">\n<p class=\"content-text__container \" data-track-category=\"Link no Texto\" data-track-links=\"\">O eSocial \u00e9 uma ferramenta que re\u00fane os dados trabalhistas, fiscais, previdenci\u00e1rios das empresas em uma s\u00f3 plataforma. Ainda em implanta\u00e7\u00e3o, o sistema est\u00e1 sendo adotado aos poucos, antes de passar a ser obrigat\u00f3rio para os 18 milh\u00f5es de empregadores do pa\u00eds. Antes, somente patr\u00f5es de empregados dom\u00e9sticos eram obrigados a usar o eSocial.<\/p>\n<\/div>\n<div class=\"mc-column content-text active-extra-styles \" data-block-type=\"unstyled\" data-block-weight=\"63\" data-block-id=\"5\">\n<p class=\"content-text__container \" data-track-category=\"Link no Texto\" data-track-links=\"\">Desde 16 de julho, empresas de m\u00e9dio porte (que faturam entre R$ 4,8 milh\u00f5es e R$ 78 milh\u00f5es) passaram a ter que enviar seus dados ao sistema, que j\u00e1 era obrigat\u00f3rio desde janeiro para as grandes. J\u00e1 as micro e pequenas e os MEI (microempreendedores individuais) podem fazer o uso facultativo do eSocial desde julho, mas s\u00f3 ser\u00e3o obrigadas a partir de novembro.<\/p>\n<\/div>\n<div class=\"mc-column content-text active-extra-styles\" data-block-type=\"raw\" data-block-weight=\"1\" data-block-id=\"6\">\n<div class=\"content-intertitle\">\n<h2>Reclama\u00e7\u00f5es<\/h2>\n<\/div>\n<\/div>\n<div class=\"mc-column content-text active-extra-styles \" data-block-type=\"unstyled\" data-block-weight=\"34\" data-block-id=\"7\">\n<p class=\"content-text__container \" data-track-category=\"Link no Texto\" data-track-links=\"\">A principal queixa dos empreendedores tem sido reunir todo o hist\u00f3rico trabalhista dos funcion\u00e1rios no cadastro do eSocial, da contrata\u00e7\u00e3o a licen\u00e7as e demiss\u00e3o. Qualquer inconsist\u00eancia nos dados impede que o sistema continue funcionando.<\/p>\n<\/div>\n<div class=\"mc-column content-text active-extra-styles\" data-block-type=\"raw\" data-block-weight=\"35\" data-block-id=\"8\">\n<blockquote class=\"content-blockquote theme-border-color-primary-before\"><p>\u201cA ferramenta checa todas as informa\u00e7\u00f5es e se tiver um probleminha, ele trava e manda corrigir. Isso est\u00e1 gerando muita dificuldade\u201d, diz o especialista em seguran\u00e7a do trabalho e diretor do Grupo Delphi, David Gurevitz.<\/p><\/blockquote>\n<\/div>\n<div class=\"mc-column content-text active-extra-styles \" data-block-type=\"unstyled\" data-block-weight=\"46\" data-block-id=\"9\">\n<p class=\"content-text__container \" data-track-category=\"Link no Texto\" data-track-links=\"\">Por exemplo, o eSocial n\u00e3o aceita dados de um funcion\u00e1rio que foi registrado com nome de solteiro e mudou o sobrenome ao casar-se posteriormente. Empregados que perderam a carteira de trabalho e fizeram uma segunda via com novo n\u00famero do PIS tamb\u00e9m podem n\u00e3o ser identificados.<\/p>\n<\/div>\n<div class=\"content-ads content-ads--reveal\" data-block-type=\"ads\" data-block-id=\"10\">\n<div id=\"banner_materia2\" class=\"tag-manager-publicidade-container has-reveal has-ad-lazyload tag-manager-publicidade-banner_materia2 tag-manager-publicidade-container--carregado tag-manager-publicidade-container--visivel\" data-id=\"banner_materia2\" data-google-query-id=\"CMSOlI7i6dwCFQXg4QodpYsHkQ\" data-cid=\"138240702543\" data-lid=\"4760531892\">\n<div id=\"google_ads_iframe_\/95377733\/tvg_G1\/Economia_2__container__\"><span style=\"font-size: 1rem;\">Problemas deste tipo t\u00eam obrigado patr\u00f5es e contadores a atualizar o cadastro completo de seus funcion\u00e1rios, exigindo deles uma for\u00e7a-tarefa. As principais dificuldades relatadas pelas empresas s\u00e3o as seguintes:<\/span><\/div>\n<div><\/div>\n<\/div>\n<\/div>\n<div class=\"mc-column content-text active-extra-styles\" data-block-type=\"raw\" data-block-weight=\"73\" data-block-id=\"12\">\n<ul class=\"content-unordered-list\">\n<li><strong><em>Inconsist\u00eancias e dados duplicados,<\/em><\/strong><em>\u00a0como PIS e nome de casado, travam o sistema e impedem o preenchimento do cadastro;<\/em><\/li>\n<li><strong><em>Quantidade de informa\u00e7\u00f5es exigidas<\/em><\/strong><em>\u00a0\u00e9 muito grande e eleva custos nas \u00e1reas de recursos humanos e contabilidade;<\/em><\/li>\n<li><strong><em>Empresas temem levar multas<\/em><\/strong><em>\u00a0por n\u00e3o conseguirem entregar os dados no prazo;<\/em><\/li>\n<li><strong><em>Governo faz mudan\u00e7as constantes<\/em><\/strong><em>\u00a0na fase de testes e exige que empresas tamb\u00e9m se adaptem;<\/em><\/li>\n<li><strong><em>Faltam informa\u00e7\u00f5es e campanhas\u00a0<\/em><\/strong><em>de conscientiza\u00e7\u00e3o para preparar as empresas.<\/em><\/li>\n<\/ul>\n<\/div>\n<div class=\"mc-column content-text active-extra-styles \" data-block-type=\"unstyled\" data-block-weight=\"35\" data-block-id=\"13\">\n<p class=\"content-text__container \" data-track-category=\"Link no Texto\" data-track-links=\"\">Empresas especializadas em operar dados cont\u00e1beis e trabalhistas passaram a investir mais nas \u00e1reas de recursos humanos, contabilidade e terceiriza\u00e7\u00e3o de servi\u00e7os de TI para rodar o software que &#8220;dialoga&#8221; com a base do governo.<\/p>\n<\/div>\n<div class=\"mc-column content-text active-extra-styles\" data-block-type=\"raw\" data-block-weight=\"32\" data-block-id=\"14\">\n<blockquote class=\"content-blockquote theme-border-color-primary-before\"><p>\u201cPara mobilizar essa quantidade de pessoas envolvidas para dar certo, os contadores e as administradoras ter\u00e3o que cobrar mais das empresas, porque v\u00e3o ter que contratar pessoas para fazer isso\u201d, diz Gurevitz.<\/p><\/blockquote>\n<\/div>\n<div class=\"mc-column content-text active-extra-styles \" data-block-type=\"unstyled\" data-block-weight=\"47\" data-block-id=\"15\">\n<p class=\"content-text__container \" data-track-category=\"Link no Texto\" data-track-links=\"\">Al\u00e9m dos dados cadastrais, o eSocial passar\u00e1 a exigir em suas fases seguintes que as empresas informem toda a movimenta\u00e7\u00e3o trabalhista, da folha de pagamentos \u00e0 demiss\u00e3o \u2013 dados que antes eram comunicados a \u00f3rg\u00e3os diferentes como a Previd\u00eancia, o Minist\u00e9rio do Trabalho e a Receita Federal.<\/p>\n<\/div>\n<div class=\"mc-column content-text active-extra-styles\" data-block-type=\"raw\" data-block-weight=\"5\" data-block-id=\"16\">\n<div class=\"content-intertitle\">\n<h2>Planejamento e meses de adapta\u00e7\u00e3o<\/h2>\n<\/div>\n<\/div>\n<div class=\"mc-column content-text active-extra-styles \" data-block-type=\"unstyled\" data-block-weight=\"33\" data-block-id=\"17\">\n<p class=\"content-text__container \" data-track-category=\"Link no Texto\" data-track-links=\"\">A Lello Condom\u00ednios, que administra pr\u00e9dios com cerca de 9 mil funcion\u00e1rios, separou um grupo de seis profissionais dedicados apenas ao eSocial e criou um calend\u00e1rio para implantar os dados de forma gradual.<\/p>\n<\/div>\n<div class=\"mc-column content-text active-extra-styles \" data-block-type=\"unstyled\" data-block-weight=\"37\" data-block-id=\"18\">\n<p class=\"content-text__container \" data-track-category=\"Link no Texto\" data-track-links=\"\">A empresa trabalhou quatro meses para tratar inconsist\u00eancias com informa\u00e7\u00f5es dos funcion\u00e1rios e planejou mais dois meses para a inclus\u00e3o de todas as informa\u00e7\u00f5es no sistema. S\u00f3 depois vai come\u00e7ar a rotina de envio regular dos dados.<\/p>\n<\/div>\n<div class=\"mc-column content-text active-extra-styles\" data-block-type=\"raw\" data-block-weight=\"27\" data-block-id=\"19\">\n<blockquote class=\"content-blockquote theme-border-color-primary-before\"><p>\u201cO planejamento foi a fase mais dif\u00edcil. Depois de entender a forma como lidar, a coisa flui melhor\u201d, conta a diretora de relacionamento da Lello, Ang\u00e9lica Arbex.<\/p><\/blockquote>\n<\/div>\n<blockquote>\n<div class=\"mc-column content-text active-extra-styles \" data-block-type=\"unstyled\" data-block-weight=\"44\" data-block-id=\"21\">\n<p class=\"content-text__container \" data-track-category=\"Link no Texto\" data-track-links=\"\">A ferramenta tamb\u00e9m vai exigir dos s\u00edndicos de pr\u00e9dios uma aten\u00e7\u00e3o especial e um contato mais pr\u00f3ximo com a administradora, para saber se os funcion\u00e1rios do condom\u00ednio j\u00e1 est\u00e3o cadastrados e entregar as informa\u00e7\u00f5es trabalhistas, como f\u00e9rias e horas extras, como parte da rotina.<\/p>\n<\/div>\n<div class=\"mc-column content-text active-extra-styles \" data-block-type=\"unstyled\" data-block-weight=\"35\" data-block-id=\"22\">\n<p class=\"content-text__container \" data-track-category=\"Link no Texto\" data-track-links=\"\">Para evitar problemas, o s\u00edndico profissional de seis condom\u00ednios Jos\u00e9 Roberto Arantes se antecipou desde o in\u00edcio da implanta\u00e7\u00e3o do eSocial e montou planilhas para controlar os dados dos 31 funcion\u00e1rios dos pr\u00e9dios onde atua.<\/p>\n<\/div>\n<div class=\"mc-column content-text active-extra-styles \" data-block-type=\"unstyled\" data-block-weight=\"30\" data-block-id=\"23\">\n<p class=\"content-text__container \" data-track-category=\"Link no Texto\" data-track-links=\"\">\u201cEssas tarefas subiram na minha lista de prioridades\u201d, diz. Ele acredita que houve pouca divulga\u00e7\u00e3o do eSocial. \u201cTive sorte de trabalhar com parceiros preocupados com isso que permitiram esse planejamento.<\/p>\n<\/div>\n<div class=\"mc-column content-text active-extra-styles \" data-block-type=\"unstyled\" data-block-weight=\"30\" data-block-id=\"24\">\n<p class=\"content-text__container \" data-track-category=\"Link no Texto\" data-track-links=\"\">O presidente da Fenacon, Sergio Approbato Machado Junior, diz que o projeto \u00e9 bom, mas que ser\u00e1 um grande desafio para todas as empresas se adaptarem dentro do prazo previsto.<\/p>\n<\/div>\n<div class=\"mc-column content-text active-extra-styles\" data-block-type=\"raw\" data-block-weight=\"35\" data-block-id=\"25\">\n<blockquote class=\"content-blockquote theme-border-color-primary-before\"><p>\u201cSe imaginar que boa parte das empresas \u00e9 de m\u00e9dio porte para baixo e poucas delas t\u00eam um departamento de recursos humanos para auxiliar o escrit\u00f3rio de contabilidade, estou descrente da efic\u00e1cia do eSocial\u201d, diz.<\/p><\/blockquote>\n<\/div>\n<div class=\"mc-column content-media content-media--normal  content-photo\" data-block-type=\"backstage-photo\" data-block-id=\"26\">\n<div class=\"content-media__container\">\n<div class=\"content-media__image-centered\">\n<div class=\"progressive-img can-open-lightbox\" data-min-size=\"1008x669\" data-min-size-url=\"https:\/\/s2.glbimg.com\/uhxCMYg_ugRckBJ0jDrILvanWpA=\/0x0:1291x858\/1008x0\/smart\/filters:strip_icc()\/i.s3.glbimg.com\/v1\/AUTH_59edd422c0c84a879bd37670ae4f538a\/internal_photos\/bs\/2018\/M\/a\/uGaZIkQKm3wdOe5f0R0Q\/esocial2.png\" data-max-size=\"1600x1063\" data-max-size-url=\"https:\/\/s2.glbimg.com\/_GGboyfTXm6phV9Gykg007swKUw=\/0x0:1291x858\/1600x0\/smart\/filters:strip_icc()\/i.s3.glbimg.com\/v1\/AUTH_59edd422c0c84a879bd37670ae4f538a\/internal_photos\/bs\/2018\/M\/a\/uGaZIkQKm3wdOe5f0R0Q\/esocial2.png\" data-media-index=\"1\">\n<div class=\"placeholder-container\"><\/div>\n<picture><source srcset=\"https:\/\/s2.glbimg.com\/9Qtdmg2ogGudmgmAmlU4Jzp5wag=\/0x0:1291x858\/600x0\/smart\/filters:strip_icc()\/i.s3.glbimg.com\/v1\/AUTH_59edd422c0c84a879bd37670ae4f538a\/internal_photos\/bs\/2018\/M\/a\/uGaZIkQKm3wdOe5f0R0Q\/esocial2.png 1x, https:\/\/s2.glbimg.com\/pljroATppQJDnTDI7Llfr0frBFg=\/0x0:1291x858\/1200x0\/smart\/filters:strip_icc()\/i.s3.glbimg.com\/v1\/AUTH_59edd422c0c84a879bd37670ae4f538a\/internal_photos\/bs\/2018\/M\/a\/uGaZIkQKm3wdOe5f0R0Q\/esocial2.png 2x\" media=\"(max-width: 1024px)\" data-src=\"https:\/\/s2.glbimg.com\/9Qtdmg2ogGudmgmAmlU4Jzp5wag=\/0x0:1291x858\/600x0\/smart\/filters:strip_icc()\/i.s3.glbimg.com\/v1\/AUTH_59edd422c0c84a879bd37670ae4f538a\/internal_photos\/bs\/2018\/M\/a\/uGaZIkQKm3wdOe5f0R0Q\/esocial2.png 1x, https:\/\/s2.glbimg.com\/pljroATppQJDnTDI7Llfr0frBFg=\/0x0:1291x858\/1200x0\/smart\/filters:strip_icc()\/i.s3.glbimg.com\/v1\/AUTH_59edd422c0c84a879bd37670ae4f538a\/internal_photos\/bs\/2018\/M\/a\/uGaZIkQKm3wdOe5f0R0Q\/esocial2.png 2x\" \/><source srcset=\"https:\/\/s2.glbimg.com\/PrwknzQIuHuuZ3VVzYZwn5E_Cl8=\/0x0:1291x858\/640x0\/smart\/filters:strip_icc()\/i.s3.glbimg.com\/v1\/AUTH_59edd422c0c84a879bd37670ae4f538a\/internal_photos\/bs\/2018\/M\/a\/uGaZIkQKm3wdOe5f0R0Q\/esocial2.png 1x, https:\/\/s2.glbimg.com\/FY8dBJKWwaaDr0vh1TjmHT3XgwU=\/0x0:1291x858\/1280x0\/smart\/filters:strip_icc()\/i.s3.glbimg.com\/v1\/AUTH_59edd422c0c84a879bd37670ae4f538a\/internal_photos\/bs\/2018\/M\/a\/uGaZIkQKm3wdOe5f0R0Q\/esocial2.png 2x\" media=\"(max-width: 1280px)\" data-src=\"https:\/\/s2.glbimg.com\/PrwknzQIuHuuZ3VVzYZwn5E_Cl8=\/0x0:1291x858\/640x0\/smart\/filters:strip_icc()\/i.s3.glbimg.com\/v1\/AUTH_59edd422c0c84a879bd37670ae4f538a\/internal_photos\/bs\/2018\/M\/a\/uGaZIkQKm3wdOe5f0R0Q\/esocial2.png 1x, https:\/\/s2.glbimg.com\/FY8dBJKWwaaDr0vh1TjmHT3XgwU=\/0x0:1291x858\/1280x0\/smart\/filters:strip_icc()\/i.s3.glbimg.com\/v1\/AUTH_59edd422c0c84a879bd37670ae4f538a\/internal_photos\/bs\/2018\/M\/a\/uGaZIkQKm3wdOe5f0R0Q\/esocial2.png 2x\" \/><source srcset=\"https:\/\/s2.glbimg.com\/OHaLyscUfX0DUSXgLnWXr6iEYF4=\/0x0:1291x858\/984x0\/smart\/filters:strip_icc()\/i.s3.glbimg.com\/v1\/AUTH_59edd422c0c84a879bd37670ae4f538a\/internal_photos\/bs\/2018\/M\/a\/uGaZIkQKm3wdOe5f0R0Q\/esocial2.png 1x, https:\/\/s2.glbimg.com\/jFWM67xQN2G2Ndgd2Odjqng0v6E=\/0x0:1291x858\/1968x0\/smart\/filters:strip_icc()\/i.s3.glbimg.com\/v1\/AUTH_59edd422c0c84a879bd37670ae4f538a\/internal_photos\/bs\/2018\/M\/a\/uGaZIkQKm3wdOe5f0R0Q\/esocial2.png 2x\" media=\"(max-width: 1360px)\" data-src=\"https:\/\/s2.glbimg.com\/OHaLyscUfX0DUSXgLnWXr6iEYF4=\/0x0:1291x858\/984x0\/smart\/filters:strip_icc()\/i.s3.glbimg.com\/v1\/AUTH_59edd422c0c84a879bd37670ae4f538a\/internal_photos\/bs\/2018\/M\/a\/uGaZIkQKm3wdOe5f0R0Q\/esocial2.png 1x, https:\/\/s2.glbimg.com\/jFWM67xQN2G2Ndgd2Odjqng0v6E=\/0x0:1291x858\/1968x0\/smart\/filters:strip_icc()\/i.s3.glbimg.com\/v1\/AUTH_59edd422c0c84a879bd37670ae4f538a\/internal_photos\/bs\/2018\/M\/a\/uGaZIkQKm3wdOe5f0R0Q\/esocial2.png 2x\" \/><source srcset=\"https:\/\/s2.glbimg.com\/QklhbiJgECviqYed0O8wfoiKUx0=\/0x0:1291x858\/1000x0\/smart\/filters:strip_icc()\/i.s3.glbimg.com\/v1\/AUTH_59edd422c0c84a879bd37670ae4f538a\/internal_photos\/bs\/2018\/M\/a\/uGaZIkQKm3wdOe5f0R0Q\/esocial2.png 1x, https:\/\/s2.glbimg.com\/7VqoseoYLm9b5Ayjh8_Litn5XGw=\/0x0:1291x858\/2000x0\/smart\/filters:strip_icc()\/i.s3.glbimg.com\/v1\/AUTH_59edd422c0c84a879bd37670ae4f538a\/internal_photos\/bs\/2018\/M\/a\/uGaZIkQKm3wdOe5f0R0Q\/esocial2.png 2x\" media=\"(min-width: 1361px)\" data-src=\"https:\/\/s2.glbimg.com\/QklhbiJgECviqYed0O8wfoiKUx0=\/0x0:1291x858\/1000x0\/smart\/filters:strip_icc()\/i.s3.glbimg.com\/v1\/AUTH_59edd422c0c84a879bd37670ae4f538a\/internal_photos\/bs\/2018\/M\/a\/uGaZIkQKm3wdOe5f0R0Q\/esocial2.png 1x, https:\/\/s2.glbimg.com\/7VqoseoYLm9b5Ayjh8_Litn5XGw=\/0x0:1291x858\/2000x0\/smart\/filters:strip_icc()\/i.s3.glbimg.com\/v1\/AUTH_59edd422c0c84a879bd37670ae4f538a\/internal_photos\/bs\/2018\/M\/a\/uGaZIkQKm3wdOe5f0R0Q\/esocial2.png 2x\" \/><source srcset=\"https:\/\/s2.glbimg.com\/OHaLyscUfX0DUSXgLnWXr6iEYF4=\/0x0:1291x858\/984x0\/smart\/filters:strip_icc()\/i.s3.glbimg.com\/v1\/AUTH_59edd422c0c84a879bd37670ae4f538a\/internal_photos\/bs\/2018\/M\/a\/uGaZIkQKm3wdOe5f0R0Q\/esocial2.png\" data-src=\"https:\/\/s2.glbimg.com\/OHaLyscUfX0DUSXgLnWXr6iEYF4=\/0x0:1291x858\/984x0\/smart\/filters:strip_icc()\/i.s3.glbimg.com\/v1\/AUTH_59edd422c0c84a879bd37670ae4f538a\/internal_photos\/bs\/2018\/M\/a\/uGaZIkQKm3wdOe5f0R0Q\/esocial2.png\" \/><img data-recalc-dims=\"1\" decoding=\"async\" class=\"image content-media__image progressive-loaded\" title=\"Plataforma do eSocial (Foto: G1\/Reprodu\u00e7\u00e3o)\" src=\"https:\/\/i0.wp.com\/s2.glbimg.com\/OHaLyscUfX0DUSXgLnWXr6iEYF4%3D\/0x0%3A1291x858\/984x0\/smart\/filters%3Astrip_icc%28%29\/i.s3.glbimg.com\/v1\/AUTH_59edd422c0c84a879bd37670ae4f538a\/internal_photos\/bs\/2018\/M\/a\/uGaZIkQKm3wdOe5f0R0Q\/esocial2.png?w=1170&#038;ssl=1\" alt=\"Plataforma do eSocial (Foto: G1\/Reprodu\u00e7\u00e3o)\" data-src=\"https:\/\/s2.glbimg.com\/OHaLyscUfX0DUSXgLnWXr6iEYF4=\/0x0:1291x858\/984x0\/smart\/filters:strip_icc()\/i.s3.glbimg.com\/v1\/AUTH_59edd422c0c84a879bd37670ae4f538a\/internal_photos\/bs\/2018\/M\/a\/uGaZIkQKm3wdOe5f0R0Q\/esocial2.png\" \/><\/picture><\/div>\n<\/div>\n<div class=\"content-media__description-centered \">\n<p class=\"content-media__description\"><i class=\"content-media__description__icon theme-color-primary\"><\/i><span class=\"content-media__description__caption\">Plataforma do eSocial (Foto: G1\/Reprodu\u00e7\u00e3o)<\/span><\/p>\n<\/div>\n<\/div>\n<\/div>\n<div class=\"mc-column content-text active-extra-styles\" data-block-type=\"raw\" data-block-weight=\"1\" data-block-id=\"27\">\n<div class=\"content-intertitle\">\n<h2>Desconhecimento<\/h2>\n<\/div>\n<\/div>\n<div class=\"mc-column content-text active-extra-styles \" data-block-type=\"unstyled\" data-block-weight=\"42\" data-block-id=\"28\">\n<p class=\"content-text__container \" data-track-category=\"Link no Texto\" data-track-links=\"\">Um estudo da Sage Brasil com pequenas empresas e escrit\u00f3rio de contabilidade mostrou que 66,3% desconhecem o eSocial e apenas 33% ouviram falar sobre a nova fase de presta\u00e7\u00e3o de informa\u00e7\u00f5es ao governo. Apenas 9% disseram estar preparados para usar a ferramenta.<\/p>\n<\/div>\n<div class=\"mc-column content-text active-extra-styles \" data-block-type=\"unstyled\" data-block-weight=\"46\" data-block-id=\"30\">\n<p class=\"content-text__container \" data-track-category=\"Link no Texto\" data-track-links=\"\">Segundo o governo informou ao\u00a0<strong>G1<\/strong>, v\u00e1rias a\u00e7\u00f5es est\u00e3o em curso para levar informa\u00e7\u00f5es aos empregadores da 2\u00aa etapa, como uma central de atendimento por telefone (0800-730888). O governo tamb\u00e9m informou que est\u00e1 reformulando sua\u00a0<a href=\"http:\/\/portal.esocial.gov.br\/institucional\/ambiente-de-producao-empresas\" target=\"_blank\" rel=\"noopener noreferrer\">p\u00e1gina na internet<\/a>, al\u00e9m de fazer eventos de orienta\u00e7\u00e3o pelo pa\u00eds.<\/p>\n<\/div>\n<div class=\"mc-column content-text active-extra-styles \" data-block-type=\"unstyled\" data-block-weight=\"49\" data-block-id=\"31\">\n<p class=\"content-text__container \" data-track-category=\"Link no Texto\" data-track-links=\"\">Embora o prazo para ingressar no eSocial para micro e pequenas e MEIs com um empregado tenha sido estendido para novembro, n\u00e3o \u00e9 vantajoso esperar at\u00e9 l\u00e1, j\u00e1 que a entrega est\u00e1 sendo feita de forma cumulativa, acredita a gerente de conte\u00fado regulat\u00f3rio jur\u00eddico da Sage Brasil, Milena Santos.<\/p>\n<\/div>\n<div class=\"mc-column content-media content-media--normal  content-photo\" data-block-type=\"backstage-photo\" data-block-id=\"32\">\n<div class=\"content-media__container\">\n<div class=\"content-media__image-centered\">\n<div class=\"progressive-img can-open-lightbox\" data-min-size=\"1008x2439\" data-min-size-url=\"https:\/\/s2.glbimg.com\/YtifesIwQtmbLd94j5Zg-ACVtbU=\/0x0:1600x3872\/1008x0\/smart\/filters:strip_icc()\/i.s3.glbimg.com\/v1\/AUTH_59edd422c0c84a879bd37670ae4f538a\/internal_photos\/bs\/2018\/5\/c\/TnM0BqQBqqgQl4WA7YCg\/empresas-no-esocial.png\" data-max-size=\"1600x3872\" data-max-size-url=\"https:\/\/s2.glbimg.com\/GoMUPr0TIcQxoWa28P3rFkEzXMc=\/0x0:1600x3872\/1600x0\/smart\/filters:strip_icc()\/i.s3.glbimg.com\/v1\/AUTH_59edd422c0c84a879bd37670ae4f538a\/internal_photos\/bs\/2018\/5\/c\/TnM0BqQBqqgQl4WA7YCg\/empresas-no-esocial.png\" data-media-index=\"2\">\n<div class=\"placeholder-container\"><\/div>\n<p><img decoding=\"async\" class=\"progressive-draft\" title=\"Calend\u00e1rio de implanta\u00e7\u00e3o do eSocial para as empresas. (Foto: Alexandre Mauro\/G1)\" src=\"data:image\/jpeg;base64,\/9j\/4AAQSkZJRgABAQAAAQABAAD\/2wBDAAMCAgMCAgMDAwMEAwMEBQgFBQQEBQoHBwYIDAoMDAsKCwsNDhIQDQ4RDgsLEBYQERMUFRUVDA8XGBYUGBIUFRT\/2wBDAQMEBAUEBQkFBQkUDQsNFBQUFBQUFBQUFBQUFBQUFBQUFBQUFBQUFBQUFBQUFBQUFBQUFBQUFBQUFBQUFBQUFBT\/wgARCAA9ABkDASIAAhEBAxEB\/8QAGgABAAMAAwAAAAAAAAAAAAAABAIDBQABCP\/EABYBAQEBAAAAAAAAAAAAAAAAAAEAAv\/aAAwDAQACEAMQAAAB9DOioe0EXWcga0o0DKo0sNpbHK7mxJrUazUTm5\/\/xAAfEAABBAICAwAAAAAAAAAAAAABAAIDEgQTISIQESP\/2gAIAQEAAQUCZiwCRmNFBJsqboD7kOu6+zqhXcQ677beFcNldba69+EIqSOa\/bUKoQxIwcdsWO5kgk8cgh7wt0iu5YcxyMd3sDsuy\/\/EABgRAAIDAAAAAAAAAAAAAAAAAAERAhAg\/9oACAEDAQE\/AdSYKNf\/xAAWEQADAAAAAAAAAAAAAAAAAAABECD\/2gAIAQIBAT8BoL\/\/xAArEAABAgQCCgIDAAAAAAAAAAABABECEiFBEzEDECIjMmFxgZKhQlGRseL\/2gAIAQEABj8ClAji5wmn7WxOIjd3XzPbUMMDDvKzFUllVBBKrIYUIw7ysyoYZVR26BWW70ezeRmKDNIqCCVWWxAIYbsgzSLJZI7stydEjRkH7qqA9xqzi\/BWZ8Ssz4L+VDGaEvl1VFxelxel\/8QAJRAAAgEDAwQCAwAAAAAAAAAAAREAITFhQVFxEIGRwaHwsdHx\/9oACAEBAAE\/IU0J1K94fQYMSCvNIhdOmsRM+IALg2i4dTFT84qJQOZmLZIgsg9eJ1PE+eoVEMUuKJFvt4vsJtxJAAxvBrdp2hXruJ\/PTCJt0QHmYTWEJgeJgeI7hVXfpDh42hE1ceILB0ryG8vuW3um9z+hmcwGMEUWUIQ2SDyISboHQP\/aAAwDAQACAAMAAAAQvuA4Lc4w\/8QAGxEBAAICAwAAAAAAAAAAAAAAARARACExQVH\/2gAIAQMBAT8Qs8xTolKgJ5TUf\/\/EABkRAAIDAQAAAAAAAAAAAAAAAAEQABEhMf\/aAAgBAgEBPxDZr6qEWF\/\/xAAmEAEBAAEDAgUFAQAAAAAAAAABEQAhMVFBcWGBofDxEJGxwdHh\/9oACAEBAAE\/ENZ6gaqRogm0S8GETLuaq1oVB245wLPng8RDX6Yns6dcVBtP085vpoqHYOf9wniBApOulG8XTPYGMyENNG2G3VjAV0VCHUDr0zUJtrkI8S6jy8s8X7cJdbwSpGnU19crjzFL318fnBEqWQMmmze8c52+nFBipDT1AavfEoACqi1vS7TCB+FnwrAJK+Z3bTPPBRKBpKUQN+MUOh7arxfoBeajUkvDOJrak\/oLGPuPvnzf+4D+xBiBuvQxQBR1D8mJo4gaD1zte3fP\/9k=\" alt=\"Calend\u00e1rio de implanta\u00e7\u00e3o do eSocial para as empresas. (Foto: Alexandre Mauro\/G1)\" \/><picture><source srcset=\"https:\/\/s2.glbimg.com\/J8c352EOZ5y16AHd7heHEH_XvoU=\/0x0:1600x3872\/600x0\/smart\/filters:strip_icc()\/i.s3.glbimg.com\/v1\/AUTH_59edd422c0c84a879bd37670ae4f538a\/internal_photos\/bs\/2018\/5\/c\/TnM0BqQBqqgQl4WA7YCg\/empresas-no-esocial.png 1x, https:\/\/s2.glbimg.com\/2ebxXdfBskK_i2t5pLfk5U8zLlo=\/0x0:1600x3872\/1200x0\/smart\/filters:strip_icc()\/i.s3.glbimg.com\/v1\/AUTH_59edd422c0c84a879bd37670ae4f538a\/internal_photos\/bs\/2018\/5\/c\/TnM0BqQBqqgQl4WA7YCg\/empresas-no-esocial.png 2x\" media=\"(max-width: 1024px)\" data-src=\"https:\/\/s2.glbimg.com\/J8c352EOZ5y16AHd7heHEH_XvoU=\/0x0:1600x3872\/600x0\/smart\/filters:strip_icc()\/i.s3.glbimg.com\/v1\/AUTH_59edd422c0c84a879bd37670ae4f538a\/internal_photos\/bs\/2018\/5\/c\/TnM0BqQBqqgQl4WA7YCg\/empresas-no-esocial.png 1x, https:\/\/s2.glbimg.com\/2ebxXdfBskK_i2t5pLfk5U8zLlo=\/0x0:1600x3872\/1200x0\/smart\/filters:strip_icc()\/i.s3.glbimg.com\/v1\/AUTH_59edd422c0c84a879bd37670ae4f538a\/internal_photos\/bs\/2018\/5\/c\/TnM0BqQBqqgQl4WA7YCg\/empresas-no-esocial.png 2x\" \/><source srcset=\"https:\/\/s2.glbimg.com\/vqsjfdFUnKYM5L0avzPo8VRXsRs=\/0x0:1600x3872\/640x0\/smart\/filters:strip_icc()\/i.s3.glbimg.com\/v1\/AUTH_59edd422c0c84a879bd37670ae4f538a\/internal_photos\/bs\/2018\/5\/c\/TnM0BqQBqqgQl4WA7YCg\/empresas-no-esocial.png 1x, https:\/\/s2.glbimg.com\/P8aeQpAsbReDFdNI0XnluKU91pE=\/0x0:1600x3872\/1280x0\/smart\/filters:strip_icc()\/i.s3.glbimg.com\/v1\/AUTH_59edd422c0c84a879bd37670ae4f538a\/internal_photos\/bs\/2018\/5\/c\/TnM0BqQBqqgQl4WA7YCg\/empresas-no-esocial.png 2x\" media=\"(max-width: 1280px)\" data-src=\"https:\/\/s2.glbimg.com\/vqsjfdFUnKYM5L0avzPo8VRXsRs=\/0x0:1600x3872\/640x0\/smart\/filters:strip_icc()\/i.s3.glbimg.com\/v1\/AUTH_59edd422c0c84a879bd37670ae4f538a\/internal_photos\/bs\/2018\/5\/c\/TnM0BqQBqqgQl4WA7YCg\/empresas-no-esocial.png 1x, https:\/\/s2.glbimg.com\/P8aeQpAsbReDFdNI0XnluKU91pE=\/0x0:1600x3872\/1280x0\/smart\/filters:strip_icc()\/i.s3.glbimg.com\/v1\/AUTH_59edd422c0c84a879bd37670ae4f538a\/internal_photos\/bs\/2018\/5\/c\/TnM0BqQBqqgQl4WA7YCg\/empresas-no-esocial.png 2x\" \/><source srcset=\"https:\/\/s2.glbimg.com\/EcGDWpYpxqu7LUxDFhePnTLTdMk=\/0x0:1600x3872\/984x0\/smart\/filters:strip_icc()\/i.s3.glbimg.com\/v1\/AUTH_59edd422c0c84a879bd37670ae4f538a\/internal_photos\/bs\/2018\/5\/c\/TnM0BqQBqqgQl4WA7YCg\/empresas-no-esocial.png 1x, https:\/\/s2.glbimg.com\/1NUGj_tuuxnOUICmWZpewk6H71Q=\/0x0:1600x3872\/1968x0\/smart\/filters:strip_icc()\/i.s3.glbimg.com\/v1\/AUTH_59edd422c0c84a879bd37670ae4f538a\/internal_photos\/bs\/2018\/5\/c\/TnM0BqQBqqgQl4WA7YCg\/empresas-no-esocial.png 2x\" media=\"(max-width: 1360px)\" data-src=\"https:\/\/s2.glbimg.com\/EcGDWpYpxqu7LUxDFhePnTLTdMk=\/0x0:1600x3872\/984x0\/smart\/filters:strip_icc()\/i.s3.glbimg.com\/v1\/AUTH_59edd422c0c84a879bd37670ae4f538a\/internal_photos\/bs\/2018\/5\/c\/TnM0BqQBqqgQl4WA7YCg\/empresas-no-esocial.png 1x, https:\/\/s2.glbimg.com\/1NUGj_tuuxnOUICmWZpewk6H71Q=\/0x0:1600x3872\/1968x0\/smart\/filters:strip_icc()\/i.s3.glbimg.com\/v1\/AUTH_59edd422c0c84a879bd37670ae4f538a\/internal_photos\/bs\/2018\/5\/c\/TnM0BqQBqqgQl4WA7YCg\/empresas-no-esocial.png 2x\" \/><source srcset=\"https:\/\/s2.glbimg.com\/QwRC0DVfV-dyGQ69P3XEVhyUMT8=\/0x0:1600x3872\/1000x0\/smart\/filters:strip_icc()\/i.s3.glbimg.com\/v1\/AUTH_59edd422c0c84a879bd37670ae4f538a\/internal_photos\/bs\/2018\/5\/c\/TnM0BqQBqqgQl4WA7YCg\/empresas-no-esocial.png 1x, https:\/\/s2.glbimg.com\/JeUB_O9SkBKazY1oWmz8nr5DDmk=\/0x0:1600x3872\/2000x0\/smart\/filters:strip_icc()\/i.s3.glbimg.com\/v1\/AUTH_59edd422c0c84a879bd37670ae4f538a\/internal_photos\/bs\/2018\/5\/c\/TnM0BqQBqqgQl4WA7YCg\/empresas-no-esocial.png 2x\" media=\"(min-width: 1361px)\" data-src=\"https:\/\/s2.glbimg.com\/QwRC0DVfV-dyGQ69P3XEVhyUMT8=\/0x0:1600x3872\/1000x0\/smart\/filters:strip_icc()\/i.s3.glbimg.com\/v1\/AUTH_59edd422c0c84a879bd37670ae4f538a\/internal_photos\/bs\/2018\/5\/c\/TnM0BqQBqqgQl4WA7YCg\/empresas-no-esocial.png 1x, https:\/\/s2.glbimg.com\/JeUB_O9SkBKazY1oWmz8nr5DDmk=\/0x0:1600x3872\/2000x0\/smart\/filters:strip_icc()\/i.s3.glbimg.com\/v1\/AUTH_59edd422c0c84a879bd37670ae4f538a\/internal_photos\/bs\/2018\/5\/c\/TnM0BqQBqqgQl4WA7YCg\/empresas-no-esocial.png 2x\" \/><source srcset=\"https:\/\/s2.glbimg.com\/EcGDWpYpxqu7LUxDFhePnTLTdMk=\/0x0:1600x3872\/984x0\/smart\/filters:strip_icc()\/i.s3.glbimg.com\/v1\/AUTH_59edd422c0c84a879bd37670ae4f538a\/internal_photos\/bs\/2018\/5\/c\/TnM0BqQBqqgQl4WA7YCg\/empresas-no-esocial.png\" data-src=\"https:\/\/s2.glbimg.com\/EcGDWpYpxqu7LUxDFhePnTLTdMk=\/0x0:1600x3872\/984x0\/smart\/filters:strip_icc()\/i.s3.glbimg.com\/v1\/AUTH_59edd422c0c84a879bd37670ae4f538a\/internal_photos\/bs\/2018\/5\/c\/TnM0BqQBqqgQl4WA7YCg\/empresas-no-esocial.png\" \/><img data-recalc-dims=\"1\" decoding=\"async\" class=\"image content-media__image progressive-loaded\" title=\"Calend\u00e1rio de implanta\u00e7\u00e3o do eSocial para as empresas. (Foto: Alexandre Mauro\/G1)\" src=\"https:\/\/i0.wp.com\/s2.glbimg.com\/EcGDWpYpxqu7LUxDFhePnTLTdMk%3D\/0x0%3A1600x3872\/984x0\/smart\/filters%3Astrip_icc%28%29\/i.s3.glbimg.com\/v1\/AUTH_59edd422c0c84a879bd37670ae4f538a\/internal_photos\/bs\/2018\/5\/c\/TnM0BqQBqqgQl4WA7YCg\/empresas-no-esocial.png?w=1170&#038;ssl=1\" alt=\"Calend\u00e1rio de implanta\u00e7\u00e3o do eSocial para as empresas. (Foto: Alexandre Mauro\/G1)\" data-src=\"https:\/\/s2.glbimg.com\/EcGDWpYpxqu7LUxDFhePnTLTdMk=\/0x0:1600x3872\/984x0\/smart\/filters:strip_icc()\/i.s3.glbimg.com\/v1\/AUTH_59edd422c0c84a879bd37670ae4f538a\/internal_photos\/bs\/2018\/5\/c\/TnM0BqQBqqgQl4WA7YCg\/empresas-no-esocial.png\" \/><\/picture><\/div>\n<\/div>\n<div class=\"content-media__description-centered \">\n<p class=\"content-media__description\"><i class=\"content-media__description__icon theme-color-primary\"><\/i><span class=\"content-media__description__caption\">Calend\u00e1rio de implanta\u00e7\u00e3o do eSocial para as empresas. (Foto: Alexandre Mauro\/G1)<\/span><\/p>\n<\/div>\n<\/div>\n<\/div>\n<div class=\"mc-column content-text active-extra-styles \" data-block-type=\"unstyled\" data-block-weight=\"40\" data-block-id=\"33\">\n<p class=\"content-text__container \" data-track-category=\"Link no Texto\" data-track-links=\"\">\u201cAs pequenas empresas que n\u00e3o t\u00eam contador ter\u00e3o que se conscientizar de que v\u00e3o precisar de estrutura para suprir essa necessidade. \u201cTer\u00e3o que ter algu\u00e9m que entenda a lei trabalhista ou que saiba encaminhar as informa\u00e7\u00f5es corretas ao contador\u201d, explica.<\/p>\n<\/div>\n<div class=\"mc-column content-text active-extra-styles \" data-block-type=\"unstyled\" data-block-weight=\"32\" data-block-id=\"34\">\n<p class=\"content-text__container \" data-track-category=\"Link no Texto\" data-track-links=\"\">As empresas que t\u00eam at\u00e9 1 empregado e MEIs com at\u00e9 7 empregados v\u00e3o ter acesso \u00e0 plataforma digital igual \u00e0 do dom\u00e9stico. \u201cPara eles o problema vai ser menor\u201d, diz Milena.<\/p>\n<\/div>\n<div class=\"mc-column content-text active-extra-styles \" data-block-type=\"unstyled\" data-block-weight=\"33\" data-block-id=\"35\">\n<p class=\"content-text__container \" data-track-category=\"Link no Texto\" data-track-links=\"\">O governo estima que a implanta\u00e7\u00e3o do eSocial pode aumentar a arrecada\u00e7\u00e3o em R$ 20 bilh\u00f5es por ano s\u00f3 por elimina\u00e7\u00e3o de erros, que levam as empresas a pagarem menos que o devido.<\/p>\n<div class=\"wall\">\n<div class=\"mc-column content-text active-extra-styles \" data-block-type=\"unstyled\" data-block-weight=\"14\" data-block-id=\"37\">\n<p class=\"content-text__container \" data-track-category=\"Link no Texto\" data-track-links=\"\"><em>Veja abaixo as respotas da Receita Federal aos questionamentos do\u00a0<\/em><strong><em>G1<\/em><\/strong><em>\u00a0sobre o eSocial:<\/em><\/p>\n<\/div>\n<div class=\"mc-column content-text active-extra-styles\" data-block-type=\"raw\" data-block-weight=\"25\" data-block-id=\"38\">\n<div class=\"content-intertitle\">\n<h2>O que pode acontecer com as empresas que n\u00e3o conseguirem processar todas as informa\u00e7\u00f5es da folha de pagamento no prazo? Elas j\u00e1 est\u00e3o sendo multadas?<\/h2>\n<\/div>\n<\/div>\n<div class=\"mc-column content-text active-extra-styles \" data-block-type=\"unstyled\" data-block-weight=\"103\" data-block-id=\"39\">\n<p class=\"content-text__container \" data-track-category=\"Link no Texto\" data-track-links=\"\"><strong>Resposta:<\/strong>\u00a0N\u00e3o est\u00e3o sendo aplicadas penalidades por descumprimento dos prazos intermedi\u00e1rios durante o processo de implanta\u00e7\u00e3o. Como se trata de uma etapa de ajustes e acertos entre os sistemas das empresas e o ambiente nacional do eSocial, o Comit\u00ea Gestor publicou recentemente uma nota explicando que est\u00e1 orientando os \u00f3rg\u00e3os que integram o eSocial a somente considerarem como omissos aqueles empregadores que n\u00e3o conclu\u00edrem o processo de implanta\u00e7\u00e3o no final do prazo. No caso do 1\u00ba grupo de empresas, elas ter\u00e3o at\u00e9 o final do m\u00eas de agosto para fazerem os acertos necess\u00e1rios e fecharem a folha de pagamentos at\u00e9 o dia 07\/09.<\/p>\n<\/div>\n<div class=\"mc-column content-text active-extra-styles\" data-block-type=\"raw\" data-block-weight=\"32\" data-block-id=\"40\">\n<div class=\"content-intertitle\">\n<h2><strong>As empresas t\u00eam reclamado que o sistema trava quando h\u00e1 qualquer inconsist\u00eancia de informa\u00e7\u00f5es, como n\u00famero duplicado de PIS e mudan\u00e7a de nome no cadastro. H\u00e1 alguma medida para resolver essa dificuldade?<\/strong><\/h2>\n<\/div>\n<\/div>\n<div class=\"mc-column content-text active-extra-styles \" data-block-type=\"unstyled\" data-block-weight=\"108\" data-block-id=\"41\">\n<p class=\"content-text__container \" data-track-category=\"Link no Texto\" data-track-links=\"\"><strong>Resposta:\u00a0<\/strong>O Comit\u00ea Gestor do eSocial possui uma equipe t\u00e9cnica dedicada a realizar todos os ajustes que se mostrarem necess\u00e1rios para que todos os empregadores consigam concluir o processo. Muitas flexibiliza\u00e7\u00f5es nas valida\u00e7\u00f5es est\u00e3o sendo implementadas. A Nota T\u00e9cnica n\u00ba 08, publicada recentemente na p\u00e1gina do eSocial e apresenta uma s\u00e9rie de altera\u00e7\u00f5es nas regras de valida\u00e7\u00e3o. Estas altera\u00e7\u00f5es est\u00e3o sendo implantadas hoje, dia 01\/08. Cabe apenas lembrar que as altera\u00e7\u00f5es que est\u00e3o sendo implantadas hoje n\u00e3o s\u00e3o problemas ou erros no sistema, s\u00e3o exigencias legais que est\u00e3o em vigor, mas que, no intuito de facilitar o ingresso das empresas no eSocial, est\u00e3o sendo flexibilizadas num primeiro momento.<\/p>\n<\/div>\n<div class=\"mc-column content-text active-extra-styles\" data-block-type=\"raw\" data-block-weight=\"14\" data-block-id=\"42\">\n<div class=\"content-intertitle\">\n<h2>Haver\u00e1 diferen\u00e7as na exig\u00eancia de informa\u00e7\u00f5es para microempresas e MEIs em rela\u00e7\u00e3o \u00e0s maiores?<\/h2>\n<\/div>\n<\/div>\n<div class=\"mc-column content-text active-extra-styles \" data-block-type=\"unstyled\" data-block-weight=\"98\" data-block-id=\"43\">\n<p class=\"content-text__container \" data-track-category=\"Link no Texto\" data-track-links=\"\"><strong>Resposta:\u00a0<\/strong>Sim, os MEIs utilizar\u00e3o um ambiente muito mais simplificado, semelhante ao do empregador dom\u00e9stico. O sistema j\u00e1 est\u00e1 pronto, mas a exig\u00eancia para esses contribuintes somente se torna obrigat\u00f3ria a partir de novembro\/2018. As micro e pequenas empresas podem se utilizar do Portal do eSocial, caso n\u00e3o disponham de um sistema de controle de folha de pagamento. No portal, as informa\u00e7\u00f5es s\u00e3o inseridas diretamente na internet. Por\u00e9m, como as regras trabalhistas s\u00e3o as mesmas para os pequenos e os grande empregadores, ainda n\u00e3o foi poss\u00edvel disponibilizar uma forma mais simplificada para as empresas menores ingressarem no eSocial.<\/p>\n<\/div>\n<div class=\"content-ads content-ads--reveal\" data-block-type=\"ads\" data-block-id=\"44\">\n<div id=\"banner_materia__4be340618b60436b92581e14e8570cbb\" class=\"tag-manager-publicidade-container has-reveal has-ad-lazyload tag-manager-publicidade-banner_materia__4be340618b60436b92581e14e8570cbb tag-manager-publicidade-container--carregado tag-manager-publicidade-container--visivel\" data-id=\"banner_materia__4be340618b60436b92581e14e8570cbb\" data-google-query-id=\"CLGxg73s6dwCFYIXhgodJAMFHw\" data-cid=\"138240322537\" data-lid=\"4754530465\">\n<div id=\"google_ads_iframe_\/95377733\/tvg_G1\/Economia_6__container__\"><iframe id=\"google_ads_iframe_\/95377733\/tvg_G1\/Economia_6\" title=\"3rd party ad content\" name=\"google_ads_iframe_\/95377733\/tvg_G1\/Economia_6\" width=\"970\" height=\"250\" frameborder=\"0\" marginwidth=\"0\" marginheight=\"0\" scrolling=\"no\" data-mce-fragment=\"1\"><\/iframe><\/div>\n<\/div>\n<\/div>\n<div class=\"mc-column content-text active-extra-styles\" data-block-type=\"raw\" data-block-weight=\"14\" data-block-id=\"45\">\n<div class=\"content-intertitle\">\n<h2>O governo j\u00e1 est\u00e1 conseguindo processar todo o volume de informa\u00e7\u00f5es enviadas pelas empresas?<\/h2>\n<\/div>\n<\/div>\n<\/div>\n<div data-track-category=\"fim do conteudo\" data-track-action=\"ultimo chunk conteudo\" data-track-noninteraction=\"false\" data-track-scroll=\"entrada completa viewport\">\n<div class=\"mc-column content-text active-extra-styles \" data-block-type=\"unstyled\" data-block-weight=\"38\" data-block-id=\"46\">\n<p class=\"content-text__container \" data-track-category=\"Link no Texto\" data-track-links=\"\"><strong>Resposta:<\/strong>\u00a0Sim, o ambiente do eSocial est\u00e1 respondendo muito bem a demanda. N\u00e3o existem riscos neste processo, at\u00e9 porque o eSocial integra o SPED &#8211; Sistema P\u00fablico de Escritura\u00e7\u00e3o Digital, onde j\u00e1 est\u00e3o hospedadas outras 5 escritura\u00e7\u00f5es semelhantes.<\/p>\n<p data-track-category=\"Link no Texto\" data-track-links=\"\">Link (13.08.2018):\u00a0https:\/\/g1.globo.com\/economia\/noticia\/2018\/08\/12\/empresas-relatam-dificuldades-e-despreparo-na-implantacao-do-esocial.ghtml<\/p>\n<\/div>\n<\/div>\n<\/div>\n<\/blockquote>\n","protected":false},"excerpt":{"rendered":"<p>Para n\u00e3o deixar de cumprir prazos, escrit\u00f3rios e condom\u00ednios contrataram servi\u00e7os e funcion\u00e1rios nas \u00e1reas de TI e recursos humanos; governo diz que toma provid\u00eancias para facilitar o uso da ferramenta. Fonte: G1 Ang\u00e9lica Arbex, diretora de relacionamento da Lello Condom\u00ednios: empresa levou 4 meses para corrigir inconsist\u00eancias de dados dos empregados. (Foto: Divulga\u00e7\u00e3o) mpresas [&hellip;]<\/p>\n","protected":false},"author":3,"featured_media":1508,"comment_status":"open","ping_status":"open","sticky":false,"template":"","format":"standard","meta":{"jetpack_post_was_ever_published":false,"_jetpack_newsletter_access":"","_jetpack_dont_email_post_to_subs":false,"_jetpack_newsletter_tier_id":0,"_jetpack_memberships_contains_paywalled_content":false,"_jetpack_memberships_contains_paid_content":false,"footnotes":"","jetpack_publicize_message":"","jetpack_publicize_feature_enabled":true,"jetpack_social_post_already_shared":true,"jetpack_social_options":{"image_generator_settings":{"template":"highway","default_image_id":0,"font":"","enabled":false},"version":2}},"categories":[29],"tags":[362,192,303,78,95,179,80,181,366,96,37],"class_list":["post-1348","post","type-post","status-publish","format-standard","has-post-thumbnail","hentry","category-dp","tag-acessoria","tag-empregado","tag-empresa","tag-esocial","tag-folha","tag-funcionario","tag-implantacao","tag-multa","tag-obrigacao","tag-pagamento","tag-sped"],"jetpack_publicize_connections":[],"jetpack_featured_media_url":"https:\/\/i0.wp.com\/cfcontabil.com\/cf\/wp-content\/uploads\/2017\/06\/esocial-462x234-1.png?fit=462%2C234","jetpack_sharing_enabled":true,"jetpack_shortlink":"https:\/\/wp.me\/p2wklX-lK","jetpack-related-posts":[{"id":1302,"url":"http:\/\/cfcontabil.com\/cf\/empresas-com-funcionarios-tem-ate-julho-para-aderir-ao-esocial\/","url_meta":{"origin":1348,"position":0},"title":"Empresas com funcion\u00e1rios t\u00eam at\u00e9 julho para aderir ao eSocial","author":"Ab\u00edlio Gon\u00e7alves","date":"4 de junho de 2018","format":false,"excerpt":"Pesquisa da FENACON apontou que menos de 10% das micro e pequenas empresas est\u00e3o informadas Sistema substitui 15 presta\u00e7\u00f5es de informa\u00e7\u00f5es fiscais, trabalhistas e previdenci\u00e1rias passar\u00e1 a valer a todo o setor privado e implicar\u00e1 em multas sobre faturamento em caso de descumprimento Todas as empresas do setor privado t\u00eam\u2026","rel":"","context":"Em &quot;Departamento Pessoal&quot;","block_context":{"text":"Departamento Pessoal","link":"http:\/\/cfcontabil.com\/cf\/category\/dp\/"},"img":{"alt_text":"","src":"https:\/\/i0.wp.com\/cfcontabil.com\/cf\/wp-content\/uploads\/2017\/06\/esocial-pasta-1.jpg?fit=1000%2C591&resize=350%2C200","width":350,"height":200,"srcset":"https:\/\/i0.wp.com\/cfcontabil.com\/cf\/wp-content\/uploads\/2017\/06\/esocial-pasta-1.jpg?fit=1000%2C591&resize=350%2C200 1x, https:\/\/i0.wp.com\/cfcontabil.com\/cf\/wp-content\/uploads\/2017\/06\/esocial-pasta-1.jpg?fit=1000%2C591&resize=525%2C300 1.5x, https:\/\/i0.wp.com\/cfcontabil.com\/cf\/wp-content\/uploads\/2017\/06\/esocial-pasta-1.jpg?fit=1000%2C591&resize=700%2C400 2x"},"classes":[]},{"id":1386,"url":"http:\/\/cfcontabil.com\/cf\/prorrogada-inicio-da-segunda-fase-de-implantacao-empresas-com-faturamento-de-ate-r78-milhoes\/","url_meta":{"origin":1348,"position":1},"title":"Prorrogada in\u00edcio da segunda fase de implanta\u00e7\u00e3o &#8211; empresas com faturamento de at\u00e9 R$78 milh\u00f5es","author":"Ab\u00edlio Gon\u00e7alves","date":"3 de setembro de 2018","format":false,"excerpt":"Primeira fase, que terminaria em agosto, ser\u00e1 estendida at\u00e9 setembro. Segunda fase iniciar\u00e1 em 10 de outubro.\u00a0 Ap\u00f3s ouvir as empresas com faturamento inferior a R$78 milh\u00f5es, o eSocial ampliou o prazo da primeira fase de implanta\u00e7\u00e3o do programa para este grupo, que terminaria neste m\u00eas de agosto. Nesta etapa,\u2026","rel":"","context":"Em &quot;Departamento Pessoal&quot;","block_context":{"text":"Departamento Pessoal","link":"http:\/\/cfcontabil.com\/cf\/category\/dp\/"},"img":{"alt_text":"","src":"https:\/\/i0.wp.com\/cfcontabil.com\/cf\/wp-content\/uploads\/2018\/09\/esocial-1-810x456-1.jpg?fit=810%2C456&resize=350%2C200","width":350,"height":200,"srcset":"https:\/\/i0.wp.com\/cfcontabil.com\/cf\/wp-content\/uploads\/2018\/09\/esocial-1-810x456-1.jpg?fit=810%2C456&resize=350%2C200 1x, https:\/\/i0.wp.com\/cfcontabil.com\/cf\/wp-content\/uploads\/2018\/09\/esocial-1-810x456-1.jpg?fit=810%2C456&resize=525%2C300 1.5x, https:\/\/i0.wp.com\/cfcontabil.com\/cf\/wp-content\/uploads\/2018\/09\/esocial-1-810x456-1.jpg?fit=810%2C456&resize=700%2C400 2x"},"classes":[]},{"id":1745,"url":"http:\/\/cfcontabil.com\/cf\/esocial-define-datas-para-implantacao-de-alteracoes-no-novo-sistema\/","url_meta":{"origin":1348,"position":2},"title":"eSocial define datas para implanta\u00e7\u00e3o de altera\u00e7\u00f5es no novo sistema","author":"Ab\u00edlio Gon\u00e7alves","date":"10 de outubro de 2019","format":false,"excerpt":"O\u00a0eSocial\u00a0divulgou nesta quinta-feira,10, a\u00a0Nota T\u00e9cnica 15\/2019\u00a0que traz a previs\u00e3o de implanta\u00e7\u00e3o da Escritura\u00e7\u00e3o Digital das Obriga\u00e7\u00f5es Fiscais, Previdenci\u00e1rias e Trabalhistas \u2013\u00a0eSocial\u00a0nos ambientes de produ\u00e7\u00e3o e teste. A nota tem como objetivo implantar as primeiras medidas de simplifica\u00e7\u00e3o e\u00a0 moderniza\u00e7\u00e3o do\u00a0eSocial,\u00a0conforme disposto no art. 9\u00ba da\u00a0Portaria 300\/2019.\u00a0 Al\u00e9m disso, a revis\u00e3o\u2026","rel":"","context":"Em &quot;Departamento Pessoal&quot;","block_context":{"text":"Departamento Pessoal","link":"http:\/\/cfcontabil.com\/cf\/category\/dp\/"},"img":{"alt_text":"","src":"https:\/\/i0.wp.com\/cfcontabil.com\/cf\/wp-content\/uploads\/2018\/10\/esocial-24-09-2-750x430-1.jpg?fit=750%2C430&resize=350%2C200","width":350,"height":200,"srcset":"https:\/\/i0.wp.com\/cfcontabil.com\/cf\/wp-content\/uploads\/2018\/10\/esocial-24-09-2-750x430-1.jpg?fit=750%2C430&resize=350%2C200 1x, https:\/\/i0.wp.com\/cfcontabil.com\/cf\/wp-content\/uploads\/2018\/10\/esocial-24-09-2-750x430-1.jpg?fit=750%2C430&resize=525%2C300 1.5x, https:\/\/i0.wp.com\/cfcontabil.com\/cf\/wp-content\/uploads\/2018\/10\/esocial-24-09-2-750x430-1.jpg?fit=750%2C430&resize=700%2C400 2x"},"classes":[]},{"id":1343,"url":"http:\/\/cfcontabil.com\/cf\/esocial-passa-a-valer-para-todas-as-empresas-do-pais-a-partir-de-16-de-julho\/","url_meta":{"origin":1348,"position":3},"title":"ESocial Passa a Valer Para Todas as Empresas do Pa\u00eds a Partir de 16 de Julho","author":"Ab\u00edlio Gon\u00e7alves","date":"14 de julho de 2018","format":false,"excerpt":"A partir do dia 16 de julho, todas as empresas privadas do pa\u00eds, incluindo micro e pequenas empresas e microempreendedores individuais\u00a0(MEIs)\u00a0que possuam empregados, dever\u00e3o utilizar o Sistema de Escritura\u00e7\u00e3o Digital das Obriga\u00e7\u00f5es Fiscais, Previdenci\u00e1rias e Trabalhistas\u00a0(eSocial)\u00a0. Esse grupo representa 4 milh\u00f5es de empregadores e cerca de 30 milh\u00f5es de trabalhadores.\u2026","rel":"","context":"Em &quot;Departamento Pessoal&quot;","block_context":{"text":"Departamento Pessoal","link":"http:\/\/cfcontabil.com\/cf\/category\/dp\/"},"img":{"alt_text":"","src":"https:\/\/i0.wp.com\/cfcontabil.com\/cf\/wp-content\/uploads\/2018\/07\/Cronograma_de_implanta%C3%A7%C3%A3o_do_eSocial-1.png?fit=1024%2C768&resize=350%2C200","width":350,"height":200,"srcset":"https:\/\/i0.wp.com\/cfcontabil.com\/cf\/wp-content\/uploads\/2018\/07\/Cronograma_de_implanta%C3%A7%C3%A3o_do_eSocial-1.png?fit=1024%2C768&resize=350%2C200 1x, https:\/\/i0.wp.com\/cfcontabil.com\/cf\/wp-content\/uploads\/2018\/07\/Cronograma_de_implanta%C3%A7%C3%A3o_do_eSocial-1.png?fit=1024%2C768&resize=525%2C300 1.5x, https:\/\/i0.wp.com\/cfcontabil.com\/cf\/wp-content\/uploads\/2018\/07\/Cronograma_de_implanta%C3%A7%C3%A3o_do_eSocial-1.png?fit=1024%2C768&resize=700%2C400 2x"},"classes":[]},{"id":2038,"url":"http:\/\/cfcontabil.com\/cf\/cronograma-do-esocial-tem-novas-datas-para-2020-e-2021\/","url_meta":{"origin":1348,"position":4},"title":"Cronograma do eSocial tem novas datas para 2020 e 2021","author":"Ab\u00edlio Gon\u00e7alves","date":"3 de janeiro de 2020","format":false,"excerpt":"Portaria publicada no Di\u00e1rio Oficial da Uni\u00e3o atualiza prazos de implanta\u00e7\u00e3o do sistema em 2020 e 2021 O calend\u00e1rio de implanta\u00e7\u00e3o do\u00a0eSocial\u00a0nas empresas foi alterado.\u00a0Portaria n\u00ba 1.419, de 23 de dezembro de 2019, publicada no Di\u00e1rio Oficial da Uni\u00e3o (DOU) do \u00faltimo dia 24, prorrogou o prazo para a in\u00edcio\u2026","rel":"","context":"Em &quot;Departamento Pessoal&quot;","block_context":{"text":"Departamento Pessoal","link":"http:\/\/cfcontabil.com\/cf\/category\/dp\/"},"img":{"alt_text":"","src":"https:\/\/i0.wp.com\/cfcontabil.com\/cf\/wp-content\/uploads\/2020\/01\/esocial-calendario.jpg?fit=600%2C310&resize=350%2C200","width":350,"height":200,"srcset":"https:\/\/i0.wp.com\/cfcontabil.com\/cf\/wp-content\/uploads\/2020\/01\/esocial-calendario.jpg?fit=600%2C310&resize=350%2C200 1x, https:\/\/i0.wp.com\/cfcontabil.com\/cf\/wp-content\/uploads\/2020\/01\/esocial-calendario.jpg?fit=600%2C310&resize=525%2C300 1.5x"},"classes":[]},{"id":1262,"url":"http:\/\/cfcontabil.com\/cf\/receita-lanca-ambiente-de-teste-do-esocial-para-empresas\/","url_meta":{"origin":1348,"position":5},"title":"Receita lan\u00e7a ambiente de teste do eSocial para empresas","author":"Ab\u00edlio Gon\u00e7alves","date":"29 de julho de 2017","format":false,"excerpt":"Segundo a Fenacon as empresas tamb\u00e9m poder\u00e3o contribuir para o aprimoramento do ambiente A Secretaria da Receita Federal disponibilizou o ambiente de produ\u00e7\u00e3o restrita do eSocial, que d\u00e1 in\u00edcio a uma fase de testes do projeto para as empresas. O acesso ser\u00e1 permitido em duas etapas, sendo a primeira no\u2026","rel":"","context":"Em &quot;Departamento Pessoal&quot;","block_context":{"text":"Departamento Pessoal","link":"http:\/\/cfcontabil.com\/cf\/category\/dp\/"},"img":{"alt_text":"","src":"https:\/\/i0.wp.com\/cfcontabil.com\/cf\/wp-content\/uploads\/2017\/06\/esocial-pasta-1.jpg?fit=1000%2C591&resize=350%2C200","width":350,"height":200,"srcset":"https:\/\/i0.wp.com\/cfcontabil.com\/cf\/wp-content\/uploads\/2017\/06\/esocial-pasta-1.jpg?fit=1000%2C591&resize=350%2C200 1x, https:\/\/i0.wp.com\/cfcontabil.com\/cf\/wp-content\/uploads\/2017\/06\/esocial-pasta-1.jpg?fit=1000%2C591&resize=525%2C300 1.5x, https:\/\/i0.wp.com\/cfcontabil.com\/cf\/wp-content\/uploads\/2017\/06\/esocial-pasta-1.jpg?fit=1000%2C591&resize=700%2C400 2x"},"classes":[]}],"jetpack_likes_enabled":true,"_links":{"self":[{"href":"http:\/\/cfcontabil.com\/cf\/wp-json\/wp\/v2\/posts\/1348","targetHints":{"allow":["GET"]}}],"collection":[{"href":"http:\/\/cfcontabil.com\/cf\/wp-json\/wp\/v2\/posts"}],"about":[{"href":"http:\/\/cfcontabil.com\/cf\/wp-json\/wp\/v2\/types\/post"}],"author":[{"embeddable":true,"href":"http:\/\/cfcontabil.com\/cf\/wp-json\/wp\/v2\/users\/3"}],"replies":[{"embeddable":true,"href":"http:\/\/cfcontabil.com\/cf\/wp-json\/wp\/v2\/comments?post=1348"}],"version-history":[{"count":0,"href":"http:\/\/cfcontabil.com\/cf\/wp-json\/wp\/v2\/posts\/1348\/revisions"}],"wp:featuredmedia":[{"embeddable":true,"href":"http:\/\/cfcontabil.com\/cf\/wp-json\/wp\/v2\/media\/1508"}],"wp:attachment":[{"href":"http:\/\/cfcontabil.com\/cf\/wp-json\/wp\/v2\/media?parent=1348"}],"wp:term":[{"taxonomy":"category","embeddable":true,"href":"http:\/\/cfcontabil.com\/cf\/wp-json\/wp\/v2\/categories?post=1348"},{"taxonomy":"post_tag","embeddable":true,"href":"http:\/\/cfcontabil.com\/cf\/wp-json\/wp\/v2\/tags?post=1348"}],"curies":[{"name":"wp","href":"https:\/\/api.w.org\/{rel}","templated":true}]}}