{"id":1358,"date":"2018-08-23T16:10:45","date_gmt":"2018-08-23T19:10:45","guid":{"rendered":"http:\/\/cfcontabil.com\/cf\/?p=1358"},"modified":"2018-08-23T16:10:45","modified_gmt":"2018-08-23T19:10:45","slug":"caixa-aprova-alteracao-no-cronograma-de-implantacao-do-esocial","status":"publish","type":"post","link":"http:\/\/cfcontabil.com\/cf\/caixa-aprova-alteracao-no-cronograma-de-implantacao-do-esocial\/","title":{"rendered":"Caixa aprova altera\u00e7\u00e3o no cronograma de implanta\u00e7\u00e3o do eSocial"},"content":{"rendered":"\n<p>Foi publicada no Di\u00e1rio Oficial desta quarta-feira, 22-8, a Circular 819 Caixa, de 20-8-2018, que aprova a altera\u00e7\u00e3o no cronograma de implanta\u00e7\u00e3o do eSocial, determinada pela\u00a0<a href=\"http:\/\/www.coad.com.br\/busca\/detalhe\/13544\/30\" target=\"_blank\" rel=\"noreferrer noopener\">Resolu\u00e7\u00e3o 4 CGeS<\/a>, de 4-7-2018, que criou o 4\u00ba grupo de empregadores, que compreende o segurado especial e o pequeno produtor rural pessoa f\u00edsica.<\/p>\n\n\n\n<!--more conhe\u00e7a o novo cronograma:-->\n\n\n\n<p>O referido Ato valida as novas fases do cronograma e prazos para transmiss\u00e3o dos eventos aplic\u00e1veis ao FGTS para o 4\u00ba grupo de empregadores, que observar\u00e1 o descrito a seguir:<br\/><\/p>\n\n\n\n<ol class=\"wp-block-list\"><li>a) a partir de 14-1-2019 \u2013 eventos de tabela (S-1000 a S-1080);<\/li><\/ol>\n\n\n\n<ol class=\"wp-block-list\"><li>b) a partir de 1-3-2019 \u2013 eventos n\u00e3o peri\u00f3dicos (S-2190 a S-2400), com os dados relativos aos trabalhadores e seus v\u00ednculos; e<\/li><\/ol>\n\n\n\n<ol class=\"wp-block-list\"><li>c) a partir de 1-5-2019 \u2013 eventos peri\u00f3dicos (S-1200 a S-1300), com as informa\u00e7\u00f5es da folha de pagamento, referentes a fatos ocorridos a partir dessa data.<\/li><\/ol>\n\n\n\n<p>A Circular 819 Caixa\/2018 determina, ainda, que a ME \u2013 Microempresa, a EPP \u2013 Empresa de Pequeno Porte e o MEI \u2013 Microempreendedor Individual com empregado, que pertencem ao 2\u00ba grupo de empregadores, o segurado especial e o pequeno produtor rural pessoa f\u00edsica, que fazem parte do 4\u00ba grupo de empregadores, poder\u00e3o optar pelo envio de informa\u00e7\u00f5es relativas aos eventos de tabela e eventos n\u00e3o peri\u00f3dicos, de forma cumulativa com as informa\u00e7\u00f5es relativas aos eventos peri\u00f3dicos.<\/p>\n\n\n\n<p>Fonte: Coad<\/p>\n","protected":false},"excerpt":{"rendered":"<p>Criou o 4\u00ba grupo de empregadores, que compreende o segurado especial e o pequeno produtor rural pessoa f\u00edsica e estabeleceu novo cronograma de fases.<\/p>\n","protected":false},"author":3,"featured_media":1360,"comment_status":"open","ping_status":"open","sticky":false,"template":"","format":"standard","meta":{"jetpack_post_was_ever_published":false,"_jetpack_newsletter_access":"","_jetpack_dont_email_post_to_subs":false,"_jetpack_newsletter_tier_id":0,"_jetpack_memberships_contains_paywalled_content":false,"_jetpack_memberships_contains_paid_content":false,"footnotes":"","jetpack_publicize_message":"","jetpack_publicize_feature_enabled":true,"jetpack_social_post_already_shared":true,"jetpack_social_options":{"image_generator_settings":{"template":"highway","default_image_id":0,"font":"","enabled":false},"version":2}},"categories":[29],"tags":[587,78,234,588],"class_list":["post-1358","post","type-post","status-publish","format-standard","has-post-thumbnail","hentry","category-dp","tag-cronograma","tag-esocial","tag-inss","tag-previdenciario"],"jetpack_publicize_connections":[],"jetpack_featured_media_url":"https:\/\/i0.wp.com\/cfcontabil.com\/cf\/wp-content\/uploads\/2018\/08\/esocial2-1.png?fit=807%2C368","jetpack_sharing_enabled":true,"jetpack_shortlink":"https:\/\/wp.me\/p2wklX-lU","jetpack-related-posts":[{"id":1983,"url":"http:\/\/cfcontabil.com\/cf\/governo-altera-cronograma-do-esocial\/","url_meta":{"origin":1358,"position":0},"title":"Governo altera cronograma do eSocial","author":"Ab\u00edlio Gon\u00e7alves","date":"6 de dezembro de 2019","format":false,"excerpt":"O adiamento acontecer\u00e1 em raz\u00e3o de mudan\u00e7as decorrentes da simplifica\u00e7\u00e3o do eSocial Adiamento abranger\u00e1 os eventos de folha de pagamento para o Grupo 3 (micro e pequenas empresas, MEI, empregadores pessoas f\u00edsicas e entidades sem fins lucrativos), eventos de SST para o Grupo 1 (empresas com faturamento superior a R$78\u2026","rel":"","context":"Em &quot;Departamento Pessoal&quot;","block_context":{"text":"Departamento Pessoal","link":"http:\/\/cfcontabil.com\/cf\/category\/dp\/"},"img":{"alt_text":"","src":"https:\/\/i0.wp.com\/cfcontabil.com\/cf\/wp-content\/uploads\/2018\/10\/esocial-24-09-2-750x430-1.jpg?fit=750%2C430&resize=350%2C200","width":350,"height":200,"srcset":"https:\/\/i0.wp.com\/cfcontabil.com\/cf\/wp-content\/uploads\/2018\/10\/esocial-24-09-2-750x430-1.jpg?fit=750%2C430&resize=350%2C200 1x, https:\/\/i0.wp.com\/cfcontabil.com\/cf\/wp-content\/uploads\/2018\/10\/esocial-24-09-2-750x430-1.jpg?fit=750%2C430&resize=525%2C300 1.5x, https:\/\/i0.wp.com\/cfcontabil.com\/cf\/wp-content\/uploads\/2018\/10\/esocial-24-09-2-750x430-1.jpg?fit=750%2C430&resize=700%2C400 2x"},"classes":[]},{"id":2038,"url":"http:\/\/cfcontabil.com\/cf\/cronograma-do-esocial-tem-novas-datas-para-2020-e-2021\/","url_meta":{"origin":1358,"position":1},"title":"Cronograma do eSocial tem novas datas para 2020 e 2021","author":"Ab\u00edlio Gon\u00e7alves","date":"3 de janeiro de 2020","format":false,"excerpt":"Portaria publicada no Di\u00e1rio Oficial da Uni\u00e3o atualiza prazos de implanta\u00e7\u00e3o do sistema em 2020 e 2021 O calend\u00e1rio de implanta\u00e7\u00e3o do\u00a0eSocial\u00a0nas empresas foi alterado.\u00a0Portaria n\u00ba 1.419, de 23 de dezembro de 2019, publicada no Di\u00e1rio Oficial da Uni\u00e3o (DOU) do \u00faltimo dia 24, prorrogou o prazo para a in\u00edcio\u2026","rel":"","context":"Em &quot;Departamento Pessoal&quot;","block_context":{"text":"Departamento Pessoal","link":"http:\/\/cfcontabil.com\/cf\/category\/dp\/"},"img":{"alt_text":"","src":"https:\/\/i0.wp.com\/cfcontabil.com\/cf\/wp-content\/uploads\/2020\/01\/esocial-calendario.jpg?fit=600%2C310&resize=350%2C200","width":350,"height":200,"srcset":"https:\/\/i0.wp.com\/cfcontabil.com\/cf\/wp-content\/uploads\/2020\/01\/esocial-calendario.jpg?fit=600%2C310&resize=350%2C200 1x, https:\/\/i0.wp.com\/cfcontabil.com\/cf\/wp-content\/uploads\/2020\/01\/esocial-calendario.jpg?fit=600%2C310&resize=525%2C300 1.5x"},"classes":[]},{"id":430,"url":"http:\/\/cfcontabil.com\/cf\/esocial-o-que-e-e-a-quem-interessa\/","url_meta":{"origin":1358,"position":2},"title":"eSocial: o que \u00e9 e a quem interessa","author":"Vin\u00edcius Moizinho","date":"15 de janeiro de 2014","format":false,"excerpt":"Boa tarde, prezados. Para a conversa de hoje trazemos um dos assuntos mais interessantes de 2014, a implanta\u00e7\u00e3o do maior e mais ambicioso projeto do SPED: o SPED Social ou eSocial. O projeto, que envolve a Receita Federal, o Minist\u00e9rio do Trabalho, o INSS e a Caixa Econ\u00f4mica Federal, \u00e9\u2026","rel":"","context":"Em &quot;Consultoria Empresarial&quot;","block_context":{"text":"Consultoria Empresarial","link":"http:\/\/cfcontabil.com\/cf\/category\/consultoria\/"},"img":{"alt_text":"","src":"https:\/\/i0.wp.com\/www.lg.com.br\/esocial\/images\/telas.jpg?resize=350%2C200","width":350,"height":200,"srcset":"https:\/\/i0.wp.com\/www.lg.com.br\/esocial\/images\/telas.jpg?resize=350%2C200 1x, https:\/\/i0.wp.com\/www.lg.com.br\/esocial\/images\/telas.jpg?resize=525%2C300 1.5x"},"classes":[]},{"id":2027,"url":"http:\/\/cfcontabil.com\/cf\/medias-empresas-concluem-migracao-para-esocial\/","url_meta":{"origin":1358,"position":3},"title":"M\u00e9dias empresas concluem migra\u00e7\u00e3o para eSocial","author":"Ab\u00edlio Gon\u00e7alves","date":"2 de janeiro de 2020","format":false,"excerpt":"Dados de seguran\u00e7a do trabalhador passam a ser inseridos no sistema Sistema informatizado de presta\u00e7\u00e3o de informa\u00e7\u00f5es de empresas e trabalhadores, o\u00a0eSocial\u00a0torna-se completamente obrigat\u00f3rio para os m\u00e9dios empregadores a partir de\u00a0hoje\u00a0(2). Cerca de 1,24 milh\u00e3o de m\u00e9dias empresas, que faturam at\u00e9 R$ 78 milh\u00f5es por ano, dever\u00e3o inserir os dados\u2026","rel":"","context":"Em &quot;Departamento Pessoal&quot;","block_context":{"text":"Departamento Pessoal","link":"http:\/\/cfcontabil.com\/cf\/category\/dp\/"},"img":{"alt_text":"","src":"https:\/\/i0.wp.com\/cfcontabil.com\/cf\/wp-content\/uploads\/2017\/06\/esocial-462x234-1.png?fit=462%2C234&resize=350%2C200","width":350,"height":200},"classes":[]},{"id":1402,"url":"http:\/\/cfcontabil.com\/cf\/esocial-normas-sobre-o-envio-de-eventos-para-nao-optantes-pelo-simples\/","url_meta":{"origin":1358,"position":4},"title":"eSocial: normas sobre o envio de eventos para n\u00e3o optantes pelo Simples","author":"Ab\u00edlio Gon\u00e7alves","date":"17 de outubro de 2018","format":false,"excerpt":"NO 008 realiza esclarecimentos referentes \u00e0 utiliza\u00e7\u00e3o de casa decimais Foram publicadas as Notas Orientativas (NO)\u00a0007, que apresenta orienta\u00e7\u00f5es referentes ao envio dos eventos para Microempresas (ME) e Empresas de Pequeno Porte (EPP) que n\u00e3o s\u00e3o optantes pelo Simples Nacional; e a NO\u00a0008, que\u00a0realiza esclarecimentos referentes \u00e0 utiliza\u00e7\u00e3o de casa\u2026","rel":"","context":"Em &quot;Departamento Pessoal&quot;","block_context":{"text":"Departamento Pessoal","link":"http:\/\/cfcontabil.com\/cf\/category\/dp\/"},"img":{"alt_text":"","src":"https:\/\/i0.wp.com\/cfcontabil.com\/cf\/wp-content\/uploads\/2018\/09\/esocial-1-810x456-1.jpg?fit=810%2C456&resize=350%2C200","width":350,"height":200,"srcset":"https:\/\/i0.wp.com\/cfcontabil.com\/cf\/wp-content\/uploads\/2018\/09\/esocial-1-810x456-1.jpg?fit=810%2C456&resize=350%2C200 1x, https:\/\/i0.wp.com\/cfcontabil.com\/cf\/wp-content\/uploads\/2018\/09\/esocial-1-810x456-1.jpg?fit=810%2C456&resize=525%2C300 1.5x, https:\/\/i0.wp.com\/cfcontabil.com\/cf\/wp-content\/uploads\/2018\/09\/esocial-1-810x456-1.jpg?fit=810%2C456&resize=700%2C400 2x"},"classes":[]},{"id":1178,"url":"http:\/\/cfcontabil.com\/cf\/veja-as-obrigacoes-trabalhistas-a-serem-extintas-com-o-esocial\/","url_meta":{"origin":1358,"position":5},"title":"Veja as obriga\u00e7\u00f5es trabalhistas a serem extintas com o eSocial","author":"Ab\u00edlio Gon\u00e7alves","date":"13 de junho de 2017","format":false,"excerpt":"Com a implementa\u00e7\u00e3o, a transmiss\u00e3o das informa\u00e7\u00f5es ser\u00e1 feita de forma \u00fanica e centralizada Atualmente as informa\u00e7\u00f5es geradas pelos Departamentos Pessoais das empresas s\u00e3o transmitidas a diversos \u00f3rg\u00e3os diferentes, como a Caixa Econ\u00f4mica Federal (CEF), Instituto Nacional do Seguro Social (INSS), o Minist\u00e9rio da Previd\u00eancia (MPS), o Minist\u00e9rio do Trabalho\u2026","rel":"","context":"Em &quot;Departamento Pessoal&quot;","block_context":{"text":"Departamento Pessoal","link":"http:\/\/cfcontabil.com\/cf\/category\/dp\/"},"img":{"alt_text":"","src":"https:\/\/i0.wp.com\/cfcontabil.com\/cf\/wp-content\/uploads\/2016\/03\/E-social-1-1.jpg?fit=660%2C271&resize=350%2C200","width":350,"height":200,"srcset":"https:\/\/i0.wp.com\/cfcontabil.com\/cf\/wp-content\/uploads\/2016\/03\/E-social-1-1.jpg?fit=660%2C271&resize=350%2C200 1x, https:\/\/i0.wp.com\/cfcontabil.com\/cf\/wp-content\/uploads\/2016\/03\/E-social-1-1.jpg?fit=660%2C271&resize=525%2C300 1.5x"},"classes":[]}],"jetpack_likes_enabled":true,"_links":{"self":[{"href":"http:\/\/cfcontabil.com\/cf\/wp-json\/wp\/v2\/posts\/1358","targetHints":{"allow":["GET"]}}],"collection":[{"href":"http:\/\/cfcontabil.com\/cf\/wp-json\/wp\/v2\/posts"}],"about":[{"href":"http:\/\/cfcontabil.com\/cf\/wp-json\/wp\/v2\/types\/post"}],"author":[{"embeddable":true,"href":"http:\/\/cfcontabil.com\/cf\/wp-json\/wp\/v2\/users\/3"}],"replies":[{"embeddable":true,"href":"http:\/\/cfcontabil.com\/cf\/wp-json\/wp\/v2\/comments?post=1358"}],"version-history":[{"count":0,"href":"http:\/\/cfcontabil.com\/cf\/wp-json\/wp\/v2\/posts\/1358\/revisions"}],"wp:featuredmedia":[{"embeddable":true,"href":"http:\/\/cfcontabil.com\/cf\/wp-json\/wp\/v2\/media\/1360"}],"wp:attachment":[{"href":"http:\/\/cfcontabil.com\/cf\/wp-json\/wp\/v2\/media?parent=1358"}],"wp:term":[{"taxonomy":"category","embeddable":true,"href":"http:\/\/cfcontabil.com\/cf\/wp-json\/wp\/v2\/categories?post=1358"},{"taxonomy":"post_tag","embeddable":true,"href":"http:\/\/cfcontabil.com\/cf\/wp-json\/wp\/v2\/tags?post=1358"}],"curies":[{"name":"wp","href":"https:\/\/api.w.org\/{rel}","templated":true}]}}