{"id":1366,"date":"2018-08-27T11:05:53","date_gmt":"2018-08-27T14:05:53","guid":{"rendered":"http:\/\/cfcontabil.com\/cf\/?p=1366"},"modified":"2018-08-27T11:05:53","modified_gmt":"2018-08-27T14:05:53","slug":"comite-gestor-do-simples-nacional-publica-nova-resolucao-e-portaria","status":"publish","type":"post","link":"http:\/\/cfcontabil.com\/cf\/comite-gestor-do-simples-nacional-publica-nova-resolucao-e-portaria\/","title":{"rendered":"Comit\u00ea Gestor do Simples Nacional publica nova Resolu\u00e7\u00e3o e Portaria"},"content":{"rendered":"\n<p class=\"has-regular-font-size has-vivid-green-cyan-color\">As novidades se referem a parcelamento do MEI, reparcelamentos no Simples Nacional, corre\u00e7\u00e3o de reda\u00e7\u00e3o e adapta\u00e7\u00e3o \u00e0 realidade atual<\/p>\n\n\n\n<figure class=\"wp-block-image\"><img data-recalc-dims=\"1\" decoding=\"async\" src=\"https:\/\/i0.wp.com\/cfcontabil.com\/cf\/wp-content\/uploads\/2016\/03\/simples.jpg?w=1170\" alt=\"\" class=\"wp-image-689\"\/><\/figure>\n\n\n\n<!--more conhe\u00e7a as mudan\u00e7as:-->\n\n\n\n<p class=\"has-drop-cap\">Foram publicadas no Di\u00e1rio Oficial da Uni\u00e3o, de 24 de agosto de 2018, a\u00a0<a href=\"http:\/\/normas.receita.fazenda.gov.br\/sijut2consulta\/link.action?visao=anotado&amp;idAto=94357\">Resolu\u00e7\u00e3o CGSN n\u00ba 142<\/a>\u00a0e a\u00a0<a href=\"http:\/\/normas.receita.fazenda.gov.br\/sijut2consulta\/link.action?visao=anotado&amp;idAto=94358\">Portaria CGSN n\u00ba 25<\/a>.<\/p>\n\n\n\n<p>A Resolu\u00e7\u00e3o CGSN n\u00ba 142 tr\u00e1s as seguintes inova\u00e7\u00f5es:<\/p>\n\n\n\n<p>1 &#8211; corrige a imprecis\u00e3o na reda\u00e7\u00e3o do art 1\u00ba, inciso VII, da Resolu\u00e7\u00e3o CGSN n\u00ba 134, de 2017, que disp\u00f5e sobre a inclus\u00e3o de <strong>d\u00e9bitos em parcelamento do Microempreendedor Indivudual (MEI)<\/strong>, para contagem de tempo de contribui\u00e7\u00e3o;<\/p>\n\n\n\n<p>2 &#8211; altera o caput do art. 55 da Resolu\u00e7\u00e3o CGSN n\u00ba 140, de 2018, <strong>admitindo reparcelamentos de d\u00e9bitos no \u00e2mbito do Simples Nacional<\/strong>, sem restringir a 2 (dois);<\/p>\n\n\n\n<p>3 &#8211; corrige a reda\u00e7\u00e3o e a remiss\u00e3o de pontos da <strong>Resolu\u00e7\u00e3o CGSN n\u00ba 140\/2018<\/strong>, sem altera\u00e7\u00e3o de m\u00e9rito.<\/p>\n\n\n\n<p>J\u00e1 a Portaria <strong>CGSN n\u00ba 25<\/strong>, que altera a Portaria CGSN n\u00ba 8, de 2009, adapta os grupos t\u00e9cnicos de apoio ao CGSN \u00e0 realidade atual do Comit\u00ea Gestor.<\/p>\n\n\n\n<p>Fonte: RFB<\/p>\n","protected":false},"excerpt":{"rendered":"<p>As novidades se referem a parcelamento do MEI, reparcelamentos no Simples Nacional, corre\u00e7\u00e3o de reda\u00e7\u00e3o e adapta\u00e7\u00e3o \u00e0 realidade atual<\/p>\n","protected":false},"author":3,"featured_media":1495,"comment_status":"open","ping_status":"open","sticky":false,"template":"","format":"standard","meta":{"jetpack_post_was_ever_published":false,"_jetpack_newsletter_access":"","_jetpack_dont_email_post_to_subs":false,"_jetpack_newsletter_tier_id":0,"_jetpack_memberships_contains_paywalled_content":false,"_jetpack_memberships_contains_paid_content":false,"footnotes":"","jetpack_publicize_message":"","jetpack_publicize_feature_enabled":true,"jetpack_social_post_already_shared":true,"jetpack_social_options":{"image_generator_settings":{"template":"highway","default_image_id":0,"font":"","enabled":false},"version":2}},"categories":[46],"tags":[589,579,211,213],"class_list":["post-1366","post","type-post","status-publish","format-standard","has-post-thumbnail","hentry","category-df","tag-dou","tag-gestor","tag-nacional","tag-simples"],"jetpack_publicize_connections":[],"jetpack_featured_media_url":"https:\/\/i0.wp.com\/cfcontabil.com\/cf\/wp-content\/uploads\/2017\/02\/receita-federal-1-1.png?fit=702%2C325","jetpack_sharing_enabled":true,"jetpack_shortlink":"https:\/\/wp.me\/p2wklX-m2","jetpack-related-posts":[{"id":687,"url":"http:\/\/cfcontabil.com\/cf\/empresas-do-simples-devem-entregar-a-defis-ate-31-de-marco\/","url_meta":{"origin":1366,"position":0},"title":"Empresas do Simples devem entregar a Defis at\u00e9 31 de mar\u00e7o","author":"Ab\u00edlio Gon\u00e7alves","date":"20 de mar\u00e7o de 2016","format":false,"excerpt":"Termina em 31 de mar\u00e7o o prazo para a entrega da Declara\u00e7\u00e3o de Informa\u00e7\u00f5es Socioecon\u00f4micas e Fiscais - DEFIS, relacionada \u00e0s empresas do Simples Nacional em situa\u00e7\u00e3o normal, e referente ao ano-calend\u00e1rio 2015. A Defis deve ser preenchida e transmitida pela Internet, por meio do aplicativo dispon\u00edvel na RFB, no\u2026","rel":"","context":"Em &quot;Consultoria Empresarial&quot;","block_context":{"text":"Consultoria Empresarial","link":"http:\/\/cfcontabil.com\/cf\/category\/consultoria\/"},"img":{"alt_text":"","src":"https:\/\/i0.wp.com\/cfcontabil.com\/cf\/wp-content\/uploads\/2016\/03\/DEFIS-Simples-1.png?fit=615%2C300&resize=350%2C200","width":350,"height":200,"srcset":"https:\/\/i0.wp.com\/cfcontabil.com\/cf\/wp-content\/uploads\/2016\/03\/DEFIS-Simples-1.png?fit=615%2C300&resize=350%2C200 1x, https:\/\/i0.wp.com\/cfcontabil.com\/cf\/wp-content\/uploads\/2016\/03\/DEFIS-Simples-1.png?fit=615%2C300&resize=525%2C300 1.5x"},"classes":[]},{"id":1384,"url":"http:\/\/cfcontabil.com\/cf\/receita-vai-permitir-novos-parcelamentos-de-dividas-para-empresas-no-simples\/","url_meta":{"origin":1366,"position":1},"title":"Receita vai permitir novos parcelamentos de d\u00edvidas para empresas no Simples","author":"Ab\u00edlio Gon\u00e7alves","date":"1 de setembro de 2018","format":false,"excerpt":"Aten\u00e7\u00e3o que o efeito pr\u00e1tico a partir de 2019 A Receita Federal vai permitir que micro e pequenas empresas optantes do Simples possam fazer novos parcelamentos de d\u00e9bitos. Uma nova resolu\u00e7\u00e3o do Comit\u00ea Gestor do Simples Nacional (142\/18) prev\u00ea a possibilidade de negocia\u00e7\u00e3o de mais de dois reparcelamentos anuais.\u00a0 A\u2026","rel":"","context":"Em &quot;Departamento Fiscal&quot;","block_context":{"text":"Departamento Fiscal","link":"http:\/\/cfcontabil.com\/cf\/category\/df\/"},"img":{"alt_text":"","src":"https:\/\/i0.wp.com\/cfcontabil.com\/cf\/wp-content\/uploads\/2017\/01\/simples-1.jpg?fit=520%2C271&resize=350%2C200","width":350,"height":200},"classes":[]},{"id":1142,"url":"http:\/\/cfcontabil.com\/cf\/dctf-2205-vence-o-prazo-de-entrega-das-inativas-e-sem-movimento-em-jan-e-fev2017\/","url_meta":{"origin":1366,"position":2},"title":"DCTF \u2013 22\/05 vence o prazo de entrega das Inativas e sem movimento em jan e fev\/2017","author":"Ab\u00edlio Gon\u00e7alves","date":"28 de abril de 2017","format":false,"excerpt":"Com a\u00a0prorroga\u00e7\u00e3o do prazo de entrega da DCTF inativa 2017\u00a0e sem movimento dos meses de janeiro e fevereiro de 2017 para 22 de maio de 2017, houve um grande n\u00famero de\u00a0d\u00favidas e questionamentos nas redes sociais, principalmente sobre o uso do Certificado Digital. \u00c9 fato que n\u00e3o faz nenhum sentido\u2026","rel":"","context":"Em &quot;Departamento Fiscal&quot;","block_context":{"text":"Departamento Fiscal","link":"http:\/\/cfcontabil.com\/cf\/category\/df\/"},"img":{"alt_text":"","src":"https:\/\/i0.wp.com\/cfcontabil.com\/cf\/wp-content\/uploads\/2017\/02\/dctf-1.png?fit=800%2C500&resize=350%2C200","width":350,"height":200,"srcset":"https:\/\/i0.wp.com\/cfcontabil.com\/cf\/wp-content\/uploads\/2017\/02\/dctf-1.png?fit=800%2C500&resize=350%2C200 1x, https:\/\/i0.wp.com\/cfcontabil.com\/cf\/wp-content\/uploads\/2017\/02\/dctf-1.png?fit=800%2C500&resize=525%2C300 1.5x, https:\/\/i0.wp.com\/cfcontabil.com\/cf\/wp-content\/uploads\/2017\/02\/dctf-1.png?fit=800%2C500&resize=700%2C400 2x"},"classes":[]},{"id":550,"url":"http:\/\/cfcontabil.com\/cf\/simples-nacional-alteracoes-promovidas-pela-lei-complementar-1472014\/","url_meta":{"origin":1366,"position":3},"title":"Simples Nacional: altera\u00e7\u00f5es promovidas pela Lei Complementar 147\/2014","author":"Vin\u00edcius Moizinho","date":"11 de agosto de 2014","format":false,"excerpt":"A Lei Complementar n\u00ba 147, de 7 de agosto de 2014, alterou a Lei Complementar n\u00ba 123, de 2006, que institui o Estatuto da Micro e Pequena Empresa e disp\u00f5e sobre o Simples Nacional. As altera\u00e7\u00f5es ser\u00e3o objeto de regulamenta\u00e7\u00e3o pelo Comit\u00ea Gestor do Simples Nacional (CGSN). Com a universaliza\u00e7\u00e3o\u2026","rel":"","context":"Em &quot;Consultoria Empresarial&quot;","block_context":{"text":"Consultoria Empresarial","link":"http:\/\/cfcontabil.com\/cf\/category\/consultoria\/"},"img":{"alt_text":"","src":"","width":0,"height":0},"classes":[]},{"id":1122,"url":"http:\/\/cfcontabil.com\/cf\/tributacao-dos-saloes-de-beleza-no-simples-nacional\/","url_meta":{"origin":1366,"position":4},"title":"Tributa\u00e7\u00e3o dos sal\u00f5es de beleza no Simples Nacional","author":"Ab\u00edlio Gon\u00e7alves","date":"13 de abril de 2017","format":false,"excerpt":"Tendo em vista a publica\u00e7\u00e3o da Lei Complementar n\u00b0 155 e da Lei n\u00b0 13.352, ambas de 27 de outubro de 2016, estipulando regras sobre o c\u00f4mputo da receita bruta dos sal\u00f5es de beleza, esclarecemos que, no \u00e2mbito do Simples Nacional, essas regras ter\u00e3o validade a partir de 1\u00b0 de\u2026","rel":"","context":"Em &quot;Consultoria Empresarial&quot;","block_context":{"text":"Consultoria Empresarial","link":"http:\/\/cfcontabil.com\/cf\/category\/consultoria\/"},"img":{"alt_text":"","src":"https:\/\/i0.wp.com\/cfcontabil.com\/cf\/wp-content\/uploads\/2017\/01\/simples-1.jpg?fit=520%2C271&resize=350%2C200","width":350,"height":200},"classes":[]},{"id":2354,"url":"http:\/\/cfcontabil.com\/cf\/reparcelamento-de-debitos-do-simples-nacional\/","url_meta":{"origin":1366,"position":5},"title":"Reparcelamento de d\u00e9bitos do Simples Nacional","author":"Ab\u00edlio Gon\u00e7alves","date":"4 de novembro de 2020","format":false,"excerpt":"A partir desta ter\u00e7a (03\/11)\u00a0est\u00e1 dispon\u00edvel, no portal do Simples Nacional ou no portal e-CAC, o m\u00f3dulo para reparcelamento de d\u00e9bitos apurados pelo Regime Especial Unificado de Arrecada\u00e7\u00e3o de Tributos e Contribui\u00e7\u00f5es devidos pelas Microempresas e Empresas de Pequeno Porte (Simples Nacional). O limite de 1 pedido de parcelamento por\u2026","rel":"","context":"Em &quot;Departamento Fiscal&quot;","block_context":{"text":"Departamento Fiscal","link":"http:\/\/cfcontabil.com\/cf\/category\/df\/"},"img":{"alt_text":"","src":"https:\/\/i0.wp.com\/cfcontabil.com\/cf\/wp-content\/uploads\/2020\/11\/Simples_Blog.jpg.600x335_q85_box-022957556_crop_detail.jpg?fit=600%2C335&resize=350%2C200","width":350,"height":200,"srcset":"https:\/\/i0.wp.com\/cfcontabil.com\/cf\/wp-content\/uploads\/2020\/11\/Simples_Blog.jpg.600x335_q85_box-022957556_crop_detail.jpg?fit=600%2C335&resize=350%2C200 1x, https:\/\/i0.wp.com\/cfcontabil.com\/cf\/wp-content\/uploads\/2020\/11\/Simples_Blog.jpg.600x335_q85_box-022957556_crop_detail.jpg?fit=600%2C335&resize=525%2C300 1.5x"},"classes":[]}],"jetpack_likes_enabled":true,"_links":{"self":[{"href":"http:\/\/cfcontabil.com\/cf\/wp-json\/wp\/v2\/posts\/1366","targetHints":{"allow":["GET"]}}],"collection":[{"href":"http:\/\/cfcontabil.com\/cf\/wp-json\/wp\/v2\/posts"}],"about":[{"href":"http:\/\/cfcontabil.com\/cf\/wp-json\/wp\/v2\/types\/post"}],"author":[{"embeddable":true,"href":"http:\/\/cfcontabil.com\/cf\/wp-json\/wp\/v2\/users\/3"}],"replies":[{"embeddable":true,"href":"http:\/\/cfcontabil.com\/cf\/wp-json\/wp\/v2\/comments?post=1366"}],"version-history":[{"count":0,"href":"http:\/\/cfcontabil.com\/cf\/wp-json\/wp\/v2\/posts\/1366\/revisions"}],"wp:featuredmedia":[{"embeddable":true,"href":"http:\/\/cfcontabil.com\/cf\/wp-json\/wp\/v2\/media\/1495"}],"wp:attachment":[{"href":"http:\/\/cfcontabil.com\/cf\/wp-json\/wp\/v2\/media?parent=1366"}],"wp:term":[{"taxonomy":"category","embeddable":true,"href":"http:\/\/cfcontabil.com\/cf\/wp-json\/wp\/v2\/categories?post=1366"},{"taxonomy":"post_tag","embeddable":true,"href":"http:\/\/cfcontabil.com\/cf\/wp-json\/wp\/v2\/tags?post=1366"}],"curies":[{"name":"wp","href":"https:\/\/api.w.org\/{rel}","templated":true}]}}