{"id":1374,"date":"2018-08-30T07:38:27","date_gmt":"2018-08-30T10:38:27","guid":{"rendered":"http:\/\/cfcontabil.com\/cf\/?p=1374"},"modified":"2018-08-30T07:38:27","modified_gmt":"2018-08-30T10:38:27","slug":"receita-federal-intensifica-esclarecimentos-sobre-esocial","status":"publish","type":"post","link":"http:\/\/cfcontabil.com\/cf\/receita-federal-intensifica-esclarecimentos-sobre-esocial\/","title":{"rendered":"Receita Federal intensifica esclarecimentos sobre eSocial"},"content":{"rendered":"\n<p>Servi\u00e7o gratuito funciona de segunda \u00e0 sexta-feira, das 7h \u00e0s 19h<\/p>\n\n\n\n<figure class=\"wp-block-image\"><img data-recalc-dims=\"1\" decoding=\"async\" data-attachment-id=\"1360\" data-permalink=\"http:\/\/cfcontabil.com\/cf\/esocial2\/\" data-orig-file=\"https:\/\/i0.wp.com\/cfcontabil.com\/cf\/wp-content\/uploads\/2018\/08\/esocial2-1.png?fit=807%2C368\" data-orig-size=\"807,368\" data-comments-opened=\"1\" data-image-meta=\"{&quot;aperture&quot;:&quot;0&quot;,&quot;credit&quot;:&quot;&quot;,&quot;camera&quot;:&quot;&quot;,&quot;caption&quot;:&quot;&quot;,&quot;created_timestamp&quot;:&quot;0&quot;,&quot;copyright&quot;:&quot;&quot;,&quot;focal_length&quot;:&quot;0&quot;,&quot;iso&quot;:&quot;0&quot;,&quot;shutter_speed&quot;:&quot;0&quot;,&quot;title&quot;:&quot;&quot;,&quot;orientation&quot;:&quot;0&quot;}\" data-image-title=\"esocial2\" data-image-description=\"\" data-image-caption=\"\" data-large-file=\"https:\/\/i0.wp.com\/cfcontabil.com\/cf\/wp-content\/uploads\/2018\/08\/esocial2-1.png?fit=807%2C368\" src=\"https:\/\/i0.wp.com\/cfcontabil.com\/cf\/wp-content\/uploads\/2018\/08\/esocial2.png?w=1170\" alt=\"\" class=\"wp-image-1360\"\/><\/figure>\n\n\n\n<p>Com objetivo de intensificar informa\u00e7\u00f5es e esclarecer d\u00favidas sobre o funcionamento do Sistema de Escritura\u00e7\u00e3o Digital das Obriga\u00e7\u00f5es Fiscais, Previd\u00eanci\u00e1rias e Trabalhistas (eSocial), a Receita Federal disponibilizou mais uma ferramenta de comunica\u00e7\u00e3o, o servi\u00e7o de 0800.<\/p>\n\n\n\n<p>O canal aceitar\u00e1 liga\u00e7\u00f5es a partir de telefones fixos e esclarecer\u00e1 d\u00favidas operacionais, relacionadas ao envio, consulta e edi\u00e7\u00e3o de eventos transmitidos para o eSocial, al\u00e9m da utiliza\u00e7\u00e3o dos m\u00f3dulos Web do eSocial (Web Empresas, MEI e Web Dom\u00e9stico).<\/p>\n\n\n\n<!--more SAIBA MAIS-->\n\n\n\n<p>No Estado de Mato Grosso do Sul, o sistema impactar\u00e1 aproximadamente 44 mil empresas e ser\u00e1 utilizado pelos empregadores para comunicar ao governo federal, de forma unificada, as informa\u00e7\u00f5es relativas aos trabalhadores, como v\u00ednculos, contribui\u00e7\u00f5es previdenci\u00e1rias, folha de pagamento, comunica\u00e7\u00f5es de acidente de trabalho, aviso pr\u00e9vio, escritura\u00e7\u00f5es fiscais e informa\u00e7\u00f5es sobre o FGTS.<\/p>\n\n\n\n<p><strong>ESCLARECIMENTOS<\/strong><\/p>\n\n\n\n<p>A transmiss\u00e3o eletr\u00f4nica desses dados simplificar\u00e1 a presta\u00e7\u00e3o das informa\u00e7\u00f5es referentes \u00e0s obriga\u00e7\u00f5es fiscais, previdenci\u00e1rias e trabalhistas, de forma a reduzir a burocracia para as empresas. A presta\u00e7\u00e3o das informa\u00e7\u00f5es ao eSocial substituir\u00e1 o preenchimento e a entrega de formul\u00e1rios e declara\u00e7\u00f5es separados a cada ente.<\/p>\n\n\n\n<p>O eSocial est\u00e1 sendo implantado em v\u00e1rias fases e para muitas empresas j\u00e1 \u00e9 obrigat\u00f3rio. No caso de micro e pequenas empresas \u2013 que s\u00e3o aquelas com faturamento anual de at\u00e9 R$ 4,8 milh\u00f5es \u2013 e Microempreendedores Individuais (MEI) &#8211; aqueles que possuam empregados &#8211; a obrigatoriedade de ingressar no eSocial ter\u00e1 in\u00edcio em novembro de 2018.<\/p>\n\n\n\n<p><strong>SERVI\u00c7O<\/strong><\/p>\n\n\n\n<p>O canal de atendimento da Receita para esclarecimentos sobre o eSocial \u00e9\u00a0 o 0800 730 0888 com hor\u00e1rio de funcionamento de segunda \u00e1 sexta-feira, das 7h \u00e0s 19h.\u00a0<\/p>\n","protected":false},"excerpt":{"rendered":"<p>Servi\u00e7o gratuito funciona de segunda \u00e0 sexta-feira, das 7h \u00e0s 19h Com objetivo de intensificar informa\u00e7\u00f5es e esclarecer d\u00favidas sobre o funcionamento do Sistema de Escritura\u00e7\u00e3o Digital das Obriga\u00e7\u00f5es Fiscais, Previd\u00eanci\u00e1rias e Trabalhistas (eSocial), a Receita Federal disponibilizou mais uma ferramenta de comunica\u00e7\u00e3o, o servi\u00e7o de 0800. O canal aceitar\u00e1 liga\u00e7\u00f5es a partir de telefones [&hellip;]<\/p>\n","protected":false},"author":3,"featured_media":1495,"comment_status":"open","ping_status":"open","sticky":false,"template":"","format":"standard","meta":{"jetpack_post_was_ever_published":false,"_jetpack_newsletter_access":"","_jetpack_dont_email_post_to_subs":false,"_jetpack_newsletter_tier_id":0,"_jetpack_memberships_contains_paywalled_content":false,"_jetpack_memberships_contains_paid_content":false,"footnotes":"","jetpack_publicize_message":"","jetpack_publicize_feature_enabled":true,"jetpack_social_post_already_shared":true,"jetpack_social_options":{"image_generator_settings":{"template":"highway","default_image_id":0,"font":"","enabled":false},"version":2}},"categories":[29],"tags":[591,78,71,79,234,74,592],"class_list":["post-1374","post","type-post","status-publish","format-standard","has-post-thumbnail","hentry","category-dp","tag-domesticos","tag-esocial","tag-federal","tag-fgts","tag-inss","tag-receita","tag-web"],"jetpack_publicize_connections":[],"jetpack_featured_media_url":"https:\/\/i0.wp.com\/cfcontabil.com\/cf\/wp-content\/uploads\/2017\/02\/receita-federal-1-1.png?fit=702%2C325","jetpack_sharing_enabled":true,"jetpack_shortlink":"https:\/\/wp.me\/p2wklX-ma","jetpack-related-posts":[{"id":1352,"url":"http:\/\/cfcontabil.com\/cf\/esocial-registra-o-ingresso-de-1-milhao-de-empregadores\/","url_meta":{"origin":1374,"position":0},"title":"eSocial registra o ingresso de 1 milh\u00e3o de empregadores","author":"Ab\u00edlio Gon\u00e7alves","date":"21 de agosto de 2018","format":false,"excerpt":"O eSocial est\u00e1 sendo implantado desde o primeiro semestre deste ano contemplando 5 fases. No primeiro momento foi a vez das empresas com faturamento superior a R$ 78 milh\u00f5es anuais, que passaram a ter a utiliza\u00e7\u00e3o obrigat\u00f3ria do programa a partir de 8 de janeiro de 2018. Esse grupo \u00e9\u2026","rel":"","context":"Em &quot;Departamento Pessoal&quot;","block_context":{"text":"Departamento Pessoal","link":"http:\/\/cfcontabil.com\/cf\/category\/dp\/"},"img":{"alt_text":"","src":"https:\/\/i0.wp.com\/cfcontabil.com\/cf\/wp-content\/uploads\/2017\/06\/esocial-462x234-1.png?fit=462%2C234&resize=350%2C200","width":350,"height":200},"classes":[]},{"id":2651,"url":"http:\/\/cfcontabil.com\/cf\/esocial-apresenta-novo-layout-mais-acessivel-e-simplificado\/","url_meta":{"origin":1374,"position":1},"title":"eSocial apresenta novo layout mais acess\u00edvel e simplificado","author":"Ab\u00edlio Gon\u00e7alves","date":"23 de agosto de 2021","format":false,"excerpt":"Atualiza\u00e7\u00e3o no sistema traz novidades que beneficiam e agilizam o envio de informa\u00e7\u00f5es pelos usu\u00e1rios. Anova vers\u00e3o do eSocial j\u00e1 foi implementada e traz novidades, dentre elas, atualiza\u00e7\u00f5es nas solu\u00e7\u00f5es web e no aplicativo mobile. Nesta nova vers\u00e3o, o sistema foi programado para simplificar o envio de informa\u00e7\u00f5es pelos empregadores,\u2026","rel":"","context":"Em &quot;Departamento Pessoal&quot;","block_context":{"text":"Departamento Pessoal","link":"http:\/\/cfcontabil.com\/cf\/category\/dp\/"},"img":{"alt_text":"","src":"https:\/\/i0.wp.com\/cfcontabil.com\/cf\/wp-content\/uploads\/2018\/10\/esocial-24-09-2-750x430-1.jpg?fit=750%2C430&resize=350%2C200","width":350,"height":200,"srcset":"https:\/\/i0.wp.com\/cfcontabil.com\/cf\/wp-content\/uploads\/2018\/10\/esocial-24-09-2-750x430-1.jpg?fit=750%2C430&resize=350%2C200 1x, https:\/\/i0.wp.com\/cfcontabil.com\/cf\/wp-content\/uploads\/2018\/10\/esocial-24-09-2-750x430-1.jpg?fit=750%2C430&resize=525%2C300 1.5x, https:\/\/i0.wp.com\/cfcontabil.com\/cf\/wp-content\/uploads\/2018\/10\/esocial-24-09-2-750x430-1.jpg?fit=750%2C430&resize=700%2C400 2x"},"classes":[]},{"id":1180,"url":"http:\/\/cfcontabil.com\/cf\/novos-tutoriais-em-video-do-esocial-domestico\/","url_meta":{"origin":1374,"position":2},"title":"Novos tutoriais em v\u00eddeo do eSocial Dom\u00e9stico","author":"Ab\u00edlio Gon\u00e7alves","date":"14 de junho de 2017","format":false,"excerpt":"V\u00eddeos abordam todos os itens do eSocial Dom\u00e9stico, da admiss\u00e3o ao desligamento. Podem ser acessados no menu Empregador Dom\u00e9stico Mais uma novidade para auxiliar os empregadores dom\u00e9sticos: Tutoriais em V\u00eddeo. Produzidos pela Escola Nacional da Inspe\u00e7\u00e3o do Trabalho - ENIT, os v\u00eddeos trazem informa\u00e7\u00f5es detalhadas sobre cada tema do eSocial,\u2026","rel":"","context":"Em &quot;Departamento Pessoal&quot;","block_context":{"text":"Departamento Pessoal","link":"http:\/\/cfcontabil.com\/cf\/category\/dp\/"},"img":{"alt_text":"","src":"https:\/\/i0.wp.com\/cfcontabil.com\/cf\/wp-content\/uploads\/2017\/06\/esocial_video-1.jpeg?fit=768%2C453&resize=350%2C200","width":350,"height":200,"srcset":"https:\/\/i0.wp.com\/cfcontabil.com\/cf\/wp-content\/uploads\/2017\/06\/esocial_video-1.jpeg?fit=768%2C453&resize=350%2C200 1x, https:\/\/i0.wp.com\/cfcontabil.com\/cf\/wp-content\/uploads\/2017\/06\/esocial_video-1.jpeg?fit=768%2C453&resize=525%2C300 1.5x, https:\/\/i0.wp.com\/cfcontabil.com\/cf\/wp-content\/uploads\/2017\/06\/esocial_video-1.jpeg?fit=768%2C453&resize=700%2C400 2x"},"classes":[]},{"id":2027,"url":"http:\/\/cfcontabil.com\/cf\/medias-empresas-concluem-migracao-para-esocial\/","url_meta":{"origin":1374,"position":3},"title":"M\u00e9dias empresas concluem migra\u00e7\u00e3o para eSocial","author":"Ab\u00edlio Gon\u00e7alves","date":"2 de janeiro de 2020","format":false,"excerpt":"Dados de seguran\u00e7a do trabalhador passam a ser inseridos no sistema Sistema informatizado de presta\u00e7\u00e3o de informa\u00e7\u00f5es de empresas e trabalhadores, o\u00a0eSocial\u00a0torna-se completamente obrigat\u00f3rio para os m\u00e9dios empregadores a partir de\u00a0hoje\u00a0(2). Cerca de 1,24 milh\u00e3o de m\u00e9dias empresas, que faturam at\u00e9 R$ 78 milh\u00f5es por ano, dever\u00e3o inserir os dados\u2026","rel":"","context":"Em &quot;Departamento Pessoal&quot;","block_context":{"text":"Departamento Pessoal","link":"http:\/\/cfcontabil.com\/cf\/category\/dp\/"},"img":{"alt_text":"","src":"https:\/\/i0.wp.com\/cfcontabil.com\/cf\/wp-content\/uploads\/2017\/06\/esocial-462x234-1.png?fit=462%2C234&resize=350%2C200","width":350,"height":200},"classes":[]},{"id":1881,"url":"http:\/\/cfcontabil.com\/cf\/novas-funcionalidades-deixam-o-esocial-web-domestico-ainda-mais-simples\/","url_meta":{"origin":1374,"position":4},"title":"Novas funcionalidades deixam o eSocial Web Dom\u00e9stico ainda mais simples","author":"Ab\u00edlio Gon\u00e7alves","date":"12 de novembro de 2019","format":false,"excerpt":"O m\u00f3dulo web dom\u00e9stico passou por grandes mudan\u00e7as a partir desta segunda (11) Novas ferramentas amig\u00e1veis e intuitivas: assistente \"passo a passo\" para f\u00e9rias e desligamento, lan\u00e7amento autom\u00e1tico da primeira parcela do 13\u00ba, alertas na p\u00e1gina principal, reajuste salarial simplificado. Diversas mudan\u00e7as entraram em vigor nesta segunda-feira\u00a0(11). E ainda h\u00e1\u2026","rel":"","context":"Em &quot;Departamento Pessoal&quot;","block_context":{"text":"Departamento Pessoal","link":"http:\/\/cfcontabil.com\/cf\/category\/dp\/"},"img":{"alt_text":"","src":"https:\/\/i0.wp.com\/cfcontabil.com\/cf\/wp-content\/uploads\/2018\/06\/esocial-domestico-1.jpg?fit=600%2C450&resize=350%2C200","width":350,"height":200,"srcset":"https:\/\/i0.wp.com\/cfcontabil.com\/cf\/wp-content\/uploads\/2018\/06\/esocial-domestico-1.jpg?fit=600%2C450&resize=350%2C200 1x, https:\/\/i0.wp.com\/cfcontabil.com\/cf\/wp-content\/uploads\/2018\/06\/esocial-domestico-1.jpg?fit=600%2C450&resize=525%2C300 1.5x"},"classes":[]},{"id":1272,"url":"http:\/\/cfcontabil.com\/cf\/esocial-libera-ambiente-de-testes-para-todas-as-empresas-do-pais\/","url_meta":{"origin":1374,"position":5},"title":"eSocial libera ambiente de testes para todas as empresas do pa\u00eds","author":"Ab\u00edlio Gon\u00e7alves","date":"7 de agosto de 2017","format":false,"excerpt":"Etapa tem como objetivo preparar o setor produtivo para o in\u00edcio da obrigatoriedade do sistema em 2018 O eSocial disponibiliza, a partir da ter\u00e7a-feira (1\u00b0), o acesso ao ambiente de testes da plataforma para todas as empresas do pa\u00eds. A etapa tem como objetivo preparar o setor produtivo para o\u2026","rel":"","context":"Em &quot;Departamento Fiscal&quot;","block_context":{"text":"Departamento Fiscal","link":"http:\/\/cfcontabil.com\/cf\/category\/df\/"},"img":{"alt_text":"","src":"https:\/\/i0.wp.com\/cfcontabil.com\/cf\/wp-content\/uploads\/2017\/06\/esocial-462x234-1.png?fit=462%2C234&resize=350%2C200","width":350,"height":200},"classes":[]}],"jetpack_likes_enabled":true,"_links":{"self":[{"href":"http:\/\/cfcontabil.com\/cf\/wp-json\/wp\/v2\/posts\/1374","targetHints":{"allow":["GET"]}}],"collection":[{"href":"http:\/\/cfcontabil.com\/cf\/wp-json\/wp\/v2\/posts"}],"about":[{"href":"http:\/\/cfcontabil.com\/cf\/wp-json\/wp\/v2\/types\/post"}],"author":[{"embeddable":true,"href":"http:\/\/cfcontabil.com\/cf\/wp-json\/wp\/v2\/users\/3"}],"replies":[{"embeddable":true,"href":"http:\/\/cfcontabil.com\/cf\/wp-json\/wp\/v2\/comments?post=1374"}],"version-history":[{"count":0,"href":"http:\/\/cfcontabil.com\/cf\/wp-json\/wp\/v2\/posts\/1374\/revisions"}],"wp:featuredmedia":[{"embeddable":true,"href":"http:\/\/cfcontabil.com\/cf\/wp-json\/wp\/v2\/media\/1495"}],"wp:attachment":[{"href":"http:\/\/cfcontabil.com\/cf\/wp-json\/wp\/v2\/media?parent=1374"}],"wp:term":[{"taxonomy":"category","embeddable":true,"href":"http:\/\/cfcontabil.com\/cf\/wp-json\/wp\/v2\/categories?post=1374"},{"taxonomy":"post_tag","embeddable":true,"href":"http:\/\/cfcontabil.com\/cf\/wp-json\/wp\/v2\/tags?post=1374"}],"curies":[{"name":"wp","href":"https:\/\/api.w.org\/{rel}","templated":true}]}}