{"id":1377,"date":"2018-08-30T08:17:43","date_gmt":"2018-08-30T11:17:43","guid":{"rendered":"http:\/\/cfcontabil.com\/cf\/?p=1377"},"modified":"2018-08-30T08:17:43","modified_gmt":"2018-08-30T11:17:43","slug":"termina-sexta-feira-o-prazo-para-prestacao-de-informacoes-relacionadas-ao-pert","status":"publish","type":"post","link":"http:\/\/cfcontabil.com\/cf\/termina-sexta-feira-o-prazo-para-prestacao-de-informacoes-relacionadas-ao-pert\/","title":{"rendered":"Termina sexta-feira o prazo para presta\u00e7\u00e3o de informa\u00e7\u00f5es relacionadas ao Pert"},"content":{"rendered":"\n<h6 class=\"wp-block-heading\">O n\u00e3o cumprimento dessa exig\u00eancia implica exclus\u00e3o do Pert<\/h6>\n\n\n\n<figure class=\"wp-block-image\"><img data-recalc-dims=\"1\" decoding=\"async\" src=\"https:\/\/i0.wp.com\/fenacon.org.br\/media\/uploads\/noticias\/2018\/08\/efewrt.jpg.600x335_q85_box-143%2C0%2C804%2C370_crop_detail.jpg?w=1170\" alt=\"\"\/><\/figure>\n\n\n\n<p>Dia 31\/8\/2018 termina o prazo para a presta\u00e7\u00e3o das informa\u00e7\u00f5es necess\u00e1rias \u00e0 consolida\u00e7\u00e3o do Pert. Devem prestar as informa\u00e7\u00f5es os contribuintes que fizeram ades\u00e3o ao Pert na modalidade d\u00e9bitos previdenci\u00e1rios para parcelamento ou para pagamento a vista com utiliza\u00e7\u00e3o de cr\u00e9ditos decorrentes de preju\u00edzo fiscal ou de base de c\u00e1lculo negativa da Contribui\u00e7\u00e3o Social sobre o Lucro L\u00edquido (CSLL) ou outros cr\u00e9ditos.<\/p>\n\n\n\n<!--more SAIBA MAIS-->\n\n\n\n<p>A presta\u00e7\u00e3o dessas informa\u00e7\u00f5es dever\u00e1 ser feita exclusivamente no s\u00edtio da Receita Federal na Internet (<a href=\"http:\/\/rfb.gov.br\/\">http:\/\/rfb.gov.br<\/a>), via e-CAC, nos dias \u00fateis das 7h \u00e0s 21h, hor\u00e1rio de Bras\u00edlia. As principais informa\u00e7\u00f5es a serem prestadas s\u00e3o n\u00famero de presta\u00e7\u00f5es, cr\u00e9ditos que ser\u00e3o utilizados para quitar parte da d\u00edvida e d\u00e9bitos que o contribuinte deseja incluir no programa. O aplicativo permite que o contribuinte altere a modalidade indicada na ades\u00e3o pela efetivamente pretendida.\u00a0<\/p>\n\n\n\n<p>Caso as informa\u00e7\u00f5es n\u00e3o sejam prestadas nesse prazo haver\u00e1 o cancelamento do parcelamento ou da op\u00e7\u00e3o por pagamento \u00e0 vista e perda de todos os benef\u00edcios previstos na legisla\u00e7\u00e3o. Para que a consolida\u00e7\u00e3o no Pert seja efetivada o sujeito passivo deve quitar, at\u00e9 31 de agosto, o eventual saldo devedor das modalidades de pagamento \u00e0 vista e todas as presta\u00e7\u00f5es vencidas at\u00e9 o m\u00eas anterior ao da consolida\u00e7\u00e3o.<\/p>\n\n\n\n<p>Um roteiro contendo o passo a passo para os contribuintes efetivarem a presta\u00e7\u00e3o das informa\u00e7\u00f5es e sanarem as eventuais d\u00favidas pode ser encontrado no s\u00edtio da Receita Federal no endere\u00e7o abaixo:<br\/><a href=\"http:\/\/idg.receita.fazenda.gov.br\/orientacao\/tributaria\/pagamentos-e-parcelamentos\/parcelamentos-especiais\/programa-especial-de-regularizacao-tributaria\/roteiro-de-consolidacao-pert-prev-internet.pdf\">http:\/\/idg.receita.fazenda.gov.br\/orientacao\/tributaria\/pagamentos-e-parcelamentos\/parcelamentos-especiais\/programa-especial-de-regularizacao-tributaria\/roteiro-de-consolidacao-pert-prev-internet.pdf<\/a><\/p>\n\n\n\n<p>O Pert foi institu\u00eddo pela\u00a0<a href=\"http:\/\/www.planalto.gov.br\/ccivil_03\/_ato2015-2018\/2017\/lei\/l13496.htm\">Lei n\u00ba 13.496\/2017\u00a0<\/a>e regulamentado, no \u00e2mbito da Receita Federal, pela\u00a0<a href=\"http:\/\/normas.receita.fazenda.gov.br\/sijut2consulta\/link.action?visao=anotado&amp;idAto=83853\">Instru\u00e7\u00e3o Normativa RFB n\u00ba 1.711\/2017<\/a>. A\u00a0<a href=\"http:\/\/normas.receita.fazenda.gov.br\/sijut2consulta\/link.action?idAto=93816&amp;visao=anotado\">Instru\u00e7\u00e3o Normativa RFB n\u00ba 1822\/2018<\/a>\u00a0estabeleceu as regras necess\u00e1rias \u00e0 presta\u00e7\u00e3o das informa\u00e7\u00f5es para fins de consolida\u00e7\u00e3o de d\u00e9bitos previdenci\u00e1rios. A presta\u00e7\u00e3o das informa\u00e7\u00f5es para consolida\u00e7\u00e3o dos demais d\u00e9bitos ser\u00e1 realizada em etapa posterior.<\/p>\n\n\n\n<p>FONTE: FENACON<\/p>\n","protected":false},"excerpt":{"rendered":"<p>O n\u00e3o cumprimento dessa exig\u00eancia implica exclus\u00e3o do Pert Dia 31\/8\/2018 termina o prazo para a presta\u00e7\u00e3o das informa\u00e7\u00f5es necess\u00e1rias \u00e0 consolida\u00e7\u00e3o do Pert. Devem prestar as informa\u00e7\u00f5es os contribuintes que fizeram ades\u00e3o ao Pert na modalidade d\u00e9bitos previdenci\u00e1rios para parcelamento ou para pagamento a vista com utiliza\u00e7\u00e3o de cr\u00e9ditos decorrentes de preju\u00edzo fiscal ou [&hellip;]<\/p>\n","protected":false},"author":3,"featured_media":1364,"comment_status":"open","ping_status":"open","sticky":false,"template":"","format":"standard","meta":{"jetpack_post_was_ever_published":false,"_jetpack_newsletter_access":"","_jetpack_dont_email_post_to_subs":false,"_jetpack_newsletter_tier_id":0,"_jetpack_memberships_contains_paywalled_content":false,"_jetpack_memberships_contains_paid_content":false,"footnotes":"","jetpack_publicize_message":"","jetpack_publicize_feature_enabled":true,"jetpack_social_post_already_shared":true,"jetpack_social_options":{"image_generator_settings":{"template":"highway","default_image_id":0,"font":"","enabled":false},"version":2}},"categories":[22],"tags":[105,113,520,116,76],"class_list":["post-1377","post","type-post","status-publish","format-standard","has-post-thumbnail","hentry","category-geral","tag-contas","tag-parcelamento","tag-pert","tag-prazo","tag-prestacao"],"jetpack_publicize_connections":[],"jetpack_featured_media_url":"https:\/\/i0.wp.com\/cfcontabil.com\/cf\/wp-content\/uploads\/2018\/08\/pert-1.png?fit=735%2C250","jetpack_sharing_enabled":true,"jetpack_shortlink":"https:\/\/wp.me\/p2wklX-md","jetpack-related-posts":[{"id":1363,"url":"http:\/\/cfcontabil.com\/cf\/termina-dia-31-de-agosto-a-prestacao-das-informacoes-para-consolidacao-do-pert\/","url_meta":{"origin":1377,"position":0},"title":"Termina dia 31 de agosto a presta\u00e7\u00e3o das informa\u00e7\u00f5es para consolida\u00e7\u00e3o do Pert","author":"Ab\u00edlio Gon\u00e7alves","date":"24 de agosto de 2018","format":false,"excerpt":"Roteiro contendo passo a passo para os contribuintes efetivarem a presta\u00e7\u00e3o das informa\u00e7\u00f5es e sanarem as eventuais d\u00favidas relacionadas ao Programa Especial de Regulariza\u00e7\u00e3o Tribut\u00e1ria \u2013 D\u00e9bitos Previdenci\u00e1rios (Pert) pode ser encontrado no site da Receita Federal Dia 31\/8\/2018 termina o prazo para presta\u00e7\u00e3o das informa\u00e7\u00f5es necess\u00e1rias \u00e0 consolida\u00e7\u00e3o do\u2026","rel":"","context":"Em &quot;Departamento Fiscal&quot;","block_context":{"text":"Departamento Fiscal","link":"http:\/\/cfcontabil.com\/cf\/category\/df\/"},"img":{"alt_text":"","src":"https:\/\/i0.wp.com\/cfcontabil.com\/cf\/wp-content\/uploads\/2017\/02\/receita-federal-1-1.png?fit=702%2C325&resize=350%2C200","width":350,"height":200,"srcset":"https:\/\/i0.wp.com\/cfcontabil.com\/cf\/wp-content\/uploads\/2017\/02\/receita-federal-1-1.png?fit=702%2C325&resize=350%2C200 1x, https:\/\/i0.wp.com\/cfcontabil.com\/cf\/wp-content\/uploads\/2017\/02\/receita-federal-1-1.png?fit=702%2C325&resize=525%2C300 1.5x, https:\/\/i0.wp.com\/cfcontabil.com\/cf\/wp-content\/uploads\/2017\/02\/receita-federal-1-1.png?fit=702%2C325&resize=700%2C400 2x"},"classes":[]},{"id":1282,"url":"http:\/\/cfcontabil.com\/cf\/receita-federal-encaminhara-debitos-para-inscricao-em-divida-ativa-da-uniao-em-setembro\/","url_meta":{"origin":1377,"position":1},"title":"Receita Federal encaminhar\u00e1 d\u00e9bitos para inscri\u00e7\u00e3o em D\u00edvida Ativa da Uni\u00e3o em setembro","author":"Ab\u00edlio Gon\u00e7alves","date":"29 de agosto de 2017","format":false,"excerpt":"A inscri\u00e7\u00e3o em d\u00edvida ativa implica a incid\u00eancias de encargos legais no \u00e2mbito da execu\u00e7\u00e3o fiscal A Receita Federal informa que no in\u00edcio de setembro de 2017 encaminhar\u00e1 para inscri\u00e7\u00e3o em D\u00edvida Ativa da Uni\u00e3o os d\u00e9bitos para os quais j\u00e1 se encerraram as a\u00e7\u00f5es administrativas de cobran\u00e7a e que\u2026","rel":"","context":"Em &quot;Departamento Fiscal&quot;","block_context":{"text":"Departamento Fiscal","link":"http:\/\/cfcontabil.com\/cf\/category\/df\/"},"img":{"alt_text":"","src":"https:\/\/i0.wp.com\/cfcontabil.com\/cf\/wp-content\/uploads\/2017\/02\/receita-federal-1-1.png?fit=702%2C325&resize=350%2C200","width":350,"height":200,"srcset":"https:\/\/i0.wp.com\/cfcontabil.com\/cf\/wp-content\/uploads\/2017\/02\/receita-federal-1-1.png?fit=702%2C325&resize=350%2C200 1x, https:\/\/i0.wp.com\/cfcontabil.com\/cf\/wp-content\/uploads\/2017\/02\/receita-federal-1-1.png?fit=702%2C325&resize=525%2C300 1.5x, https:\/\/i0.wp.com\/cfcontabil.com\/cf\/wp-content\/uploads\/2017\/02\/receita-federal-1-1.png?fit=702%2C325&resize=700%2C400 2x"},"classes":[]},{"id":1289,"url":"http:\/\/cfcontabil.com\/cf\/prazo-de-adesao-ao-pert-e-prorrogado-para-29-9-2017\/","url_meta":{"origin":1377,"position":2},"title":"Prazo de ades\u00e3o ao Pert \u00e9 prorrogado para 29-9-2017","author":"Ab\u00edlio Gon\u00e7alves","date":"13 de setembro de 2017","format":false,"excerpt":"MEDIDA PROVIS\u00d3RIA 798, DE 30-8-2017 (DO-U DE 31-8-2017) Exposi\u00e7\u00e3o de Motivos D\u00c9BITO FISCAL \u2013 Parcelamento \u00a0 Prazo de ades\u00e3o ao Pert \u00e9 prorrogado para 29-9-2017 Esta Medida Provis\u00f3ria, que altera a Medida Provis\u00f3ria 783, de 31-5-2017, prorroga o prazo de ades\u00e3o ao Pert (Programa Especial de Regulariza\u00e7\u00e3o Tribut\u00e1ria) para at\u00e9\u2026","rel":"","context":"Em &quot;Departamento Fiscal&quot;","block_context":{"text":"Departamento Fiscal","link":"http:\/\/cfcontabil.com\/cf\/category\/df\/"},"img":{"alt_text":"","src":"https:\/\/i0.wp.com\/cfcontabil.com\/cf\/wp-content\/uploads\/2017\/02\/receita-federal-1-1.png?fit=702%2C325&resize=350%2C200","width":350,"height":200,"srcset":"https:\/\/i0.wp.com\/cfcontabil.com\/cf\/wp-content\/uploads\/2017\/02\/receita-federal-1-1.png?fit=702%2C325&resize=350%2C200 1x, https:\/\/i0.wp.com\/cfcontabil.com\/cf\/wp-content\/uploads\/2017\/02\/receita-federal-1-1.png?fit=702%2C325&resize=525%2C300 1.5x, https:\/\/i0.wp.com\/cfcontabil.com\/cf\/wp-content\/uploads\/2017\/02\/receita-federal-1-1.png?fit=702%2C325&resize=700%2C400 2x"},"classes":[]},{"id":1327,"url":"http:\/\/cfcontabil.com\/cf\/receita-federal-regulamenta-prestacoes-de-informacoes-no-ambito-do-prt\/","url_meta":{"origin":1377,"position":3},"title":"Receita Federal regulamenta presta\u00e7\u00f5es de informa\u00e7\u00f5es no \u00e2mbito do PRT","author":"Ab\u00edlio Gon\u00e7alves","date":"12 de junho de 2018","format":false,"excerpt":"As informa\u00e7\u00f5es s\u00e3o necess\u00e1rias \u00e0 consolida\u00e7\u00e3o dos demais d\u00e9bitos Foi\u00a0publicada, no Di\u00e1rio Oficial da Uni\u00e3o desta\u00a0segunda-feira, dia 11 de junho, a\u00a0Instru\u00e7\u00e3o Normativa RFB n\u00ba 1.809, de 2018, que disp\u00f5e sobre a presta\u00e7\u00e3o das informa\u00e7\u00f5es necess\u00e1rias \u00e0 consolida\u00e7\u00e3o dos demais d\u00e9bitos ( n\u00e3o previdenci\u00e1rios) a serem regularizados na forma do Programa\u2026","rel":"","context":"Em &quot;Departamento Fiscal&quot;","block_context":{"text":"Departamento Fiscal","link":"http:\/\/cfcontabil.com\/cf\/category\/df\/"},"img":{"alt_text":"","src":"https:\/\/i0.wp.com\/cfcontabil.com\/cf\/wp-content\/uploads\/2017\/02\/receita-federal-1-1.png?fit=702%2C325&resize=350%2C200","width":350,"height":200,"srcset":"https:\/\/i0.wp.com\/cfcontabil.com\/cf\/wp-content\/uploads\/2017\/02\/receita-federal-1-1.png?fit=702%2C325&resize=350%2C200 1x, https:\/\/i0.wp.com\/cfcontabil.com\/cf\/wp-content\/uploads\/2017\/02\/receita-federal-1-1.png?fit=702%2C325&resize=525%2C300 1.5x, https:\/\/i0.wp.com\/cfcontabil.com\/cf\/wp-content\/uploads\/2017\/02\/receita-federal-1-1.png?fit=702%2C325&resize=700%2C400 2x"},"classes":[]},{"id":1251,"url":"http:\/\/cfcontabil.com\/cf\/mei-ja-pode-aderir-ao-parcelamento-de-debitos\/","url_meta":{"origin":1377,"position":4},"title":"MEI j\u00e1 pode aderir ao parcelamento de d\u00e9bitos","author":"Ab\u00edlio Gon\u00e7alves","date":"10 de julho de 2017","format":false,"excerpt":"Come\u00e7ou, em 3 de julho, o prazo para ades\u00e3o ao parcelamento de d\u00e9bitos do Microempreendedor Individual (MEI). O programa possui duas modalidades de parcelamento e foi disciplinado pelas Instru\u00e7\u00f5es Normativas RFB n\u00b0 1.713\/2017 e 1.714\/2017. 1) Parcelamento Convencional - permite o parcelamento de todos os d\u00e9bitos declarados na DASN-SIMEI (INSS,\u2026","rel":"","context":"Em &quot;Departamento Fiscal&quot;","block_context":{"text":"Departamento Fiscal","link":"http:\/\/cfcontabil.com\/cf\/category\/df\/"},"img":{"alt_text":"","src":"https:\/\/i0.wp.com\/cfcontabil.com\/cf\/wp-content\/uploads\/2017\/03\/mei-micro-empreendedor-individual-696x287-1.jpg?fit=696%2C287&resize=350%2C200","width":350,"height":200,"srcset":"https:\/\/i0.wp.com\/cfcontabil.com\/cf\/wp-content\/uploads\/2017\/03\/mei-micro-empreendedor-individual-696x287-1.jpg?fit=696%2C287&resize=350%2C200 1x, https:\/\/i0.wp.com\/cfcontabil.com\/cf\/wp-content\/uploads\/2017\/03\/mei-micro-empreendedor-individual-696x287-1.jpg?fit=696%2C287&resize=525%2C300 1.5x"},"classes":[]},{"id":1195,"url":"http:\/\/cfcontabil.com\/cf\/receita-federal-regulamenta-o-programa-especial-de-regularizacao-tributaria-pert\/","url_meta":{"origin":1377,"position":5},"title":"Receita Federal regulamenta o Programa Especial de Regulariza\u00e7\u00e3o Tribut\u00e1ria (PERT)","author":"Ab\u00edlio Gon\u00e7alves","date":"22 de junho de 2017","format":false,"excerpt":"O PERT permite que quaisquer d\u00edvidas para com a Fazenda Nacional, vencidas at\u00e9 30 de abril de 2017, de pessoas f\u00edsicas ou jur\u00eddicas, sejam negociadas em condi\u00e7\u00f5es especiais Foi publicada hoje no Di\u00e1rio Oficial da Uni\u00e3o a Instru\u00e7\u00e3o Normativa RFB n\u00b0 1711\/2017 que trata da renegocia\u00e7\u00e3o de d\u00edvidas lan\u00e7ada pela\u2026","rel":"","context":"Em &quot;Departamento Fiscal&quot;","block_context":{"text":"Departamento Fiscal","link":"http:\/\/cfcontabil.com\/cf\/category\/df\/"},"img":{"alt_text":"","src":"https:\/\/i0.wp.com\/cfcontabil.com\/cf\/wp-content\/uploads\/2016\/03\/dinheiro-1.jpg?fit=661%2C351&resize=350%2C200","width":350,"height":200,"srcset":"https:\/\/i0.wp.com\/cfcontabil.com\/cf\/wp-content\/uploads\/2016\/03\/dinheiro-1.jpg?fit=661%2C351&resize=350%2C200 1x, https:\/\/i0.wp.com\/cfcontabil.com\/cf\/wp-content\/uploads\/2016\/03\/dinheiro-1.jpg?fit=661%2C351&resize=525%2C300 1.5x"},"classes":[]}],"jetpack_likes_enabled":true,"_links":{"self":[{"href":"http:\/\/cfcontabil.com\/cf\/wp-json\/wp\/v2\/posts\/1377","targetHints":{"allow":["GET"]}}],"collection":[{"href":"http:\/\/cfcontabil.com\/cf\/wp-json\/wp\/v2\/posts"}],"about":[{"href":"http:\/\/cfcontabil.com\/cf\/wp-json\/wp\/v2\/types\/post"}],"author":[{"embeddable":true,"href":"http:\/\/cfcontabil.com\/cf\/wp-json\/wp\/v2\/users\/3"}],"replies":[{"embeddable":true,"href":"http:\/\/cfcontabil.com\/cf\/wp-json\/wp\/v2\/comments?post=1377"}],"version-history":[{"count":0,"href":"http:\/\/cfcontabil.com\/cf\/wp-json\/wp\/v2\/posts\/1377\/revisions"}],"wp:featuredmedia":[{"embeddable":true,"href":"http:\/\/cfcontabil.com\/cf\/wp-json\/wp\/v2\/media\/1364"}],"wp:attachment":[{"href":"http:\/\/cfcontabil.com\/cf\/wp-json\/wp\/v2\/media?parent=1377"}],"wp:term":[{"taxonomy":"category","embeddable":true,"href":"http:\/\/cfcontabil.com\/cf\/wp-json\/wp\/v2\/categories?post=1377"},{"taxonomy":"post_tag","embeddable":true,"href":"http:\/\/cfcontabil.com\/cf\/wp-json\/wp\/v2\/tags?post=1377"}],"curies":[{"name":"wp","href":"https:\/\/api.w.org\/{rel}","templated":true}]}}