{"id":1380,"date":"2018-08-31T07:53:34","date_gmt":"2018-08-31T10:53:34","guid":{"rendered":"http:\/\/cfcontabil.com\/cf\/?p=1380"},"modified":"2018-08-31T07:53:34","modified_gmt":"2018-08-31T10:53:34","slug":"dctfweb-entra-em-producao-e-substituira-a-gfip","status":"publish","type":"post","link":"http:\/\/cfcontabil.com\/cf\/dctfweb-entra-em-producao-e-substituira-a-gfip\/","title":{"rendered":"DCTFWeb entra em produ\u00e7\u00e3o e substituir\u00e1 a GFIP"},"content":{"rendered":"\n<h4 class=\"wp-block-heading\">A exig\u00eancia da declara\u00e7\u00e3o se dar\u00e1 de forma gradual<\/h4>\n\n\n\n<figure class=\"wp-block-image\"><img data-recalc-dims=\"1\" decoding=\"async\" src=\"https:\/\/i0.wp.com\/fenacon.org.br\/media\/uploads\/noticias\/2018\/08\/427844f18615b42a9b5da34c7454c2c0.jpg.600x335_q85_box-52%2C4%2C600%2C310_crop_detail.jpg?w=1170\" alt=\"\"\/><\/figure>\n\n\n\n<p><\/p>\n\n\n\n<p>Est\u00e1 dispon\u00edvel, no s\u00edtio da Receita Federal na internet, a Declara\u00e7\u00e3o de D\u00e9bitos e Cr\u00e9ditos Tribut\u00e1rios Federais Previdenci\u00e1rios e de Outras Entidades e Fundos (DCTFWeb).<\/p>\n\n\n\n<p>A DCTFWeb \u00e9 a declara\u00e7\u00e3o que substituir\u00e1 a Guia de Recolhimento do FGTS e Informa\u00e7\u00f5es \u00e0 Previd\u00eancia Social (GFIP) e ser\u00e1 exigida, neste primeiro momento, apenas das empresas que, em 2016, tiveram faturamento superior a R$ 78 milh\u00f5es ou que aderiram facultativamente ao eSocial. Para essas empresas, a DCTFWeb passa a ser o instrumento de confiss\u00e3o de d\u00e9bitos previdenci\u00e1rios e de terceiros relativos a fatos geradores (per\u00edodos de apura\u00e7\u00e3o) ocorridos a partir de 1\u00ba de agosto de 2018.<\/p>\n\n\n\n<p>A DCTFWeb deve ser entregue at\u00e9 o dia 15 do m\u00eas seguinte ao da ocorr\u00eancia dos fatos geradores. Portanto, a primeira entrega dever\u00e1 ocorrer at\u00e9 o dia 14 de setembro, considerando que o dia 15 de setembro n\u00e3o \u00e9 dia \u00fatil.<\/p>\n\n\n\n<!--more saiba mais-->\n\n\n\n<p>A declara\u00e7\u00e3o dever\u00e1 ser elaborada a partir do Sistema DCTFWeb. Para acessar o sistema, o contribuinte dever\u00e1 entrar na p\u00e1gina da Receita Federal na internet, no endere\u00e7o\u00a0<a href=\"http:\/\/idg.receita.fazenda.gov.br\/\">http:\/\/idg.receita.fazenda.gov.br<\/a>. Ap\u00f3s, clicar em \u201cServi\u00e7os para o cidad\u00e3o e para a empresa\u201d e, a seguir, em \u201cPortal e-CAC\u201d. Uma vez efetuado o login, deve-se clicar em \u201cDeclara\u00e7\u00f5es e Demonstrativos\u201d e, na sequ\u00eancia, em \u201cAcessar o sistema DCTFWEB\u201d.<\/p>\n\n\n\n<p>Tamb\u00e9m j\u00e1 est\u00e1 dispon\u00edvel nova vers\u00e3o do aplicativo PER\/DCOMP Web que permite a compensa\u00e7\u00e3o dos d\u00e9bitos oriundos da DCTFWeb, inclusive com a possibilidade de aproveitamento de cr\u00e9ditos fazend\u00e1rios apurados a partir de agosto de 2018.<\/p>\n\n\n\n<p>A integra\u00e7\u00e3o entre as escritura\u00e7\u00f5es do eSocial e\/ou da EFD-Reinf e a DCTFWeb \u00e9 feita de forma autom\u00e1tica ap\u00f3s o envio, com sucesso, dos eventos de fechamento das escritura\u00e7\u00f5es. O sistema DCTFWeb recebe os dados e gera automaticamente a declara\u00e7\u00e3o, que aparecer\u00e1 na situa\u00e7\u00e3o \u201cem andamento\u201d. Quando as informa\u00e7\u00f5es das duas escritura\u00e7\u00f5es se referirem ao mesmo per\u00edodo de apura\u00e7\u00e3o, o sistema gera uma s\u00f3 DCTFWeb, consolidando os dados.<\/p>\n\n\n\n<p>Para os contribuintes obrigados \u00e0 DCTFWeb, todos os recolhimentos de contribui\u00e7\u00f5es previdenci\u00e1rias dever\u00e3o ser feitos por meio de Documento de Arrecada\u00e7\u00e3o de Receitas Federais (Darf) emitido pelo pr\u00f3prio aplicativo. O vencimento das contribui\u00e7\u00f5es continua o mesmo, ou seja, at\u00e9 o dia 20 do m\u00eas seguinte \u00e0 ocorr\u00eancia dos fatos geradores.<\/p>\n\n\n\n<p>O sistema DCTFWeb \u00e9 compat\u00edvel com os navegadores das seguintes vers\u00f5es: Google Chrome 62 a 65, Firefox 52 e Internet Explorer 11. Para assinatura da declara\u00e7\u00e3o \u00e9 necess\u00e1ria a utiliza\u00e7\u00e3o do Java, a partir da vers\u00e3o 1.7.<\/p>\n\n\n\n<p>Os erros que porventura acontecerem ao utilizar a DCTFWeb dever\u00e3o ser reportados, por e-mail, para o seguinte endere\u00e7o: &lt;dctfweb@receita.fazenda.gov.br>. Mas, antes de enviar o e-mail, deve-se primeiro verificar se o assunto j\u00e1 foi esclarecido nas perguntas frequentes ou nos manuais, dispon\u00edveis nos seguintes endere\u00e7os:<\/p>\n\n\n\n<ul class=\"wp-block-list\"><li>Perguntas frequentes sobre a integra\u00e7\u00e3o da EFD-Reinf com a DCTFWeb (ver item 7):\u00a0<a href=\"http:\/\/sped.rfb.gov.br\/pastaperguntas\/show\/1497\">http:\/\/sped.rfb.gov.br\/pastaperguntas\/show\/1497<\/a><\/li><li>Perguntas frequentes \u2013 Web Service \u2013 eSocial :\u00a0<a href=\"https:\/\/portal.esocial.gov.br\/institucional\/ambiente-de-producao-restrita\/perguntas-frequentes-producao-restrita\">https:\/\/portal.esocial.gov.br\/institucional\/ambiente-de-producao-restrita\/perguntas-frequentes-producao-restrita<\/a><\/li><li>Manual de Orienta\u00e7\u00e3o da DCTFWeb\u00a0<a href=\"http:\/\/idg.receita.fazenda.gov.br\/orientacao\/tributaria\/declaracoes-e-demonstrativos\/DCTFWeb\/DCTFWeb\">http:\/\/idg.receita.fazenda.gov.br\/orientacao\/tributaria\/declaracoes-e-demonstrativos\/DCTFWeb\/DCTFWeb<\/a><\/li><li>Manual de Orienta\u00e7\u00e3o da EFD-Reinf \u2013 MOR\u00a0<a href=\"http:\/\/sped.rfb.gov.br\/pasta\/show\/2225\">http:\/\/sped.rfb.gov.br\/pasta\/show\/2225<\/a><\/li><li>Manual de Orienta\u00e7\u00e3o do eSocial \u2013 MOS\u00a0<a href=\"http:\/\/portal.esocial.gov.br\/institucional\/documentacao-tecnica\">http:\/\/portal.esocial.gov.br\/institucional\/documentacao-tecnica<\/a><\/li><\/ul>\n\n\n\n<p>Para detalhamento dos procedimentos de edi\u00e7\u00e3o e transmiss\u00e3o da declara\u00e7\u00e3o e daqueles necess\u00e1rios \u00e0 emiss\u00e3o do Darf, acesse o Manual da DCTFWeb dispon\u00edvel em\u00a0<a href=\"http:\/\/idg.receita.fazenda.gov.br\/orientacao\/tributaria\/declaracoes-e-demonstrativos\/DCTFWeb\/manual-dctfweb-30-07-18.pdf\">http:\/\/idg.receita.fazenda.gov.br\/orientacao\/tributaria\/declaracoes-e-demonstrativos\/DCTFWeb\/manual-dctfweb-30-07-18.pdf<\/a><\/p>\n\n\n\n<p><a href=\"http:\/\/idg.receita.fazenda.gov.br\/noticias\/ascom\/2018\/agosto\/dctfweb-entra-em-producao-e-substituira-a-gfip\/esclarecimentos-dctfweb.pdf\">Aqui<\/a>\u00a0est\u00e3o relacionados alguns esclarecimentos sobre as d\u00favidas mais comuns recebidas pela Receita Federal a respeito da DCTFWeb.<\/p>\n\n\n\n<p>Fonte: FENACON<\/p>\n","protected":false},"excerpt":{"rendered":"<p>A exig\u00eancia da declara\u00e7\u00e3o se dar\u00e1 de forma gradual Est\u00e1 dispon\u00edvel, no s\u00edtio da Receita Federal na internet, a Declara\u00e7\u00e3o de D\u00e9bitos e Cr\u00e9ditos Tribut\u00e1rios Federais Previdenci\u00e1rios e de Outras Entidades e Fundos (DCTFWeb). A DCTFWeb \u00e9 a declara\u00e7\u00e3o que substituir\u00e1 a Guia de Recolhimento do FGTS e Informa\u00e7\u00f5es \u00e0 Previd\u00eancia Social (GFIP) e ser\u00e1 [&hellip;]<\/p>\n","protected":false},"author":3,"featured_media":0,"comment_status":"open","ping_status":"open","sticky":false,"template":"","format":"standard","meta":{"jetpack_post_was_ever_published":false,"_jetpack_newsletter_access":"","_jetpack_dont_email_post_to_subs":false,"_jetpack_newsletter_tier_id":0,"_jetpack_memberships_contains_paywalled_content":false,"_jetpack_memberships_contains_paid_content":false,"footnotes":"","jetpack_publicize_message":"","jetpack_publicize_feature_enabled":true,"jetpack_social_post_already_shared":true,"jetpack_social_options":{"image_generator_settings":{"template":"highway","default_image_id":0,"font":"","enabled":false},"version":2}},"categories":[29],"tags":[593,594,285,586,595,234],"class_list":["post-1380","post","type-post","status-publish","format-standard","hentry","category-dp","tag-darf","tag-dcomp","tag-dctf","tag-dctfweb","tag-gps","tag-inss"],"jetpack_publicize_connections":[],"jetpack_featured_media_url":"","jetpack_sharing_enabled":true,"jetpack_shortlink":"https:\/\/wp.me\/p2wklX-mg","jetpack-related-posts":[{"id":1399,"url":"http:\/\/cfcontabil.com\/cf\/receita-esclarece-instrucoes-para-emissao-de-darf-avulso\/","url_meta":{"origin":1380,"position":0},"title":"Receita esclarece instru\u00e7\u00f5es para emiss\u00e3o de Darf Avulso","author":"Ab\u00edlio Gon\u00e7alves","date":"17 de outubro de 2018","format":false,"excerpt":"Caso de n\u00e3o fechamento completo da folha no eSocial ou dificuldades no Reinf Instru\u00e7\u00f5es para emiss\u00e3o de DARF Avulso no caso de n\u00e3o fechamento completo da folha no e-Social ou de dificuldades com o fechamento do Reinf A Receita Federal informa que, no per\u00edodo de apura\u00e7\u00e3o de setembro de 2018,\u2026","rel":"","context":"Em &quot;Departamento Pessoal&quot;","block_context":{"text":"Departamento Pessoal","link":"http:\/\/cfcontabil.com\/cf\/category\/dp\/"},"img":{"alt_text":"","src":"https:\/\/i0.wp.com\/cfcontabil.com\/cf\/wp-content\/uploads\/2018\/10\/de-darf-avulso-1.png.600x335_q85_box-60915506_crop_detail-1.png?fit=600%2C335&resize=350%2C200","width":350,"height":200,"srcset":"https:\/\/i0.wp.com\/cfcontabil.com\/cf\/wp-content\/uploads\/2018\/10\/de-darf-avulso-1.png.600x335_q85_box-60915506_crop_detail-1.png?fit=600%2C335&resize=350%2C200 1x, https:\/\/i0.wp.com\/cfcontabil.com\/cf\/wp-content\/uploads\/2018\/10\/de-darf-avulso-1.png.600x335_q85_box-60915506_crop_detail-1.png?fit=600%2C335&resize=525%2C300 1.5x"},"classes":[]},{"id":1352,"url":"http:\/\/cfcontabil.com\/cf\/esocial-registra-o-ingresso-de-1-milhao-de-empregadores\/","url_meta":{"origin":1380,"position":1},"title":"eSocial registra o ingresso de 1 milh\u00e3o de empregadores","author":"Ab\u00edlio Gon\u00e7alves","date":"21 de agosto de 2018","format":false,"excerpt":"O eSocial est\u00e1 sendo implantado desde o primeiro semestre deste ano contemplando 5 fases. No primeiro momento foi a vez das empresas com faturamento superior a R$ 78 milh\u00f5es anuais, que passaram a ter a utiliza\u00e7\u00e3o obrigat\u00f3ria do programa a partir de 8 de janeiro de 2018. Esse grupo \u00e9\u2026","rel":"","context":"Em &quot;Departamento Pessoal&quot;","block_context":{"text":"Departamento Pessoal","link":"http:\/\/cfcontabil.com\/cf\/category\/dp\/"},"img":{"alt_text":"","src":"https:\/\/i0.wp.com\/cfcontabil.com\/cf\/wp-content\/uploads\/2017\/06\/esocial-462x234-1.png?fit=462%2C234&resize=350%2C200","width":350,"height":200},"classes":[]},{"id":2261,"url":"http:\/\/cfcontabil.com\/cf\/receita-federal-amplia-lista-de-servicos-atendidos-pelo-chat\/","url_meta":{"origin":1380,"position":2},"title":"Receita Federal amplia lista de servi\u00e7os atendidos pelo chat","author":"Ab\u00edlio Gon\u00e7alves","date":"13 de abril de 2020","format":false,"excerpt":"Medida evita deslocamentos at\u00e9 unidades de atendimento A Receita Federal ampliou a lista de servi\u00e7os que s\u00e3o prestados de maneira virtual pelo\u00a0chat\u00a0(atendimento\u00a0online) para evitar deslocamentos at\u00e9 as unidades de atendimento presencial no per\u00edodo de quarentena por causa do coronav\u00edrus. O\u00a0chat\u00a0da Receita foi criado em abril de 2019. A ferramenta permite\u2026","rel":"","context":"Em &quot;Departamento Fiscal&quot;","block_context":{"text":"Departamento Fiscal","link":"http:\/\/cfcontabil.com\/cf\/category\/df\/"},"img":{"alt_text":"","src":"https:\/\/i0.wp.com\/cfcontabil.com\/cf\/wp-content\/uploads\/2020\/04\/celularmaos.jpg?fit=1170%2C700&resize=350%2C200","width":350,"height":200,"srcset":"https:\/\/i0.wp.com\/cfcontabil.com\/cf\/wp-content\/uploads\/2020\/04\/celularmaos.jpg?fit=1170%2C700&resize=350%2C200 1x, https:\/\/i0.wp.com\/cfcontabil.com\/cf\/wp-content\/uploads\/2020\/04\/celularmaos.jpg?fit=1170%2C700&resize=525%2C300 1.5x, https:\/\/i0.wp.com\/cfcontabil.com\/cf\/wp-content\/uploads\/2020\/04\/celularmaos.jpg?fit=1170%2C700&resize=700%2C400 2x, https:\/\/i0.wp.com\/cfcontabil.com\/cf\/wp-content\/uploads\/2020\/04\/celularmaos.jpg?fit=1170%2C700&resize=1050%2C600 3x"},"classes":[]},{"id":1178,"url":"http:\/\/cfcontabil.com\/cf\/veja-as-obrigacoes-trabalhistas-a-serem-extintas-com-o-esocial\/","url_meta":{"origin":1380,"position":3},"title":"Veja as obriga\u00e7\u00f5es trabalhistas a serem extintas com o eSocial","author":"Ab\u00edlio Gon\u00e7alves","date":"13 de junho de 2017","format":false,"excerpt":"Com a implementa\u00e7\u00e3o, a transmiss\u00e3o das informa\u00e7\u00f5es ser\u00e1 feita de forma \u00fanica e centralizada Atualmente as informa\u00e7\u00f5es geradas pelos Departamentos Pessoais das empresas s\u00e3o transmitidas a diversos \u00f3rg\u00e3os diferentes, como a Caixa Econ\u00f4mica Federal (CEF), Instituto Nacional do Seguro Social (INSS), o Minist\u00e9rio da Previd\u00eancia (MPS), o Minist\u00e9rio do Trabalho\u2026","rel":"","context":"Em &quot;Departamento Pessoal&quot;","block_context":{"text":"Departamento Pessoal","link":"http:\/\/cfcontabil.com\/cf\/category\/dp\/"},"img":{"alt_text":"","src":"https:\/\/i0.wp.com\/cfcontabil.com\/cf\/wp-content\/uploads\/2016\/03\/E-social-1-1.jpg?fit=660%2C271&resize=350%2C200","width":350,"height":200,"srcset":"https:\/\/i0.wp.com\/cfcontabil.com\/cf\/wp-content\/uploads\/2016\/03\/E-social-1-1.jpg?fit=660%2C271&resize=350%2C200 1x, https:\/\/i0.wp.com\/cfcontabil.com\/cf\/wp-content\/uploads\/2016\/03\/E-social-1-1.jpg?fit=660%2C271&resize=525%2C300 1.5x"},"classes":[]},{"id":2086,"url":"http:\/\/cfcontabil.com\/cf\/a-empresa-esta-inativa-ou-sem-movimento\/","url_meta":{"origin":1380,"position":4},"title":"A empresa est\u00e1 INATIVA ou SEM MOVIMENTO?","author":"Ab\u00edlio Gon\u00e7alves","date":"17 de janeiro de 2020","format":false,"excerpt":"A maioria dos empres\u00e1rios afirmam que sua empresa est\u00e1 inativa, por ter\u00a0 simplesmente parado de vender. Mas ser\u00e1 que h\u00e1 o real entendimento do que \u00e9 uma empresa inativa? E podem acabar se equivocando ao pensar que a empresa seja\u00a0 inativa ou\u00a0 sem movimento, est\u00e1 dispensada do cumprimento das obriga\u00e7\u00f5es\u2026","rel":"","context":"Em &quot;Departamento Fiscal&quot;","block_context":{"text":"Departamento Fiscal","link":"http:\/\/cfcontabil.com\/cf\/category\/df\/"},"img":{"alt_text":"","src":"https:\/\/i0.wp.com\/cfcontabil.com\/cf\/wp-content\/uploads\/2020\/01\/Post-Empresa-Inativa.jpeg?fit=1080%2C1080&resize=350%2C200","width":350,"height":200,"srcset":"https:\/\/i0.wp.com\/cfcontabil.com\/cf\/wp-content\/uploads\/2020\/01\/Post-Empresa-Inativa.jpeg?fit=1080%2C1080&resize=350%2C200 1x, https:\/\/i0.wp.com\/cfcontabil.com\/cf\/wp-content\/uploads\/2020\/01\/Post-Empresa-Inativa.jpeg?fit=1080%2C1080&resize=525%2C300 1.5x, https:\/\/i0.wp.com\/cfcontabil.com\/cf\/wp-content\/uploads\/2020\/01\/Post-Empresa-Inativa.jpeg?fit=1080%2C1080&resize=700%2C400 2x, https:\/\/i0.wp.com\/cfcontabil.com\/cf\/wp-content\/uploads\/2020\/01\/Post-Empresa-Inativa.jpeg?fit=1080%2C1080&resize=1050%2C600 3x"},"classes":[]},{"id":1249,"url":"http:\/\/cfcontabil.com\/cf\/pgfn-publica-regulamentacao-do-parcelamento-especial-de-debitos-previdenciarios-de-entes-federativos\/","url_meta":{"origin":1380,"position":5},"title":"PGFN publica regulamenta\u00e7\u00e3o do parcelamento especial de d\u00e9bitos previdenci\u00e1rios de entes federativos","author":"Ab\u00edlio Gon\u00e7alves","date":"3 de julho de 2017","format":false,"excerpt":"Parcelamento foi institu\u00eddo pela Medida Provis\u00f3ria n\u00b0 778\/2017 A Procuradoria-Geral da Fazenda Nacional (PGFN) publicou em 19 de junho de 2017 no Di\u00e1rio Oficial da Uni\u00e3o (DOU) a Portaria PGFN n\u00b0 645, de 16 de junho de 2017. O texto trata do parcelamento especial de d\u00e9bitos previdenci\u00e1rios junto \u00e0 Uni\u00e3o\u2026","rel":"","context":"Em &quot;Departamento Fiscal&quot;","block_context":{"text":"Departamento Fiscal","link":"http:\/\/cfcontabil.com\/cf\/category\/df\/"},"img":{"alt_text":"","src":"https:\/\/i0.wp.com\/cfcontabil.com\/cf\/wp-content\/uploads\/2016\/03\/dinheiro-1.jpg?fit=661%2C351&resize=350%2C200","width":350,"height":200,"srcset":"https:\/\/i0.wp.com\/cfcontabil.com\/cf\/wp-content\/uploads\/2016\/03\/dinheiro-1.jpg?fit=661%2C351&resize=350%2C200 1x, https:\/\/i0.wp.com\/cfcontabil.com\/cf\/wp-content\/uploads\/2016\/03\/dinheiro-1.jpg?fit=661%2C351&resize=525%2C300 1.5x"},"classes":[]}],"jetpack_likes_enabled":true,"_links":{"self":[{"href":"http:\/\/cfcontabil.com\/cf\/wp-json\/wp\/v2\/posts\/1380","targetHints":{"allow":["GET"]}}],"collection":[{"href":"http:\/\/cfcontabil.com\/cf\/wp-json\/wp\/v2\/posts"}],"about":[{"href":"http:\/\/cfcontabil.com\/cf\/wp-json\/wp\/v2\/types\/post"}],"author":[{"embeddable":true,"href":"http:\/\/cfcontabil.com\/cf\/wp-json\/wp\/v2\/users\/3"}],"replies":[{"embeddable":true,"href":"http:\/\/cfcontabil.com\/cf\/wp-json\/wp\/v2\/comments?post=1380"}],"version-history":[{"count":0,"href":"http:\/\/cfcontabil.com\/cf\/wp-json\/wp\/v2\/posts\/1380\/revisions"}],"wp:attachment":[{"href":"http:\/\/cfcontabil.com\/cf\/wp-json\/wp\/v2\/media?parent=1380"}],"wp:term":[{"taxonomy":"category","embeddable":true,"href":"http:\/\/cfcontabil.com\/cf\/wp-json\/wp\/v2\/categories?post=1380"},{"taxonomy":"post_tag","embeddable":true,"href":"http:\/\/cfcontabil.com\/cf\/wp-json\/wp\/v2\/tags?post=1380"}],"curies":[{"name":"wp","href":"https:\/\/api.w.org\/{rel}","templated":true}]}}