{"id":1384,"date":"2018-09-01T05:30:35","date_gmt":"2018-09-01T08:30:35","guid":{"rendered":"http:\/\/cfcontabil.com\/cf\/?p=1384"},"modified":"2018-09-01T05:30:35","modified_gmt":"2018-09-01T08:30:35","slug":"receita-vai-permitir-novos-parcelamentos-de-dividas-para-empresas-no-simples","status":"publish","type":"post","link":"http:\/\/cfcontabil.com\/cf\/receita-vai-permitir-novos-parcelamentos-de-dividas-para-empresas-no-simples\/","title":{"rendered":"Receita vai permitir novos parcelamentos de d\u00edvidas para empresas no Simples"},"content":{"rendered":"\n<h6 class=\"wp-block-heading\">Aten\u00e7\u00e3o que o efeito pr\u00e1tico a partir de 2019<\/h6>\n\n\n\n<p>A Receita Federal vai permitir que micro e pequenas empresas optantes do Simples possam fazer novos parcelamentos de d\u00e9bitos. Uma nova resolu\u00e7\u00e3o do Comit\u00ea Gestor do Simples Nacional (142\/18) prev\u00ea a possibilidade de negocia\u00e7\u00e3o de mais de dois reparcelamentos anuais.\u00a0<\/p>\n\n\n\n<p>A mudan\u00e7a foi aprovada neste m\u00eas de agosto e publicada no Di\u00e1rio Oficial da Uni\u00e3o em 24\/8, por meio da Resolu\u00e7\u00e3o 142\/18. Entre outros ajustes, ela muda uma resolu\u00e7\u00e3o anterior (140\/18) para incluir uma nova reda\u00e7\u00e3o na se\u00e7\u00e3o que trata do reparcelamento de d\u00e9bitos.\u00a0<\/p>\n\n\n\n<!--more entenda como vai funcionar:-->\n\n\n\n<p>\u201cNo \u00e2mbito de cada \u00f3rg\u00e3o concessor, ser\u00e3o admitidos reparcelamentos de d\u00e9bitos no \u00e2mbito do Simples Nacional constantes de parcelamento em curso ou que tenha sido rescindido, podendo ser inclu\u00eddos novos d\u00e9bitos, concedendo-se novo prazo observado o limite de que trata o inciso I do art. 46.\u201d Esse limite prev\u00ea que o prazo m\u00e1ximo ser\u00e1 de at\u00e9 60 parcelas mensais e sucessivas.\u00a0<\/p>\n\n\n\n<p>Como explica a Receita Federal, atualmente \u00e9 poss\u00edvel fazer at\u00e9 dois reparcelamentos por contribuinte, desde que haja o pagamento m\u00ednimo de 10% do total da d\u00edvida no primeiro e de 20% a partir do segundo reparcelamento. A partir da mudan\u00e7a, poder\u00e3o ser feitos mais do que dois reparcelamentos, desde que respeitados esses m\u00ednimos de 10% ou 20% do total da d\u00edvida.<\/p>\n\n\n\n<p>Vale lembrar que, temporariamente, a resolu\u00e7\u00e3o 140\/18 do Comit\u00ea Gestor do Simples Nacional suspende o segundo reparcelamento anual at\u00e9 31\/12 deste 2018. Ou seja, at\u00e9 o ano que vem a Receita s\u00f3 pode aceitar um reparcelamento por ano, mas sem a cobran\u00e7a dos pagamentos m\u00ednimos. Ou seja, a mudan\u00e7a que amplia essa possibilidade s\u00f3 ter\u00e1 efeito pr\u00e1tico a partir de 2019.\u00a0<\/p>\n","protected":false},"excerpt":{"rendered":"<p>Aten\u00e7\u00e3o que o efeito pr\u00e1tico a partir de 2019 A Receita Federal vai permitir que micro e pequenas empresas optantes do Simples possam fazer novos parcelamentos de d\u00e9bitos. Uma nova resolu\u00e7\u00e3o do Comit\u00ea Gestor do Simples Nacional (142\/18) prev\u00ea a possibilidade de negocia\u00e7\u00e3o de mais de dois reparcelamentos anuais.\u00a0 A mudan\u00e7a foi aprovada neste m\u00eas [&hellip;]<\/p>\n","protected":false},"author":3,"featured_media":862,"comment_status":"open","ping_status":"open","sticky":false,"template":"","format":"standard","meta":{"jetpack_post_was_ever_published":false,"_jetpack_newsletter_access":"","_jetpack_dont_email_post_to_subs":false,"_jetpack_newsletter_tier_id":0,"_jetpack_memberships_contains_paywalled_content":false,"_jetpack_memberships_contains_paid_content":false,"footnotes":"","jetpack_publicize_message":"","jetpack_publicize_feature_enabled":true,"jetpack_social_post_already_shared":true,"jetpack_social_options":{"image_generator_settings":{"template":"highway","default_image_id":0,"font":"","enabled":false},"version":2}},"categories":[46],"tags":[211,113,596,213],"class_list":["post-1384","post","type-post","status-publish","format-standard","has-post-thumbnail","hentry","category-df","tag-nacional","tag-parcelamento","tag-reparcelamento","tag-simples"],"jetpack_publicize_connections":[],"jetpack_featured_media_url":"https:\/\/i0.wp.com\/cfcontabil.com\/cf\/wp-content\/uploads\/2017\/01\/simples-1.jpg?fit=520%2C271","jetpack_sharing_enabled":true,"jetpack_shortlink":"https:\/\/wp.me\/p2wklX-mk","jetpack-related-posts":[{"id":1366,"url":"http:\/\/cfcontabil.com\/cf\/comite-gestor-do-simples-nacional-publica-nova-resolucao-e-portaria\/","url_meta":{"origin":1384,"position":0},"title":"Comit\u00ea Gestor do Simples Nacional publica nova Resolu\u00e7\u00e3o e Portaria","author":"Ab\u00edlio Gon\u00e7alves","date":"27 de agosto de 2018","format":false,"excerpt":"As novidades se referem a parcelamento do MEI, reparcelamentos no Simples Nacional, corre\u00e7\u00e3o de reda\u00e7\u00e3o e adapta\u00e7\u00e3o \u00e0 realidade atual Foram publicadas no Di\u00e1rio Oficial da Uni\u00e3o, de 24 de agosto de 2018, a\u00a0Resolu\u00e7\u00e3o CGSN n\u00ba 142\u00a0e a\u00a0Portaria CGSN n\u00ba 25. A Resolu\u00e7\u00e3o CGSN n\u00ba 142 tr\u00e1s as seguintes inova\u00e7\u00f5es:\u2026","rel":"","context":"Em &quot;Departamento Fiscal&quot;","block_context":{"text":"Departamento Fiscal","link":"http:\/\/cfcontabil.com\/cf\/category\/df\/"},"img":{"alt_text":"","src":"https:\/\/i0.wp.com\/cfcontabil.com\/cf\/wp-content\/uploads\/2017\/02\/receita-federal-1-1.png?fit=702%2C325&resize=350%2C200","width":350,"height":200,"srcset":"https:\/\/i0.wp.com\/cfcontabil.com\/cf\/wp-content\/uploads\/2017\/02\/receita-federal-1-1.png?fit=702%2C325&resize=350%2C200 1x, https:\/\/i0.wp.com\/cfcontabil.com\/cf\/wp-content\/uploads\/2017\/02\/receita-federal-1-1.png?fit=702%2C325&resize=525%2C300 1.5x, https:\/\/i0.wp.com\/cfcontabil.com\/cf\/wp-content\/uploads\/2017\/02\/receita-federal-1-1.png?fit=702%2C325&resize=700%2C400 2x"},"classes":[]},{"id":1950,"url":"http:\/\/cfcontabil.com\/cf\/pequenos-devem-regularizar-debitos-com-a-receita\/","url_meta":{"origin":1384,"position":1},"title":"Pequenos devem regularizar d\u00e9bitos com a Receita","author":"Ab\u00edlio Gon\u00e7alves","date":"27 de novembro de 2019","format":false,"excerpt":"Empresas optantes pelo Simples Nacional com irregularidades t\u00eam at\u00e9 30 dias para quitar d\u00edvidas. Exclus\u00e3o ter\u00e1 efeitos a partir de 2020 A Receita Federal notifica micro e pequenas empresas optantes pelo Simples Nacional com d\u00e9bitos junto \u00e0 Secretaria Especial da Receita Federal ou \u00e0 Procuradoria-Geral da Fazenda Nacional. Ap\u00f3s conhecimento\u2026","rel":"","context":"Em &quot;Departamento Fiscal&quot;","block_context":{"text":"Departamento Fiscal","link":"http:\/\/cfcontabil.com\/cf\/category\/df\/"},"img":{"alt_text":"","src":"https:\/\/i0.wp.com\/cfcontabil.com\/cf\/wp-content\/uploads\/2019\/11\/simples-nacional-empresa.jpg?fit=660%2C350&resize=350%2C200","width":350,"height":200,"srcset":"https:\/\/i0.wp.com\/cfcontabil.com\/cf\/wp-content\/uploads\/2019\/11\/simples-nacional-empresa.jpg?fit=660%2C350&resize=350%2C200 1x, https:\/\/i0.wp.com\/cfcontabil.com\/cf\/wp-content\/uploads\/2019\/11\/simples-nacional-empresa.jpg?fit=660%2C350&resize=525%2C300 1.5x"},"classes":[]},{"id":2354,"url":"http:\/\/cfcontabil.com\/cf\/reparcelamento-de-debitos-do-simples-nacional\/","url_meta":{"origin":1384,"position":2},"title":"Reparcelamento de d\u00e9bitos do Simples Nacional","author":"Ab\u00edlio Gon\u00e7alves","date":"4 de novembro de 2020","format":false,"excerpt":"A partir desta ter\u00e7a (03\/11)\u00a0est\u00e1 dispon\u00edvel, no portal do Simples Nacional ou no portal e-CAC, o m\u00f3dulo para reparcelamento de d\u00e9bitos apurados pelo Regime Especial Unificado de Arrecada\u00e7\u00e3o de Tributos e Contribui\u00e7\u00f5es devidos pelas Microempresas e Empresas de Pequeno Porte (Simples Nacional). O limite de 1 pedido de parcelamento por\u2026","rel":"","context":"Em &quot;Departamento Fiscal&quot;","block_context":{"text":"Departamento Fiscal","link":"http:\/\/cfcontabil.com\/cf\/category\/df\/"},"img":{"alt_text":"","src":"https:\/\/i0.wp.com\/cfcontabil.com\/cf\/wp-content\/uploads\/2020\/11\/Simples_Blog.jpg.600x335_q85_box-022957556_crop_detail.jpg?fit=600%2C335&resize=350%2C200","width":350,"height":200,"srcset":"https:\/\/i0.wp.com\/cfcontabil.com\/cf\/wp-content\/uploads\/2020\/11\/Simples_Blog.jpg.600x335_q85_box-022957556_crop_detail.jpg?fit=600%2C335&resize=350%2C200 1x, https:\/\/i0.wp.com\/cfcontabil.com\/cf\/wp-content\/uploads\/2020\/11\/Simples_Blog.jpg.600x335_q85_box-022957556_crop_detail.jpg?fit=600%2C335&resize=525%2C300 1.5x"},"classes":[]},{"id":2047,"url":"http:\/\/cfcontabil.com\/cf\/empresas-que-nao-regularizaram-pendencias-sao-excluidas-do-simples\/","url_meta":{"origin":1384,"position":3},"title":"Empresas que n\u00e3o regularizaram pend\u00eancias s\u00e3o exclu\u00eddas do Simples","author":"Ab\u00edlio Gon\u00e7alves","date":"14 de janeiro de 2020","format":false,"excerpt":"Contribuinte que resolver situa\u00e7\u00e3o poder\u00e1 pedir reinclus\u00e3o no regime As micro e pequenas empresas que n\u00e3o regularizaram as pend\u00eancias com o Simples Nacional \u2013 regime tribut\u00e1rio especial para pequenos neg\u00f3cios \u2013 foram exclu\u00eddas do programa no in\u00edcio de 2020 (dia 1\u00ba). Elas ter\u00e3o at\u00e9 31 de janeiro para resolverem a\u2026","rel":"","context":"Em \"Exclus\u00e3o\"","block_context":{"text":"Exclus\u00e3o","link":"http:\/\/cfcontabil.com\/cf\/tag\/exclusao\/"},"img":{"alt_text":"","src":"https:\/\/i0.wp.com\/cfcontabil.com\/cf\/wp-content\/uploads\/2020\/01\/exclusao-simples-nacional.jpg?fit=600%2C310&resize=350%2C200","width":350,"height":200,"srcset":"https:\/\/i0.wp.com\/cfcontabil.com\/cf\/wp-content\/uploads\/2020\/01\/exclusao-simples-nacional.jpg?fit=600%2C310&resize=350%2C200 1x, https:\/\/i0.wp.com\/cfcontabil.com\/cf\/wp-content\/uploads\/2020\/01\/exclusao-simples-nacional.jpg?fit=600%2C310&resize=525%2C300 1.5x"},"classes":[]},{"id":861,"url":"http:\/\/cfcontabil.com\/cf\/opcao-pelo-simples-nacional\/","url_meta":{"origin":1384,"position":4},"title":"Op\u00e7\u00e3o pelo Simples Nacional","author":"Ab\u00edlio Gon\u00e7alves","date":"23 de janeiro de 2017","format":false,"excerpt":"Podem optar pelo Simples Nacional as microempresas (ME) e empresas de pequeno porte (EPP) que n\u00e3o incorram em nenhuma das veda\u00e7\u00f5es previstas na Lei Complementar 123, de 2006. A empresa poder\u00e1 fazer novo pedido de op\u00e7\u00e3o pelo Simples Nacional at\u00e9 o dia 31\/01\/2017. Conhe\u00e7a os detalhes previstos para a situa\u00e7\u00e3o\u2026","rel":"","context":"Em &quot;Consultoria Empresarial&quot;","block_context":{"text":"Consultoria Empresarial","link":"http:\/\/cfcontabil.com\/cf\/category\/consultoria\/"},"img":{"alt_text":"","src":"https:\/\/i0.wp.com\/cfcontabil.com\/cf\/wp-content\/uploads\/2017\/01\/simples-1.jpg?fit=520%2C271&resize=350%2C200","width":350,"height":200},"classes":[]},{"id":1251,"url":"http:\/\/cfcontabil.com\/cf\/mei-ja-pode-aderir-ao-parcelamento-de-debitos\/","url_meta":{"origin":1384,"position":5},"title":"MEI j\u00e1 pode aderir ao parcelamento de d\u00e9bitos","author":"Ab\u00edlio Gon\u00e7alves","date":"10 de julho de 2017","format":false,"excerpt":"Come\u00e7ou, em 3 de julho, o prazo para ades\u00e3o ao parcelamento de d\u00e9bitos do Microempreendedor Individual (MEI). O programa possui duas modalidades de parcelamento e foi disciplinado pelas Instru\u00e7\u00f5es Normativas RFB n\u00b0 1.713\/2017 e 1.714\/2017. 1) Parcelamento Convencional - permite o parcelamento de todos os d\u00e9bitos declarados na DASN-SIMEI (INSS,\u2026","rel":"","context":"Em &quot;Departamento Fiscal&quot;","block_context":{"text":"Departamento Fiscal","link":"http:\/\/cfcontabil.com\/cf\/category\/df\/"},"img":{"alt_text":"","src":"https:\/\/i0.wp.com\/cfcontabil.com\/cf\/wp-content\/uploads\/2017\/03\/mei-micro-empreendedor-individual-696x287-1.jpg?fit=696%2C287&resize=350%2C200","width":350,"height":200,"srcset":"https:\/\/i0.wp.com\/cfcontabil.com\/cf\/wp-content\/uploads\/2017\/03\/mei-micro-empreendedor-individual-696x287-1.jpg?fit=696%2C287&resize=350%2C200 1x, https:\/\/i0.wp.com\/cfcontabil.com\/cf\/wp-content\/uploads\/2017\/03\/mei-micro-empreendedor-individual-696x287-1.jpg?fit=696%2C287&resize=525%2C300 1.5x"},"classes":[]}],"jetpack_likes_enabled":true,"_links":{"self":[{"href":"http:\/\/cfcontabil.com\/cf\/wp-json\/wp\/v2\/posts\/1384","targetHints":{"allow":["GET"]}}],"collection":[{"href":"http:\/\/cfcontabil.com\/cf\/wp-json\/wp\/v2\/posts"}],"about":[{"href":"http:\/\/cfcontabil.com\/cf\/wp-json\/wp\/v2\/types\/post"}],"author":[{"embeddable":true,"href":"http:\/\/cfcontabil.com\/cf\/wp-json\/wp\/v2\/users\/3"}],"replies":[{"embeddable":true,"href":"http:\/\/cfcontabil.com\/cf\/wp-json\/wp\/v2\/comments?post=1384"}],"version-history":[{"count":0,"href":"http:\/\/cfcontabil.com\/cf\/wp-json\/wp\/v2\/posts\/1384\/revisions"}],"wp:featuredmedia":[{"embeddable":true,"href":"http:\/\/cfcontabil.com\/cf\/wp-json\/wp\/v2\/media\/862"}],"wp:attachment":[{"href":"http:\/\/cfcontabil.com\/cf\/wp-json\/wp\/v2\/media?parent=1384"}],"wp:term":[{"taxonomy":"category","embeddable":true,"href":"http:\/\/cfcontabil.com\/cf\/wp-json\/wp\/v2\/categories?post=1384"},{"taxonomy":"post_tag","embeddable":true,"href":"http:\/\/cfcontabil.com\/cf\/wp-json\/wp\/v2\/tags?post=1384"}],"curies":[{"name":"wp","href":"https:\/\/api.w.org\/{rel}","templated":true}]}}