{"id":1386,"date":"2018-09-03T08:28:10","date_gmt":"2018-09-03T11:28:10","guid":{"rendered":"http:\/\/cfcontabil.com\/cf\/?p=1386"},"modified":"2018-09-03T08:28:10","modified_gmt":"2018-09-03T11:28:10","slug":"prorrogada-inicio-da-segunda-fase-de-implantacao-empresas-com-faturamento-de-ate-r78-milhoes","status":"publish","type":"post","link":"http:\/\/cfcontabil.com\/cf\/prorrogada-inicio-da-segunda-fase-de-implantacao-empresas-com-faturamento-de-ate-r78-milhoes\/","title":{"rendered":"Prorrogada in\u00edcio da segunda fase de implanta\u00e7\u00e3o &#8211; empresas com faturamento de at\u00e9 R$78 milh\u00f5es"},"content":{"rendered":"\n<p>Primeira fase, que terminaria em agosto, ser\u00e1 estendida at\u00e9 setembro. Segunda fase iniciar\u00e1 em 10 de outubro.\u00a0<\/p>\n\n\n\n<p>Ap\u00f3s ouvir as empresas com faturamento inferior a R$78 milh\u00f5es, o eSocial ampliou o prazo da primeira fase de implanta\u00e7\u00e3o do programa para este grupo, que terminaria neste m\u00eas de agosto. Nesta etapa, as chamadas empresas do segundo grupo dever\u00e3o realizar seus cadastros como empregadores no sistema e enviar tabelas ao eSocial.\u00a0<\/p>\n\n\n\n<p>Com a mudan\u00e7a, a segunda fase, que se iniciaria em setembro, passou para o m\u00eas de outubro deste ano. A data prevista para o in\u00edcio da segunda fase \u00e9 10 de outubro. Nesta segunda etapa, os empregadores dever\u00e3o informar ao eSocial dados dos trabalhadores e seus v\u00ednculos com as empresas, os chamados eventos n\u00e3o peri\u00f3dicos.\u00a0<\/p>\n\n\n\n<p>Assim, as empresas ter\u00e3o mais tempo para prestar as informa\u00e7\u00f5es iniciais e suas tabelas, conforme definido na Resolu\u00e7\u00e3o n\u00ba 04\/2018, do Comit\u00ea Diretivo do eSocial. A medida beneficia cerca de 3 milh\u00f5es de empresas.<\/p>\n\n\n\n<p>As empresas que integram o primeiro grupo (com faturamento superior a R$ 78 milh\u00f5es) dever\u00e3o continuar enviando todos os eventos para o ambiente do eSocial.<\/p>\n","protected":false},"excerpt":{"rendered":"<p>Primeira fase, que terminaria em agosto, ser\u00e1 estendida at\u00e9 setembro. Segunda fase iniciar\u00e1 em 10 de outubro.\u00a0 Ap\u00f3s ouvir as empresas com faturamento inferior a R$78 milh\u00f5es, o eSocial ampliou o prazo da primeira fase de implanta\u00e7\u00e3o do programa para este grupo, que terminaria neste m\u00eas de agosto. Nesta etapa, as chamadas empresas do segundo [&hellip;]<\/p>\n","protected":false},"author":3,"featured_media":1387,"comment_status":"open","ping_status":"open","sticky":false,"template":"","format":"standard","meta":{"jetpack_post_was_ever_published":false,"_jetpack_newsletter_access":"","_jetpack_dont_email_post_to_subs":false,"_jetpack_newsletter_tier_id":0,"_jetpack_memberships_contains_paywalled_content":false,"_jetpack_memberships_contains_paid_content":false,"footnotes":"","jetpack_publicize_message":"","jetpack_publicize_feature_enabled":true,"jetpack_social_post_already_shared":true,"jetpack_social_options":{"image_generator_settings":{"template":"highway","default_image_id":0,"font":"","enabled":false},"version":2}},"categories":[29],"tags":[193,353,303,78,597,80],"class_list":["post-1386","post","type-post","status-publish","format-standard","has-post-thumbnail","hentry","category-dp","tag-empregador","tag-empregados","tag-empresa","tag-esocial","tag-fase","tag-implantacao"],"jetpack_publicize_connections":[],"jetpack_featured_media_url":"https:\/\/i0.wp.com\/cfcontabil.com\/cf\/wp-content\/uploads\/2018\/09\/esocial-1-810x456-1.jpg?fit=810%2C456","jetpack_sharing_enabled":true,"jetpack_shortlink":"https:\/\/wp.me\/p2wklX-mm","jetpack-related-posts":[{"id":1396,"url":"http:\/\/cfcontabil.com\/cf\/a-2a-fase-do-esocial\/","url_meta":{"origin":1386,"position":0},"title":"A 2\u00aa fase do eSocial","author":"Ab\u00edlio Gon\u00e7alves","date":"16 de outubro de 2018","format":false,"excerpt":"Empresas com faturamento at\u00e9 R$ 78 milh\u00f5es iniciaram em 10 de outubro de 2018 A\u00a0segunda fase do eSocial tem in\u00edcio nesta quarta-feira, dia 10 de outubro, abrangendo entidades empresariais com faturamento de at\u00e9 R$ 78 milh\u00f5es no ano de 2016 e que n\u00e3o sejam optantes pelo Simples Nacional. Essa etapa\u2026","rel":"","context":"Em &quot;Departamento Pessoal&quot;","block_context":{"text":"Departamento Pessoal","link":"http:\/\/cfcontabil.com\/cf\/category\/dp\/"},"img":{"alt_text":"","src":"https:\/\/i0.wp.com\/cfcontabil.com\/cf\/wp-content\/uploads\/2017\/06\/esocial-462x234-1.png?fit=462%2C234&resize=350%2C200","width":350,"height":200},"classes":[]},{"id":1343,"url":"http:\/\/cfcontabil.com\/cf\/esocial-passa-a-valer-para-todas-as-empresas-do-pais-a-partir-de-16-de-julho\/","url_meta":{"origin":1386,"position":1},"title":"ESocial Passa a Valer Para Todas as Empresas do Pa\u00eds a Partir de 16 de Julho","author":"Ab\u00edlio Gon\u00e7alves","date":"14 de julho de 2018","format":false,"excerpt":"A partir do dia 16 de julho, todas as empresas privadas do pa\u00eds, incluindo micro e pequenas empresas e microempreendedores individuais\u00a0(MEIs)\u00a0que possuam empregados, dever\u00e3o utilizar o Sistema de Escritura\u00e7\u00e3o Digital das Obriga\u00e7\u00f5es Fiscais, Previdenci\u00e1rias e Trabalhistas\u00a0(eSocial)\u00a0. Esse grupo representa 4 milh\u00f5es de empregadores e cerca de 30 milh\u00f5es de trabalhadores.\u2026","rel":"","context":"Em &quot;Departamento Pessoal&quot;","block_context":{"text":"Departamento Pessoal","link":"http:\/\/cfcontabil.com\/cf\/category\/dp\/"},"img":{"alt_text":"","src":"https:\/\/i0.wp.com\/cfcontabil.com\/cf\/wp-content\/uploads\/2018\/07\/Cronograma_de_implanta%C3%A7%C3%A3o_do_eSocial-1.png?fit=1024%2C768&resize=350%2C200","width":350,"height":200,"srcset":"https:\/\/i0.wp.com\/cfcontabil.com\/cf\/wp-content\/uploads\/2018\/07\/Cronograma_de_implanta%C3%A7%C3%A3o_do_eSocial-1.png?fit=1024%2C768&resize=350%2C200 1x, https:\/\/i0.wp.com\/cfcontabil.com\/cf\/wp-content\/uploads\/2018\/07\/Cronograma_de_implanta%C3%A7%C3%A3o_do_eSocial-1.png?fit=1024%2C768&resize=525%2C300 1.5x, https:\/\/i0.wp.com\/cfcontabil.com\/cf\/wp-content\/uploads\/2018\/07\/Cronograma_de_implanta%C3%A7%C3%A3o_do_eSocial-1.png?fit=1024%2C768&resize=700%2C400 2x"},"classes":[]},{"id":1262,"url":"http:\/\/cfcontabil.com\/cf\/receita-lanca-ambiente-de-teste-do-esocial-para-empresas\/","url_meta":{"origin":1386,"position":2},"title":"Receita lan\u00e7a ambiente de teste do eSocial para empresas","author":"Ab\u00edlio Gon\u00e7alves","date":"29 de julho de 2017","format":false,"excerpt":"Segundo a Fenacon as empresas tamb\u00e9m poder\u00e3o contribuir para o aprimoramento do ambiente A Secretaria da Receita Federal disponibilizou o ambiente de produ\u00e7\u00e3o restrita do eSocial, que d\u00e1 in\u00edcio a uma fase de testes do projeto para as empresas. O acesso ser\u00e1 permitido em duas etapas, sendo a primeira no\u2026","rel":"","context":"Em &quot;Departamento Pessoal&quot;","block_context":{"text":"Departamento Pessoal","link":"http:\/\/cfcontabil.com\/cf\/category\/dp\/"},"img":{"alt_text":"","src":"https:\/\/i0.wp.com\/cfcontabil.com\/cf\/wp-content\/uploads\/2017\/06\/esocial-pasta-1.jpg?fit=1000%2C591&resize=350%2C200","width":350,"height":200,"srcset":"https:\/\/i0.wp.com\/cfcontabil.com\/cf\/wp-content\/uploads\/2017\/06\/esocial-pasta-1.jpg?fit=1000%2C591&resize=350%2C200 1x, https:\/\/i0.wp.com\/cfcontabil.com\/cf\/wp-content\/uploads\/2017\/06\/esocial-pasta-1.jpg?fit=1000%2C591&resize=525%2C300 1.5x, https:\/\/i0.wp.com\/cfcontabil.com\/cf\/wp-content\/uploads\/2017\/06\/esocial-pasta-1.jpg?fit=1000%2C591&resize=700%2C400 2x"},"classes":[]},{"id":1352,"url":"http:\/\/cfcontabil.com\/cf\/esocial-registra-o-ingresso-de-1-milhao-de-empregadores\/","url_meta":{"origin":1386,"position":3},"title":"eSocial registra o ingresso de 1 milh\u00e3o de empregadores","author":"Ab\u00edlio Gon\u00e7alves","date":"21 de agosto de 2018","format":false,"excerpt":"O eSocial est\u00e1 sendo implantado desde o primeiro semestre deste ano contemplando 5 fases. No primeiro momento foi a vez das empresas com faturamento superior a R$ 78 milh\u00f5es anuais, que passaram a ter a utiliza\u00e7\u00e3o obrigat\u00f3ria do programa a partir de 8 de janeiro de 2018. Esse grupo \u00e9\u2026","rel":"","context":"Em &quot;Departamento Pessoal&quot;","block_context":{"text":"Departamento Pessoal","link":"http:\/\/cfcontabil.com\/cf\/category\/dp\/"},"img":{"alt_text":"","src":"https:\/\/i0.wp.com\/cfcontabil.com\/cf\/wp-content\/uploads\/2017\/06\/esocial-462x234-1.png?fit=462%2C234&resize=350%2C200","width":350,"height":200},"classes":[]},{"id":1404,"url":"http:\/\/cfcontabil.com\/cf\/o-papel-do-profissional-da-contabilidade-na-2a-fase-do-esocial\/","url_meta":{"origin":1386,"position":4},"title":"O papel do profissional da contabilidade na 2\u00aa fase do eSocial","author":"Ab\u00edlio Gon\u00e7alves","date":"18 de outubro de 2018","format":false,"excerpt":"\u00c9 importante orientar o empres\u00e1rio para que os dados dos seus funcion\u00e1rios estejam organizados Fonte: CFC - Por Andr\u00e9a Rosa\u00a0Com informa\u00e7\u00f5es da Receita Federal do Brasil A segunda fase do eSocial teve in\u00edcio nesta quarta-feira (10), abrangendo entidades empresariais com faturamento de at\u00e9 R$ 78 milh\u00f5es no ano de 2016\u2026","rel":"","context":"Em &quot;Departamento Pessoal&quot;","block_context":{"text":"Departamento Pessoal","link":"http:\/\/cfcontabil.com\/cf\/category\/dp\/"},"img":{"alt_text":"","src":"https:\/\/i0.wp.com\/cfcontabil.com\/cf\/wp-content\/uploads\/2017\/06\/esocial-pasta-1.jpg?fit=1000%2C591&resize=350%2C200","width":350,"height":200,"srcset":"https:\/\/i0.wp.com\/cfcontabil.com\/cf\/wp-content\/uploads\/2017\/06\/esocial-pasta-1.jpg?fit=1000%2C591&resize=350%2C200 1x, https:\/\/i0.wp.com\/cfcontabil.com\/cf\/wp-content\/uploads\/2017\/06\/esocial-pasta-1.jpg?fit=1000%2C591&resize=525%2C300 1.5x, https:\/\/i0.wp.com\/cfcontabil.com\/cf\/wp-content\/uploads\/2017\/06\/esocial-pasta-1.jpg?fit=1000%2C591&resize=700%2C400 2x"},"classes":[]},{"id":2651,"url":"http:\/\/cfcontabil.com\/cf\/esocial-apresenta-novo-layout-mais-acessivel-e-simplificado\/","url_meta":{"origin":1386,"position":5},"title":"eSocial apresenta novo layout mais acess\u00edvel e simplificado","author":"Ab\u00edlio Gon\u00e7alves","date":"23 de agosto de 2021","format":false,"excerpt":"Atualiza\u00e7\u00e3o no sistema traz novidades que beneficiam e agilizam o envio de informa\u00e7\u00f5es pelos usu\u00e1rios. Anova vers\u00e3o do eSocial j\u00e1 foi implementada e traz novidades, dentre elas, atualiza\u00e7\u00f5es nas solu\u00e7\u00f5es web e no aplicativo mobile. Nesta nova vers\u00e3o, o sistema foi programado para simplificar o envio de informa\u00e7\u00f5es pelos empregadores,\u2026","rel":"","context":"Em &quot;Departamento Pessoal&quot;","block_context":{"text":"Departamento Pessoal","link":"http:\/\/cfcontabil.com\/cf\/category\/dp\/"},"img":{"alt_text":"","src":"https:\/\/i0.wp.com\/cfcontabil.com\/cf\/wp-content\/uploads\/2018\/10\/esocial-24-09-2-750x430-1.jpg?fit=750%2C430&resize=350%2C200","width":350,"height":200,"srcset":"https:\/\/i0.wp.com\/cfcontabil.com\/cf\/wp-content\/uploads\/2018\/10\/esocial-24-09-2-750x430-1.jpg?fit=750%2C430&resize=350%2C200 1x, https:\/\/i0.wp.com\/cfcontabil.com\/cf\/wp-content\/uploads\/2018\/10\/esocial-24-09-2-750x430-1.jpg?fit=750%2C430&resize=525%2C300 1.5x, https:\/\/i0.wp.com\/cfcontabil.com\/cf\/wp-content\/uploads\/2018\/10\/esocial-24-09-2-750x430-1.jpg?fit=750%2C430&resize=700%2C400 2x"},"classes":[]}],"jetpack_likes_enabled":true,"_links":{"self":[{"href":"http:\/\/cfcontabil.com\/cf\/wp-json\/wp\/v2\/posts\/1386","targetHints":{"allow":["GET"]}}],"collection":[{"href":"http:\/\/cfcontabil.com\/cf\/wp-json\/wp\/v2\/posts"}],"about":[{"href":"http:\/\/cfcontabil.com\/cf\/wp-json\/wp\/v2\/types\/post"}],"author":[{"embeddable":true,"href":"http:\/\/cfcontabil.com\/cf\/wp-json\/wp\/v2\/users\/3"}],"replies":[{"embeddable":true,"href":"http:\/\/cfcontabil.com\/cf\/wp-json\/wp\/v2\/comments?post=1386"}],"version-history":[{"count":0,"href":"http:\/\/cfcontabil.com\/cf\/wp-json\/wp\/v2\/posts\/1386\/revisions"}],"wp:featuredmedia":[{"embeddable":true,"href":"http:\/\/cfcontabil.com\/cf\/wp-json\/wp\/v2\/media\/1387"}],"wp:attachment":[{"href":"http:\/\/cfcontabil.com\/cf\/wp-json\/wp\/v2\/media?parent=1386"}],"wp:term":[{"taxonomy":"category","embeddable":true,"href":"http:\/\/cfcontabil.com\/cf\/wp-json\/wp\/v2\/categories?post=1386"},{"taxonomy":"post_tag","embeddable":true,"href":"http:\/\/cfcontabil.com\/cf\/wp-json\/wp\/v2\/tags?post=1386"}],"curies":[{"name":"wp","href":"https:\/\/api.w.org\/{rel}","templated":true}]}}