{"id":1389,"date":"2018-09-04T08:47:03","date_gmt":"2018-09-04T11:47:03","guid":{"rendered":"http:\/\/cfcontabil.com\/cf\/?p=1389"},"modified":"2018-09-04T08:47:03","modified_gmt":"2018-09-04T11:47:03","slug":"receita-federal-declarara-inaptos-34-milhoes-de-inscritos-no-cnpj","status":"publish","type":"post","link":"http:\/\/cfcontabil.com\/cf\/receita-federal-declarara-inaptos-34-milhoes-de-inscritos-no-cnpj\/","title":{"rendered":"Receita Federal declarar\u00e1 inaptos 3,4 milh\u00f5es de inscritos no CNPJ"},"content":{"rendered":"\n<h6 class=\"wp-block-heading\">O contribuinte deve sanear as omiss\u00f5es de escritura\u00e7\u00f5es e de declara\u00e7\u00f5es dos \u00faltimos 5 anos<\/h6>\n\n\n\n<figure class=\"wp-block-image\"><img data-recalc-dims=\"1\" decoding=\"async\" src=\"https:\/\/i0.wp.com\/fenacon.org.br\/media\/uploads\/noticias\/2018\/09\/DDV.jpg.600x335_q85_box-530949500_crop_detail.jpg.600x335_q85_crop_detail.jpg?w=1170\" alt=\"\"\/><\/figure>\n\n\n\n<p><strong>Receita Federal declarar\u00e1 inaptos 3,4 milh\u00f5es de inscritos no CNPJ por omiss\u00e3o de declara\u00e7\u00e3o<\/strong><\/p>\n\n\n\n<p><em><strong>Para evitar a declara\u00e7\u00e3o de inaptid\u00e3o de sua inscri\u00e7\u00e3o, o contribuinte deve sanear as omiss\u00f5es de escritura\u00e7\u00f5es e de declara\u00e7\u00f5es dos \u00faltimos 5 anos.<\/strong><\/em><\/p>\n\n\n\n<p>A Receita Federal est\u00e1 intensificando as a\u00e7\u00f5es para declarar a inaptid\u00e3o de inscri\u00e7\u00f5es no Cadastro Nacional de Pessoa Jur\u00eddica (CNPJ) de contribuintes que estejam omissos na entrega de escritura\u00e7\u00f5es e de declara\u00e7\u00f5es nos \u00faltimos 5 anos, em especial das Declara\u00e7\u00f5es de D\u00e9bitos e Cr\u00e9ditos Tribut\u00e1rios Federais (DCTF).<\/p>\n\n\n\n<!--more-->\n\n\n\n<p>O Ato Declarat\u00f3rio Executivo (ADE) de inaptid\u00e3o passar\u00e1 a ser publicado no s\u00edtio da Receita Federal na internet pela Delegacia da Receita Federal do domic\u00edlio tribut\u00e1rio do contribuinte.<\/p>\n\n\n\n<p>Estima-se que at\u00e9 3,4 milh\u00f5es inscri\u00e7\u00f5es no CNPJ sejam declaradas inaptas at\u00e9 maio de 2019.<br\/>Para evitar a declara\u00e7\u00e3o de inaptid\u00e3o de sua inscri\u00e7\u00e3o, o contribuinte deve sanear as omiss\u00f5es das escritura\u00e7\u00f5es e declara\u00e7\u00f5es dos \u00faltimos 5 anos.<\/p>\n\n\n\n<p><strong>Efeitos da Declara\u00e7\u00e3o de Inaptid\u00e3o:<\/strong><br\/>De acordo com a Instru\u00e7\u00e3o Normativa RFB n\u00ba 1.634, de 2016, a inaptid\u00e3o do CNPJ produz diversos efeitos negativos para o contribuinte, como: o impedimento de participar de novas inscri\u00e7\u00f5es (art. 22), a possibilidade de baixa de of\u00edcio da inscri\u00e7\u00e3o (art. 29), a invalidade da utiliza\u00e7\u00e3o da inscri\u00e7\u00e3o para fins cadastrais (art. 45), a nulidade de documentos fiscais (art. 47) e a responsabiliza\u00e7\u00e3o dos s\u00f3cios pelos d\u00e9bitos em cobran\u00e7a (art. 48).<\/p>\n\n\n\n<p><strong>Como identificar as omiss\u00f5es:<\/strong><br\/>O contribuinte pode consultar a exist\u00eancia de omiss\u00f5es na entrega de declara\u00e7\u00f5es no Centro Virtual de Atendimento (e-CAC) no servi\u00e7o \u201cCertid\u00f5es e Situa\u00e7\u00e3o Fiscal\u201d, nos itens \u201cConsulta Pend\u00eancias \u2013 Situa\u00e7\u00e3o Fiscal\u201d, com rela\u00e7\u00e3o \u00e0s obriga\u00e7\u00f5es acess\u00f3rias n\u00e3o previdenci\u00e1rias, ou a \u201cConsulta Pend\u00eancias \u2013 Situa\u00e7\u00e3o Fiscal \u2013 Relat\u00f3rio Complementar\u201d com rela\u00e7\u00e3o \u00e0s obriga\u00e7\u00f5es acess\u00f3rias previdenci\u00e1rias.<\/p>\n\n\n\n<p><strong>Regulariza\u00e7\u00e3o das omiss\u00f5es:<\/strong><br\/>Para evitar a declara\u00e7\u00e3o de inaptid\u00e3o de sua inscri\u00e7\u00e3o, o contribuinte dever\u00e1 entregar todas as escritura\u00e7\u00f5es fiscais e as declara\u00e7\u00f5es omitidas relativas aos \u00faltimos 5 anos. Se o contribuinte deixar omiss\u00f5es n\u00e3o regularizadas e que n\u00e3o configurem situa\u00e7\u00e3o de inaptid\u00e3o, estar\u00e1 sujeito \u00e0 intima\u00e7\u00e3o e ao agravamento das multas por atraso na entrega. \u00c9 importante lembrar que os custos da regulariza\u00e7\u00e3o ap\u00f3s a intima\u00e7\u00e3o ser\u00e3o maiores.<\/p>\n\n\n\n<p><strong>Regulariza\u00e7\u00e3o da inaptid\u00e3o:<\/strong><br\/>Ap\u00f3s a inaptid\u00e3o ter sido aplicada, o contribuinte que efetivamente necessitar que a inscri\u00e7\u00e3o seja reativada dever\u00e1 entregar todas as declara\u00e7\u00f5es omitidas indicadas na \u201cConsulta Pend\u00eancias \u2013 Situa\u00e7\u00e3o Fiscal\u201d e tamb\u00e9m as listadas no ADE de inaptid\u00e3o. O contribuinte n\u00e3o poder\u00e1 ter nenhuma omiss\u00e3o para obter a revers\u00e3o da inaptid\u00e3o.<\/p>\n\n\n\n<p>Se as omiss\u00f5es que causaram a inaptid\u00e3o decorrerem de problemas cadastrais, como falta da comunica\u00e7\u00e3o de baixa etc., o contribuinte dever\u00e1 solicitar a corre\u00e7\u00e3o de cadastro para obter a regulariza\u00e7\u00e3o da omiss\u00e3o e a anula\u00e7\u00e3o da inaptid\u00e3o.<\/p>\n\n\n\n<p><strong>Baixa por inaptid\u00e3o:<\/strong><br\/>O contribuinte que permanecer inapto ter\u00e1 sua inscri\u00e7\u00e3o baixada assim que cumprido o prazo necess\u00e1rio para esta provid\u00eancia e as eventuais obriga\u00e7\u00f5es tribut\u00e1rias n\u00e3o cumpridas ser\u00e3o exigidos dos respons\u00e1veis tribut\u00e1rios da pessoa jur\u00eddica.<\/p>\n","protected":false},"excerpt":{"rendered":"<p>O contribuinte deve sanear as omiss\u00f5es de escritura\u00e7\u00f5es e de declara\u00e7\u00f5es dos \u00faltimos 5 anos Receita Federal declarar\u00e1 inaptos 3,4 milh\u00f5es de inscritos no CNPJ por omiss\u00e3o de declara\u00e7\u00e3o Para evitar a declara\u00e7\u00e3o de inaptid\u00e3o de sua inscri\u00e7\u00e3o, o contribuinte deve sanear as omiss\u00f5es de escritura\u00e7\u00f5es e de declara\u00e7\u00f5es dos \u00faltimos 5 anos. A Receita [&hellip;]<\/p>\n","protected":false},"author":3,"featured_media":1390,"comment_status":"open","ping_status":"open","sticky":false,"template":"","format":"standard","meta":{"jetpack_post_was_ever_published":false,"_jetpack_newsletter_access":"","_jetpack_dont_email_post_to_subs":false,"_jetpack_newsletter_tier_id":0,"_jetpack_memberships_contains_paywalled_content":false,"_jetpack_memberships_contains_paid_content":false,"footnotes":"","jetpack_publicize_message":"","jetpack_publicize_feature_enabled":true,"jetpack_social_post_already_shared":true,"jetpack_social_options":{"image_generator_settings":{"template":"highway","default_image_id":0,"font":"","enabled":false},"version":2}},"categories":[46],"tags":[598,106,71,599,74],"class_list":["post-1389","post","type-post","status-publish","format-standard","has-post-thumbnail","hentry","category-df","tag-cnpj","tag-declaracao","tag-federal","tag-inapto","tag-receita"],"jetpack_publicize_connections":[],"jetpack_featured_media_url":"https:\/\/i0.wp.com\/cfcontabil.com\/cf\/wp-content\/uploads\/2018\/09\/cnpjinapto-1.png?fit=1024%2C768","jetpack_sharing_enabled":true,"jetpack_shortlink":"https:\/\/wp.me\/p2wklX-mp","jetpack-related-posts":[{"id":1206,"url":"http:\/\/cfcontabil.com\/cf\/nao-entregou-a-declaracao-de-irpf-2016-saiba-o-risco-da-malha-fina\/","url_meta":{"origin":1389,"position":0},"title":"N\u00e3o entregou a Declara\u00e7\u00e3o de IRPF 2016? Saiba o risco da Malha Fina","author":"Ab\u00edlio Gon\u00e7alves","date":"3 de maio de 2016","format":false,"excerpt":"O prazo para envio terminou \u00e0s 23h59 de sexta-feira (29). Multa m\u00ednima \u00e9 de R$ 165,74, mas pode atingir 20% do imposto devido. A Receita Federal recebeu 27.960.663 declara\u00e7\u00f5es do IR, segundo balan\u00e7o divulgado na madrugada deste s\u00e1bado (30). A estimativa \u00e9 que 239 mil contribuintes tenham perdido o prazo\u2026","rel":"","context":"Em &quot;Geral&quot;","block_context":{"text":"Geral","link":"http:\/\/cfcontabil.com\/cf\/category\/geral\/"},"img":{"alt_text":"","src":"https:\/\/i0.wp.com\/cfcontabil.com\/cf\/wp-content\/uploads\/2016\/05\/Imposto_Renda_IR_Prazo-1.jpg?fit=620%2C412&resize=350%2C200","width":350,"height":200,"srcset":"https:\/\/i0.wp.com\/cfcontabil.com\/cf\/wp-content\/uploads\/2016\/05\/Imposto_Renda_IR_Prazo-1.jpg?fit=620%2C412&resize=350%2C200 1x, https:\/\/i0.wp.com\/cfcontabil.com\/cf\/wp-content\/uploads\/2016\/05\/Imposto_Renda_IR_Prazo-1.jpg?fit=620%2C412&resize=525%2C300 1.5x"},"classes":[]},{"id":466,"url":"http:\/\/cfcontabil.com\/cf\/imposto-de-renda-2014-1o-de-marco-a-30-de-abril\/","url_meta":{"origin":1389,"position":1},"title":"Imposto de Renda 2014 ~ Regras e Esclarecimentos","author":"Vin\u00edcius Moizinho","date":"20 de fevereiro de 2014","format":false,"excerpt":"Boa tarde, prezados. Como deve ser de seu conhecimento, estamos em \u00e9poca de elabora\u00e7\u00e3o das Declara\u00e7\u00f5es de Imposto de Renda - Pessoa F\u00edsica 2014, per\u00edodo compreendido entre 06\u00a0de Mar\u00e7o e 30 de Abril, de acordo com os rendimentos referentes ao ano-calend\u00e1rio 2013. Est\u00e1 com d\u00favidas? Quer saber mais a respeito?\u2026","rel":"","context":"Em &quot;Departamento Fiscal&quot;","block_context":{"text":"Departamento Fiscal","link":"http:\/\/cfcontabil.com\/cf\/category\/df\/"},"img":{"alt_text":"","src":"https:\/\/i0.wp.com\/cfcontabil.com\/cf\/wp-content\/uploads\/2013\/10\/IMPOSTO-597x245-2.jpg?fit=597%2C245&resize=350%2C200","width":350,"height":200,"srcset":"https:\/\/i0.wp.com\/cfcontabil.com\/cf\/wp-content\/uploads\/2013\/10\/IMPOSTO-597x245-2.jpg?fit=597%2C245&resize=350%2C200 1x, https:\/\/i0.wp.com\/cfcontabil.com\/cf\/wp-content\/uploads\/2013\/10\/IMPOSTO-597x245-2.jpg?fit=597%2C245&resize=525%2C300 1.5x"},"classes":[]},{"id":752,"url":"http:\/\/cfcontabil.com\/cf\/ate-ontem-mais-de-6-milhoes-ainda-nao-declararam-ir\/","url_meta":{"origin":1389,"position":2},"title":"At\u00e9 ontem mais de 6 milh\u00f5es ainda n\u00e3o declararam IR","author":"Ab\u00edlio Gon\u00e7alves","date":"29 de abril de 2016","format":false,"excerpt":"Esse total esperado\u00a0representa 22,1% das 28,5 milh\u00f5es de declara\u00e7\u00f5es esperadas. Prazo vai at\u00e9 dia 29; Fisco recebeu at\u00e9 hoje 22,18 milh\u00f5es de declara\u00e7\u00f5es. A Receita Federal informou que recebeu, at\u00e9 as 11h desta quinta-feira (28), 22,18 milh\u00f5es de declara\u00e7\u00f5es de Imposto de Renda Pessoa F\u00edsica (IRPF) 2016, ano-base 2015. Com\u2026","rel":"","context":"Em &quot;Geral&quot;","block_context":{"text":"Geral","link":"http:\/\/cfcontabil.com\/cf\/category\/geral\/"},"img":{"alt_text":"IRPF","src":"https:\/\/i0.wp.com\/cfcontabil.com\/cf\/wp-content\/uploads\/2016\/04\/IRPF.jpg?resize=350%2C200","width":350,"height":200,"srcset":"https:\/\/i0.wp.com\/cfcontabil.com\/cf\/wp-content\/uploads\/2016\/04\/IRPF.jpg?resize=350%2C200 1x, https:\/\/i0.wp.com\/cfcontabil.com\/cf\/wp-content\/uploads\/2016\/04\/IRPF.jpg?resize=525%2C300 1.5x, https:\/\/i0.wp.com\/cfcontabil.com\/cf\/wp-content\/uploads\/2016\/04\/IRPF.jpg?resize=700%2C400 2x"},"classes":[]},{"id":2137,"url":"http:\/\/cfcontabil.com\/cf\/mais-de-16-mi-de-contribuintes-ja-entregaram-declaracao-do-ir\/","url_meta":{"origin":1389,"position":3},"title":"Mais de 1,6 mi de contribuintes j\u00e1 entregaram declara\u00e7\u00e3o do IR","author":"Ab\u00edlio Gon\u00e7alves","date":"6 de mar\u00e7o de 2020","format":false,"excerpt":"Receita Federal espera receber 32 milh\u00f5es de declara\u00e7\u00f5es em 2020 No quarto dia de entrega da declara\u00e7\u00e3o do Imposto de Renda Pessoa F\u00edsica (IRPF) 2020, pouco mais de 1,6 milh\u00e3o de contribuintes acertaram as contas com o Le\u00e3o. Esse \u00e9 o n\u00famero de documentos enviados desde a \u00faltima\u00a0segunda-feira (2) at\u00e9\u2026","rel":"","context":"Em &quot;Departamento Fiscal&quot;","block_context":{"text":"Departamento Fiscal","link":"http:\/\/cfcontabil.com\/cf\/category\/df\/"},"img":{"alt_text":"","src":"https:\/\/i0.wp.com\/cfcontabil.com\/cf\/wp-content\/uploads\/2020\/03\/IRPF-CELULAR-NOT.jpg?fit=1170%2C700&resize=350%2C200","width":350,"height":200,"srcset":"https:\/\/i0.wp.com\/cfcontabil.com\/cf\/wp-content\/uploads\/2020\/03\/IRPF-CELULAR-NOT.jpg?fit=1170%2C700&resize=350%2C200 1x, https:\/\/i0.wp.com\/cfcontabil.com\/cf\/wp-content\/uploads\/2020\/03\/IRPF-CELULAR-NOT.jpg?fit=1170%2C700&resize=525%2C300 1.5x, https:\/\/i0.wp.com\/cfcontabil.com\/cf\/wp-content\/uploads\/2020\/03\/IRPF-CELULAR-NOT.jpg?fit=1170%2C700&resize=700%2C400 2x, https:\/\/i0.wp.com\/cfcontabil.com\/cf\/wp-content\/uploads\/2020\/03\/IRPF-CELULAR-NOT.jpg?fit=1170%2C700&resize=1050%2C600 3x"},"classes":[]},{"id":1245,"url":"http:\/\/cfcontabil.com\/cf\/receita-federal-libera-envio-da-dctf-para-pessoas-juridicas-inativas\/","url_meta":{"origin":1389,"position":4},"title":"Receita Federal libera envio da DCTF para Pessoas Jur\u00eddicas INATIVAS","author":"Ab\u00edlio Gon\u00e7alves","date":"29 de junho de 2017","format":false,"excerpt":"Envio de declara\u00e7\u00e3o de inativas, referentes ao per\u00edodo de janeiro a abril, tem que ser realizado at\u00e9 o dia 21 de julho de 2017. A Receita Federal do Brasil \u2013 RFB liberou a vers\u00e3o 3.4 do Programa Gerador da Declara\u00e7\u00e3o \u2013 PGD de D\u00e9bitos e Cr\u00e9ditos Tribut\u00e1rios Federais \u2013 DCTF\u2026","rel":"","context":"Em &quot;Departamento Fiscal&quot;","block_context":{"text":"Departamento Fiscal","link":"http:\/\/cfcontabil.com\/cf\/category\/df\/"},"img":{"alt_text":"","src":"https:\/\/i0.wp.com\/cfcontabil.com\/cf\/wp-content\/uploads\/2017\/06\/INATIVA_DCTF34-1.png?fit=1200%2C530&resize=350%2C200","width":350,"height":200,"srcset":"https:\/\/i0.wp.com\/cfcontabil.com\/cf\/wp-content\/uploads\/2017\/06\/INATIVA_DCTF34-1.png?fit=1200%2C530&resize=350%2C200 1x, https:\/\/i0.wp.com\/cfcontabil.com\/cf\/wp-content\/uploads\/2017\/06\/INATIVA_DCTF34-1.png?fit=1200%2C530&resize=525%2C300 1.5x, https:\/\/i0.wp.com\/cfcontabil.com\/cf\/wp-content\/uploads\/2017\/06\/INATIVA_DCTF34-1.png?fit=1200%2C530&resize=700%2C400 2x, https:\/\/i0.wp.com\/cfcontabil.com\/cf\/wp-content\/uploads\/2017\/06\/INATIVA_DCTF34-1.png?fit=1200%2C530&resize=1050%2C600 3x"},"classes":[]},{"id":745,"url":"http:\/\/cfcontabil.com\/cf\/cuidados-na-declaracao-irpf-operacoes-imobiliarias\/","url_meta":{"origin":1389,"position":5},"title":"Cuidados na Declara\u00e7\u00e3o IRPF \u2013 Opera\u00e7\u00f5es Imobili\u00e1rias","author":"Ab\u00edlio Gon\u00e7alves","date":"18 de abril de 2016","format":false,"excerpt":"O\u00a0fim do prazo para a entrega da Declara\u00e7\u00e3o de Imposto de Renda se aproxima e a\u00a0Receita Federal recebeu 35.253 declara\u00e7\u00f5es at\u00e9 o dia 13\/04\u00a0(quarta passada). Ainda faltam por volta de 55% das declara\u00e7\u00f5es para IRPF 2016 e o prazo para entrega de declara\u00e7\u00f5es termina no dia 29 de abril. N\u00e3o\u2026","rel":"","context":"Em &quot;Geral&quot;","block_context":{"text":"Geral","link":"http:\/\/cfcontabil.com\/cf\/category\/geral\/"},"img":{"alt_text":"","src":"https:\/\/i0.wp.com\/cfcontabil.com\/cf\/wp-content\/uploads\/2016\/04\/trocaimovel-1.jpg?fit=1181%2C782&resize=350%2C200","width":350,"height":200,"srcset":"https:\/\/i0.wp.com\/cfcontabil.com\/cf\/wp-content\/uploads\/2016\/04\/trocaimovel-1.jpg?fit=1181%2C782&resize=350%2C200 1x, https:\/\/i0.wp.com\/cfcontabil.com\/cf\/wp-content\/uploads\/2016\/04\/trocaimovel-1.jpg?fit=1181%2C782&resize=525%2C300 1.5x, https:\/\/i0.wp.com\/cfcontabil.com\/cf\/wp-content\/uploads\/2016\/04\/trocaimovel-1.jpg?fit=1181%2C782&resize=700%2C400 2x, https:\/\/i0.wp.com\/cfcontabil.com\/cf\/wp-content\/uploads\/2016\/04\/trocaimovel-1.jpg?fit=1181%2C782&resize=1050%2C600 3x"},"classes":[]}],"jetpack_likes_enabled":true,"_links":{"self":[{"href":"http:\/\/cfcontabil.com\/cf\/wp-json\/wp\/v2\/posts\/1389","targetHints":{"allow":["GET"]}}],"collection":[{"href":"http:\/\/cfcontabil.com\/cf\/wp-json\/wp\/v2\/posts"}],"about":[{"href":"http:\/\/cfcontabil.com\/cf\/wp-json\/wp\/v2\/types\/post"}],"author":[{"embeddable":true,"href":"http:\/\/cfcontabil.com\/cf\/wp-json\/wp\/v2\/users\/3"}],"replies":[{"embeddable":true,"href":"http:\/\/cfcontabil.com\/cf\/wp-json\/wp\/v2\/comments?post=1389"}],"version-history":[{"count":0,"href":"http:\/\/cfcontabil.com\/cf\/wp-json\/wp\/v2\/posts\/1389\/revisions"}],"wp:featuredmedia":[{"embeddable":true,"href":"http:\/\/cfcontabil.com\/cf\/wp-json\/wp\/v2\/media\/1390"}],"wp:attachment":[{"href":"http:\/\/cfcontabil.com\/cf\/wp-json\/wp\/v2\/media?parent=1389"}],"wp:term":[{"taxonomy":"category","embeddable":true,"href":"http:\/\/cfcontabil.com\/cf\/wp-json\/wp\/v2\/categories?post=1389"},{"taxonomy":"post_tag","embeddable":true,"href":"http:\/\/cfcontabil.com\/cf\/wp-json\/wp\/v2\/tags?post=1389"}],"curies":[{"name":"wp","href":"https:\/\/api.w.org\/{rel}","templated":true}]}}