{"id":1399,"date":"2018-10-17T05:00:50","date_gmt":"2018-10-17T08:00:50","guid":{"rendered":"http:\/\/cfcontabil.com\/cf\/?p=1399"},"modified":"2018-10-17T05:00:50","modified_gmt":"2018-10-17T08:00:50","slug":"receita-esclarece-instrucoes-para-emissao-de-darf-avulso","status":"publish","type":"post","link":"http:\/\/cfcontabil.com\/cf\/receita-esclarece-instrucoes-para-emissao-de-darf-avulso\/","title":{"rendered":"Receita esclarece instru\u00e7\u00f5es para emiss\u00e3o de Darf Avulso"},"content":{"rendered":"\n<h4 class=\"wp-block-heading\">Caso de n\u00e3o fechamento completo da folha no eSocial ou dificuldades no Reinf<\/h4>\n\n\n\n<p><strong>Instru\u00e7\u00f5es para emiss\u00e3o de DARF Avulso no caso de n\u00e3o fechamento completo da folha no e-Social ou de dificuldades com o fechamento do Reinf<\/strong><\/p>\n\n\n\n<p>A Receita Federal informa que, no per\u00edodo de apura\u00e7\u00e3o de setembro de 2018, as empresas que por quest\u00f5es t\u00e9cnicas n\u00e3o conclu\u00edrem o fechamento da folha de pagamento no eSocial ou tiverem dificuldades no recebimento do retorno do processamento do fechamento do Reinf poder\u00e3o recolher as contribui\u00e7\u00f5es previdenci\u00e1rias n\u00e3o inclu\u00eddas na DCTFWeb, elencadas no art. 6\u00ba da IN 1787 de 7 de fevereiro de 2018, mediante emiss\u00e3o de DARF avulso atrav\u00e9s do sistema SicalcWeb.<\/p>\n\n\n\n<!--more-->\n\n\n\n<p>As contribui\u00e7\u00f5es previdenci\u00e1rias declaradas na DCTFWeb devem ser recolhidas por meio do DARF numerado emitido pela pr\u00f3pria DCTFWeb.<\/p>\n\n\n\n<p>Recomenda-se que, antes da emiss\u00e3o do DARF Avulso, o contribuinte que n\u00e3o conseguiu enviar o fechamento de sua folha de pagamento, utilize o evento S-1295 &#8211; Totaliza\u00e7\u00e3o para Pagamento em Conting\u00eancia. Esta totaliza\u00e7\u00e3o permite a gera\u00e7\u00e3o da DCTFWeb e do DARF numerado com os valores das contribui\u00e7\u00f5es calculadas at\u00e9 o aceite deste evento. Assim, apenas as contribui\u00e7\u00f5es n\u00e3o inclu\u00eddas nesta totaliza\u00e7\u00e3o para pagamento em conting\u00eancia devem ser recolhidas por meio do DARF Avulso.<\/p>\n\n\n\n<p>Clique\u00a0<a href=\"http:\/\/idg.receita.fazenda.gov.br\/orientacao\/tributaria\/pagamentos-e-parcelamentos\/darf-calculo-e-impressao-programa-sicalc-1\/programa-para-calculo-e-emissao-de-darf-on-line-de-tributos-e-contribuicoes-federais-exceto-contribuicoes-previdenciarias\">aqui<\/a>\u00a0para acessar o SicalcWeb.<\/p>\n\n\n\n<p>Instru\u00e7\u00f5es para preenchimento do DARF Avulso:<br\/>1. O contribuinte dever\u00e1 calcular a parcela da contribui\u00e7\u00e3o n\u00e3o declarada para emiss\u00e3o do DARF avulso;<br\/>2. Deve ser informado o CNPJ da matriz da empresa;<br\/>3. Dever\u00e1 ser utilizado o c\u00f3digo de receita 9410;<br\/>4. O campo \u201cPer\u00edodo de Apura\u00e7\u00e3o\u201d dever\u00e1 ser preenchido com o primeiro dia do m\u00eas de apura\u00e7\u00e3o, ou seja, 01\/08\/2018;<br\/>5. O campo \u201cN\u00famero de Refer\u00eancia\u201d n\u00e3o dever\u00e1 ser preenchido;<br\/>6. O campo \u201cData de Vencimento\u201d dever\u00e1 ser preenchido com 20\/09\/2018. Se for feriado no munic\u00edpio ou no Estado, a data de vencimento do DARF \u00e9 antecipada para o dia \u00fatil imediatamente anterior.<br\/>7. O contribuinte dever\u00e1 calcular o valor da multa e dos juros, caso o pagamento seja feito ap\u00f3s o vencimento.<\/p>\n\n\n\n<p>Para mais informa\u00e7\u00f5es sobre pagamento em atraso acesse:\u00a0<a href=\"http:\/\/idg.receita.fazenda.gov.br\/orientacao\/tributaria\/pagamentos-e-parcelamentos\/pagamento-em-atraso\">http:\/\/idg.receita.fazenda.gov.br\/orientacao\/tributaria\/pagamentos-e-parcelamentos\/pagamento-em-atraso<\/a><\/p>\n\n\n\n<p>Instru\u00e7\u00f5es para pagamento do Darf nos bancos arrecadadores:<br\/>1. O contribuinte dever\u00e1 utilizar o c\u00f3digo de barras para pagamento; seja por leitura \u00f3tica; seja pela digita\u00e7\u00e3o da transcri\u00e7\u00e3o num\u00e9rica do c\u00f3digo de barras;<br\/>2. Os bancos arrecadadores n\u00e3o aceitar\u00e3o o pagamento do Darf, caso o contribuinte tente digitar os dados do Darf (Per\u00edodo de apura\u00e7\u00e3o; N\u00famero do CPF ou CNPJ; C\u00f3digo de Receita; etc.) em substitui\u00e7\u00e3o ao c\u00f3digo de barras;<br\/>3. Cada banco arrecadador tem uma op\u00e7\u00e3o pr\u00f3pria em seus sistemas, que permite o pagamento de Darf com a utiliza\u00e7\u00e3o do c\u00f3digo de barras;<br\/>4. Caso encontre dificuldade para pagamento, o contribuinte dever\u00e1 solicitar informa\u00e7\u00f5es espec\u00edficas de seu banco, sobre como realizar o pagamento de Darf-Numerado com a utiliza\u00e7\u00e3o do c\u00f3digo de barras.<\/p>\n\n\n\n<p>Em nenhuma hip\u00f3tese poder\u00e1 ser utilizada a GPS \u2013 Guia da Previd\u00eancia Social para o pagamento de contribui\u00e7\u00f5es sociais que deveriam estar inclu\u00eddas no eSocial e\/ou EFD-Reinf.<\/p>\n\n\n\n<p>Depois do fechamento da folha no eSocial, o contribuinte dever\u00e1 acionar novamente o programa gerador da DCTFWeb, retificar a declara\u00e7\u00e3o para complementa\u00e7\u00e3o da confiss\u00e3o da d\u00edvida e adotar os procedimentos de ajuste do Darf Avulso ao Darf numerado por meio do sistema Sistad, a ser disponibilizado brevemente no Centro Virtual de Atendimento da Secretaria da Receita Federal do Brasil (e-CAC).<\/p>\n\n\n\n<p>\u00c9 importante observar que caso o Darf n\u00e3o seja preenchido em conformidade com as instru\u00e7\u00f5es fornecidas, o documento n\u00e3o poder\u00e1 ser recuperado para ajustes.<\/p>\n\n\n\n<p>Adicionalmente refor\u00e7a-se a necessidade da correta presta\u00e7\u00e3o de informa\u00e7\u00f5es no eSocial e de emiss\u00e3o do Darf pela DCTFWeb. Os d\u00e9bitos confessados na DCTFWeb sensibilizar\u00e3o o sistema de emiss\u00e3o da Certid\u00e3o Negativa de D\u00e9bitos (CND). Assim, no caso de recolhimento das contribui\u00e7\u00f5es por meio Darf Avulso o contribuinte dever\u00e1 efetuar os devidos ajustes no sistema Sistad. Se esse sistema ainda n\u00e3o estiver dispon\u00edvel, o contribuinte poder\u00e1 dirigir-se a uma unidade de atendimento da Receita Federal para solicitar os ajustes.<\/p>\n","protected":false},"excerpt":{"rendered":"<p>Caso de n\u00e3o fechamento completo da folha no eSocial ou dificuldades no Reinf Instru\u00e7\u00f5es para emiss\u00e3o de DARF Avulso no caso de n\u00e3o fechamento completo da folha no e-Social ou de dificuldades com o fechamento do Reinf A Receita Federal informa que, no per\u00edodo de apura\u00e7\u00e3o de setembro de 2018, as empresas que por quest\u00f5es [&hellip;]<\/p>\n","protected":false},"author":3,"featured_media":1400,"comment_status":"open","ping_status":"open","sticky":false,"template":"","format":"standard","meta":{"jetpack_post_was_ever_published":false,"_jetpack_newsletter_access":"","_jetpack_dont_email_post_to_subs":false,"_jetpack_newsletter_tier_id":0,"_jetpack_memberships_contains_paywalled_content":false,"_jetpack_memberships_contains_paid_content":false,"footnotes":"","jetpack_publicize_message":"","jetpack_publicize_feature_enabled":true,"jetpack_social_post_already_shared":true,"jetpack_social_options":{"image_generator_settings":{"template":"highway","default_image_id":0,"font":"","enabled":false},"version":2}},"categories":[29],"tags":[600,593],"class_list":["post-1399","post","type-post","status-publish","format-standard","has-post-thumbnail","hentry","category-dp","tag-avulso","tag-darf"],"jetpack_publicize_connections":[],"jetpack_featured_media_url":"https:\/\/i0.wp.com\/cfcontabil.com\/cf\/wp-content\/uploads\/2018\/10\/de-darf-avulso-1.png.600x335_q85_box-60915506_crop_detail-1.png?fit=600%2C335","jetpack_sharing_enabled":true,"jetpack_shortlink":"https:\/\/wp.me\/p2wklX-mz","jetpack-related-posts":[{"id":1380,"url":"http:\/\/cfcontabil.com\/cf\/dctfweb-entra-em-producao-e-substituira-a-gfip\/","url_meta":{"origin":1399,"position":0},"title":"DCTFWeb entra em produ\u00e7\u00e3o e substituir\u00e1 a GFIP","author":"Ab\u00edlio Gon\u00e7alves","date":"31 de agosto de 2018","format":false,"excerpt":"A exig\u00eancia da declara\u00e7\u00e3o se dar\u00e1 de forma gradual Est\u00e1 dispon\u00edvel, no s\u00edtio da Receita Federal na internet, a Declara\u00e7\u00e3o de D\u00e9bitos e Cr\u00e9ditos Tribut\u00e1rios Federais Previdenci\u00e1rios e de Outras Entidades e Fundos (DCTFWeb). A DCTFWeb \u00e9 a declara\u00e7\u00e3o que substituir\u00e1 a Guia de Recolhimento do FGTS e Informa\u00e7\u00f5es \u00e0\u2026","rel":"","context":"Em &quot;Departamento Pessoal&quot;","block_context":{"text":"Departamento Pessoal","link":"http:\/\/cfcontabil.com\/cf\/category\/dp\/"},"img":{"alt_text":"","src":"","width":0,"height":0},"classes":[]},{"id":1352,"url":"http:\/\/cfcontabil.com\/cf\/esocial-registra-o-ingresso-de-1-milhao-de-empregadores\/","url_meta":{"origin":1399,"position":1},"title":"eSocial registra o ingresso de 1 milh\u00e3o de empregadores","author":"Ab\u00edlio Gon\u00e7alves","date":"21 de agosto de 2018","format":false,"excerpt":"O eSocial est\u00e1 sendo implantado desde o primeiro semestre deste ano contemplando 5 fases. No primeiro momento foi a vez das empresas com faturamento superior a R$ 78 milh\u00f5es anuais, que passaram a ter a utiliza\u00e7\u00e3o obrigat\u00f3ria do programa a partir de 8 de janeiro de 2018. Esse grupo \u00e9\u2026","rel":"","context":"Em &quot;Departamento Pessoal&quot;","block_context":{"text":"Departamento Pessoal","link":"http:\/\/cfcontabil.com\/cf\/category\/dp\/"},"img":{"alt_text":"","src":"https:\/\/i0.wp.com\/cfcontabil.com\/cf\/wp-content\/uploads\/2017\/06\/esocial-462x234-1.png?fit=462%2C234&resize=350%2C200","width":350,"height":200},"classes":[]},{"id":2029,"url":"http:\/\/cfcontabil.com\/cf\/sistema-de-emissao-de-notas-fiscais-avulsas-estara-disponivel-ate-31-de-marco\/","url_meta":{"origin":1399,"position":2},"title":"Sistema de Emiss\u00e3o de Notas Fiscais Avulsas estar\u00e1 dispon\u00edvel at\u00e9 31 de mar\u00e7o","author":"Ab\u00edlio Gon\u00e7alves","date":"2 de janeiro de 2020","format":false,"excerpt":"A SEFAZ informa que o Sistema de Emiss\u00e3o de Notas Fiscais Avulsas estar\u00e1 dispon\u00edvel, para utiliza\u00e7\u00e3o no site desta Secretaria, at\u00e9 31\/03\/2020, tendo em vista que o ajuste SINIEF n\u00ba 07\/2009, prorrogado pelo Ajuste SINIEF 29\/2019, disp\u00f5e que as Notas Fiscais Eletr\u00f4nicas, que n\u00e3o atendem aos requisitos da NF-e, deixar\u00e3o\u2026","rel":"","context":"Post similar","block_context":{"text":"Post similar","link":""},"img":{"alt_text":"","src":"https:\/\/i0.wp.com\/cfcontabil.com\/cf\/wp-content\/uploads\/2020\/01\/servicio_nota_fiscal.png?fit=416%2C234&resize=350%2C200","width":350,"height":200},"classes":[]},{"id":691,"url":"http:\/\/cfcontabil.com\/cf\/e-social-da-nova-dor-de-cabeca-para-empregador\/","url_meta":{"origin":1399,"position":3},"title":"e-Social d\u00e1 nova dor de cabe\u00e7a para empregador","author":"Ab\u00edlio Gon\u00e7alves","date":"21 de mar\u00e7o de 2016","format":false,"excerpt":"Os empregadores est\u00e3o com dificuldades de demitir os dom\u00e9sticos no m\u00f3dulo disponibilizado no site do e-Social (esocial.gov.br). A fun\u00e7\u00e3o de desligamento foi inserida pela Receita Federal no \u00faltimo dia 8. O principal entrave \u00e9 o c\u00e1lculo das verbas rescis\u00f3rias, que devem ser inclu\u00eddas quando o trabalhador \u00e9 desligado. O sistema\u2026","rel":"","context":"Em &quot;Departamento Pessoal&quot;","block_context":{"text":"Departamento Pessoal","link":"http:\/\/cfcontabil.com\/cf\/category\/dp\/"},"img":{"alt_text":"","src":"https:\/\/i0.wp.com\/cfcontabil.com\/cf\/wp-content\/uploads\/2016\/03\/erro-esocial-1.jpg?fit=580%2C375&resize=350%2C200","width":350,"height":200,"srcset":"https:\/\/i0.wp.com\/cfcontabil.com\/cf\/wp-content\/uploads\/2016\/03\/erro-esocial-1.jpg?fit=580%2C375&resize=350%2C200 1x, https:\/\/i0.wp.com\/cfcontabil.com\/cf\/wp-content\/uploads\/2016\/03\/erro-esocial-1.jpg?fit=580%2C375&resize=525%2C300 1.5x"},"classes":[]},{"id":1374,"url":"http:\/\/cfcontabil.com\/cf\/receita-federal-intensifica-esclarecimentos-sobre-esocial\/","url_meta":{"origin":1399,"position":4},"title":"Receita Federal intensifica esclarecimentos sobre eSocial","author":"Ab\u00edlio Gon\u00e7alves","date":"30 de agosto de 2018","format":false,"excerpt":"Servi\u00e7o gratuito funciona de segunda \u00e0 sexta-feira, das 7h \u00e0s 19h Com objetivo de intensificar informa\u00e7\u00f5es e esclarecer d\u00favidas sobre o funcionamento do Sistema de Escritura\u00e7\u00e3o Digital das Obriga\u00e7\u00f5es Fiscais, Previd\u00eanci\u00e1rias e Trabalhistas (eSocial), a Receita Federal disponibilizou mais uma ferramenta de comunica\u00e7\u00e3o, o servi\u00e7o de 0800. O canal aceitar\u00e1\u2026","rel":"","context":"Em &quot;Departamento Pessoal&quot;","block_context":{"text":"Departamento Pessoal","link":"http:\/\/cfcontabil.com\/cf\/category\/dp\/"},"img":{"alt_text":"","src":"https:\/\/i0.wp.com\/cfcontabil.com\/cf\/wp-content\/uploads\/2017\/02\/receita-federal-1-1.png?fit=702%2C325&resize=350%2C200","width":350,"height":200,"srcset":"https:\/\/i0.wp.com\/cfcontabil.com\/cf\/wp-content\/uploads\/2017\/02\/receita-federal-1-1.png?fit=702%2C325&resize=350%2C200 1x, https:\/\/i0.wp.com\/cfcontabil.com\/cf\/wp-content\/uploads\/2017\/02\/receita-federal-1-1.png?fit=702%2C325&resize=525%2C300 1.5x, https:\/\/i0.wp.com\/cfcontabil.com\/cf\/wp-content\/uploads\/2017\/02\/receita-federal-1-1.png?fit=702%2C325&resize=700%2C400 2x"},"classes":[]},{"id":1178,"url":"http:\/\/cfcontabil.com\/cf\/veja-as-obrigacoes-trabalhistas-a-serem-extintas-com-o-esocial\/","url_meta":{"origin":1399,"position":5},"title":"Veja as obriga\u00e7\u00f5es trabalhistas a serem extintas com o eSocial","author":"Ab\u00edlio Gon\u00e7alves","date":"13 de junho de 2017","format":false,"excerpt":"Com a implementa\u00e7\u00e3o, a transmiss\u00e3o das informa\u00e7\u00f5es ser\u00e1 feita de forma \u00fanica e centralizada Atualmente as informa\u00e7\u00f5es geradas pelos Departamentos Pessoais das empresas s\u00e3o transmitidas a diversos \u00f3rg\u00e3os diferentes, como a Caixa Econ\u00f4mica Federal (CEF), Instituto Nacional do Seguro Social (INSS), o Minist\u00e9rio da Previd\u00eancia (MPS), o Minist\u00e9rio do Trabalho\u2026","rel":"","context":"Em &quot;Departamento Pessoal&quot;","block_context":{"text":"Departamento Pessoal","link":"http:\/\/cfcontabil.com\/cf\/category\/dp\/"},"img":{"alt_text":"","src":"https:\/\/i0.wp.com\/cfcontabil.com\/cf\/wp-content\/uploads\/2016\/03\/E-social-1-1.jpg?fit=660%2C271&resize=350%2C200","width":350,"height":200,"srcset":"https:\/\/i0.wp.com\/cfcontabil.com\/cf\/wp-content\/uploads\/2016\/03\/E-social-1-1.jpg?fit=660%2C271&resize=350%2C200 1x, https:\/\/i0.wp.com\/cfcontabil.com\/cf\/wp-content\/uploads\/2016\/03\/E-social-1-1.jpg?fit=660%2C271&resize=525%2C300 1.5x"},"classes":[]}],"jetpack_likes_enabled":true,"_links":{"self":[{"href":"http:\/\/cfcontabil.com\/cf\/wp-json\/wp\/v2\/posts\/1399","targetHints":{"allow":["GET"]}}],"collection":[{"href":"http:\/\/cfcontabil.com\/cf\/wp-json\/wp\/v2\/posts"}],"about":[{"href":"http:\/\/cfcontabil.com\/cf\/wp-json\/wp\/v2\/types\/post"}],"author":[{"embeddable":true,"href":"http:\/\/cfcontabil.com\/cf\/wp-json\/wp\/v2\/users\/3"}],"replies":[{"embeddable":true,"href":"http:\/\/cfcontabil.com\/cf\/wp-json\/wp\/v2\/comments?post=1399"}],"version-history":[{"count":0,"href":"http:\/\/cfcontabil.com\/cf\/wp-json\/wp\/v2\/posts\/1399\/revisions"}],"wp:featuredmedia":[{"embeddable":true,"href":"http:\/\/cfcontabil.com\/cf\/wp-json\/wp\/v2\/media\/1400"}],"wp:attachment":[{"href":"http:\/\/cfcontabil.com\/cf\/wp-json\/wp\/v2\/media?parent=1399"}],"wp:term":[{"taxonomy":"category","embeddable":true,"href":"http:\/\/cfcontabil.com\/cf\/wp-json\/wp\/v2\/categories?post=1399"},{"taxonomy":"post_tag","embeddable":true,"href":"http:\/\/cfcontabil.com\/cf\/wp-json\/wp\/v2\/tags?post=1399"}],"curies":[{"name":"wp","href":"https:\/\/api.w.org\/{rel}","templated":true}]}}