{"id":1402,"date":"2018-10-17T12:25:26","date_gmt":"2018-10-17T15:25:26","guid":{"rendered":"http:\/\/cfcontabil.com\/cf\/?p=1402"},"modified":"2018-10-17T12:25:26","modified_gmt":"2018-10-17T15:25:26","slug":"esocial-normas-sobre-o-envio-de-eventos-para-nao-optantes-pelo-simples","status":"publish","type":"post","link":"http:\/\/cfcontabil.com\/cf\/esocial-normas-sobre-o-envio-de-eventos-para-nao-optantes-pelo-simples\/","title":{"rendered":"eSocial: normas sobre o envio de eventos para n\u00e3o optantes pelo Simples"},"content":{"rendered":"\n<h4 class=\"wp-block-heading\">NO 008 realiza esclarecimentos referentes \u00e0 utiliza\u00e7\u00e3o de casa decimais<\/h4>\n\n\n\n<p>Foram publicadas as Notas Orientativas (NO)\u00a0<a href=\"http:\/\/portal.esocial.gov.br\/manuais\/nota-orientativa-007-2018-me-epp.pdf\" target=\"_blank\" rel=\"noreferrer noopener\">007<\/a>, que apresenta orienta\u00e7\u00f5es referentes ao envio dos eventos para Microempresas (ME) e Empresas de Pequeno Porte (EPP) que n\u00e3o s\u00e3o optantes pelo Simples Nacional; e a NO\u00a0<a href=\"http:\/\/portal.esocial.gov.br\/manuais\/nota-orientativa-008-2018-casas-decimais.pdf\" target=\"_blank\" rel=\"noreferrer noopener\">008<\/a>, que\u00a0realiza esclarecimentos referentes \u00e0 utiliza\u00e7\u00e3o de casa decimais em campos num\u00e9ricos do leiaute do eSocial.<\/p>\n\n\n\n<!--more-->\n\n\n\n<p><strong>\u00a0Pequenas e Microempresas n\u00e3o optantes pelo SIMPLES:<\/strong>\u00a0de acordo com a\u00a0<a href=\"http:\/\/portal.esocial.gov.br\/institucional\/legislacao\/resolucao-do-comite-diretivo-do-esocial-no-5-de-2-de-outubro-de-2018\">Resolu\u00e7\u00e3o do Comit\u00ea Diretivo do eSocial n\u00ba 5, de 02 de outubro de 2018<\/a>,as\u00a0ME e EPP que\u00a0<strong>n\u00e3o<\/strong>\u00a0s\u00e3o optantes pelo Simples Nacional permanecem no segundo grupo do cronograma de implanta\u00e7\u00e3o do eSocial, mas o tratamento diferenciado, previsto na resolu\u00e7\u00e3o anterior, fica mantido. Ou seja, estas empresas t\u00eam a op\u00e7\u00e3o de envio dos eventos de tabela e eventos n\u00e3o-peri\u00f3dicos de forma cumulativa com os eventos peri\u00f3dicos no prazo previsto para estes \u00faltimos, qual seja, 10 de janeiro de 2019 (prazo alterado pela\u00a0<a href=\"http:\/\/portal.esocial.gov.br\/institucional\/legislacao\/resolucao-do-comite-diretivo-do-esocial-no-5-de-2-de-outubro-de-2018\">Resolu\u00e7\u00e3o n\u00ba 5<\/a>). Confira mais informa\u00e7\u00f5es na\u00a0<a href=\"http:\/\/portal.esocial.gov.br\/manuais\/nota-orientativa-007-2018-me-epp.pdf\" target=\"_blank\" rel=\"noreferrer noopener\">NO 007<\/a>.<\/p>\n\n\n\n<p><strong>\u00a0Preenchimento de casas decimais nos leiautes do eSocial:<\/strong>\u00a0 os campos num\u00e9ricos do leiaute do eSocial est\u00e3o sendo informados de maneira equivocada por alguns usu\u00e1rios.\u00a0Todos os campos num\u00e9ricos do eSocial t\u00eam a defini\u00e7\u00e3o de um tamanho m\u00e1ximo, ou seja, de um n\u00famero m\u00e1ximo de algarismos que podem formar aquele n\u00famero.\u00a0Nos casos em que o campo num\u00e9rico pode ser informado com casas decimais, o leiaute define, al\u00e9m do tamanho m\u00e1ximo do campo, o n\u00famero de casas decimais que podem compor o numeral a ser informado.\u00a0\u00a0Veja o exemplo do campo {percAliment} abaixo:<\/p>\n\n\n\n<figure class=\"wp-block-image\"><img data-recalc-dims=\"1\" decoding=\"async\" src=\"https:\/\/i0.wp.com\/portal.esocial.gov.br\/noticias\/imagemcasasdecimais.png\/%40%40images\/c7fcf7d4-ffb0-47d3-8f67-4320068dcdef.png?w=1170\" alt=\"\"\/><\/figure>\n\n\n\n<p>O usu\u00e1rio, nesse caso, deve informar o percentual de FGTS destinado a pens\u00e3o aliment\u00edcia e, portanto, o campo pode ter at\u00e9 duas casas decimais, ex.: 33.33. Nesse exemplo, o campo tem tamanho igual a 005 porque o n\u00famero m\u00e1ximo que pode ser informado, com duas casas decimais, \u00e9 100.00. Ou seja, um numeral formado por cinco algarismos com duas casas decimais.<\/p>\n\n\n\n<p>O n\u00famero de casas decimais\u00a0integra\u00a0a quantidade m\u00e1xima de algarismos do tamanho do campo. E, al\u00e9m disso, a informa\u00e7\u00e3o de casas decimais n\u00e3o \u00e9 obrigat\u00f3ria, ou seja, num campo de tamanho m\u00e1ximo igual a 05, se forem informados 5 algarismos sem ponto para separar casas decimais, o sistema entender\u00e1 aqueles 5 algarismos como um n\u00famero inteiro.\u00a0Para maiores detalhes, consulte a orienta\u00e7\u00e3o completa da\u00a0<a href=\"http:\/\/portal.esocial.gov.br\/manuais\/nota-orientativa-008-2018-casas-decimais.pdf\" target=\"_blank\" rel=\"noreferrer noopener\">NO 008.<\/a><\/p>\n","protected":false},"excerpt":{"rendered":"<p>NO 008 realiza esclarecimentos referentes \u00e0 utiliza\u00e7\u00e3o de casa decimais Foram publicadas as Notas Orientativas (NO)\u00a0007, que apresenta orienta\u00e7\u00f5es referentes ao envio dos eventos para Microempresas (ME) e Empresas de Pequeno Porte (EPP) que n\u00e3o s\u00e3o optantes pelo Simples Nacional; e a NO\u00a0008, que\u00a0realiza esclarecimentos referentes \u00e0 utiliza\u00e7\u00e3o de casa decimais em campos num\u00e9ricos do [&hellip;]<\/p>\n","protected":false},"author":3,"featured_media":1387,"comment_status":"open","ping_status":"open","sticky":false,"template":"","format":"standard","meta":{"jetpack_post_was_ever_published":false,"_jetpack_newsletter_access":"","_jetpack_dont_email_post_to_subs":false,"_jetpack_newsletter_tier_id":0,"_jetpack_memberships_contains_paywalled_content":false,"_jetpack_memberships_contains_paid_content":false,"footnotes":"","jetpack_publicize_message":"","jetpack_publicize_feature_enabled":true,"jetpack_social_post_already_shared":true,"jetpack_social_options":{"image_generator_settings":{"template":"highway","default_image_id":0,"font":"","enabled":false},"version":2}},"categories":[29],"tags":[78,601,597,79,475],"class_list":["post-1402","post","type-post","status-publish","format-standard","has-post-thumbnail","hentry","category-dp","tag-esocial","tag-eventos","tag-fase","tag-fgts","tag-normas"],"jetpack_publicize_connections":[],"jetpack_featured_media_url":"https:\/\/i0.wp.com\/cfcontabil.com\/cf\/wp-content\/uploads\/2018\/09\/esocial-1-810x456-1.jpg?fit=810%2C456","jetpack_sharing_enabled":true,"jetpack_shortlink":"https:\/\/wp.me\/p2wklX-mC","jetpack-related-posts":[{"id":1396,"url":"http:\/\/cfcontabil.com\/cf\/a-2a-fase-do-esocial\/","url_meta":{"origin":1402,"position":0},"title":"A 2\u00aa fase do eSocial","author":"Ab\u00edlio Gon\u00e7alves","date":"16 de outubro de 2018","format":false,"excerpt":"Empresas com faturamento at\u00e9 R$ 78 milh\u00f5es iniciaram em 10 de outubro de 2018 A\u00a0segunda fase do eSocial tem in\u00edcio nesta quarta-feira, dia 10 de outubro, abrangendo entidades empresariais com faturamento de at\u00e9 R$ 78 milh\u00f5es no ano de 2016 e que n\u00e3o sejam optantes pelo Simples Nacional. Essa etapa\u2026","rel":"","context":"Em &quot;Departamento Pessoal&quot;","block_context":{"text":"Departamento Pessoal","link":"http:\/\/cfcontabil.com\/cf\/category\/dp\/"},"img":{"alt_text":"","src":"https:\/\/i0.wp.com\/cfcontabil.com\/cf\/wp-content\/uploads\/2017\/06\/esocial-462x234-1.png?fit=462%2C234&resize=350%2C200","width":350,"height":200},"classes":[]},{"id":1404,"url":"http:\/\/cfcontabil.com\/cf\/o-papel-do-profissional-da-contabilidade-na-2a-fase-do-esocial\/","url_meta":{"origin":1402,"position":1},"title":"O papel do profissional da contabilidade na 2\u00aa fase do eSocial","author":"Ab\u00edlio Gon\u00e7alves","date":"18 de outubro de 2018","format":false,"excerpt":"\u00c9 importante orientar o empres\u00e1rio para que os dados dos seus funcion\u00e1rios estejam organizados Fonte: CFC - Por Andr\u00e9a Rosa\u00a0Com informa\u00e7\u00f5es da Receita Federal do Brasil A segunda fase do eSocial teve in\u00edcio nesta quarta-feira (10), abrangendo entidades empresariais com faturamento de at\u00e9 R$ 78 milh\u00f5es no ano de 2016\u2026","rel":"","context":"Em &quot;Departamento Pessoal&quot;","block_context":{"text":"Departamento Pessoal","link":"http:\/\/cfcontabil.com\/cf\/category\/dp\/"},"img":{"alt_text":"","src":"https:\/\/i0.wp.com\/cfcontabil.com\/cf\/wp-content\/uploads\/2017\/06\/esocial-pasta-1.jpg?fit=1000%2C591&resize=350%2C200","width":350,"height":200,"srcset":"https:\/\/i0.wp.com\/cfcontabil.com\/cf\/wp-content\/uploads\/2017\/06\/esocial-pasta-1.jpg?fit=1000%2C591&resize=350%2C200 1x, https:\/\/i0.wp.com\/cfcontabil.com\/cf\/wp-content\/uploads\/2017\/06\/esocial-pasta-1.jpg?fit=1000%2C591&resize=525%2C300 1.5x, https:\/\/i0.wp.com\/cfcontabil.com\/cf\/wp-content\/uploads\/2017\/06\/esocial-pasta-1.jpg?fit=1000%2C591&resize=700%2C400 2x"},"classes":[]},{"id":1958,"url":"http:\/\/cfcontabil.com\/cf\/esocial-contabiliza-mais-de-39-milhoes-de-trabalhadores-cadastrados\/","url_meta":{"origin":1402,"position":2},"title":"eSocial contabiliza mais de 39 milh\u00f5es de trabalhadores cadastrados","author":"Ab\u00edlio Gon\u00e7alves","date":"28 de novembro de 2019","format":false,"excerpt":"At\u00e9 julho, \u00faltimo m\u00eas que foi feita a contabilidade oficial, 39.236.553 milh\u00f5es de trabalhadores estavam integrados \u00e0 base do eSocial. O n\u00famero representa a quantidade de empregados de empresas (inclusive empregador pessoa f\u00edsica, como produtores rurais e profissionais liberais), empregados dom\u00e9sticos e demais trabalhadores sem v\u00ednculo de emprego (estagi\u00e1rios, bolsistas,\u2026","rel":"","context":"Em &quot;Departamento Pessoal&quot;","block_context":{"text":"Departamento Pessoal","link":"http:\/\/cfcontabil.com\/cf\/category\/dp\/"},"img":{"alt_text":"","src":"https:\/\/i0.wp.com\/cfcontabil.com\/cf\/wp-content\/uploads\/2018\/09\/esocial-1-810x456-1.jpg?fit=810%2C456&resize=350%2C200","width":350,"height":200,"srcset":"https:\/\/i0.wp.com\/cfcontabil.com\/cf\/wp-content\/uploads\/2018\/09\/esocial-1-810x456-1.jpg?fit=810%2C456&resize=350%2C200 1x, https:\/\/i0.wp.com\/cfcontabil.com\/cf\/wp-content\/uploads\/2018\/09\/esocial-1-810x456-1.jpg?fit=810%2C456&resize=525%2C300 1.5x, https:\/\/i0.wp.com\/cfcontabil.com\/cf\/wp-content\/uploads\/2018\/09\/esocial-1-810x456-1.jpg?fit=810%2C456&resize=700%2C400 2x"},"classes":[]},{"id":1358,"url":"http:\/\/cfcontabil.com\/cf\/caixa-aprova-alteracao-no-cronograma-de-implantacao-do-esocial\/","url_meta":{"origin":1402,"position":3},"title":"Caixa aprova altera\u00e7\u00e3o no cronograma de implanta\u00e7\u00e3o do eSocial","author":"Ab\u00edlio Gon\u00e7alves","date":"23 de agosto de 2018","format":false,"excerpt":"Criou o 4\u00ba grupo de empregadores, que compreende o segurado especial e o pequeno produtor rural pessoa f\u00edsica e estabeleceu novo cronograma de fases.","rel":"","context":"Em &quot;Departamento Pessoal&quot;","block_context":{"text":"Departamento Pessoal","link":"http:\/\/cfcontabil.com\/cf\/category\/dp\/"},"img":{"alt_text":"","src":"https:\/\/i0.wp.com\/cfcontabil.com\/cf\/wp-content\/uploads\/2018\/08\/esocial2-1.png?fit=807%2C368&resize=350%2C200","width":350,"height":200,"srcset":"https:\/\/i0.wp.com\/cfcontabil.com\/cf\/wp-content\/uploads\/2018\/08\/esocial2-1.png?fit=807%2C368&resize=350%2C200 1x, https:\/\/i0.wp.com\/cfcontabil.com\/cf\/wp-content\/uploads\/2018\/08\/esocial2-1.png?fit=807%2C368&resize=525%2C300 1.5x, https:\/\/i0.wp.com\/cfcontabil.com\/cf\/wp-content\/uploads\/2018\/08\/esocial2-1.png?fit=807%2C368&resize=700%2C400 2x"},"classes":[]},{"id":1374,"url":"http:\/\/cfcontabil.com\/cf\/receita-federal-intensifica-esclarecimentos-sobre-esocial\/","url_meta":{"origin":1402,"position":4},"title":"Receita Federal intensifica esclarecimentos sobre eSocial","author":"Ab\u00edlio Gon\u00e7alves","date":"30 de agosto de 2018","format":false,"excerpt":"Servi\u00e7o gratuito funciona de segunda \u00e0 sexta-feira, das 7h \u00e0s 19h Com objetivo de intensificar informa\u00e7\u00f5es e esclarecer d\u00favidas sobre o funcionamento do Sistema de Escritura\u00e7\u00e3o Digital das Obriga\u00e7\u00f5es Fiscais, Previd\u00eanci\u00e1rias e Trabalhistas (eSocial), a Receita Federal disponibilizou mais uma ferramenta de comunica\u00e7\u00e3o, o servi\u00e7o de 0800. O canal aceitar\u00e1\u2026","rel":"","context":"Em &quot;Departamento Pessoal&quot;","block_context":{"text":"Departamento Pessoal","link":"http:\/\/cfcontabil.com\/cf\/category\/dp\/"},"img":{"alt_text":"","src":"https:\/\/i0.wp.com\/cfcontabil.com\/cf\/wp-content\/uploads\/2017\/02\/receita-federal-1-1.png?fit=702%2C325&resize=350%2C200","width":350,"height":200,"srcset":"https:\/\/i0.wp.com\/cfcontabil.com\/cf\/wp-content\/uploads\/2017\/02\/receita-federal-1-1.png?fit=702%2C325&resize=350%2C200 1x, https:\/\/i0.wp.com\/cfcontabil.com\/cf\/wp-content\/uploads\/2017\/02\/receita-federal-1-1.png?fit=702%2C325&resize=525%2C300 1.5x, https:\/\/i0.wp.com\/cfcontabil.com\/cf\/wp-content\/uploads\/2017\/02\/receita-federal-1-1.png?fit=702%2C325&resize=700%2C400 2x"},"classes":[]},{"id":2027,"url":"http:\/\/cfcontabil.com\/cf\/medias-empresas-concluem-migracao-para-esocial\/","url_meta":{"origin":1402,"position":5},"title":"M\u00e9dias empresas concluem migra\u00e7\u00e3o para eSocial","author":"Ab\u00edlio Gon\u00e7alves","date":"2 de janeiro de 2020","format":false,"excerpt":"Dados de seguran\u00e7a do trabalhador passam a ser inseridos no sistema Sistema informatizado de presta\u00e7\u00e3o de informa\u00e7\u00f5es de empresas e trabalhadores, o\u00a0eSocial\u00a0torna-se completamente obrigat\u00f3rio para os m\u00e9dios empregadores a partir de\u00a0hoje\u00a0(2). Cerca de 1,24 milh\u00e3o de m\u00e9dias empresas, que faturam at\u00e9 R$ 78 milh\u00f5es por ano, dever\u00e3o inserir os dados\u2026","rel":"","context":"Em &quot;Departamento Pessoal&quot;","block_context":{"text":"Departamento Pessoal","link":"http:\/\/cfcontabil.com\/cf\/category\/dp\/"},"img":{"alt_text":"","src":"https:\/\/i0.wp.com\/cfcontabil.com\/cf\/wp-content\/uploads\/2017\/06\/esocial-462x234-1.png?fit=462%2C234&resize=350%2C200","width":350,"height":200},"classes":[]}],"jetpack_likes_enabled":true,"_links":{"self":[{"href":"http:\/\/cfcontabil.com\/cf\/wp-json\/wp\/v2\/posts\/1402","targetHints":{"allow":["GET"]}}],"collection":[{"href":"http:\/\/cfcontabil.com\/cf\/wp-json\/wp\/v2\/posts"}],"about":[{"href":"http:\/\/cfcontabil.com\/cf\/wp-json\/wp\/v2\/types\/post"}],"author":[{"embeddable":true,"href":"http:\/\/cfcontabil.com\/cf\/wp-json\/wp\/v2\/users\/3"}],"replies":[{"embeddable":true,"href":"http:\/\/cfcontabil.com\/cf\/wp-json\/wp\/v2\/comments?post=1402"}],"version-history":[{"count":0,"href":"http:\/\/cfcontabil.com\/cf\/wp-json\/wp\/v2\/posts\/1402\/revisions"}],"wp:featuredmedia":[{"embeddable":true,"href":"http:\/\/cfcontabil.com\/cf\/wp-json\/wp\/v2\/media\/1387"}],"wp:attachment":[{"href":"http:\/\/cfcontabil.com\/cf\/wp-json\/wp\/v2\/media?parent=1402"}],"wp:term":[{"taxonomy":"category","embeddable":true,"href":"http:\/\/cfcontabil.com\/cf\/wp-json\/wp\/v2\/categories?post=1402"},{"taxonomy":"post_tag","embeddable":true,"href":"http:\/\/cfcontabil.com\/cf\/wp-json\/wp\/v2\/tags?post=1402"}],"curies":[{"name":"wp","href":"https:\/\/api.w.org\/{rel}","templated":true}]}}