{"id":1404,"date":"2018-10-18T05:00:36","date_gmt":"2018-10-18T08:00:36","guid":{"rendered":"http:\/\/cfcontabil.com\/cf\/?p=1404"},"modified":"2018-10-18T05:00:36","modified_gmt":"2018-10-18T08:00:36","slug":"o-papel-do-profissional-da-contabilidade-na-2a-fase-do-esocial","status":"publish","type":"post","link":"http:\/\/cfcontabil.com\/cf\/o-papel-do-profissional-da-contabilidade-na-2a-fase-do-esocial\/","title":{"rendered":"O papel do profissional da contabilidade na 2\u00aa fase do eSocial"},"content":{"rendered":"\n<h4 class=\"wp-block-heading\">\u00c9 importante orientar o empres\u00e1rio para que os dados dos seus funcion\u00e1rios estejam organizados<\/h4>\n\n\n\n<h6 class=\"wp-block-heading\"><em>Fonte: CFC &#8211; Por Andr\u00e9a Rosa\u00a0<\/em><br\/><em>Com informa\u00e7\u00f5es da Receita Federal do Brasil<\/em><\/h6>\n\n\n\n<figure class=\"wp-block-image\"><img data-recalc-dims=\"1\" decoding=\"async\" src=\"https:\/\/i0.wp.com\/fenacon.org.br\/media\/uploads\/noticias\/2018\/10\/esocial_3.jpg.600x335_q85_box-33%2C0%2C801%2C428_crop_detail.jpg?w=1170\" alt=\"\"\/><\/figure>\n\n\n\n<p>A segunda fase do eSocial teve in\u00edcio nesta quarta-feira (10), abrangendo entidades empresariais com faturamento de at\u00e9 R$ 78 milh\u00f5es no ano de 2016 e que n\u00e3o sejam optantes pelo Simples Nacional. Nesse contexto, o papel do profissional da contabilidade \u00e9 vital, pois essa etapa envolve o envio de dados dos trabalhadores e seus v\u00ednculos empregat\u00edcios at\u00e9 9 de janeiro de 2019.<\/p>\n\n\n\n<p>\u00c9 importante orientar o empres\u00e1rio para que os dados dos seus funcion\u00e1rios estejam organizados e as informa\u00e7\u00f5es estejam atualizadas. Nessa Fase acontecer\u00e1 a qualifica\u00e7\u00e3o cadastral dos funcion\u00e1rios &#8211; processo que necessita que os dados do empregado estejam corretos em todos os cadastros que s\u00e3o validados no eSocial (como CPF e PIS).<\/p>\n\n\n\n<p>O cruzamento de informa\u00e7\u00f5es precisa ser feito via sistema do eSocial. Os dados s\u00e3o enviados para a Receita Federal, e, caso haja alguma impropriedade, a RFB solicita corre\u00e7\u00f5es com observa\u00e7\u00f5es que v\u00e3o desde a duplicidade de cadastro no PIS, como altera\u00e7\u00e3o no nome do funcion\u00e1rio, em virtude de casamento. Todo esse processo de atualiza\u00e7\u00e3o cadastral pode levar algum tempo e, \u00e0s vezes, pode ser necess\u00e1rio que o funcion\u00e1rio v\u00e1 at\u00e9 a Receita Federal do Brasil (RFB) ou \u00e0 Caixa Econ\u00f4mica Federal (CEF), para fazer ajustes em seu cadastro.<\/p>\n\n\n\n<!--more-->\n\n\n\n<p>Para a contadora Luc\u00e9lia Lecheta, empres\u00e1ria cont\u00e1bil e vice-presidente de Desenvolvimento Profissional do Conselho Federal de Contabilidade (CFC), o profissional da contabilidade tem uma responsabilidade muito grande nesse processo. Segundo ela, o cliente precisa ser orientado e assumir o seu papel &#8211; como empres\u00e1rio &#8211; fornecendo informa\u00e7\u00f5es de forma correta e em um prazo que seja vi\u00e1vel a an\u00e1lise dos dados. Luc\u00e9lia explica que essa anteced\u00eancia possibilita a\u00e7\u00f5es de corre\u00e7\u00e3o e altera\u00e7\u00e3o antes do prazo final estipulado pelo Fisco.<\/p>\n\n\n\n<p>&#8220;\u00c9 muito importante que o profissional da contabilidade fale sobre o eSocial para o seu cliente, especificando quais s\u00e3o os processos, o que vai acontecer, os prazos e dando-lhe ci\u00eancia de que ele precisa providenciar a documenta\u00e7\u00e3o necess\u00e1ria para n\u00e3o haver problemas futuros. \u00c9 imprescind\u00edvel o trabalho de orienta\u00e7\u00e3o, pois a responsabilidade n\u00e3o \u00e9 do profissional da contabilidade, mas do empres\u00e1rio. Quando o cliente \u00e9 bem orientado, ele passa a valorizar muito mais o seu contador\u201d, disse a vice-presidente Luc\u00e9lia Lecheta.<\/p>\n\n\n\n<p><strong>Empresas de m\u00e9dio porte<\/strong><\/p>\n\n\n\n<p>As empresas de m\u00e9dio porte, cujo faturamento ficou entre R$ 4,8 milh\u00f5es e R$ 78 milh\u00f5es, iniciaram em julho de 2018 o envio de dados pelo eSocial. Isso j\u00e1 era obrigat\u00f3rio para as grandes empresas desde o in\u00edcio deste ano.<\/p>\n\n\n\n<p>No tocante a micro e pequenas empresas optantes pelo Simples Nacional, inclusive o Microempreendedor Individual (MEI), destaca-se que n\u00e3o devem enviar eventos via sistema eSocial antes dos novos prazos estabelecidos para esse grupo. As informa\u00e7\u00f5es que j\u00e1 foram enviadas permanecer\u00e3o no ambiente do eSocial e poder\u00e3o ser retificadas ou complementadas quando o sistema reabrir para essas empresas, em janeiro de 2019.<\/p>\n\n\n\n<p><strong>Micro e pequenas empresas n\u00e3o optantes pelo Simples Nacional<\/strong><\/p>\n\n\n\n<p>Conforme Nota Orientativa n\u00ba 2018.007, publicada pela Receita Federal em 09\/10\/2018, as micro e pequenas empresas n\u00e3o optantes pelo Simples Nacional poder\u00e3o enviar seus eventos de tabelas e eventos n\u00e3o-peri\u00f3dicos de forma cumulativa com os eventos peri\u00f3dicos, no prazo previsto para estes \u00faltimos, qual seja, 10 de janeiro de 2019.<\/p>\n\n\n\n<p>Veja abaixo detalhes do cronograma do eSocial, que foi atualizado pela Resolu\u00e7\u00e3o CDES n\u00ba 05, publicada na \u00faltima sexta-feira (5\/10):<\/p>\n\n\n\n<figure class=\"wp-block-image\"><a href=\"https:\/\/i0.wp.com\/cfc.org.br\/wp-content\/uploads\/2018\/10\/eSocial4colunasfasesFINAL.png?ssl=1\"><img data-recalc-dims=\"1\" decoding=\"async\" src=\"https:\/\/i0.wp.com\/cfc.org.br\/wp-content\/uploads\/2018\/10\/eSocial4colunasfasesFINAL.png?w=1170&#038;ssl=1\" alt=\"\"\/><\/a><\/figure>\n","protected":false},"excerpt":{"rendered":"<p>\u00c9 importante orientar o empres\u00e1rio para que os dados dos seus funcion\u00e1rios estejam organizados Fonte: CFC &#8211; Por Andr\u00e9a Rosa\u00a0Com informa\u00e7\u00f5es da Receita Federal do Brasil A segunda fase do eSocial teve in\u00edcio nesta quarta-feira (10), abrangendo entidades empresariais com faturamento de at\u00e9 R$ 78 milh\u00f5es no ano de 2016 e que n\u00e3o sejam optantes [&hellip;]<\/p>\n","protected":false},"author":3,"featured_media":1509,"comment_status":"open","ping_status":"open","sticky":false,"template":"","format":"standard","meta":{"jetpack_post_was_ever_published":false,"_jetpack_newsletter_access":"","_jetpack_dont_email_post_to_subs":false,"_jetpack_newsletter_tier_id":0,"_jetpack_memberships_contains_paywalled_content":false,"_jetpack_memberships_contains_paid_content":false,"footnotes":"","jetpack_publicize_message":"","jetpack_publicize_feature_enabled":true,"jetpack_social_post_already_shared":true,"jetpack_social_options":{"image_generator_settings":{"template":"highway","default_image_id":0,"font":"","enabled":false},"version":2}},"categories":[29],"tags":[21,134,602],"class_list":["post-1404","post","type-post","status-publish","format-standard","has-post-thumbnail","hentry","category-dp","tag-contabilidade","tag-contador","tag-preparacao"],"jetpack_publicize_connections":[],"jetpack_featured_media_url":"https:\/\/i0.wp.com\/cfcontabil.com\/cf\/wp-content\/uploads\/2017\/06\/esocial-pasta-1.jpg?fit=1000%2C591","jetpack_sharing_enabled":true,"jetpack_shortlink":"https:\/\/wp.me\/p2wklX-mE","jetpack-related-posts":[{"id":1348,"url":"http:\/\/cfcontabil.com\/cf\/empresas-relatam-dificuldades-e-despreparo-na-implantacao-do-esocial\/","url_meta":{"origin":1404,"position":0},"title":"Empresas relatam dificuldades e despreparo na implanta\u00e7\u00e3o do eSocial","author":"Ab\u00edlio Gon\u00e7alves","date":"13 de agosto de 2018","format":false,"excerpt":"Para n\u00e3o deixar de cumprir prazos, escrit\u00f3rios e condom\u00ednios contrataram servi\u00e7os e funcion\u00e1rios nas \u00e1reas de TI e recursos humanos; governo diz que toma provid\u00eancias para facilitar o uso da ferramenta. Fonte: G1 Ang\u00e9lica Arbex, diretora de relacionamento da Lello Condom\u00ednios: empresa levou 4 meses para corrigir inconsist\u00eancias de dados\u2026","rel":"","context":"Em &quot;Departamento Pessoal&quot;","block_context":{"text":"Departamento Pessoal","link":"http:\/\/cfcontabil.com\/cf\/category\/dp\/"},"img":{"alt_text":"","src":"https:\/\/i0.wp.com\/cfcontabil.com\/cf\/wp-content\/uploads\/2017\/06\/esocial-462x234-1.png?fit=462%2C234&resize=350%2C200","width":350,"height":200},"classes":[]},{"id":905,"url":"http:\/\/cfcontabil.com\/cf\/esocial-permitira-que-governo-federal-intensifique-fiscalizacoes\/","url_meta":{"origin":1404,"position":1},"title":"eSocial permitir\u00e1 que Governo Federal intensifique fiscaliza\u00e7\u00f5es","author":"Ab\u00edlio Gon\u00e7alves","date":"28 de janeiro de 2017","format":false,"excerpt":"Helio Donin Jr. afirmou que Minist\u00e9rio do Trabalho s\u00f3 tem capacidade para fiscalizar 3% das empresas Unificar as informa\u00e7\u00f5es e cruzar a base de dados para poder identificar poss\u00edveis irregularidades e atuar com a fiscaliza\u00e7\u00e3o \u00e9 um dos objetivos do Governo Federal com a implementa\u00e7\u00e3o do eSocial. Foi o que\u2026","rel":"","context":"Em &quot;Departamento Pessoal&quot;","block_context":{"text":"Departamento Pessoal","link":"http:\/\/cfcontabil.com\/cf\/category\/dp\/"},"img":{"alt_text":"","src":"https:\/\/i0.wp.com\/cfcontabil.com\/cf\/wp-content\/uploads\/2016\/03\/E-social-1-1.jpg?fit=660%2C271&resize=350%2C200","width":350,"height":200,"srcset":"https:\/\/i0.wp.com\/cfcontabil.com\/cf\/wp-content\/uploads\/2016\/03\/E-social-1-1.jpg?fit=660%2C271&resize=350%2C200 1x, https:\/\/i0.wp.com\/cfcontabil.com\/cf\/wp-content\/uploads\/2016\/03\/E-social-1-1.jpg?fit=660%2C271&resize=525%2C300 1.5x"},"classes":[]},{"id":1958,"url":"http:\/\/cfcontabil.com\/cf\/esocial-contabiliza-mais-de-39-milhoes-de-trabalhadores-cadastrados\/","url_meta":{"origin":1404,"position":2},"title":"eSocial contabiliza mais de 39 milh\u00f5es de trabalhadores cadastrados","author":"Ab\u00edlio Gon\u00e7alves","date":"28 de novembro de 2019","format":false,"excerpt":"At\u00e9 julho, \u00faltimo m\u00eas que foi feita a contabilidade oficial, 39.236.553 milh\u00f5es de trabalhadores estavam integrados \u00e0 base do eSocial. O n\u00famero representa a quantidade de empregados de empresas (inclusive empregador pessoa f\u00edsica, como produtores rurais e profissionais liberais), empregados dom\u00e9sticos e demais trabalhadores sem v\u00ednculo de emprego (estagi\u00e1rios, bolsistas,\u2026","rel":"","context":"Em &quot;Departamento Pessoal&quot;","block_context":{"text":"Departamento Pessoal","link":"http:\/\/cfcontabil.com\/cf\/category\/dp\/"},"img":{"alt_text":"","src":"https:\/\/i0.wp.com\/cfcontabil.com\/cf\/wp-content\/uploads\/2018\/09\/esocial-1-810x456-1.jpg?fit=810%2C456&resize=350%2C200","width":350,"height":200,"srcset":"https:\/\/i0.wp.com\/cfcontabil.com\/cf\/wp-content\/uploads\/2018\/09\/esocial-1-810x456-1.jpg?fit=810%2C456&resize=350%2C200 1x, https:\/\/i0.wp.com\/cfcontabil.com\/cf\/wp-content\/uploads\/2018\/09\/esocial-1-810x456-1.jpg?fit=810%2C456&resize=525%2C300 1.5x, https:\/\/i0.wp.com\/cfcontabil.com\/cf\/wp-content\/uploads\/2018\/09\/esocial-1-810x456-1.jpg?fit=810%2C456&resize=700%2C400 2x"},"classes":[]},{"id":1202,"url":"http:\/\/cfcontabil.com\/cf\/2013-ano-da-contabilidade-no-brasil\/","url_meta":{"origin":1404,"position":3},"title":"2013: ano da Contabilidade no Brasil","author":"Vin\u00edcius Moizinho","date":"9 de janeiro de 2013","format":false,"excerpt":"\u00a0 O ano de 2013 ser\u00e1, sem d\u00favida, um dos mais importantes para a Contabilidade brasileira. Lideran\u00e7as e \u00f3rg\u00e3os ligados \u00e0 profiss\u00e3o est\u00e3o se unindo para que toda a sociedade saiba e reconhe\u00e7a o verdadeiro papel do profissional da contabilidade. \u00a0 \u00a0 \u00a0 Conhe\u00e7a, a seguir, um pouco do projeto.\u2026","rel":"","context":"Em &quot;Consultoria Empresarial&quot;","block_context":{"text":"Consultoria Empresarial","link":"http:\/\/cfcontabil.com\/cf\/category\/consultoria\/"},"img":{"alt_text":"Ano da Contabilidade no Brasil","src":"http:\/\/www.crcsc.org.br\/arquivosSGC\/BANNER_20121211103353Ano20da20Contabilidade.jpg&w=418&h=238&c=s","width":350,"height":200},"classes":[]},{"id":1587,"url":"http:\/\/cfcontabil.com\/cf\/tecnologia-e-contabilidade\/","url_meta":{"origin":1404,"position":4},"title":"Tecnologia e Contabilidade","author":"Ab\u00edlio Gon\u00e7alves","date":"16 de setembro de 2019","format":false,"excerpt":"Como surpreende o ritmo das inova\u00e7\u00f5es e a tend\u00eancia mundial com os r\u00e1pidos avan\u00e7os tecnol\u00f3gicos atualmente. \u00c9 um processo sem volta, que vislumbra um tempo novo surgindo. \u00c9 poss\u00edvel ressaltar que o impacto \u00e9 sentindo em todas as \u00e1reas de neg\u00f3cios e at\u00e9 da vida cotidiana. A evolu\u00e7\u00e3o \u00e9 um\u2026","rel":"","context":"Em &quot;Consultoria Empresarial&quot;","block_context":{"text":"Consultoria Empresarial","link":"http:\/\/cfcontabil.com\/cf\/category\/consultoria\/"},"img":{"alt_text":"","src":"https:\/\/i0.wp.com\/cfcontabil.com\/cf\/wp-content\/uploads\/2019\/09\/tecnologia-na-contabilidade-vantagens-1024x633.jpg?fit=1024%2C633&resize=350%2C200","width":350,"height":200,"srcset":"https:\/\/i0.wp.com\/cfcontabil.com\/cf\/wp-content\/uploads\/2019\/09\/tecnologia-na-contabilidade-vantagens-1024x633.jpg?fit=1024%2C633&resize=350%2C200 1x, https:\/\/i0.wp.com\/cfcontabil.com\/cf\/wp-content\/uploads\/2019\/09\/tecnologia-na-contabilidade-vantagens-1024x633.jpg?fit=1024%2C633&resize=525%2C300 1.5x, https:\/\/i0.wp.com\/cfcontabil.com\/cf\/wp-content\/uploads\/2019\/09\/tecnologia-na-contabilidade-vantagens-1024x633.jpg?fit=1024%2C633&resize=700%2C400 2x"},"classes":[]},{"id":1396,"url":"http:\/\/cfcontabil.com\/cf\/a-2a-fase-do-esocial\/","url_meta":{"origin":1404,"position":5},"title":"A 2\u00aa fase do eSocial","author":"Ab\u00edlio Gon\u00e7alves","date":"16 de outubro de 2018","format":false,"excerpt":"Empresas com faturamento at\u00e9 R$ 78 milh\u00f5es iniciaram em 10 de outubro de 2018 A\u00a0segunda fase do eSocial tem in\u00edcio nesta quarta-feira, dia 10 de outubro, abrangendo entidades empresariais com faturamento de at\u00e9 R$ 78 milh\u00f5es no ano de 2016 e que n\u00e3o sejam optantes pelo Simples Nacional. Essa etapa\u2026","rel":"","context":"Em &quot;Departamento Pessoal&quot;","block_context":{"text":"Departamento Pessoal","link":"http:\/\/cfcontabil.com\/cf\/category\/dp\/"},"img":{"alt_text":"","src":"https:\/\/i0.wp.com\/cfcontabil.com\/cf\/wp-content\/uploads\/2017\/06\/esocial-462x234-1.png?fit=462%2C234&resize=350%2C200","width":350,"height":200},"classes":[]}],"jetpack_likes_enabled":true,"_links":{"self":[{"href":"http:\/\/cfcontabil.com\/cf\/wp-json\/wp\/v2\/posts\/1404","targetHints":{"allow":["GET"]}}],"collection":[{"href":"http:\/\/cfcontabil.com\/cf\/wp-json\/wp\/v2\/posts"}],"about":[{"href":"http:\/\/cfcontabil.com\/cf\/wp-json\/wp\/v2\/types\/post"}],"author":[{"embeddable":true,"href":"http:\/\/cfcontabil.com\/cf\/wp-json\/wp\/v2\/users\/3"}],"replies":[{"embeddable":true,"href":"http:\/\/cfcontabil.com\/cf\/wp-json\/wp\/v2\/comments?post=1404"}],"version-history":[{"count":0,"href":"http:\/\/cfcontabil.com\/cf\/wp-json\/wp\/v2\/posts\/1404\/revisions"}],"wp:featuredmedia":[{"embeddable":true,"href":"http:\/\/cfcontabil.com\/cf\/wp-json\/wp\/v2\/media\/1509"}],"wp:attachment":[{"href":"http:\/\/cfcontabil.com\/cf\/wp-json\/wp\/v2\/media?parent=1404"}],"wp:term":[{"taxonomy":"category","embeddable":true,"href":"http:\/\/cfcontabil.com\/cf\/wp-json\/wp\/v2\/categories?post=1404"},{"taxonomy":"post_tag","embeddable":true,"href":"http:\/\/cfcontabil.com\/cf\/wp-json\/wp\/v2\/tags?post=1404"}],"curies":[{"name":"wp","href":"https:\/\/api.w.org\/{rel}","templated":true}]}}