{"id":1406,"date":"2018-10-19T05:00:24","date_gmt":"2018-10-19T08:00:24","guid":{"rendered":"http:\/\/cfcontabil.com\/cf\/?p=1406"},"modified":"2018-10-19T05:00:24","modified_gmt":"2018-10-19T08:00:24","slug":"esocial-codigo-de-acesso-possui-validade-de-03-anos","status":"publish","type":"post","link":"http:\/\/cfcontabil.com\/cf\/esocial-codigo-de-acesso-possui-validade-de-03-anos\/","title":{"rendered":"eSocial: C\u00f3digo de Acesso possui validade de 03 anos"},"content":{"rendered":"\n<h4 class=\"wp-block-heading\">Ap\u00f3s 03 anos, o C\u00f3digo gerado expira e o empregador ser\u00e1 convidado a criar um novo<\/h4>\n\n\n\n<figure class=\"wp-block-image\"><img data-recalc-dims=\"1\" decoding=\"async\" src=\"https:\/\/i0.wp.com\/fenacon.org.br\/media\/uploads\/noticias\/2018\/10\/e5746bf9-86d8-4fed-81a6-34e509726511.png.600x335_q85_box-0%2C10%2C736%2C421_crop_detail.png?w=1170\" alt=\"\"\/><figcaption>Mensagem de erro ap\u00f3s vencimentos do c\u00f3digo de acesso.<\/figcaption><\/figure>\n\n\n\n<p>Ap\u00f3s 03 anos, o C\u00f3digo gerado expira e o empregador ser\u00e1 convidado a criar um novo. Ser\u00e1 necess\u00e1rio informar novamente os n\u00fameros de recibos de entrega da DIRPF ou do T\u00edtulo de Eleitor.<\/p>\n\n\n\n<!--more-->\n\n\n\n<p>Conforme previsto no item\u00a0<a href=\"http:\/\/portal.esocial.gov.br\/empregador-domestico\/manual-do-empregador-domestico\/manual-do-empregador-domestico_1#1-1-c-digo-de-acesso\">1.1 do Manual do Empregador Dom\u00e9stico<\/a>, o usu\u00e1rio da m\u00f3dulo Dom\u00e9stico do eSocial dever\u00e1 gerar um novo C\u00f3digo de Acesso a cada 03 anos. Quando completar esse per\u00edodo, o c\u00f3digo ir\u00e1 expirar e o empregador n\u00e3o conseguir\u00e1 mais utiliz\u00e1-lo para acessar o eSocial. Ser\u00e1 exibida a mensagem abaixo com o alerta:<\/p>\n\n\n\n<figure class=\"wp-block-image\"><img data-recalc-dims=\"1\" decoding=\"async\" src=\"https:\/\/i0.wp.com\/portal.esocial.gov.br\/empregador-domestico\/manual-do-empregador-domestico\/imagens\/cdigoacessoexpirado.png?w=1170\" alt=\"\"\/><\/figure>\n\n\n\n<p>Na mensagem acima, o usu\u00e1rio devera clicar em &#8220;novo c\u00f3digo de acesso&#8221;, ou ent\u00e3o clicar diretamente na p\u00e1gina de login do eSocial e depois em &#8220;<a href=\"https:\/\/login.esocial.gov.br\/CodigoAcesso.aspx\">Primeiro Acesso<\/a>&#8220;.\u00a0Ser\u00e3o solicitadas as seguintes informa\u00e7\u00f5es na gera\u00e7\u00e3o de novo C\u00f3digo de Acesso:<\/p>\n\n\n\n<ul class=\"wp-block-list\"><li>CPF<\/li><li>Data de nascimento<\/li><li>N\u00famero dos recibos de entrega da Declara\u00e7\u00e3o do Imposto de Renda Pessoa F\u00edsica (DIRPF), dos \u00faltimos dois exerc\u00edcios, da qual o empregador seja titular. Para o empregador que tenha enviado apenas uma DIRPF, ser\u00e1 solicitado apenas o recibo da \u00faltima declara\u00e7\u00e3o. O n\u00famero do recibo encontra-se na p\u00e1gina 02 do recibo da declara\u00e7\u00e3o (utilizar as 10 primeiras posi\u00e7\u00f5es).<\/li><\/ul>\n\n\n\n<p>O eSocial busca exatamente os n\u00fameros de declara\u00e7\u00e3o do imposto de renda\u00a0que existem na base. Havendo 2 declara\u00e7\u00f5es, retorna os 2 \u00faltimos recibos,\u00a0Havendo uma, retorna apenas esse. N\u00e3o existindo recibos nos \u00faltimos 5 anos,\u00a0solicita o\u00a0<strong>t\u00edtulo de eleitor<\/strong>.<\/p>\n\n\n\n<p>Observa\u00e7\u00f5es:<\/p>\n\n\n\n<p>O empregador que apresentou declara\u00e7\u00e3o retificadora do imposto de renda dever\u00e1 utilizar o n\u00famero do recibo de entrega da declara\u00e7\u00e3o retificadora.<br\/>O n\u00famero do recibo de entrega deve ser informado com 10 d\u00edgitos (sem DV).<br\/>Caso o empregador n\u00e3o saiba o n\u00famero do recibo de entrega, poder\u00e1 recuper\u00e1-lo no\u00a0<a href=\"http:\/\/idg.receita.fazenda.gov.br\/interface\/atendimento-virtual\" target=\"_blank\" rel=\"noreferrer noopener\">Portal do e-CAC<\/a>\u00a0ou em uma\u00a0Unidade de Atendimento da RFB, mediante solicita\u00e7\u00e3o.<\/p>\n\n\n\n<p>Caso o empregador n\u00e3o possua os recibos de entrega do imposto de renda e tamb\u00e9m n\u00e3o possua t\u00edtulo de eleitor, dever\u00e1 utilizar necessariamente o Certificado Digital.<\/p>\n\n\n\n<p><strong>Certificado Digital:<\/strong>\u00a0o empregador que utiliza o certificado digital para acessar o eSocial n\u00e3o precisar\u00e1 gerar ou renovar o C\u00f3digo de Acesso. O sistema verificar\u00e1 a data de validade do pr\u00f3prio certificado para permitir o acesso.<\/p>\n","protected":false},"excerpt":{"rendered":"<p>Ap\u00f3s 03 anos, o C\u00f3digo gerado expira e o empregador ser\u00e1 convidado a criar um novo Ap\u00f3s 03 anos, o C\u00f3digo gerado expira e o empregador ser\u00e1 convidado a criar um novo. Ser\u00e1 necess\u00e1rio informar novamente os n\u00fameros de recibos de entrega da DIRPF ou do T\u00edtulo de Eleitor.<\/p>\n","protected":false},"author":3,"featured_media":1318,"comment_status":"open","ping_status":"open","sticky":false,"template":"","format":"standard","meta":{"jetpack_post_was_ever_published":false,"_jetpack_newsletter_access":"","_jetpack_dont_email_post_to_subs":false,"_jetpack_newsletter_tier_id":0,"_jetpack_memberships_contains_paywalled_content":false,"_jetpack_memberships_contains_paid_content":false,"footnotes":"","jetpack_publicize_message":"","jetpack_publicize_feature_enabled":true,"jetpack_social_post_already_shared":true,"jetpack_social_options":{"image_generator_settings":{"template":"highway","default_image_id":0,"font":"","enabled":false},"version":2}},"categories":[29],"tags":[237,215,78],"class_list":["post-1406","post","type-post","status-publish","format-standard","has-post-thumbnail","hentry","category-dp","tag-codigo","tag-domestica","tag-esocial"],"jetpack_publicize_connections":[],"jetpack_featured_media_url":"https:\/\/i0.wp.com\/cfcontabil.com\/cf\/wp-content\/uploads\/2018\/06\/esocial-domestico-1.jpg?fit=600%2C450","jetpack_sharing_enabled":true,"jetpack_shortlink":"https:\/\/wp.me\/p2wklX-mG","jetpack-related-posts":[{"id":667,"url":"http:\/\/cfcontabil.com\/cf\/empregado-domestico\/","url_meta":{"origin":1406,"position":0},"title":"EMPREGADO DOM\u00c9STICO","author":"Ab\u00edlio Gon\u00e7alves","date":"11 de mar\u00e7o de 2016","format":false,"excerpt":"Portal do eSocial ficar\u00e1 indispon\u00edvel durante duas horas neste s\u00e1bado Medida \u00e9 necess\u00e1ria para a expans\u00e3o do banco de dados do sistema O sistema do eSocial estar\u00e1 indispon\u00edvel neste s\u00e1bado (12), das 10 horas ao meio-dia. A medida, de car\u00e1ter t\u00e9cnico, tem como objetivo a migra\u00e7\u00e3o do banco de dados\u2026","rel":"","context":"Em &quot;Departamento Pessoal&quot;","block_context":{"text":"Departamento Pessoal","link":"http:\/\/cfcontabil.com\/cf\/category\/dp\/"},"img":{"alt_text":"","src":"https:\/\/i0.wp.com\/cfcontabil.com\/cf\/wp-content\/uploads\/2016\/03\/esocial-1374759873-2.png?fit=439%2C339&resize=350%2C200","width":350,"height":200},"classes":[]},{"id":1180,"url":"http:\/\/cfcontabil.com\/cf\/novos-tutoriais-em-video-do-esocial-domestico\/","url_meta":{"origin":1406,"position":1},"title":"Novos tutoriais em v\u00eddeo do eSocial Dom\u00e9stico","author":"Ab\u00edlio Gon\u00e7alves","date":"14 de junho de 2017","format":false,"excerpt":"V\u00eddeos abordam todos os itens do eSocial Dom\u00e9stico, da admiss\u00e3o ao desligamento. Podem ser acessados no menu Empregador Dom\u00e9stico Mais uma novidade para auxiliar os empregadores dom\u00e9sticos: Tutoriais em V\u00eddeo. Produzidos pela Escola Nacional da Inspe\u00e7\u00e3o do Trabalho - ENIT, os v\u00eddeos trazem informa\u00e7\u00f5es detalhadas sobre cada tema do eSocial,\u2026","rel":"","context":"Em &quot;Departamento Pessoal&quot;","block_context":{"text":"Departamento Pessoal","link":"http:\/\/cfcontabil.com\/cf\/category\/dp\/"},"img":{"alt_text":"","src":"https:\/\/i0.wp.com\/cfcontabil.com\/cf\/wp-content\/uploads\/2017\/06\/esocial_video-1.jpeg?fit=768%2C453&resize=350%2C200","width":350,"height":200,"srcset":"https:\/\/i0.wp.com\/cfcontabil.com\/cf\/wp-content\/uploads\/2017\/06\/esocial_video-1.jpeg?fit=768%2C453&resize=350%2C200 1x, https:\/\/i0.wp.com\/cfcontabil.com\/cf\/wp-content\/uploads\/2017\/06\/esocial_video-1.jpeg?fit=768%2C453&resize=525%2C300 1.5x, https:\/\/i0.wp.com\/cfcontabil.com\/cf\/wp-content\/uploads\/2017\/06\/esocial_video-1.jpeg?fit=768%2C453&resize=700%2C400 2x"},"classes":[]},{"id":1343,"url":"http:\/\/cfcontabil.com\/cf\/esocial-passa-a-valer-para-todas-as-empresas-do-pais-a-partir-de-16-de-julho\/","url_meta":{"origin":1406,"position":2},"title":"ESocial Passa a Valer Para Todas as Empresas do Pa\u00eds a Partir de 16 de Julho","author":"Ab\u00edlio Gon\u00e7alves","date":"14 de julho de 2018","format":false,"excerpt":"A partir do dia 16 de julho, todas as empresas privadas do pa\u00eds, incluindo micro e pequenas empresas e microempreendedores individuais\u00a0(MEIs)\u00a0que possuam empregados, dever\u00e3o utilizar o Sistema de Escritura\u00e7\u00e3o Digital das Obriga\u00e7\u00f5es Fiscais, Previdenci\u00e1rias e Trabalhistas\u00a0(eSocial)\u00a0. Esse grupo representa 4 milh\u00f5es de empregadores e cerca de 30 milh\u00f5es de trabalhadores.\u2026","rel":"","context":"Em &quot;Departamento Pessoal&quot;","block_context":{"text":"Departamento Pessoal","link":"http:\/\/cfcontabil.com\/cf\/category\/dp\/"},"img":{"alt_text":"","src":"https:\/\/i0.wp.com\/cfcontabil.com\/cf\/wp-content\/uploads\/2018\/07\/Cronograma_de_implanta%C3%A7%C3%A3o_do_eSocial-1.png?fit=1024%2C768&resize=350%2C200","width":350,"height":200,"srcset":"https:\/\/i0.wp.com\/cfcontabil.com\/cf\/wp-content\/uploads\/2018\/07\/Cronograma_de_implanta%C3%A7%C3%A3o_do_eSocial-1.png?fit=1024%2C768&resize=350%2C200 1x, https:\/\/i0.wp.com\/cfcontabil.com\/cf\/wp-content\/uploads\/2018\/07\/Cronograma_de_implanta%C3%A7%C3%A3o_do_eSocial-1.png?fit=1024%2C768&resize=525%2C300 1.5x, https:\/\/i0.wp.com\/cfcontabil.com\/cf\/wp-content\/uploads\/2018\/07\/Cronograma_de_implanta%C3%A7%C3%A3o_do_eSocial-1.png?fit=1024%2C768&resize=700%2C400 2x"},"classes":[]},{"id":1881,"url":"http:\/\/cfcontabil.com\/cf\/novas-funcionalidades-deixam-o-esocial-web-domestico-ainda-mais-simples\/","url_meta":{"origin":1406,"position":3},"title":"Novas funcionalidades deixam o eSocial Web Dom\u00e9stico ainda mais simples","author":"Ab\u00edlio Gon\u00e7alves","date":"12 de novembro de 2019","format":false,"excerpt":"O m\u00f3dulo web dom\u00e9stico passou por grandes mudan\u00e7as a partir desta segunda (11) Novas ferramentas amig\u00e1veis e intuitivas: assistente \"passo a passo\" para f\u00e9rias e desligamento, lan\u00e7amento autom\u00e1tico da primeira parcela do 13\u00ba, alertas na p\u00e1gina principal, reajuste salarial simplificado. Diversas mudan\u00e7as entraram em vigor nesta segunda-feira\u00a0(11). E ainda h\u00e1\u2026","rel":"","context":"Em &quot;Departamento Pessoal&quot;","block_context":{"text":"Departamento Pessoal","link":"http:\/\/cfcontabil.com\/cf\/category\/dp\/"},"img":{"alt_text":"","src":"https:\/\/i0.wp.com\/cfcontabil.com\/cf\/wp-content\/uploads\/2018\/06\/esocial-domestico-1.jpg?fit=600%2C450&resize=350%2C200","width":350,"height":200,"srcset":"https:\/\/i0.wp.com\/cfcontabil.com\/cf\/wp-content\/uploads\/2018\/06\/esocial-domestico-1.jpg?fit=600%2C450&resize=350%2C200 1x, https:\/\/i0.wp.com\/cfcontabil.com\/cf\/wp-content\/uploads\/2018\/06\/esocial-domestico-1.jpg?fit=600%2C450&resize=525%2C300 1.5x"},"classes":[]},{"id":2224,"url":"http:\/\/cfcontabil.com\/cf\/fgts-e-ferias-de-domesticas-o-que-preciso-fazer-no-esocial\/","url_meta":{"origin":1406,"position":4},"title":"FGTS e F\u00e9rias de Dom\u00e9sticas: O que preciso fazer no eSocial?","author":"Ab\u00edlio Gon\u00e7alves","date":"5 de abril de 2020","format":false,"excerpt":"A MP 927\/2020 permite a todos os empregadores suspender o recolhimento de FGTS at\u00e9 maio. A MP 927\/2020 permitiu a suspens\u00e3o de recolhimento do Fundo de Garantia por Tempo de Servi\u00e7o,\u00a0FGTS,\u00a0por parte dos empregadores. Com a medida, fica suspensa a obrigatoriedade do recolhimento referente aos per\u00edodos de mar\u00e7o, abril e\u2026","rel":"","context":"Em &quot;Departamento Pessoal&quot;","block_context":{"text":"Departamento Pessoal","link":"http:\/\/cfcontabil.com\/cf\/category\/dp\/"},"img":{"alt_text":"","src":"https:\/\/i0.wp.com\/cfcontabil.com\/cf\/wp-content\/uploads\/2020\/04\/mp927.jpeg?fit=768%2C423&resize=350%2C200","width":350,"height":200,"srcset":"https:\/\/i0.wp.com\/cfcontabil.com\/cf\/wp-content\/uploads\/2020\/04\/mp927.jpeg?fit=768%2C423&resize=350%2C200 1x, https:\/\/i0.wp.com\/cfcontabil.com\/cf\/wp-content\/uploads\/2020\/04\/mp927.jpeg?fit=768%2C423&resize=525%2C300 1.5x, https:\/\/i0.wp.com\/cfcontabil.com\/cf\/wp-content\/uploads\/2020\/04\/mp927.jpeg?fit=768%2C423&resize=700%2C400 2x"},"classes":[]},{"id":1219,"url":"http:\/\/cfcontabil.com\/cf\/esocial-disponibiliza-o-comprovante-de-rendimentos-para-os-empregadores-domesticos\/","url_meta":{"origin":1406,"position":5},"title":"eSocial disponibiliza o Comprovante de Rendimentos para os empregadores dom\u00e9sticos","author":"Ab\u00edlio Gon\u00e7alves","date":"23 de fevereiro de 2017","format":false,"excerpt":"Mais uma nova funcionalidade est\u00e1 dispon\u00edvel aos empregadores dom\u00e9sticos no eSocial: a gera\u00e7\u00e3o do Comprovante de Rendimentos ser\u00e1 feita automaticamente pelo sistema. Este documento deve ser emitido pelos empregadores que fizeram reten\u00e7\u00e3o de Imposto de Renda na Fonte (IRRF) do seu empregado dom\u00e9stico no ano de 2016. O Comprovante dever\u00e1\u2026","rel":"","context":"Em &quot;Departamento Pessoal&quot;","block_context":{"text":"Departamento Pessoal","link":"http:\/\/cfcontabil.com\/cf\/category\/dp\/"},"img":{"alt_text":"","src":"https:\/\/i0.wp.com\/cfcontabil.com\/cf\/wp-content\/uploads\/2017\/02\/comprovante-rendimentos-1.jpg?fit=630%2C280&resize=350%2C200","width":350,"height":200,"srcset":"https:\/\/i0.wp.com\/cfcontabil.com\/cf\/wp-content\/uploads\/2017\/02\/comprovante-rendimentos-1.jpg?fit=630%2C280&resize=350%2C200 1x, https:\/\/i0.wp.com\/cfcontabil.com\/cf\/wp-content\/uploads\/2017\/02\/comprovante-rendimentos-1.jpg?fit=630%2C280&resize=525%2C300 1.5x"},"classes":[]}],"jetpack_likes_enabled":true,"_links":{"self":[{"href":"http:\/\/cfcontabil.com\/cf\/wp-json\/wp\/v2\/posts\/1406","targetHints":{"allow":["GET"]}}],"collection":[{"href":"http:\/\/cfcontabil.com\/cf\/wp-json\/wp\/v2\/posts"}],"about":[{"href":"http:\/\/cfcontabil.com\/cf\/wp-json\/wp\/v2\/types\/post"}],"author":[{"embeddable":true,"href":"http:\/\/cfcontabil.com\/cf\/wp-json\/wp\/v2\/users\/3"}],"replies":[{"embeddable":true,"href":"http:\/\/cfcontabil.com\/cf\/wp-json\/wp\/v2\/comments?post=1406"}],"version-history":[{"count":0,"href":"http:\/\/cfcontabil.com\/cf\/wp-json\/wp\/v2\/posts\/1406\/revisions"}],"wp:featuredmedia":[{"embeddable":true,"href":"http:\/\/cfcontabil.com\/cf\/wp-json\/wp\/v2\/media\/1318"}],"wp:attachment":[{"href":"http:\/\/cfcontabil.com\/cf\/wp-json\/wp\/v2\/media?parent=1406"}],"wp:term":[{"taxonomy":"category","embeddable":true,"href":"http:\/\/cfcontabil.com\/cf\/wp-json\/wp\/v2\/categories?post=1406"},{"taxonomy":"post_tag","embeddable":true,"href":"http:\/\/cfcontabil.com\/cf\/wp-json\/wp\/v2\/tags?post=1406"}],"curies":[{"name":"wp","href":"https:\/\/api.w.org\/{rel}","templated":true}]}}