{"id":1410,"date":"2018-10-19T12:00:49","date_gmt":"2018-10-19T15:00:49","guid":{"rendered":"http:\/\/cfcontabil.com\/cf\/?p=1410"},"modified":"2018-10-19T12:00:49","modified_gmt":"2018-10-19T15:00:49","slug":"multas-do-esocial-situacoes-que-podem-gerar-penalidades","status":"publish","type":"post","link":"http:\/\/cfcontabil.com\/cf\/multas-do-esocial-situacoes-que-podem-gerar-penalidades\/","title":{"rendered":"Multas do eSocial: situa\u00e7\u00f5es que podem gerar penalidades"},"content":{"rendered":"\n<p style=\"color:#078e5d\" class=\"has-text-color has-background has-medium-font-size has-very-light-gray-background-color\">O eSocial j\u00e1 est\u00e1 sendo implementado nas empresas de todo o pa\u00eds, desde janeiro de 2018. <\/p>\n\n\n\n<p>Apesar das garantias de mais praticidade e cumprimento dos direitos trabalhistas, nem todo mundo est\u00e1 se adequando \u00e0 plataforma.<\/p>\n\n\n\n<p>Se a sua empresa est\u00e1 com alguma dificuldade, \u00e9 bom correr atr\u00e1s de solu\u00e7\u00f5es para n\u00e3o ficar no preju\u00edzo: o n\u00e3o cumprimento das exig\u00eancias gera multas que podem pesar \u2013 e muito! \u2013 no bolso.<\/p>\n\n\n\n<figure class=\"wp-block-image\"><img data-recalc-dims=\"1\" decoding=\"async\" src=\"https:\/\/i0.wp.com\/dcomercio.com.br\/public\/upload\/gallery\/2017\/artes\/as-multas-no-esocial-dc.png?w=1170\" alt=\"Fonte: FENACON\"\/><\/figure>\n\n\n\n<p>Veja detalhes de 7 situa\u00e7\u00f5es pass\u00edveis de multas no eSocial e evite as penalidades na sua organiza\u00e7\u00e3o:<\/p>\n\n\n\n<!--more-->\n\n\n\n<p><strong>1. Multa do eSocial por n\u00e3o informar admiss\u00e3o de empregado<\/strong> <\/p>\n\n\n\n<p>Com o eSocial, a empresa deve informar a contrata\u00e7\u00e3o de um empregado at\u00e9 um dia antes do in\u00edcio do trabalho. <\/p>\n\n\n\n<p>O descumprimento da norma acarreta multa de R$ 402,53 a R$ 805,06 \u2013 valor que pode dobrar em caso de reincid\u00eancia. <\/p>\n\n\n\n<p><strong>2. Multa por altera\u00e7\u00f5es contratuais e cadastrais<\/strong> <\/p>\n\n\n\n<p>As informa\u00e7\u00f5es de cadastro e de contrato devem estar sempre atualizadas, durante todo o per\u00edodo de exist\u00eancia do v\u00ednculo empregat\u00edcio. Fazem parte desses dados, informa\u00e7\u00f5es como o endere\u00e7o, CPF e sobrenome \u2013 que precisam ser atualizados assim que sofrerem alguma altera\u00e7\u00e3o. <\/p>\n\n\n\n<p>Atualiza\u00e7\u00f5es de contrato seguem a mesma regra.\u00a0Caso seja encontrada alguma informa\u00e7\u00e3o incorreta, haver\u00e1 multa de R$ 201,27 a R$ 402,54.<\/p>\n\n\n\n<p><strong>3. Multa do eSocial em fun\u00e7\u00e3o de f\u00e9rias<\/strong> <\/p>\n\n\n\n<p>O funcion\u00e1rio saiu de f\u00e9rias? Lembre-se sempre de lan\u00e7ar o evento na plataforma. <\/p>\n\n\n\n<p>A multa do eSocial \u00e9 de R$ 170 por f\u00e9rias n\u00e3o comunicadas.<\/p>\n\n\n\n<p><strong>4. Multa relativa \u00e0 Folha de Pagamento<\/strong> <\/p>\n\n\n\n<p>A Folha de Pagamento tamb\u00e9m entra nos par\u00e2metros do eSocial. <\/p>\n\n\n\n<p>A multa por n\u00e3o cumprimentos dos envios custa a partir de R$ 1.812,87 \u2013 um dos valores mais altas de penaliza\u00e7\u00e3o das empresas. <\/p>\n\n\n\n<p><strong>5. Multa por acidente de trabalho n\u00e3o comunicado<\/strong> <\/p>\n\n\n\n<p>Os acidentes de trabalho s\u00e3o um dos eventos trabalhistas que mais geram problemas para as empresas, por isso \u00e9 t\u00e3o importante manter esses dados em dia no sistema do eSocial. <\/p>\n\n\n\n<p>A empresa que <em><strong>n\u00e3o comunicar imediatamente<\/strong><\/em><strong> <\/strong>a ocorr\u00eancia de acidentes de trabalho que resultem no falecimento do empregado pode receber multa que varia entre os limites m\u00ednimo e m\u00e1ximo do sal\u00e1rio de contribui\u00e7\u00e3o.\u00a0<\/p>\n\n\n\n<p>A multa tamb\u00e9m \u00e9 aplicada em casos de acidentes n\u00e3o fatais que n\u00e3o forem comunicados at\u00e9 o primeiro dia \u00fatil ap\u00f3s a ocorr\u00eancia.<\/p>\n\n\n\n<p>Se a situa\u00e7\u00e3o for reincidente, a multa pode dobrar de valor.<\/p>\n\n\n\n<p><strong>6. Multa do eSocial resultante da falta de exames m\u00e9dicos<\/strong><\/p>\n\n\n\n<p>Sempre que houver admiss\u00e3o, demiss\u00e3o, retorno ou mudan\u00e7a de fun\u00e7\u00e3o de um empregado \u00e9 obrigat\u00f3rio fazer exames m\u00e9dicos a fim de obter o Atestado de Sa\u00fade Ocupacional (ASO).<\/p>\n\n\n\n<p>O exame deve ser feito em cl\u00ednica habilitada, com custos cobertos pela empresa. <\/p>\n\n\n\n<p>A n\u00e3o realiza\u00e7\u00e3o acarreta multas entre R$ 402,53 e R$ 4.025,33. O valor ser\u00e1 definido por um fiscal de trabalho.<\/p>\n\n\n\n<p><strong>7. Multa do FGTS<\/strong><\/p>\n\n\n\n<p>O Fundo de Garantia do Tempo de Servi\u00e7o (FGTS) tamb\u00e9m ser\u00e1 lan\u00e7ado no eSocial. Empresas que n\u00e3o realizem dep\u00f3sito, perderem os prazos de pagamento ou deixarem de registar a parcela de remunera\u00e7\u00e3o ser\u00e3o multadas.<\/p>\n\n\n\n<p>O valor varia entre R$ 10,64 e R$ 106,41, podendo dobrar em casos de reincid\u00eancia.<\/p>\n\n\n\n<p><em>\u00c9 n\u00edtido a import\u00e2ncia do eSocial para as empresas.<\/em> <\/p>\n\n\n\n<p>O eSocial pode se tornar mais complexo do que se imagina. Ent\u00e3o fique atento e cumpra com o que determina a legisla\u00e7\u00e3o, pois o eSocial vai fiscalizar. <\/p>\n\n\n\n<p>Se voc\u00ea quer evitar as multas e penalidades \u00e9 bom se preparar para est\u00e1 obriga\u00e7\u00e3o!<\/p>\n","protected":false},"excerpt":{"rendered":"<p>O eSocial j\u00e1 est\u00e1 sendo implementado nas empresas de todo o pa\u00eds, desde janeiro de 2018. Apesar das garantias de mais praticidade e cumprimento dos direitos trabalhistas, nem todo mundo est\u00e1 se adequando \u00e0 plataforma. Se a sua empresa est\u00e1 com alguma dificuldade, \u00e9 bom correr atr\u00e1s de solu\u00e7\u00f5es para n\u00e3o ficar no preju\u00edzo: o [&hellip;]<\/p>\n","protected":false},"author":3,"featured_media":1411,"comment_status":"open","ping_status":"open","sticky":false,"template":"","format":"standard","meta":{"jetpack_post_was_ever_published":false,"_jetpack_newsletter_access":"","_jetpack_dont_email_post_to_subs":false,"_jetpack_newsletter_tier_id":0,"_jetpack_memberships_contains_paywalled_content":false,"_jetpack_memberships_contains_paid_content":false,"footnotes":"","jetpack_publicize_message":"","jetpack_publicize_feature_enabled":true,"jetpack_social_post_already_shared":true,"jetpack_social_options":{"image_generator_settings":{"template":"highway","default_image_id":0,"font":"","enabled":false},"version":2}},"categories":[29],"tags":[353,303,78,95,181,603],"class_list":["post-1410","post","type-post","status-publish","format-standard","has-post-thumbnail","hentry","category-dp","tag-empregados","tag-empresa","tag-esocial","tag-folha","tag-multa","tag-penalidade"],"jetpack_publicize_connections":[],"jetpack_featured_media_url":"https:\/\/i0.wp.com\/cfcontabil.com\/cf\/wp-content\/uploads\/2018\/10\/esocial-24-09-2-750x430-1.jpg?fit=750%2C430","jetpack_sharing_enabled":true,"jetpack_shortlink":"https:\/\/wp.me\/p2wklX-mK","jetpack-related-posts":[{"id":1348,"url":"http:\/\/cfcontabil.com\/cf\/empresas-relatam-dificuldades-e-despreparo-na-implantacao-do-esocial\/","url_meta":{"origin":1410,"position":0},"title":"Empresas relatam dificuldades e despreparo na implanta\u00e7\u00e3o do eSocial","author":"Ab\u00edlio Gon\u00e7alves","date":"13 de agosto de 2018","format":false,"excerpt":"Para n\u00e3o deixar de cumprir prazos, escrit\u00f3rios e condom\u00ednios contrataram servi\u00e7os e funcion\u00e1rios nas \u00e1reas de TI e recursos humanos; governo diz que toma provid\u00eancias para facilitar o uso da ferramenta. Fonte: G1 Ang\u00e9lica Arbex, diretora de relacionamento da Lello Condom\u00ednios: empresa levou 4 meses para corrigir inconsist\u00eancias de dados\u2026","rel":"","context":"Em &quot;Departamento Pessoal&quot;","block_context":{"text":"Departamento Pessoal","link":"http:\/\/cfcontabil.com\/cf\/category\/dp\/"},"img":{"alt_text":"","src":"https:\/\/i0.wp.com\/cfcontabil.com\/cf\/wp-content\/uploads\/2017\/06\/esocial-462x234-1.png?fit=462%2C234&resize=350%2C200","width":350,"height":200},"classes":[]},{"id":905,"url":"http:\/\/cfcontabil.com\/cf\/esocial-permitira-que-governo-federal-intensifique-fiscalizacoes\/","url_meta":{"origin":1410,"position":1},"title":"eSocial permitir\u00e1 que Governo Federal intensifique fiscaliza\u00e7\u00f5es","author":"Ab\u00edlio Gon\u00e7alves","date":"28 de janeiro de 2017","format":false,"excerpt":"Helio Donin Jr. afirmou que Minist\u00e9rio do Trabalho s\u00f3 tem capacidade para fiscalizar 3% das empresas Unificar as informa\u00e7\u00f5es e cruzar a base de dados para poder identificar poss\u00edveis irregularidades e atuar com a fiscaliza\u00e7\u00e3o \u00e9 um dos objetivos do Governo Federal com a implementa\u00e7\u00e3o do eSocial. Foi o que\u2026","rel":"","context":"Em &quot;Departamento Pessoal&quot;","block_context":{"text":"Departamento Pessoal","link":"http:\/\/cfcontabil.com\/cf\/category\/dp\/"},"img":{"alt_text":"","src":"https:\/\/i0.wp.com\/cfcontabil.com\/cf\/wp-content\/uploads\/2016\/03\/E-social-1-1.jpg?fit=660%2C271&resize=350%2C200","width":350,"height":200,"srcset":"https:\/\/i0.wp.com\/cfcontabil.com\/cf\/wp-content\/uploads\/2016\/03\/E-social-1-1.jpg?fit=660%2C271&resize=350%2C200 1x, https:\/\/i0.wp.com\/cfcontabil.com\/cf\/wp-content\/uploads\/2016\/03\/E-social-1-1.jpg?fit=660%2C271&resize=525%2C300 1.5x"},"classes":[]},{"id":1302,"url":"http:\/\/cfcontabil.com\/cf\/empresas-com-funcionarios-tem-ate-julho-para-aderir-ao-esocial\/","url_meta":{"origin":1410,"position":2},"title":"Empresas com funcion\u00e1rios t\u00eam at\u00e9 julho para aderir ao eSocial","author":"Ab\u00edlio Gon\u00e7alves","date":"4 de junho de 2018","format":false,"excerpt":"Pesquisa da FENACON apontou que menos de 10% das micro e pequenas empresas est\u00e3o informadas Sistema substitui 15 presta\u00e7\u00f5es de informa\u00e7\u00f5es fiscais, trabalhistas e previdenci\u00e1rias passar\u00e1 a valer a todo o setor privado e implicar\u00e1 em multas sobre faturamento em caso de descumprimento Todas as empresas do setor privado t\u00eam\u2026","rel":"","context":"Em &quot;Departamento Pessoal&quot;","block_context":{"text":"Departamento Pessoal","link":"http:\/\/cfcontabil.com\/cf\/category\/dp\/"},"img":{"alt_text":"","src":"https:\/\/i0.wp.com\/cfcontabil.com\/cf\/wp-content\/uploads\/2017\/06\/esocial-pasta-1.jpg?fit=1000%2C591&resize=350%2C200","width":350,"height":200,"srcset":"https:\/\/i0.wp.com\/cfcontabil.com\/cf\/wp-content\/uploads\/2017\/06\/esocial-pasta-1.jpg?fit=1000%2C591&resize=350%2C200 1x, https:\/\/i0.wp.com\/cfcontabil.com\/cf\/wp-content\/uploads\/2017\/06\/esocial-pasta-1.jpg?fit=1000%2C591&resize=525%2C300 1.5x, https:\/\/i0.wp.com\/cfcontabil.com\/cf\/wp-content\/uploads\/2017\/06\/esocial-pasta-1.jpg?fit=1000%2C591&resize=700%2C400 2x"},"classes":[]},{"id":1272,"url":"http:\/\/cfcontabil.com\/cf\/esocial-libera-ambiente-de-testes-para-todas-as-empresas-do-pais\/","url_meta":{"origin":1410,"position":3},"title":"eSocial libera ambiente de testes para todas as empresas do pa\u00eds","author":"Ab\u00edlio Gon\u00e7alves","date":"7 de agosto de 2017","format":false,"excerpt":"Etapa tem como objetivo preparar o setor produtivo para o in\u00edcio da obrigatoriedade do sistema em 2018 O eSocial disponibiliza, a partir da ter\u00e7a-feira (1\u00b0), o acesso ao ambiente de testes da plataforma para todas as empresas do pa\u00eds. A etapa tem como objetivo preparar o setor produtivo para o\u2026","rel":"","context":"Em &quot;Departamento Fiscal&quot;","block_context":{"text":"Departamento Fiscal","link":"http:\/\/cfcontabil.com\/cf\/category\/df\/"},"img":{"alt_text":"","src":"https:\/\/i0.wp.com\/cfcontabil.com\/cf\/wp-content\/uploads\/2017\/06\/esocial-462x234-1.png?fit=462%2C234&resize=350%2C200","width":350,"height":200},"classes":[]},{"id":1244,"url":"http:\/\/cfcontabil.com\/cf\/esocial-libera-ambiente-de-testes-para-empresas\/","url_meta":{"origin":1410,"position":4},"title":"eSocial libera ambiente de testes para empresas","author":"Ab\u00edlio Gon\u00e7alves","date":"30 de junho de 2017","format":false,"excerpt":"Processo ocorrer\u00e1 em duas etapas e contemplar\u00e1, neste primeiro momento, empresas de TI. A partir de segunda-feira (26), empresas de tecnologia de informa\u00e7\u00e3o podem testar o eSocial, um sistema para facilitar a administra\u00e7\u00e3o de informa\u00e7\u00f5es relativas aos trabalhadores. As empresas v\u00e3o ter um ganho de produtividade e redu\u00e7\u00e3o de processos.\u2026","rel":"","context":"Em &quot;Departamento Pessoal&quot;","block_context":{"text":"Departamento Pessoal","link":"http:\/\/cfcontabil.com\/cf\/category\/dp\/"},"img":{"alt_text":"","src":"https:\/\/i0.wp.com\/cfcontabil.com\/cf\/wp-content\/uploads\/2017\/06\/esocial-pasta-1.jpg?fit=1000%2C591&resize=350%2C200","width":350,"height":200,"srcset":"https:\/\/i0.wp.com\/cfcontabil.com\/cf\/wp-content\/uploads\/2017\/06\/esocial-pasta-1.jpg?fit=1000%2C591&resize=350%2C200 1x, https:\/\/i0.wp.com\/cfcontabil.com\/cf\/wp-content\/uploads\/2017\/06\/esocial-pasta-1.jpg?fit=1000%2C591&resize=525%2C300 1.5x, https:\/\/i0.wp.com\/cfcontabil.com\/cf\/wp-content\/uploads\/2017\/06\/esocial-pasta-1.jpg?fit=1000%2C591&resize=700%2C400 2x"},"classes":[]},{"id":1352,"url":"http:\/\/cfcontabil.com\/cf\/esocial-registra-o-ingresso-de-1-milhao-de-empregadores\/","url_meta":{"origin":1410,"position":5},"title":"eSocial registra o ingresso de 1 milh\u00e3o de empregadores","author":"Ab\u00edlio Gon\u00e7alves","date":"21 de agosto de 2018","format":false,"excerpt":"O eSocial est\u00e1 sendo implantado desde o primeiro semestre deste ano contemplando 5 fases. No primeiro momento foi a vez das empresas com faturamento superior a R$ 78 milh\u00f5es anuais, que passaram a ter a utiliza\u00e7\u00e3o obrigat\u00f3ria do programa a partir de 8 de janeiro de 2018. Esse grupo \u00e9\u2026","rel":"","context":"Em &quot;Departamento Pessoal&quot;","block_context":{"text":"Departamento Pessoal","link":"http:\/\/cfcontabil.com\/cf\/category\/dp\/"},"img":{"alt_text":"","src":"https:\/\/i0.wp.com\/cfcontabil.com\/cf\/wp-content\/uploads\/2017\/06\/esocial-462x234-1.png?fit=462%2C234&resize=350%2C200","width":350,"height":200},"classes":[]}],"jetpack_likes_enabled":true,"_links":{"self":[{"href":"http:\/\/cfcontabil.com\/cf\/wp-json\/wp\/v2\/posts\/1410","targetHints":{"allow":["GET"]}}],"collection":[{"href":"http:\/\/cfcontabil.com\/cf\/wp-json\/wp\/v2\/posts"}],"about":[{"href":"http:\/\/cfcontabil.com\/cf\/wp-json\/wp\/v2\/types\/post"}],"author":[{"embeddable":true,"href":"http:\/\/cfcontabil.com\/cf\/wp-json\/wp\/v2\/users\/3"}],"replies":[{"embeddable":true,"href":"http:\/\/cfcontabil.com\/cf\/wp-json\/wp\/v2\/comments?post=1410"}],"version-history":[{"count":0,"href":"http:\/\/cfcontabil.com\/cf\/wp-json\/wp\/v2\/posts\/1410\/revisions"}],"wp:featuredmedia":[{"embeddable":true,"href":"http:\/\/cfcontabil.com\/cf\/wp-json\/wp\/v2\/media\/1411"}],"wp:attachment":[{"href":"http:\/\/cfcontabil.com\/cf\/wp-json\/wp\/v2\/media?parent=1410"}],"wp:term":[{"taxonomy":"category","embeddable":true,"href":"http:\/\/cfcontabil.com\/cf\/wp-json\/wp\/v2\/categories?post=1410"},{"taxonomy":"post_tag","embeddable":true,"href":"http:\/\/cfcontabil.com\/cf\/wp-json\/wp\/v2\/tags?post=1410"}],"curies":[{"name":"wp","href":"https:\/\/api.w.org\/{rel}","templated":true}]}}