{"id":1414,"date":"2018-10-30T10:15:07","date_gmt":"2018-10-30T13:15:07","guid":{"rendered":"http:\/\/cfcontabil.com\/cf\/?p=1414"},"modified":"2018-10-30T10:15:07","modified_gmt":"2018-10-30T13:15:07","slug":"portal-web-da-efd-reinf","status":"publish","type":"post","link":"http:\/\/cfcontabil.com\/cf\/portal-web-da-efd-reinf\/","title":{"rendered":"Portal Web da EFD-REINF"},"content":{"rendered":"\n<p><strong>Com a disponibiliza\u00e7\u00e3o de Portal Web para a EFD-REINF, ser\u00e1 necess\u00e1rio efetivar o novo perfil &#8220;EFD-REINF-Geral&#8221; para acesso por procura\u00e7\u00e3o.<\/strong><\/p>\n\n\n\n<figure class=\"wp-block-image\"><img data-recalc-dims=\"1\" decoding=\"async\" src=\"https:\/\/i0.wp.com\/www.contabeis.com.br\/Arquivar\/_resources\/newsimages\/b37ca758a4f5d8d715ce5b441ab84ecd.jpg?w=1170&#038;ssl=1\" alt=\"\"\/><\/figure>\n\n\n\n<p>O Portal Web da EFD-REINF entra em produ\u00e7\u00e3o a partir do dia 29\/10\/2018 e estar\u00e1 dispon\u00edvel no Centro Virtual de Atendimento da Receita Federal do Brasil &#8211; e-CAC, no link:&nbsp;<a href=\"https:\/\/cav.receita.fazenda.gov.br\/autenticacao\/login\/index\">https:\/\/cav.receita.fazenda.gov.br\/autenticacao\/login\/index<\/a><\/p>\n\n\n\n<p>Ao entrar na p\u00e1gina inicial do e-CAC, o contribuinte dever\u00e1 clicar em \u201cDeclara\u00e7\u00f5es e Demonstrativos\u201d , \u201cSPED \u2013 Sistema P\u00fablico de Escritura\u00e7\u00e3o Digital\u201d e, em seguida, \u201cAcessar EFD-Reinf\u201d.<\/p>\n\n\n\n<p><br>Para acess\u00e1-lo atrav\u00e9s de procura\u00e7\u00e3o, ser\u00e1 necess\u00e1ria utiliza\u00e7\u00e3o do novo perfil &#8220;EFD-REINF-Geral&#8221;, que foi disponibilizado em 23\/10\/2018.&nbsp;<\/p>\n\n\n\n<p><br>A utiliza\u00e7\u00e3o deste novo perfil (EFD-REINF-Geral) ser\u00e1 obrigat\u00f3ria tamb\u00e9m para os acessos por webservice a partir de 29\/11\/2018.<\/p>\n\n\n\n<p><br>Os contribuintes que se utilizam de procura\u00e7\u00e3o para acesso aos servi\u00e7os da EFD-Reinf devem acessar o sistema de procura\u00e7\u00f5es, tamb\u00e9m no e-CAC e marcar este novo perfil.<\/p>\n\n\n\n<p><br>A partir do dia 29\/11\/2018 os perfis REINF-Especial, REINF-Retorno e REINF-Rotinas ser\u00e3o descontinuados e substitu\u00eddos exclusivamente por esse \u00fanico e novo perfil &#8211; EFD-REINF-Geral.<\/p>\n\n\n\n<p><br>Para aquelas procura\u00e7\u00f5es que, exclusivamente, foram cadastradas na op\u00e7\u00e3o: \u201cTodos os servi\u00e7os existentes e os que vierem a ser disponibilizados no sistema de Procura\u00e7\u00f5es Eletr\u00f4nicas do e-CAC (destinados ao tipo do Outorgante &#8211; PF ou PJ), para todos os fins, inclusive confiss\u00e3o de d\u00e9bitos, durante o per\u00edodo de validade da procura\u00e7\u00e3o&#8221;, esta j\u00e1 engloba a efetiva\u00e7\u00e3o autom\u00e1tica da nova procura\u00e7\u00e3o \u201cEFD-REINF-Geral\u201d.<\/p>\n\n\n\n<p>Fonte: Portal SPED<\/p>\n","protected":false},"excerpt":{"rendered":"<p>Com a disponibiliza\u00e7\u00e3o de Portal Web para a EFD-REINF, ser\u00e1 necess\u00e1rio efetivar o novo perfil &#8220;EFD-REINF-Geral&#8221; para acesso por procura\u00e7\u00e3o. O Portal Web da EFD-REINF entra em produ\u00e7\u00e3o a partir do dia 29\/10\/2018 e estar\u00e1 dispon\u00edvel no Centro Virtual de Atendimento da Receita Federal do Brasil &#8211; e-CAC, no link:&nbsp;https:\/\/cav.receita.fazenda.gov.br\/autenticacao\/login\/index Ao entrar na p\u00e1gina inicial [&hellip;]<\/p>\n","protected":false},"author":3,"featured_media":1415,"comment_status":"open","ping_status":"open","sticky":false,"template":"","format":"standard","meta":{"jetpack_post_was_ever_published":false,"_jetpack_newsletter_access":"","_jetpack_dont_email_post_to_subs":false,"_jetpack_newsletter_tier_id":0,"_jetpack_memberships_contains_paywalled_content":false,"_jetpack_memberships_contains_paid_content":false,"footnotes":"","jetpack_publicize_message":"","jetpack_publicize_feature_enabled":true,"jetpack_social_post_already_shared":true,"jetpack_social_options":{"image_generator_settings":{"template":"highway","default_image_id":0,"font":"","enabled":false},"version":2}},"categories":[46],"tags":[71,604,37],"class_list":["post-1414","post","type-post","status-publish","format-standard","has-post-thumbnail","hentry","category-df","tag-federal","tag-portal","tag-sped"],"jetpack_publicize_connections":[],"jetpack_featured_media_url":"https:\/\/i0.wp.com\/cfcontabil.com\/cf\/wp-content\/uploads\/2018\/10\/sped-1.png?fit=557%2C268","jetpack_sharing_enabled":true,"jetpack_shortlink":"https:\/\/wp.me\/p2wklX-mO","jetpack-related-posts":[{"id":1072,"url":"http:\/\/cfcontabil.com\/cf\/receita-federal-estabelece-a-obrigatoriedade-a-escrituracao-digital-de-retencoes-e-outras-informacoes-fiscais-efd-reinf\/","url_meta":{"origin":1414,"position":0},"title":"Receita Federal estabelece a obrigatoriedade \u00e0 Escritura\u00e7\u00e3o Digital de Reten\u00e7\u00f5es e Outras Informa\u00e7\u00f5es Fiscais (EFD-Reinf)","author":"Ab\u00edlio Gon\u00e7alves","date":"17 de mar\u00e7o de 2017","format":false,"excerpt":"EFD-Reinf tem informa\u00e7\u00f5es prestadas na Dirf e na GFIP. Foi publicada hoje no Di\u00e1rio Ofical da Uni\u00e3o a IN RFB n\u00b0 1701 que estabelece a obrigatoriedade \u00e0 Escritura\u00e7\u00e3o Digital de Reten\u00e7\u00f5es e Outras Informa\u00e7\u00f5es Fiscais (EFD-Reinf). Com a institui\u00e7\u00e3o da EFD-Reinf, cuja obriga\u00e7\u00e3o de entrega dever\u00e1 ser cumprida a partir\u2026","rel":"","context":"Em &quot;Departamento Fiscal&quot;","block_context":{"text":"Departamento Fiscal","link":"http:\/\/cfcontabil.com\/cf\/category\/df\/"},"img":{"alt_text":"","src":"https:\/\/i0.wp.com\/cfcontabil.com\/cf\/wp-content\/uploads\/2017\/02\/receita-federal-1-1.png?fit=702%2C325&resize=350%2C200","width":350,"height":200,"srcset":"https:\/\/i0.wp.com\/cfcontabil.com\/cf\/wp-content\/uploads\/2017\/02\/receita-federal-1-1.png?fit=702%2C325&resize=350%2C200 1x, https:\/\/i0.wp.com\/cfcontabil.com\/cf\/wp-content\/uploads\/2017\/02\/receita-federal-1-1.png?fit=702%2C325&resize=525%2C300 1.5x, https:\/\/i0.wp.com\/cfcontabil.com\/cf\/wp-content\/uploads\/2017\/02\/receita-federal-1-1.png?fit=702%2C325&resize=700%2C400 2x"},"classes":[]},{"id":67,"url":"http:\/\/cfcontabil.com\/cf\/prorrogacao-basta\/","url_meta":{"origin":1414,"position":1},"title":"Prorroga\u00e7\u00e3o basta?","author":"Vin\u00edcius Moizinho","date":"17 de julho de 2012","format":false,"excerpt":"Boas noites, prezados! Aqui estamos uma vez mais, agora trazendo um tema para reflex\u00e3o. Mais cedo publicamos em\u00a0nossa p\u00e1gina do Facebook\u00a0que foi adiado\u00a0de Julho de 2012 para Janeiro de 2013 o in\u00edcio do projeto da EFD Contribui\u00e7\u00f5es para as empresas do Lucro Presumido, com a entrega da Escritura\u00e7\u00e3o Fiscal Digital\u2026","rel":"","context":"Em &quot;Geral&quot;","block_context":{"text":"Geral","link":"http:\/\/cfcontabil.com\/cf\/category\/geral\/"},"img":{"alt_text":"","src":"https:\/\/i0.wp.com\/www.rhedesistemas.com.br\/site\/media\/k2\/items\/cache\/85b62d4a27ea43297eb1ab349b6e06c6_XL.jpg?resize=350%2C200","width":350,"height":200,"srcset":"https:\/\/i0.wp.com\/www.rhedesistemas.com.br\/site\/media\/k2\/items\/cache\/85b62d4a27ea43297eb1ab349b6e06c6_XL.jpg?resize=350%2C200 1x, https:\/\/i0.wp.com\/www.rhedesistemas.com.br\/site\/media\/k2\/items\/cache\/85b62d4a27ea43297eb1ab349b6e06c6_XL.jpg?resize=525%2C300 1.5x, https:\/\/i0.wp.com\/www.rhedesistemas.com.br\/site\/media\/k2\/items\/cache\/85b62d4a27ea43297eb1ab349b6e06c6_XL.jpg?resize=700%2C400 2x"},"classes":[]},{"id":1380,"url":"http:\/\/cfcontabil.com\/cf\/dctfweb-entra-em-producao-e-substituira-a-gfip\/","url_meta":{"origin":1414,"position":2},"title":"DCTFWeb entra em produ\u00e7\u00e3o e substituir\u00e1 a GFIP","author":"Ab\u00edlio Gon\u00e7alves","date":"31 de agosto de 2018","format":false,"excerpt":"A exig\u00eancia da declara\u00e7\u00e3o se dar\u00e1 de forma gradual Est\u00e1 dispon\u00edvel, no s\u00edtio da Receita Federal na internet, a Declara\u00e7\u00e3o de D\u00e9bitos e Cr\u00e9ditos Tribut\u00e1rios Federais Previdenci\u00e1rios e de Outras Entidades e Fundos (DCTFWeb). A DCTFWeb \u00e9 a declara\u00e7\u00e3o que substituir\u00e1 a Guia de Recolhimento do FGTS e Informa\u00e7\u00f5es \u00e0\u2026","rel":"","context":"Em &quot;Departamento Pessoal&quot;","block_context":{"text":"Departamento Pessoal","link":"http:\/\/cfcontabil.com\/cf\/category\/dp\/"},"img":{"alt_text":"","src":"","width":0,"height":0},"classes":[]},{"id":1399,"url":"http:\/\/cfcontabil.com\/cf\/receita-esclarece-instrucoes-para-emissao-de-darf-avulso\/","url_meta":{"origin":1414,"position":3},"title":"Receita esclarece instru\u00e7\u00f5es para emiss\u00e3o de Darf Avulso","author":"Ab\u00edlio Gon\u00e7alves","date":"17 de outubro de 2018","format":false,"excerpt":"Caso de n\u00e3o fechamento completo da folha no eSocial ou dificuldades no Reinf Instru\u00e7\u00f5es para emiss\u00e3o de DARF Avulso no caso de n\u00e3o fechamento completo da folha no e-Social ou de dificuldades com o fechamento do Reinf A Receita Federal informa que, no per\u00edodo de apura\u00e7\u00e3o de setembro de 2018,\u2026","rel":"","context":"Em &quot;Departamento Pessoal&quot;","block_context":{"text":"Departamento Pessoal","link":"http:\/\/cfcontabil.com\/cf\/category\/dp\/"},"img":{"alt_text":"","src":"https:\/\/i0.wp.com\/cfcontabil.com\/cf\/wp-content\/uploads\/2018\/10\/de-darf-avulso-1.png.600x335_q85_box-60915506_crop_detail-1.png?fit=600%2C335&resize=350%2C200","width":350,"height":200,"srcset":"https:\/\/i0.wp.com\/cfcontabil.com\/cf\/wp-content\/uploads\/2018\/10\/de-darf-avulso-1.png.600x335_q85_box-60915506_crop_detail-1.png?fit=600%2C335&resize=350%2C200 1x, https:\/\/i0.wp.com\/cfcontabil.com\/cf\/wp-content\/uploads\/2018\/10\/de-darf-avulso-1.png.600x335_q85_box-60915506_crop_detail-1.png?fit=600%2C335&resize=525%2C300 1.5x"},"classes":[]},{"id":2329,"url":"http:\/\/cfcontabil.com\/cf\/receita-federal-cria-servico-online-para-validacao-da-procuracao-rfb-com-firma-reconhecida\/","url_meta":{"origin":1414,"position":4},"title":"Receita Federal cria servi\u00e7o online para valida\u00e7\u00e3o da Procura\u00e7\u00e3o RFB com firma reconhecida","author":"Ab\u00edlio Gon\u00e7alves","date":"24 de agosto de 2020","format":false,"excerpt":"Medida, dispon\u00edvel no Portal e-CAC, permitir\u00e1 a redu\u00e7\u00e3o do atendimento presencial em cerca de 25% A Receita Federal do Brasil (RFB) passou a oferecer ao contribuinte, no\u00a0Portal e-CAC, o servi\u00e7o Procura\u00e7\u00e3o RFB com firma reconhecida em cart\u00f3rio por meio do Dossi\u00ea Digital de Atendimento (DDA). A medida visa reduzir o\u2026","rel":"","context":"Em &quot;Consultoria Empresarial&quot;","block_context":{"text":"Consultoria Empresarial","link":"http:\/\/cfcontabil.com\/cf\/category\/consultoria\/"},"img":{"alt_text":"","src":"https:\/\/i0.wp.com\/cfcontabil.com\/cf\/wp-content\/uploads\/2020\/03\/RECEITA_FEDERAL.jpeg?fit=768%2C512&resize=350%2C200","width":350,"height":200,"srcset":"https:\/\/i0.wp.com\/cfcontabil.com\/cf\/wp-content\/uploads\/2020\/03\/RECEITA_FEDERAL.jpeg?fit=768%2C512&resize=350%2C200 1x, https:\/\/i0.wp.com\/cfcontabil.com\/cf\/wp-content\/uploads\/2020\/03\/RECEITA_FEDERAL.jpeg?fit=768%2C512&resize=525%2C300 1.5x, https:\/\/i0.wp.com\/cfcontabil.com\/cf\/wp-content\/uploads\/2020\/03\/RECEITA_FEDERAL.jpeg?fit=768%2C512&resize=700%2C400 2x"},"classes":[]},{"id":100,"url":"http:\/\/cfcontabil.com\/cf\/de-quem-e-a-obrigacao-de-gerar-o-sped-fiscal\/","url_meta":{"origin":1414,"position":5},"title":"De quem \u00e9 a obriga\u00e7\u00e3o de gerar o SPED Fiscal?","author":"Vin\u00edcius Moizinho","date":"1 de agosto de 2012","format":false,"excerpt":"Bom dia! Hoje disponibilizo para voc\u00eas um excelente texto produzido pelo colega\u00a0Leandro Felizali, diretor da Vinco\u00a0(empresa brasileira especializada na integra\u00e7\u00e3o de sistemas e na migra\u00e7\u00e3o de dados). Afinal, de quem \u00e9 a obriga\u00e7\u00e3o de gerar o SPED Fiscal? Leandro tem a resposta. Confira logo a seguir. Boa leitura! As exig\u00eancias\u2026","rel":"","context":"Em &quot;Departamento Fiscal&quot;","block_context":{"text":"Departamento Fiscal","link":"http:\/\/cfcontabil.com\/cf\/category\/df\/"},"img":{"alt_text":"","src":"https:\/\/i0.wp.com\/www.gdcorp.com.br\/neoadmin\/imglib\/fnl\/61.jpg?resize=350%2C200","width":350,"height":200},"classes":[]}],"jetpack_likes_enabled":true,"_links":{"self":[{"href":"http:\/\/cfcontabil.com\/cf\/wp-json\/wp\/v2\/posts\/1414","targetHints":{"allow":["GET"]}}],"collection":[{"href":"http:\/\/cfcontabil.com\/cf\/wp-json\/wp\/v2\/posts"}],"about":[{"href":"http:\/\/cfcontabil.com\/cf\/wp-json\/wp\/v2\/types\/post"}],"author":[{"embeddable":true,"href":"http:\/\/cfcontabil.com\/cf\/wp-json\/wp\/v2\/users\/3"}],"replies":[{"embeddable":true,"href":"http:\/\/cfcontabil.com\/cf\/wp-json\/wp\/v2\/comments?post=1414"}],"version-history":[{"count":0,"href":"http:\/\/cfcontabil.com\/cf\/wp-json\/wp\/v2\/posts\/1414\/revisions"}],"wp:featuredmedia":[{"embeddable":true,"href":"http:\/\/cfcontabil.com\/cf\/wp-json\/wp\/v2\/media\/1415"}],"wp:attachment":[{"href":"http:\/\/cfcontabil.com\/cf\/wp-json\/wp\/v2\/media?parent=1414"}],"wp:term":[{"taxonomy":"category","embeddable":true,"href":"http:\/\/cfcontabil.com\/cf\/wp-json\/wp\/v2\/categories?post=1414"},{"taxonomy":"post_tag","embeddable":true,"href":"http:\/\/cfcontabil.com\/cf\/wp-json\/wp\/v2\/tags?post=1414"}],"curies":[{"name":"wp","href":"https:\/\/api.w.org\/{rel}","templated":true}]}}