{"id":1418,"date":"2018-10-31T05:00:54","date_gmt":"2018-10-31T08:00:54","guid":{"rendered":"http:\/\/cfcontabil.com\/cf\/?p=1418"},"modified":"2018-10-31T05:00:54","modified_gmt":"2018-10-31T08:00:54","slug":"receita-federal-realiza-mudancas-no-atendimento","status":"publish","type":"post","link":"http:\/\/cfcontabil.com\/cf\/receita-federal-realiza-mudancas-no-atendimento\/","title":{"rendered":"Receita Federal realiza mudan\u00e7as no atendimento"},"content":{"rendered":"\n<h2 class=\"wp-block-heading\">Para\u00a0servi\u00e7os Pessoa Jur\u00eddica em Minas Gerais e em Bras\u00edlia visando maior agilidade<\/h2>\n\n\n\n<p><br>A partir do dia 5 de novembro de 2018, alguns servi\u00e7os de pessoa jur\u00eddica nas unidades de atendimento da Receita Federal em Minas Gerais e no Centro de Atendimento ao Contribuinte (CAC) em Bras\u00edlia ter\u00e3o o fluxo de atendimento modificado. Os servi\u00e7os s\u00e3o: <strong>Certid\u00e3o de Regularidade Fiscal RFB\/PGFN; Certid\u00e3o para Averba\u00e7\u00e3o de Obra; Certid\u00e3o de Im\u00f3vel Rural; e Retifica\u00e7\u00e3o de pagamentos &#8211; DARF e GPS.<\/strong><\/p>\n\n\n\n<!--more-->\n\n\n\n<p>Tais servi\u00e7os passar\u00e3o a ser protocolados nas unidades de atendimento e analisados por equipe especializada, visando dar maior agilidade na an\u00e1lise das demandas apresentadas pelos contribuintes. O projeto que se inicia nestas localidades, a partir de 2019 dever\u00e1 se estender \u00e0s demais unidades de atendimento da Receita Federal.<\/p>\n\n\n\n<p>O contribuinte pessoa jur\u00eddica, ap\u00f3s o protocolo do pedido do servi\u00e7o, poder\u00e1 acompanhar o andamento do atendimento por meio de acesso ao e-CAC, no site da Receita Federal, utilizando seu certificado digital.<\/p>\n\n\n\n<p>Para realizar o agendamento dos servi\u00e7os mencionados nas unidades de atendimento da Receita Federal em em Minas Gerais e no Centro de Atendimento ao Contribuinte (CAC) em Bras\u00edlia, o contribuinte pessoa jur\u00eddica dever\u00e1 acessar o site da Receita Federal (<a href=\"https:\/\/www.receita.fazenda.gov.br\/Aplicacoes\/SSL\/ATBHE\/SAGA\/RegrasAgendamento.aspx\">https:\/\/www.receita.fazenda.gov.br\/Aplicacoes\/SSL\/ATBHE\/SAGA\/RegrasAgendamento.aspx<\/a>), e selecionar:<\/p>\n\n\n\n<p>\u2022 Certid\u00f5es e Situa\u00e7\u00e3o Fiscal &#8211; Certid\u00e3o de Averba\u00e7\u00e3o de Obra (DISO) &#8211; Protocolo<br>\u2022 Certid\u00f5es e Situa\u00e7\u00e3o Fiscal &#8211; Certid\u00e3o de Regularidade Fiscal RFB\/PGFN \u2013 Protocolo<br>\u2022 Certid\u00f5es e Situa\u00e7\u00e3o Fiscal &#8211; Certid\u00e3o de Im\u00f3vel Rural \u2013 Protocolo<br>\u2022 Pagamentos e Parcelamentos &#8211; Retifica\u00e7\u00e3o de Pagamento &#8211; GPS &#8211; Protocolo<br>\u2022 Pagamentos e Parcelamentos &#8211; Retifica\u00e7\u00e3o de Pagamento &#8211; REDARF &#8211; Protocolo<\/p>\n","protected":false},"excerpt":{"rendered":"<p>Para\u00a0servi\u00e7os Pessoa Jur\u00eddica em Minas Gerais e em Bras\u00edlia visando maior agilidade A partir do dia 5 de novembro de 2018, alguns servi\u00e7os de pessoa jur\u00eddica nas unidades de atendimento da Receita Federal em Minas Gerais e no Centro de Atendimento ao Contribuinte (CAC) em Bras\u00edlia ter\u00e3o o fluxo de atendimento modificado. Os servi\u00e7os s\u00e3o: [&hellip;]<\/p>\n","protected":false},"author":3,"featured_media":1495,"comment_status":"open","ping_status":"open","sticky":false,"template":"","format":"standard","meta":{"jetpack_post_was_ever_published":false,"_jetpack_newsletter_access":"","_jetpack_dont_email_post_to_subs":false,"_jetpack_newsletter_tier_id":0,"_jetpack_memberships_contains_paywalled_content":false,"_jetpack_memberships_contains_paid_content":false,"footnotes":"","jetpack_publicize_message":"","jetpack_publicize_feature_enabled":true,"jetpack_social_post_already_shared":true,"jetpack_social_options":{"image_generator_settings":{"template":"highway","default_image_id":0,"font":"","enabled":false},"version":2}},"categories":[46],"tags":[593,595,74],"class_list":["post-1418","post","type-post","status-publish","format-standard","has-post-thumbnail","hentry","category-df","tag-darf","tag-gps","tag-receita"],"jetpack_publicize_connections":[],"jetpack_featured_media_url":"https:\/\/i0.wp.com\/cfcontabil.com\/cf\/wp-content\/uploads\/2017\/02\/receita-federal-1-1.png?fit=702%2C325","jetpack_sharing_enabled":true,"jetpack_shortlink":"https:\/\/wp.me\/p2wklX-mS","jetpack-related-posts":[{"id":2261,"url":"http:\/\/cfcontabil.com\/cf\/receita-federal-amplia-lista-de-servicos-atendidos-pelo-chat\/","url_meta":{"origin":1418,"position":0},"title":"Receita Federal amplia lista de servi\u00e7os atendidos pelo chat","author":"Ab\u00edlio Gon\u00e7alves","date":"13 de abril de 2020","format":false,"excerpt":"Medida evita deslocamentos at\u00e9 unidades de atendimento A Receita Federal ampliou a lista de servi\u00e7os que s\u00e3o prestados de maneira virtual pelo\u00a0chat\u00a0(atendimento\u00a0online) para evitar deslocamentos at\u00e9 as unidades de atendimento presencial no per\u00edodo de quarentena por causa do coronav\u00edrus. O\u00a0chat\u00a0da Receita foi criado em abril de 2019. A ferramenta permite\u2026","rel":"","context":"Em &quot;Departamento Fiscal&quot;","block_context":{"text":"Departamento Fiscal","link":"http:\/\/cfcontabil.com\/cf\/category\/df\/"},"img":{"alt_text":"","src":"https:\/\/i0.wp.com\/cfcontabil.com\/cf\/wp-content\/uploads\/2020\/04\/celularmaos.jpg?fit=1170%2C700&resize=350%2C200","width":350,"height":200,"srcset":"https:\/\/i0.wp.com\/cfcontabil.com\/cf\/wp-content\/uploads\/2020\/04\/celularmaos.jpg?fit=1170%2C700&resize=350%2C200 1x, https:\/\/i0.wp.com\/cfcontabil.com\/cf\/wp-content\/uploads\/2020\/04\/celularmaos.jpg?fit=1170%2C700&resize=525%2C300 1.5x, https:\/\/i0.wp.com\/cfcontabil.com\/cf\/wp-content\/uploads\/2020\/04\/celularmaos.jpg?fit=1170%2C700&resize=700%2C400 2x, https:\/\/i0.wp.com\/cfcontabil.com\/cf\/wp-content\/uploads\/2020\/04\/celularmaos.jpg?fit=1170%2C700&resize=1050%2C600 3x"},"classes":[]},{"id":1399,"url":"http:\/\/cfcontabil.com\/cf\/receita-esclarece-instrucoes-para-emissao-de-darf-avulso\/","url_meta":{"origin":1418,"position":1},"title":"Receita esclarece instru\u00e7\u00f5es para emiss\u00e3o de Darf Avulso","author":"Ab\u00edlio Gon\u00e7alves","date":"17 de outubro de 2018","format":false,"excerpt":"Caso de n\u00e3o fechamento completo da folha no eSocial ou dificuldades no Reinf Instru\u00e7\u00f5es para emiss\u00e3o de DARF Avulso no caso de n\u00e3o fechamento completo da folha no e-Social ou de dificuldades com o fechamento do Reinf A Receita Federal informa que, no per\u00edodo de apura\u00e7\u00e3o de setembro de 2018,\u2026","rel":"","context":"Em &quot;Departamento Pessoal&quot;","block_context":{"text":"Departamento Pessoal","link":"http:\/\/cfcontabil.com\/cf\/category\/dp\/"},"img":{"alt_text":"","src":"https:\/\/i0.wp.com\/cfcontabil.com\/cf\/wp-content\/uploads\/2018\/10\/de-darf-avulso-1.png.600x335_q85_box-60915506_crop_detail-1.png?fit=600%2C335&resize=350%2C200","width":350,"height":200,"srcset":"https:\/\/i0.wp.com\/cfcontabil.com\/cf\/wp-content\/uploads\/2018\/10\/de-darf-avulso-1.png.600x335_q85_box-60915506_crop_detail-1.png?fit=600%2C335&resize=350%2C200 1x, https:\/\/i0.wp.com\/cfcontabil.com\/cf\/wp-content\/uploads\/2018\/10\/de-darf-avulso-1.png.600x335_q85_box-60915506_crop_detail-1.png?fit=600%2C335&resize=525%2C300 1.5x"},"classes":[]},{"id":1213,"url":"http:\/\/cfcontabil.com\/cf\/receita-divulga-orientacoes-para-adesao-ao-programa-de-regularizacao-tributaria\/","url_meta":{"origin":1418,"position":2},"title":"Receita divulga orienta\u00e7\u00f5es para ades\u00e3o ao Programa de Regulariza\u00e7\u00e3o Tribut\u00e1ria","author":"Ab\u00edlio Gon\u00e7alves","date":"15 de fevereiro de 2017","format":false,"excerpt":"A op\u00e7\u00e3o pelo Programa ocorrer\u00e1 exclusivamente no Ambiente Virtual (e-CAC) Com o intuito de facilitar a compreens\u00e3o das regras do Programa, foi publicado no s\u00edtio da Receita Federal do Brasil, na internet, documento contendo informa\u00e7\u00f5es b\u00e1sicas ao contribuinte, bem como um passo a passo com o roteiro para a ades\u00e3o.\u2026","rel":"","context":"Em &quot;Departamento Fiscal&quot;","block_context":{"text":"Departamento Fiscal","link":"http:\/\/cfcontabil.com\/cf\/category\/df\/"},"img":{"alt_text":"","src":"https:\/\/i0.wp.com\/cfcontabil.com\/cf\/wp-content\/uploads\/2017\/01\/Moedas-1-real-1.jpg?fit=810%2C455&resize=350%2C200","width":350,"height":200,"srcset":"https:\/\/i0.wp.com\/cfcontabil.com\/cf\/wp-content\/uploads\/2017\/01\/Moedas-1-real-1.jpg?fit=810%2C455&resize=350%2C200 1x, https:\/\/i0.wp.com\/cfcontabil.com\/cf\/wp-content\/uploads\/2017\/01\/Moedas-1-real-1.jpg?fit=810%2C455&resize=525%2C300 1.5x, https:\/\/i0.wp.com\/cfcontabil.com\/cf\/wp-content\/uploads\/2017\/01\/Moedas-1-real-1.jpg?fit=810%2C455&resize=700%2C400 2x"},"classes":[]},{"id":730,"url":"http:\/\/cfcontabil.com\/cf\/receita-vai-ampliar-marcacao-de-atendimento-presencial-pela-internet\/","url_meta":{"origin":1418,"position":3},"title":"Receita vai ampliar marca\u00e7\u00e3o de atendimento presencial pela internet","author":"Ab\u00edlio Gon\u00e7alves","date":"4 de abril de 2016","format":false,"excerpt":"A Receita Federal ampliar\u00e1 o servi\u00e7o de agendamento na internet para os contribuintes que necessitam de atendimento presencial como parte do projeto de moderniza\u00e7\u00e3o do Fisco. As mudan\u00e7as est\u00e3o na Portaria 457, de 28 de mar\u00e7o deste ano, que regulamenta um conjunto de procedimentos relativos ao atendimento presencial da Receita,\u2026","rel":"","context":"Em &quot;Consultoria Empresarial&quot;","block_context":{"text":"Consultoria Empresarial","link":"http:\/\/cfcontabil.com\/cf\/category\/consultoria\/"},"img":{"alt_text":"","src":"https:\/\/i0.wp.com\/cfcontabil.com\/cf\/wp-content\/uploads\/2016\/04\/notebook-1.jpg?fit=627%2C400&resize=350%2C200","width":350,"height":200,"srcset":"https:\/\/i0.wp.com\/cfcontabil.com\/cf\/wp-content\/uploads\/2016\/04\/notebook-1.jpg?fit=627%2C400&resize=350%2C200 1x, https:\/\/i0.wp.com\/cfcontabil.com\/cf\/wp-content\/uploads\/2016\/04\/notebook-1.jpg?fit=627%2C400&resize=525%2C300 1.5x"},"classes":[]},{"id":1216,"url":"http:\/\/cfcontabil.com\/cf\/entenda-como-aderir-ao-programa-de-regularizacao-tributaria\/","url_meta":{"origin":1418,"position":4},"title":"Entenda como aderir ao Programa de Regulariza\u00e7\u00e3o Tribut\u00e1ria","author":"Ab\u00edlio Gon\u00e7alves","date":"21 de fevereiro de 2017","format":false,"excerpt":"A op\u00e7\u00e3o pelo Programa \u00e9 feita no site da Receita Federal Com o intuito de facilitar a compreens\u00e3o das regras do Programa, foi publicado no s\u00edtio da Receita Federal, na Internet, documento contendo informa\u00e7\u00f5es b\u00e1sicas ao contribuinte, bem como um passo a passo com o roteiro para a ades\u00e3o. A\u2026","rel":"","context":"Em &quot;Departamento Fiscal&quot;","block_context":{"text":"Departamento Fiscal","link":"http:\/\/cfcontabil.com\/cf\/category\/df\/"},"img":{"alt_text":"","src":"https:\/\/i0.wp.com\/cfcontabil.com\/cf\/wp-content\/uploads\/2017\/02\/receita-federal-1-1.png?fit=702%2C325&resize=350%2C200","width":350,"height":200,"srcset":"https:\/\/i0.wp.com\/cfcontabil.com\/cf\/wp-content\/uploads\/2017\/02\/receita-federal-1-1.png?fit=702%2C325&resize=350%2C200 1x, https:\/\/i0.wp.com\/cfcontabil.com\/cf\/wp-content\/uploads\/2017\/02\/receita-federal-1-1.png?fit=702%2C325&resize=525%2C300 1.5x, https:\/\/i0.wp.com\/cfcontabil.com\/cf\/wp-content\/uploads\/2017\/02\/receita-federal-1-1.png?fit=702%2C325&resize=700%2C400 2x"},"classes":[]},{"id":2541,"url":"http:\/\/cfcontabil.com\/cf\/receita-federal-novos-servicos-por-processo-digital\/","url_meta":{"origin":1418,"position":5},"title":"Receita Federal: novos servi\u00e7os por processo digital","author":"Ab\u00edlio Gon\u00e7alves","date":"5 de agosto de 2021","format":false,"excerpt":"A partir de agora, servi\u00e7os relativos ao CAEPF e CNO que dependem de an\u00e1lise de um servidor da Receita Federal poder\u00e3o ser solicitados via processo digital, aberto pelo pr\u00f3prio contribuinte no e-CAC. A Receita Federal disponibilizou nesta segunda-feira, 02 de agosto, novos servi\u00e7os que passam a ser solicitados por meio\u2026","rel":"","context":"Em &quot;Geral&quot;","block_context":{"text":"Geral","link":"http:\/\/cfcontabil.com\/cf\/category\/geral\/"},"img":{"alt_text":"","src":"https:\/\/i0.wp.com\/cfcontabil.com\/cf\/wp-content\/uploads\/2017\/02\/receita-federal-1-1.png?fit=702%2C325&resize=350%2C200","width":350,"height":200,"srcset":"https:\/\/i0.wp.com\/cfcontabil.com\/cf\/wp-content\/uploads\/2017\/02\/receita-federal-1-1.png?fit=702%2C325&resize=350%2C200 1x, https:\/\/i0.wp.com\/cfcontabil.com\/cf\/wp-content\/uploads\/2017\/02\/receita-federal-1-1.png?fit=702%2C325&resize=525%2C300 1.5x, https:\/\/i0.wp.com\/cfcontabil.com\/cf\/wp-content\/uploads\/2017\/02\/receita-federal-1-1.png?fit=702%2C325&resize=700%2C400 2x"},"classes":[]}],"jetpack_likes_enabled":true,"_links":{"self":[{"href":"http:\/\/cfcontabil.com\/cf\/wp-json\/wp\/v2\/posts\/1418","targetHints":{"allow":["GET"]}}],"collection":[{"href":"http:\/\/cfcontabil.com\/cf\/wp-json\/wp\/v2\/posts"}],"about":[{"href":"http:\/\/cfcontabil.com\/cf\/wp-json\/wp\/v2\/types\/post"}],"author":[{"embeddable":true,"href":"http:\/\/cfcontabil.com\/cf\/wp-json\/wp\/v2\/users\/3"}],"replies":[{"embeddable":true,"href":"http:\/\/cfcontabil.com\/cf\/wp-json\/wp\/v2\/comments?post=1418"}],"version-history":[{"count":0,"href":"http:\/\/cfcontabil.com\/cf\/wp-json\/wp\/v2\/posts\/1418\/revisions"}],"wp:featuredmedia":[{"embeddable":true,"href":"http:\/\/cfcontabil.com\/cf\/wp-json\/wp\/v2\/media\/1495"}],"wp:attachment":[{"href":"http:\/\/cfcontabil.com\/cf\/wp-json\/wp\/v2\/media?parent=1418"}],"wp:term":[{"taxonomy":"category","embeddable":true,"href":"http:\/\/cfcontabil.com\/cf\/wp-json\/wp\/v2\/categories?post=1418"},{"taxonomy":"post_tag","embeddable":true,"href":"http:\/\/cfcontabil.com\/cf\/wp-json\/wp\/v2\/tags?post=1418"}],"curies":[{"name":"wp","href":"https:\/\/api.w.org\/{rel}","templated":true}]}}