{"id":1421,"date":"2018-10-31T11:14:18","date_gmt":"2018-10-31T14:14:18","guid":{"rendered":"http:\/\/cfcontabil.com\/cf\/?p=1421"},"modified":"2018-10-31T11:14:18","modified_gmt":"2018-10-31T14:14:18","slug":"o-que-e-a-mpeweek","status":"publish","type":"post","link":"http:\/\/cfcontabil.com\/cf\/o-que-e-a-mpeweek\/","title":{"rendered":"O que \u00e9 a #MPEweek"},"content":{"rendered":"\n<p>A #MPEWeek \u00e9 uma iniciativa do Banco do Brasil para mobilizar a popula\u00e7\u00e3o sobre a import\u00e2ncia dos pequenos empreendedores para as comunidades locais e, assim, ajud\u00e1-los a faturar mais.<\/p>\n\n\n\n<figure class=\"wp-block-image\"><img data-recalc-dims=\"1\" decoding=\"async\" src=\"https:\/\/i0.wp.com\/mpeweek.com.br\/wp-content\/themes\/mpeweek\/assets\/images\/cover-video.png?w=1170&#038;ssl=1\" alt=\"\"\/><\/figure>\n\n\n\n<p>A CF Cont\u00e1bil est\u00e1 participando, veja nossas ofertas:<\/p>\n\n\n\n<figure class=\"wp-block-embed-wordpress wp-block-embed is-type-wp-embed is-provider-mpeweek wp-embed-aspect-4-3 wp-has-aspect-ratio\"><div class=\"wp-block-embed__wrapper\">\nhttps:\/\/mpeweek.com.br\/ofertas\/abertura-de-empresa-jcdf-cnpj-cfdf\/\n<\/div><\/figure>\n\n\n\n<p>&#8230;<\/p>\n\n\n\n<figure class=\"wp-block-embed-wordpress wp-block-embed is-type-wp-embed is-provider-mpeweek wp-embed-aspect-4-3 wp-has-aspect-ratio\"><div class=\"wp-block-embed__wrapper\">\nhttps:\/\/mpeweek.com.br\/ofertas\/e-60-off-no-mes-da-contratacao\/\n<\/div><\/figure>\n\n\n\n<p>&#8230;<\/p>\n\n\n\n<figure class=\"wp-block-embed-wordpress wp-block-embed is-type-wp-embed is-provider-mpeweek wp-embed-aspect-4-3 wp-has-aspect-ratio\"><div class=\"wp-block-embed__wrapper\">\nhttps:\/\/mpeweek.com.br\/ofertas\/esocial-domestica-rural\/\n<\/div><\/figure>\n\n\n\n<p>&#8230;<\/p>\n\n\n\n<figure class=\"wp-block-embed-wordpress wp-block-embed is-type-wp-embed is-provider-mpeweek wp-embed-aspect-4-3 wp-has-aspect-ratio\"><div class=\"wp-block-embed__wrapper\">\nhttps:\/\/mpeweek.com.br\/ofertas\/esocial-empresa\/\n<\/div><\/figure>\n\n\n\n<p>Aproveite, \u00e9 s\u00f3 essa semana!<\/p>\n","protected":false},"excerpt":{"rendered":"<p>A #MPEWeek \u00e9 uma iniciativa do Banco do Brasil para mobilizar a popula\u00e7\u00e3o sobre a import\u00e2ncia dos pequenos empreendedores para as comunidades locais e, assim, ajud\u00e1-los a faturar mais. A CF Cont\u00e1bil est\u00e1 participando, veja nossas ofertas: &#8230; &#8230; &#8230; Aproveite, \u00e9 s\u00f3 essa semana!<\/p>\n","protected":false},"author":3,"featured_media":1423,"comment_status":"open","ping_status":"open","sticky":false,"template":"","format":"standard","meta":{"jetpack_post_was_ever_published":false,"_jetpack_newsletter_access":"","_jetpack_dont_email_post_to_subs":false,"_jetpack_newsletter_tier_id":0,"_jetpack_memberships_contains_paywalled_content":false,"_jetpack_memberships_contains_paid_content":false,"footnotes":"","jetpack_publicize_message":"","jetpack_publicize_feature_enabled":true,"jetpack_social_post_already_shared":true,"jetpack_social_options":{"image_generator_settings":{"template":"highway","default_image_id":0,"font":"","enabled":false},"version":2}},"categories":[22],"tags":[440,119,168],"class_list":["post-1421","post","type-post","status-publish","format-standard","has-post-thumbnail","hentry","category-geral","tag-banco","tag-brasil","tag-empreendedor"],"jetpack_publicize_connections":[],"jetpack_featured_media_url":"https:\/\/i0.wp.com\/cfcontabil.com\/cf\/wp-content\/uploads\/2018\/10\/MPEWEEK-1.png?fit=604%2C603","jetpack_sharing_enabled":true,"jetpack_shortlink":"https:\/\/wp.me\/p2wklX-mV","jetpack-related-posts":[{"id":1972,"url":"http:\/\/cfcontabil.com\/cf\/dez-opcoes-de-contas-digitais-para-meis-e-pequenos-empresarios\/","url_meta":{"origin":1421,"position":0},"title":"Dez op\u00e7\u00f5es de contas digitais para MEIs e pequenos empres\u00e1rios","author":"Ab\u00edlio Gon\u00e7alves","date":"3 de dezembro de 2019","format":false,"excerpt":"De olho neste mercado, fintechs oferecem desde tarifa de manuten\u00e7\u00e3o zero a boletos sem custos e Ted's gratuitos A onda de fintechs que atingiu seis em cada dez brasileiros (64%) que t\u00eam acesso a computadores e celulares est\u00e1 cada vez mais pr\u00f3xima de atingir tamb\u00e9m os microempreendedores e pequenos neg\u00f3cios.\u2026","rel":"","context":"Em &quot;Consultoria Empresarial&quot;","block_context":{"text":"Consultoria Empresarial","link":"http:\/\/cfcontabil.com\/cf\/category\/consultoria\/"},"img":{"alt_text":"","src":"https:\/\/i0.wp.com\/cfcontabil.com\/cf\/wp-content\/uploads\/2019\/12\/contas-digitais.jpg?fit=678%2C452&resize=350%2C200","width":350,"height":200,"srcset":"https:\/\/i0.wp.com\/cfcontabil.com\/cf\/wp-content\/uploads\/2019\/12\/contas-digitais.jpg?fit=678%2C452&resize=350%2C200 1x, https:\/\/i0.wp.com\/cfcontabil.com\/cf\/wp-content\/uploads\/2019\/12\/contas-digitais.jpg?fit=678%2C452&resize=525%2C300 1.5x"},"classes":[]},{"id":1127,"url":"http:\/\/cfcontabil.com\/cf\/projeto-preve-juros-menores-para-micro-e-pequenas-empresas\/","url_meta":{"origin":1421,"position":1},"title":"Projeto prev\u00ea juros menores para micro e pequenas empresas","author":"Ab\u00edlio Gon\u00e7alves","date":"17 de abril de 2017","format":false,"excerpt":"A proposta, em tramita\u00e7\u00e3o na C\u00e2mara, estabelece ainda a cria\u00e7\u00e3o da Empresa Simples de Cr\u00e9dito. Aumentar a oferta e reduzir o custo do cr\u00e9dito para os pequenos neg\u00f3cios.\u00a0 Esse ser\u00e1 um dos principais objetivos do Projeto de Lei Complementar (PLP) 341\/2017, que foi apresentado nesta quarta-feira, 12\/04 pela Frente Parlamentar\u2026","rel":"","context":"Em &quot;Consultoria Empresarial&quot;","block_context":{"text":"Consultoria Empresarial","link":"http:\/\/cfcontabil.com\/cf\/category\/consultoria\/"},"img":{"alt_text":"","src":"https:\/\/i0.wp.com\/cfcontabil.com\/cf\/wp-content\/uploads\/2016\/03\/dinheiro-1.jpg?fit=661%2C351&resize=350%2C200","width":350,"height":200,"srcset":"https:\/\/i0.wp.com\/cfcontabil.com\/cf\/wp-content\/uploads\/2016\/03\/dinheiro-1.jpg?fit=661%2C351&resize=350%2C200 1x, https:\/\/i0.wp.com\/cfcontabil.com\/cf\/wp-content\/uploads\/2016\/03\/dinheiro-1.jpg?fit=661%2C351&resize=525%2C300 1.5x"},"classes":[]},{"id":2133,"url":"http:\/\/cfcontabil.com\/cf\/antecipacao-de-irpf-ofertas-dos-bancos-atraem-contribuintes-atencao-as-regras\/","url_meta":{"origin":1421,"position":2},"title":"Antecipa\u00e7\u00e3o de IRPF: ofertas dos Bancos atraem contribuintes, aten\u00e7\u00e3o as regras!","author":"Ab\u00edlio Gon\u00e7alves","date":"6 de mar\u00e7o de 2020","format":false,"excerpt":"Com juros mais baixos que o normal,\u00a0 muitos contribuintes contratam empr\u00e9stimo para antecipar a devolu\u00e7\u00e3o do IR. Sem planejamento e estudo, na maioria dos casos n\u00e3o \u00e9 muito vantajoso. No geral, s\u00f3 vale a pena se houver urg\u00eancia para receber o dinheiro. Os principais bancos em opera\u00e7\u00e3o no Brasil anunciaram\u2026","rel":"","context":"Em &quot;Departamento Fiscal&quot;","block_context":{"text":"Departamento Fiscal","link":"http:\/\/cfcontabil.com\/cf\/category\/df\/"},"img":{"alt_text":"","src":"https:\/\/i0.wp.com\/cfcontabil.com\/cf\/wp-content\/uploads\/2020\/03\/IRPF-ANTECIPA%C3%87%C3%83O-RESTITUI%C3%87%C3%83O.jpeg?fit=1200%2C675&resize=350%2C200","width":350,"height":200,"srcset":"https:\/\/i0.wp.com\/cfcontabil.com\/cf\/wp-content\/uploads\/2020\/03\/IRPF-ANTECIPA%C3%87%C3%83O-RESTITUI%C3%87%C3%83O.jpeg?fit=1200%2C675&resize=350%2C200 1x, https:\/\/i0.wp.com\/cfcontabil.com\/cf\/wp-content\/uploads\/2020\/03\/IRPF-ANTECIPA%C3%87%C3%83O-RESTITUI%C3%87%C3%83O.jpeg?fit=1200%2C675&resize=525%2C300 1.5x, https:\/\/i0.wp.com\/cfcontabil.com\/cf\/wp-content\/uploads\/2020\/03\/IRPF-ANTECIPA%C3%87%C3%83O-RESTITUI%C3%87%C3%83O.jpeg?fit=1200%2C675&resize=700%2C400 2x, https:\/\/i0.wp.com\/cfcontabil.com\/cf\/wp-content\/uploads\/2020\/03\/IRPF-ANTECIPA%C3%87%C3%83O-RESTITUI%C3%87%C3%83O.jpeg?fit=1200%2C675&resize=1050%2C600 3x"},"classes":[]},{"id":1927,"url":"http:\/\/cfcontabil.com\/cf\/caixa-oferece-taxas-diferentes-para-incentivar-empreendedorismo-feminino\/","url_meta":{"origin":1421,"position":3},"title":"Caixa oferece taxas diferentes para incentivar empreendedorismo feminino","author":"Ab\u00edlio Gon\u00e7alves","date":"20 de novembro de 2019","format":false,"excerpt":"Para celebrar o\u00a0Dia Mundial do Empreendedorismo Feminino, comemorado nesta ter\u00e7a-feira (dia 19), e tamb\u00e9m para incentivar mais mulheres \u00e0 frente dos neg\u00f3cios, a Caixa Econ\u00f4mica Federal lan\u00e7ou um pacote de vantagens que abrange\u00a0de\u00a0taxas no capital de giro\u00a0\u2014 modalidade de cr\u00e9dito destinada \u00e0s microempreendedoras \u2014\u00a0at\u00e9 cart\u00e3o de cr\u00e9dito com design especial\u2026","rel":"","context":"Em &quot;Consultoria Empresarial&quot;","block_context":{"text":"Consultoria Empresarial","link":"http:\/\/cfcontabil.com\/cf\/category\/consultoria\/"},"img":{"alt_text":"","src":"https:\/\/i0.wp.com\/cfcontabil.com\/cf\/wp-content\/uploads\/2019\/11\/empresaria-produtiva.jpg?fit=622%2C380&resize=350%2C200","width":350,"height":200,"srcset":"https:\/\/i0.wp.com\/cfcontabil.com\/cf\/wp-content\/uploads\/2019\/11\/empresaria-produtiva.jpg?fit=622%2C380&resize=350%2C200 1x, https:\/\/i0.wp.com\/cfcontabil.com\/cf\/wp-content\/uploads\/2019\/11\/empresaria-produtiva.jpg?fit=622%2C380&resize=525%2C300 1.5x"},"classes":[]},{"id":2989,"url":"http:\/\/cfcontabil.com\/cf\/dicas-para-iniciar-seu-negocio\/","url_meta":{"origin":1421,"position":4},"title":"DICAS PARA INICIAR SEU NEG\u00d3CIO","author":"Ab\u00edlio Gon\u00e7alves","date":"16 de maio de 2024","format":false,"excerpt":"A jornada de empreender um neg\u00f3cio \u00e9 repleta de desafios emocionantes, mas tamb\u00e9m pode ser um terreno escorregadio onde muitas empresas acabam fechando prematuramente, muitas vezes por falta de preparo e orienta\u00e7\u00e3o adequada desde o in\u00edcio. Aqui na CF CONT\u00c1BIL DIGITAL, entendemos o qu\u00e3o crucial \u00e9 o papel da contabilidade\u2026","rel":"","context":"Em &quot;Geral&quot;","block_context":{"text":"Geral","link":"http:\/\/cfcontabil.com\/cf\/category\/geral\/"},"img":{"alt_text":"","src":"https:\/\/i0.wp.com\/cfcontabil.com\/cf\/wp-content\/uploads\/2024\/05\/cfcontabil-blog-dicas-empreender.png?fit=1200%2C675&resize=350%2C200","width":350,"height":200,"srcset":"https:\/\/i0.wp.com\/cfcontabil.com\/cf\/wp-content\/uploads\/2024\/05\/cfcontabil-blog-dicas-empreender.png?fit=1200%2C675&resize=350%2C200 1x, https:\/\/i0.wp.com\/cfcontabil.com\/cf\/wp-content\/uploads\/2024\/05\/cfcontabil-blog-dicas-empreender.png?fit=1200%2C675&resize=525%2C300 1.5x, https:\/\/i0.wp.com\/cfcontabil.com\/cf\/wp-content\/uploads\/2024\/05\/cfcontabil-blog-dicas-empreender.png?fit=1200%2C675&resize=700%2C400 2x, https:\/\/i0.wp.com\/cfcontabil.com\/cf\/wp-content\/uploads\/2024\/05\/cfcontabil-blog-dicas-empreender.png?fit=1200%2C675&resize=1050%2C600 3x"},"classes":[]},{"id":2158,"url":"http:\/\/cfcontabil.com\/cf\/coronavirus-sebrae-lanca-guia-de-gestao-financeira-para-orientar-pequenos-negocios\/","url_meta":{"origin":1421,"position":5},"title":"Coronav\u00edrus: Sebrae lan\u00e7a Guia de Gest\u00e3o Financeira para orientar pequenos neg\u00f3cios","author":"Ab\u00edlio Gon\u00e7alves","date":"18 de mar\u00e7o de 2020","format":false,"excerpt":"Documento orienta donos de pequenos neg\u00f3cios com recomenda\u00e7\u00f5es preparadas por especialistas. Medidas est\u00e3o alinhadas \u00e0s do Banco Central e Febraban O Guia de Gest\u00e3o Financeira do Sebrae busca apoiar os donos de pequenos neg\u00f3cios nesse momento de instabilidade econ\u00f4mica causada pelos efeitos do novo Coronav\u00edrus. O documento traz orienta\u00e7\u00f5es sobre\u2026","rel":"","context":"Em &quot;Geral&quot;","block_context":{"text":"Geral","link":"http:\/\/cfcontabil.com\/cf\/category\/geral\/"},"img":{"alt_text":"","src":"https:\/\/i0.wp.com\/cfcontabil.com\/cf\/wp-content\/uploads\/2020\/03\/coronavirus_1280x720_00124C00.jpg?fit=810%2C455&resize=350%2C200","width":350,"height":200,"srcset":"https:\/\/i0.wp.com\/cfcontabil.com\/cf\/wp-content\/uploads\/2020\/03\/coronavirus_1280x720_00124C00.jpg?fit=810%2C455&resize=350%2C200 1x, https:\/\/i0.wp.com\/cfcontabil.com\/cf\/wp-content\/uploads\/2020\/03\/coronavirus_1280x720_00124C00.jpg?fit=810%2C455&resize=525%2C300 1.5x, https:\/\/i0.wp.com\/cfcontabil.com\/cf\/wp-content\/uploads\/2020\/03\/coronavirus_1280x720_00124C00.jpg?fit=810%2C455&resize=700%2C400 2x"},"classes":[]}],"jetpack_likes_enabled":true,"_links":{"self":[{"href":"http:\/\/cfcontabil.com\/cf\/wp-json\/wp\/v2\/posts\/1421","targetHints":{"allow":["GET"]}}],"collection":[{"href":"http:\/\/cfcontabil.com\/cf\/wp-json\/wp\/v2\/posts"}],"about":[{"href":"http:\/\/cfcontabil.com\/cf\/wp-json\/wp\/v2\/types\/post"}],"author":[{"embeddable":true,"href":"http:\/\/cfcontabil.com\/cf\/wp-json\/wp\/v2\/users\/3"}],"replies":[{"embeddable":true,"href":"http:\/\/cfcontabil.com\/cf\/wp-json\/wp\/v2\/comments?post=1421"}],"version-history":[{"count":0,"href":"http:\/\/cfcontabil.com\/cf\/wp-json\/wp\/v2\/posts\/1421\/revisions"}],"wp:featuredmedia":[{"embeddable":true,"href":"http:\/\/cfcontabil.com\/cf\/wp-json\/wp\/v2\/media\/1423"}],"wp:attachment":[{"href":"http:\/\/cfcontabil.com\/cf\/wp-json\/wp\/v2\/media?parent=1421"}],"wp:term":[{"taxonomy":"category","embeddable":true,"href":"http:\/\/cfcontabil.com\/cf\/wp-json\/wp\/v2\/categories?post=1421"},{"taxonomy":"post_tag","embeddable":true,"href":"http:\/\/cfcontabil.com\/cf\/wp-json\/wp\/v2\/tags?post=1421"}],"curies":[{"name":"wp","href":"https:\/\/api.w.org\/{rel}","templated":true}]}}