{"id":1427,"date":"2018-11-20T12:39:25","date_gmt":"2018-11-20T14:39:25","guid":{"rendered":"http:\/\/cfcontabil.com\/cf\/?p=1427"},"modified":"2019-09-27T15:20:40","modified_gmt":"2019-09-27T18:20:40","slug":"sancionada-a-lei-de-convalidacao-de-beneficios-fiscais-no-df","status":"publish","type":"post","link":"http:\/\/cfcontabil.com\/cf\/sancionada-a-lei-de-convalidacao-de-beneficios-fiscais-no-df\/","title":{"rendered":"Sancionada a lei de convalida\u00e7\u00e3o de benef\u00edcios fiscais no DF"},"content":{"rendered":"\n<h5 class=\"wp-block-heading\">Assinatura ocorreu nesta segunda (19), no Buriti. Norma permite que o Distrito Federal conceda vantagens em condi\u00e7\u00e3o de igualdade com estados do Centro-Oeste<\/h5>\n\n\n\n<p style=\"font-size:11px\">MARYNA LACERDA, DA AG\u00caNCIA BRAS\u00cdLIA<a href=\"https:\/\/www.facebook.com\/sharer.php?u=https:\/\/www.agenciabrasilia.df.gov.br\/2018\/11\/19\/sancionada-a-lei-de-convalidacao-de-beneficios-fiscais-no-df\/\" target=\"_blank\" rel=\"noreferrer noopener\"><\/a><a href=\"https:\/\/twitter.com\/intent\/tweet?source=agenciabrasilia&amp;text=Sancionada%20a%20lei%20de%20convalida%C3%A7%C3%A3o%20de%20benef%C3%ADcios%20fiscais%20no%20DF&amp;url=https:\/\/www.agenciabrasilia.df.gov.br\/2018\/11\/19\/sancionada-a-lei-de-convalidacao-de-beneficios-fiscais-no-df\/&amp;via=AgenciaBrasilia\" target=\"_blank\" rel=\"noreferrer noopener\"><\/a><\/p>\n\n\n\n<p>A economia do Distrito Federal fica mais competitiva com a san\u00e7\u00e3o do&nbsp;<a href=\"http:\/\/agenciabrasilia.df.gov.br\/wp-conteudo\/uploads\/2018\/11\/projeto-de-lei-2.063-2018-convalidacao-incentivos-fiscais-df.pdf\" target=\"_blank\" rel=\"noreferrer noopener\"><strong>Projeto de Lei n\u00ba 2.063, de 2018<\/strong><\/a>. A norma trata da&nbsp;<a href=\"https:\/\/agenciabrasilia.df.gov.br\/topicos\/convalidacao-de-incentivos-fiscais-no-df\/\" target=\"_blank\" rel=\"noreferrer noopener\">convalida\u00e7\u00e3o dos benef\u00edcios fiscais<\/a>&nbsp;em \u00e2mbito local e foi assinada nesta segunda-feira (19) pelo governador de Bras\u00edlia, Rodrigo Rollemberg.<\/p>\n\n\n\n<figure class=\"wp-block-image\"><img data-recalc-dims=\"1\" decoding=\"async\" src=\"https:\/\/i0.wp.com\/agenciabrasilia.df.gov.br\/wp-conteudo\/uploads\/2018\/11\/toninho-tavares-coletiva-governador.jpg?w=1170\" alt=\"A economia do Distrito Federal fica mais competitiva com a san\u00e7\u00e3o do Projeto de Lei n\u00ba 2.063, de 2018. A norma trata da convalida\u00e7\u00e3o dos benef\u00edcios fiscais em \u00e2mbito local e foi assinada nesta segunda-feira (19) pelo governador de Bras\u00edlia, Rodrigo Rollemberg.\" class=\"wp-image-135429\"\/><figcaption>Convalida\u00e7\u00e3o de incentivos fiscais permite que o Distrito Federal conceda benef\u00edcios em condi\u00e7\u00e3o de igualdade com estados do Centro-Oeste.&nbsp;Foto: Toninho Tavares\/Ag\u00eancia Bras\u00edlia<\/figcaption><\/figure>\n\n\n\n<p>A cerim\u00f4nia ocorreu no Sal\u00e3o Nobre do Pal\u00e1cio do Buriti. Nos pr\u00f3ximos dias, a lei deve ser publicada no&nbsp;<em>Di\u00e1rio Oficial do Distrito Federal<\/em>.<\/p>\n\n\n\n<p>A legisla\u00e7\u00e3o implementa no DF a&nbsp;<a href=\"http:\/\/pesquisa.in.gov.br\/imprensa\/jsp\/visualiza\/index.jsp?jornal=1&amp;pagina=8&amp;data=08\/08\/2017#page=1\" target=\"_blank\" rel=\"noreferrer noopener\">Lei Complementar n\u00ba 160, de 2017<\/a>, e homologa o&nbsp;<a href=\"https:\/\/www.confaz.fazenda.gov.br\/legislacao\/convenios\/2017\/CV190_17\" target=\"_blank\" rel=\"noreferrer noopener\">Conv\u00eanio ICMS n\u00ba 190, de 2017<\/a>. Ambos t\u00eam o objetivo de acabar com a guerra fiscal entre as unidades da Federa\u00e7\u00e3o \u2014 ao longo dos anos, houve concess\u00e3o de benef\u00edcios a empresas em desacordo com a legisla\u00e7\u00e3o.<\/p>\n\n\n\n<p>Na pr\u00e1tica,&nbsp;<strong>a convalida\u00e7\u00e3o permite que o DF conceda os mesmos benef\u00edcios a empresas que as outras unidades da Federa\u00e7\u00e3o no Centro-Oeste j\u00e1 oferecem<\/strong>.<\/p>\n\n\n\n<p>Com isso, o territ\u00f3rio fica em&nbsp;<strong>posi\u00e7\u00e3o de igualdade em rela\u00e7\u00e3o a Goi\u00e1s, a Mato Grosso e a Mato Grosso do Sul<\/strong>&nbsp;e tem&nbsp;<strong>condi\u00e7\u00e3o de atrair mais empresas<\/strong>.<\/p>\n\n\n\n<p>A medida representa um divisor de \u00e1guas para a economia local. \u201cAs empresas poder\u00e3o voltar para c\u00e1 e expandir seus neg\u00f3cios, porque ter\u00e3o a mesma condi\u00e7\u00e3o de competitividade que Goi\u00e1s\u201d, comemorou Rollemberg.<\/p>\n\n\n\n<!--more-->\n\n\n\n<p>Antes, a redu\u00e7\u00e3o da al\u00edquota do Imposto sobre Opera\u00e7\u00f5es Relativas \u00e0 Circula\u00e7\u00e3o de Mercadorias e sobre a Presta\u00e7\u00e3o de Servi\u00e7os de Transporte Interestadual e Intermunicipal e de Comunica\u00e7\u00e3o (ICMS) deveria ser autorizada por todos os membros do Conselho Nacional de Pol\u00edtica Fazend\u00e1ria (Confaz).<\/p>\n\n\n\n<p>Como forma de burlar a determina\u00e7\u00e3o, havia a pr\u00e1tica de unidades da Federa\u00e7\u00e3o aprovarem o incentivo por meio de legisla\u00e7\u00e3o espec\u00edfica.<\/p>\n\n\n\n<p>No entanto,&nbsp;<strong>no cen\u00e1rio distrital, a concess\u00e3o do benef\u00edcio era suspensa pelo Minist\u00e9rio P\u00fablico do Distrito Federal e Territ\u00f3rios devido \u00e0 falta de norma<\/strong>. \u201cIsso trazia inseguran\u00e7a jur\u00eddica para o gestor e para os empres\u00e1rios\u201d, lembrou o governador.<\/p>\n\n\n\n<p>A lei sancionada hoje \u00e9 tamb\u00e9m uma forma de superar obst\u00e1culos interpostos em projetos anteriores, como ocorreu com o&nbsp;<strong>Programa de Fomento \u00e0 Atividade Proatacadista<\/strong>.<\/p>\n\n\n\n<p>\u201cEstamos falando do passado, do presente, no qual j\u00e1 estamos trabalhando, e do futuro com responsabilidade fiscal e com finan\u00e7as p\u00fablicas bem controladas\u201d, destacou o secret\u00e1rio de Fazenda, Wilson de Paula.<\/p>\n\n\n\n<h5 class=\"wp-block-heading\">Incentivos ofertados por uma unidade da Federa\u00e7\u00e3o poder\u00e3o ser replicados por outra da mesma regi\u00e3o<\/h5>\n\n\n\n<p>Os&nbsp;<strong>incentivos a serem dados pelo Executivo ser\u00e3o listados em decreto que regulamentar\u00e1 a lei<\/strong>. Para isso, os governos se valer\u00e3o de um mecanismo chamado popularmente de \u201ccola\u201d.<\/p>\n\n\n\n<p>Ele permite que um benef\u00edcio aplicado em um estado seja reaplicado em outro da mesma regi\u00e3o. No caso do Centro-Oeste, o DF poder\u00e1 aplicar a mesma al\u00edquota de ICMS para determinado setor que Goi\u00e1s, por exemplo.<\/p>\n\n\n\n<p>Para o presidente do Sindicato do Com\u00e9rcio Atacadista (Sindiatacadista), J\u00falio Itacaramby,&nbsp;<strong>o resultado da convalida\u00e7\u00e3o atende toda a sociedade, uma vez que cria emprego e renda<\/strong>. \u201cFoi um trabalho para o DF e que nos alcan\u00e7ou\u201d, ressaltou.<\/p>\n\n\n\n<p>Os&nbsp;<strong>primeiros efeitos devem ser percebidos a partir de 2019<\/strong>, de acordo com o presidente da Federa\u00e7\u00e3o das Ind\u00fastrias do Distrito Federal (Fibra-DF), Jamal Bittar.<\/p>\n\n\n\n<p>\u201cO ponto de partida \u00e9 a san\u00e7\u00e3o, porque ela cria o ambiente juridicamente perfeito para que se fa\u00e7am as \u2018colas\u2019 e as concess\u00f5es. Estamos em esp\u00edrito de retomada para o pr\u00f3ximo ano\u201d, avaliou.<\/p>\n\n\n\n<p>Fonte: Ag\u00eancia Bras\u00edlia<\/p>\n\n\n","protected":false},"excerpt":{"rendered":"<p>Assinatura ocorreu nesta segunda (19), no Buriti. Norma permite que o Distrito Federal conceda vantagens em condi\u00e7\u00e3o de igualdade com estados do Centro-Oeste MARYNA LACERDA, DA AG\u00caNCIA BRAS\u00cdLIA A economia do Distrito Federal fica mais competitiva com a san\u00e7\u00e3o do&nbsp;Projeto de Lei n\u00ba 2.063, de 2018. A norma trata da&nbsp;convalida\u00e7\u00e3o dos benef\u00edcios fiscais&nbsp;em \u00e2mbito local [&hellip;]<\/p>\n","protected":false},"author":3,"featured_media":731,"comment_status":"open","ping_status":"open","sticky":false,"template":"","format":"standard","meta":{"jetpack_post_was_ever_published":false,"_jetpack_newsletter_access":"","_jetpack_dont_email_post_to_subs":false,"_jetpack_newsletter_tier_id":0,"_jetpack_memberships_contains_paywalled_content":false,"_jetpack_memberships_contains_paid_content":false,"footnotes":"","jetpack_publicize_message":"","jetpack_publicize_feature_enabled":true,"jetpack_social_post_already_shared":true,"jetpack_social_options":{"image_generator_settings":{"template":"highway","default_image_id":0,"font":"","enabled":false},"version":2}},"categories":[60],"tags":[],"class_list":["post-1427","post","type-post","status-publish","format-standard","has-post-thumbnail","hentry","category-consultoria"],"jetpack_publicize_connections":[],"jetpack_featured_media_url":"https:\/\/i0.wp.com\/cfcontabil.com\/cf\/wp-content\/uploads\/2016\/04\/notebook-1.jpg?fit=627%2C400","jetpack_sharing_enabled":true,"jetpack_shortlink":"https:\/\/wp.me\/p2wklX-n1","jetpack-related-posts":[{"id":545,"url":"http:\/\/cfcontabil.com\/cf\/distrito-federal-omissao-de-livro-fiscal-eletronico\/","url_meta":{"origin":1427,"position":0},"title":"Distrito Federal &#8211; Omiss\u00e3o de Livro Fiscal Eletr\u00f4nico","author":"Vin\u00edcius Moizinho","date":"30 de julho de 2014","format":"image","excerpt":"","rel":"","context":"Em &quot;Contabilidade em geral&quot;","block_context":{"text":"Contabilidade em geral","link":"http:\/\/cfcontabil.com\/cf\/category\/contabilidade-2\/"},"img":{"alt_text":"","src":"https:\/\/i0.wp.com\/cfcontabil.com\/cf\/wp-content\/uploads\/2014\/08\/CF-CONTABIL-placa1-2.jpg?fit=1200%2C675&resize=350%2C200","width":350,"height":200,"srcset":"https:\/\/i0.wp.com\/cfcontabil.com\/cf\/wp-content\/uploads\/2014\/08\/CF-CONTABIL-placa1-2.jpg?fit=1200%2C675&resize=350%2C200 1x, https:\/\/i0.wp.com\/cfcontabil.com\/cf\/wp-content\/uploads\/2014\/08\/CF-CONTABIL-placa1-2.jpg?fit=1200%2C675&resize=525%2C300 1.5x, https:\/\/i0.wp.com\/cfcontabil.com\/cf\/wp-content\/uploads\/2014\/08\/CF-CONTABIL-placa1-2.jpg?fit=1200%2C675&resize=700%2C400 2x, https:\/\/i0.wp.com\/cfcontabil.com\/cf\/wp-content\/uploads\/2014\/08\/CF-CONTABIL-placa1-2.jpg?fit=1200%2C675&resize=1050%2C600 3x"},"classes":[]},{"id":1772,"url":"http:\/\/cfcontabil.com\/cf\/ibaneis-aprova-lei-fixando-prazo-de-7-dias-para-o-governo-liberar-alvara-de-construcao-no-df\/","url_meta":{"origin":1427,"position":1},"title":"Ibaneis aprova lei fixando prazo de 7 dias para o governo liberar alvar\u00e1 de constru\u00e7\u00e3o no DF","author":"Ab\u00edlio Gon\u00e7alves","date":"16 de outubro de 2019","format":false,"excerpt":"Tamb\u00e9m foram criados pontos de apoio para caminhoneiros nas vias de acesso \u00e0s cidades do DF O governador do Distrito Federal, Ibaneis Rocha (MDB), obteve vit\u00f3rias expressivas na vota\u00e7\u00e3o de projetos de origem do Poder Executivo nesta ter\u00e7a-feira (15), na C\u00e2mara Legislativa. Foram seus projetos aprovados no total, incluindo o\u2026","rel":"","context":"Em &quot;Consultoria Empresarial&quot;","block_context":{"text":"Consultoria Empresarial","link":"http:\/\/cfcontabil.com\/cf\/category\/consultoria\/"},"img":{"alt_text":"","src":"https:\/\/i0.wp.com\/cfcontabil.com\/cf\/wp-content\/uploads\/2019\/10\/alvara.jpg?fit=767%2C400&resize=350%2C200","width":350,"height":200,"srcset":"https:\/\/i0.wp.com\/cfcontabil.com\/cf\/wp-content\/uploads\/2019\/10\/alvara.jpg?fit=767%2C400&resize=350%2C200 1x, https:\/\/i0.wp.com\/cfcontabil.com\/cf\/wp-content\/uploads\/2019\/10\/alvara.jpg?fit=767%2C400&resize=525%2C300 1.5x, https:\/\/i0.wp.com\/cfcontabil.com\/cf\/wp-content\/uploads\/2019\/10\/alvara.jpg?fit=767%2C400&resize=700%2C400 2x"},"classes":[]},{"id":2361,"url":"http:\/\/cfcontabil.com\/cf\/ibaneis-sanciona-novo-refis-para-ajudar-no-resgate-da-economia-do-distrito-federal\/","url_meta":{"origin":1427,"position":2},"title":"Ibaneis sanciona novo Refis para ajudar no resgate da economia do Distrito Federal","author":"Ab\u00edlio Gon\u00e7alves","date":"9 de novembro de 2020","format":false,"excerpt":"Foi sancionada\u00a0 nesta segunda-feira (9), pelo governador Ibaneis Rocha, a lei do novo Programa de Incentivo \u00e0 Regulariza\u00e7\u00e3o Fiscal (Refis 2020). A medida, aprovada\u00a0 pela C\u00e2mara Legislativa, tem como objetivo, segundo o chefe do Executivo local, de resgatar a economia do DF. O governador disse que\u00a0 o novo refis era\u2026","rel":"","context":"Em &quot;Departamento Fiscal&quot;","block_context":{"text":"Departamento Fiscal","link":"http:\/\/cfcontabil.com\/cf\/category\/df\/"},"img":{"alt_text":"","src":"https:\/\/i0.wp.com\/cfcontabil.com\/cf\/wp-content\/uploads\/2020\/11\/ibaneis-refis.jpg?fit=971%2C533&resize=350%2C200","width":350,"height":200,"srcset":"https:\/\/i0.wp.com\/cfcontabil.com\/cf\/wp-content\/uploads\/2020\/11\/ibaneis-refis.jpg?fit=971%2C533&resize=350%2C200 1x, https:\/\/i0.wp.com\/cfcontabil.com\/cf\/wp-content\/uploads\/2020\/11\/ibaneis-refis.jpg?fit=971%2C533&resize=525%2C300 1.5x, https:\/\/i0.wp.com\/cfcontabil.com\/cf\/wp-content\/uploads\/2020\/11\/ibaneis-refis.jpg?fit=971%2C533&resize=700%2C400 2x"},"classes":[]},{"id":540,"url":"http:\/\/cfcontabil.com\/cf\/programa-de-recuperacao-de-creditos-tributarios-do-distrito-federal-recuperadf\/","url_meta":{"origin":1427,"position":3},"title":"PROGRAMA DE RECUPERA\u00c7\u00c3O DE CR\u00c9DITOS TRIBUT\u00c1RIOS DO DISTRITO FEDERAL (RECUPERA\/DF)","author":"Vin\u00edcius Moizinho","date":"25 de julho de 2014","format":false,"excerpt":"O Governador do Distrito Federal, atrav\u00e9s do Decreto n\u00ba 35.648\/2014 (DOE de 23\/07\/2014), regulamentou a Lei n\u00ba 5.365\/2014, que institui a terceira fase do Programa de Recupera\u00e7\u00e3o de Cr\u00e9ditos Tribut\u00e1rios do Distrito Federal (RECUPERA-DF), destinado a promover a recupera\u00e7\u00e3o e a regulariza\u00e7\u00e3o de cr\u00e9ditos tribut\u00e1rios, inscritos ou n\u00e3o em d\u00edvida\u2026","rel":"","context":"Em &quot;Contabilidade em geral&quot;","block_context":{"text":"Contabilidade em geral","link":"http:\/\/cfcontabil.com\/cf\/category\/contabilidade-2\/"},"img":{"alt_text":"","src":"","width":0,"height":0},"classes":[]},{"id":2321,"url":"http:\/\/cfcontabil.com\/cf\/distrito-federal-ajuda-empresas-a-abrirem-mais-rapido\/","url_meta":{"origin":1427,"position":4},"title":"Distrito Federal ajuda empresas a abrirem mais r\u00e1pido","author":"Ab\u00edlio Gon\u00e7alves","date":"14 de julho de 2020","format":false,"excerpt":"Etapas de an\u00e1lise para obter registro empresarial tiveram, em junho, o menor tempo de execu\u00e7\u00e3o em todo o pa\u00eds Gra\u00e7as ao ambiente 100% digital, \u00e0 integra\u00e7\u00e3o entre os \u00f3rg\u00e3os e ao regime de teletrabalho implementados pela Junta Comercial, Industrial e Servi\u00e7os do Distrito Federal (Jucis-DF), empres\u00e1rios e contadores podem contar\u2026","rel":"","context":"Em \"abertura\"","block_context":{"text":"abertura","link":"http:\/\/cfcontabil.com\/cf\/tag\/abertura\/"},"img":{"alt_text":"","src":"https:\/\/i0.wp.com\/cfcontabil.com\/cf\/wp-content\/uploads\/2019\/12\/abertura-de-Empresas.jpg?fit=1080%2C640&resize=350%2C200","width":350,"height":200,"srcset":"https:\/\/i0.wp.com\/cfcontabil.com\/cf\/wp-content\/uploads\/2019\/12\/abertura-de-Empresas.jpg?fit=1080%2C640&resize=350%2C200 1x, https:\/\/i0.wp.com\/cfcontabil.com\/cf\/wp-content\/uploads\/2019\/12\/abertura-de-Empresas.jpg?fit=1080%2C640&resize=525%2C300 1.5x, https:\/\/i0.wp.com\/cfcontabil.com\/cf\/wp-content\/uploads\/2019\/12\/abertura-de-Empresas.jpg?fit=1080%2C640&resize=700%2C400 2x, https:\/\/i0.wp.com\/cfcontabil.com\/cf\/wp-content\/uploads\/2019\/12\/abertura-de-Empresas.jpg?fit=1080%2C640&resize=1050%2C600 3x"},"classes":[]},{"id":2357,"url":"http:\/\/cfcontabil.com\/cf\/aprovacao-do-refis-salvara-diversas-empresas-afirma-fecomercio-df\/","url_meta":{"origin":1427,"position":5},"title":"\u201cAprova\u00e7\u00e3o do Refis salvar\u00e1 diversas empresas\u201d, afirma Fecom\u00e9rcio-DF","author":"Ab\u00edlio Gon\u00e7alves","date":"4 de novembro de 2020","format":false,"excerpt":"Projeto foi aprovado nesta ter\u00e7a-feira na CLDF e seguiu para san\u00e7\u00e3o do governador Ibaneis Rocha Muito aguardado pelo setor produtivo do Distrito Federal, o Programa de Incentivo \u00e0 Regulariza\u00e7\u00e3o Fiscal do Distrito Federal (Refis-DF) foi aprovado pela C\u00e2mara Legislativa na noite desta ter\u00e7a-feira (3\/11). Agora, o texto segue para an\u00e1lise\u2026","rel":"","context":"Em &quot;Departamento Fiscal&quot;","block_context":{"text":"Departamento Fiscal","link":"http:\/\/cfcontabil.com\/cf\/category\/df\/"},"img":{"alt_text":"","src":"https:\/\/i0.wp.com\/cfcontabil.com\/cf\/wp-content\/uploads\/2020\/11\/cldf-01-fb.jpg?fit=600%2C315&resize=350%2C200","width":350,"height":200,"srcset":"https:\/\/i0.wp.com\/cfcontabil.com\/cf\/wp-content\/uploads\/2020\/11\/cldf-01-fb.jpg?fit=600%2C315&resize=350%2C200 1x, https:\/\/i0.wp.com\/cfcontabil.com\/cf\/wp-content\/uploads\/2020\/11\/cldf-01-fb.jpg?fit=600%2C315&resize=525%2C300 1.5x"},"classes":[]}],"jetpack_likes_enabled":true,"_links":{"self":[{"href":"http:\/\/cfcontabil.com\/cf\/wp-json\/wp\/v2\/posts\/1427","targetHints":{"allow":["GET"]}}],"collection":[{"href":"http:\/\/cfcontabil.com\/cf\/wp-json\/wp\/v2\/posts"}],"about":[{"href":"http:\/\/cfcontabil.com\/cf\/wp-json\/wp\/v2\/types\/post"}],"author":[{"embeddable":true,"href":"http:\/\/cfcontabil.com\/cf\/wp-json\/wp\/v2\/users\/3"}],"replies":[{"embeddable":true,"href":"http:\/\/cfcontabil.com\/cf\/wp-json\/wp\/v2\/comments?post=1427"}],"version-history":[{"count":2,"href":"http:\/\/cfcontabil.com\/cf\/wp-json\/wp\/v2\/posts\/1427\/revisions"}],"predecessor-version":[{"id":1666,"href":"http:\/\/cfcontabil.com\/cf\/wp-json\/wp\/v2\/posts\/1427\/revisions\/1666"}],"wp:featuredmedia":[{"embeddable":true,"href":"http:\/\/cfcontabil.com\/cf\/wp-json\/wp\/v2\/media\/731"}],"wp:attachment":[{"href":"http:\/\/cfcontabil.com\/cf\/wp-json\/wp\/v2\/media?parent=1427"}],"wp:term":[{"taxonomy":"category","embeddable":true,"href":"http:\/\/cfcontabil.com\/cf\/wp-json\/wp\/v2\/categories?post=1427"},{"taxonomy":"post_tag","embeddable":true,"href":"http:\/\/cfcontabil.com\/cf\/wp-json\/wp\/v2\/tags?post=1427"}],"curies":[{"name":"wp","href":"https:\/\/api.w.org\/{rel}","templated":true}]}}