{"id":1447,"date":"2019-01-21T09:02:39","date_gmt":"2019-01-21T11:02:39","guid":{"rendered":"http:\/\/cfcontabil.com\/cf\/?p=1447"},"modified":"2019-08-12T02:05:04","modified_gmt":"2019-08-12T05:05:04","slug":"tv-receita-disponibiliza-video-sobre-o-caepf","status":"publish","type":"post","link":"http:\/\/cfcontabil.com\/cf\/tv-receita-disponibiliza-video-sobre-o-caepf\/","title":{"rendered":"TV Receita disponibiliza v\u00eddeo sobre o CAEPF"},"content":{"rendered":"\n<p><strong>O Cadastro de Atividade Econ\u00f4mica da Pessoa F\u00edsica (CAEPF) re\u00fane informa\u00e7\u00f5es das atividades econ\u00f4micas exercidas pela pessoa f\u00edsica<\/strong><\/p>\n\n\n\n<p>As pessoas f\u00edsicas empregadoras ou o trabalhador rural precisam ficar atentos ao novo Cadastro de Atividade Econ\u00f4mica da Pessoa F\u00edsica (CAEPF) que tornou-se obrigat\u00f3rio em 15 de janeiro deste ano.<\/p>\n\n\n\n<p>O CAEPF \u00e9 o cadastro administrado pela Receita Federal que re\u00fane informa\u00e7\u00f5es das atividades econ\u00f4micas exercidas pela pessoa f\u00edsica e que ir\u00e1 facilitar a garantia dos direitos dos empregados e empregadores. Ele \u00e9 fundamental para que outras obriga\u00e7\u00f5es, tal qual o eSocial, sejam cumpridas.<\/p>\n\n\n\n<p>Est\u00e3o obrigados a se inscrever no cadastro:<\/p>\n\n\n\n<p>a) Contribuinte Individual, conforme definido na Lei n\u00ba 8.212, de 1991, quando a ele se aplicar pelo menos uma das situa\u00e7\u00f5es abaixo:<\/p>\n\n\n\n<p>\u00b7 possua segurado que lhe preste servi\u00e7o;<\/p>\n\n\n\n<p>\u00b7 Titular de Cart\u00f3rio, sendo a inscri\u00e7\u00e3o no CAEPF emitida em nome do titular, ainda que a respectiva serventia seja registrada no CNPJ;<\/p>\n\n\n\n<p>\u00b7 pessoa f\u00edsica n\u00e3o produtor rural, que adquire produ\u00e7\u00e3o rural para venda, no varejo, a consumidor pessoa f\u00edsica, nos termos do inciso II do \u00a77\u00ba do art. 200 do Regulamento da Previd\u00eancia Social (RPS), aprovado pelo Decreto n\u00ba 3.048, de 6 de maio de 1999;<\/p>\n\n\n\n<p>\u00b7 produtor rural contribuinte individual; e<\/p>\n\n\n\n<p>b) Segurado Especial, conforme definido na Lei n\u00ba 8.212, de 1991.<\/p>\n\n\n\n<p>Assista ao v\u00eddeo da TV Receita sobre o novo cadastro:<\/p>\n\n\n\n<figure><iframe src=\"https:\/\/www.youtube.com\/embed\/ZsPqknvPUjE\" width=\"560\" height=\"315\" allowfullscreen=\"allowfullscreen\"><\/iframe><\/figure>\n","protected":false},"excerpt":{"rendered":"<p>O Cadastro de Atividade Econ\u00f4mica da Pessoa F\u00edsica (CAEPF) re\u00fane informa\u00e7\u00f5es das atividades econ\u00f4micas exercidas pela pessoa f\u00edsica As pessoas f\u00edsicas empregadoras ou o trabalhador rural precisam ficar atentos ao novo Cadastro de Atividade Econ\u00f4mica da Pessoa F\u00edsica (CAEPF) que tornou-se obrigat\u00f3rio em 15 de janeiro deste ano. O CAEPF \u00e9 o cadastro administrado pela [&hellip;]<\/p>\n","protected":false},"author":3,"featured_media":1495,"comment_status":"open","ping_status":"open","sticky":false,"template":"","format":"standard","meta":{"jetpack_post_was_ever_published":false,"_jetpack_newsletter_access":"","_jetpack_dont_email_post_to_subs":false,"_jetpack_newsletter_tier_id":0,"_jetpack_memberships_contains_paywalled_content":false,"_jetpack_memberships_contains_paid_content":false,"footnotes":"","jetpack_publicize_message":"O Cadastro de Atividade Econ\u00f4mica da Pessoa F\u00edsica (CAEPF) re\u00fane informa\u00e7\u00f5es das atividades econ\u00f4micas exercidas pela pessoa f\u00edsica","jetpack_publicize_feature_enabled":true,"jetpack_social_post_already_shared":true,"jetpack_social_options":{"image_generator_settings":{"template":"highway","default_image_id":0,"font":"","enabled":false},"version":2}},"categories":[22],"tags":[605,606,192],"class_list":["post-1447","post","type-post","status-publish","format-standard","has-post-thumbnail","hentry","category-geral","tag-caepf","tag-economica","tag-empregado"],"jetpack_publicize_connections":[],"jetpack_featured_media_url":"https:\/\/i0.wp.com\/cfcontabil.com\/cf\/wp-content\/uploads\/2017\/02\/receita-federal-1-1.png?fit=702%2C325","jetpack_sharing_enabled":true,"jetpack_shortlink":"https:\/\/wp.me\/p2wklX-nl","jetpack-related-posts":[{"id":430,"url":"http:\/\/cfcontabil.com\/cf\/esocial-o-que-e-e-a-quem-interessa\/","url_meta":{"origin":1447,"position":0},"title":"eSocial: o que \u00e9 e a quem interessa","author":"Vin\u00edcius Moizinho","date":"15 de janeiro de 2014","format":false,"excerpt":"Boa tarde, prezados. Para a conversa de hoje trazemos um dos assuntos mais interessantes de 2014, a implanta\u00e7\u00e3o do maior e mais ambicioso projeto do SPED: o SPED Social ou eSocial. O projeto, que envolve a Receita Federal, o Minist\u00e9rio do Trabalho, o INSS e a Caixa Econ\u00f4mica Federal, \u00e9\u2026","rel":"","context":"Em &quot;Consultoria Empresarial&quot;","block_context":{"text":"Consultoria Empresarial","link":"http:\/\/cfcontabil.com\/cf\/category\/consultoria\/"},"img":{"alt_text":"","src":"https:\/\/i0.wp.com\/www.lg.com.br\/esocial\/images\/telas.jpg?resize=350%2C200","width":350,"height":200,"srcset":"https:\/\/i0.wp.com\/www.lg.com.br\/esocial\/images\/telas.jpg?resize=350%2C200 1x, https:\/\/i0.wp.com\/www.lg.com.br\/esocial\/images\/telas.jpg?resize=525%2C300 1.5x"},"classes":[]},{"id":2541,"url":"http:\/\/cfcontabil.com\/cf\/receita-federal-novos-servicos-por-processo-digital\/","url_meta":{"origin":1447,"position":1},"title":"Receita Federal: novos servi\u00e7os por processo digital","author":"Ab\u00edlio Gon\u00e7alves","date":"5 de agosto de 2021","format":false,"excerpt":"A partir de agora, servi\u00e7os relativos ao CAEPF e CNO que dependem de an\u00e1lise de um servidor da Receita Federal poder\u00e3o ser solicitados via processo digital, aberto pelo pr\u00f3prio contribuinte no e-CAC. A Receita Federal disponibilizou nesta segunda-feira, 02 de agosto, novos servi\u00e7os que passam a ser solicitados por meio\u2026","rel":"","context":"Em &quot;Geral&quot;","block_context":{"text":"Geral","link":"http:\/\/cfcontabil.com\/cf\/category\/geral\/"},"img":{"alt_text":"","src":"https:\/\/i0.wp.com\/cfcontabil.com\/cf\/wp-content\/uploads\/2017\/02\/receita-federal-1-1.png?fit=702%2C325&resize=350%2C200","width":350,"height":200,"srcset":"https:\/\/i0.wp.com\/cfcontabil.com\/cf\/wp-content\/uploads\/2017\/02\/receita-federal-1-1.png?fit=702%2C325&resize=350%2C200 1x, https:\/\/i0.wp.com\/cfcontabil.com\/cf\/wp-content\/uploads\/2017\/02\/receita-federal-1-1.png?fit=702%2C325&resize=525%2C300 1.5x, https:\/\/i0.wp.com\/cfcontabil.com\/cf\/wp-content\/uploads\/2017\/02\/receita-federal-1-1.png?fit=702%2C325&resize=700%2C400 2x"},"classes":[]},{"id":1958,"url":"http:\/\/cfcontabil.com\/cf\/esocial-contabiliza-mais-de-39-milhoes-de-trabalhadores-cadastrados\/","url_meta":{"origin":1447,"position":2},"title":"eSocial contabiliza mais de 39 milh\u00f5es de trabalhadores cadastrados","author":"Ab\u00edlio Gon\u00e7alves","date":"28 de novembro de 2019","format":false,"excerpt":"At\u00e9 julho, \u00faltimo m\u00eas que foi feita a contabilidade oficial, 39.236.553 milh\u00f5es de trabalhadores estavam integrados \u00e0 base do eSocial. O n\u00famero representa a quantidade de empregados de empresas (inclusive empregador pessoa f\u00edsica, como produtores rurais e profissionais liberais), empregados dom\u00e9sticos e demais trabalhadores sem v\u00ednculo de emprego (estagi\u00e1rios, bolsistas,\u2026","rel":"","context":"Em &quot;Departamento Pessoal&quot;","block_context":{"text":"Departamento Pessoal","link":"http:\/\/cfcontabil.com\/cf\/category\/dp\/"},"img":{"alt_text":"","src":"https:\/\/i0.wp.com\/cfcontabil.com\/cf\/wp-content\/uploads\/2018\/09\/esocial-1-810x456-1.jpg?fit=810%2C456&resize=350%2C200","width":350,"height":200,"srcset":"https:\/\/i0.wp.com\/cfcontabil.com\/cf\/wp-content\/uploads\/2018\/09\/esocial-1-810x456-1.jpg?fit=810%2C456&resize=350%2C200 1x, https:\/\/i0.wp.com\/cfcontabil.com\/cf\/wp-content\/uploads\/2018\/09\/esocial-1-810x456-1.jpg?fit=810%2C456&resize=525%2C300 1.5x, https:\/\/i0.wp.com\/cfcontabil.com\/cf\/wp-content\/uploads\/2018\/09\/esocial-1-810x456-1.jpg?fit=810%2C456&resize=700%2C400 2x"},"classes":[]},{"id":1758,"url":"http:\/\/cfcontabil.com\/cf\/publicada-portaria-que-substitui-o-caged-e-rais-pelo-esocial\/","url_meta":{"origin":1447,"position":3},"title":"Publicada portaria que substitui o CAGED e RAIS pelo eSocial","author":"Ab\u00edlio Gon\u00e7alves","date":"15 de outubro de 2019","format":false,"excerpt":"A partir da compet\u00eancia de janeiro 2020 As empresas ou pessoas f\u00edsicas equiparadas a empresas passam a ser obrigadas a substituir as declara\u00e7\u00f5es de CAGED mensal (Cadastro Geral de Empregados e Desempregados) e RAIS (Rela\u00e7\u00e3o Anual de Informa\u00e7\u00f5es Sociais) a partir do ano base 2019, onde eram realizadas a comunica\u00e7\u00e3o\u2026","rel":"","context":"Em &quot;Departamento Pessoal&quot;","block_context":{"text":"Departamento Pessoal","link":"http:\/\/cfcontabil.com\/cf\/category\/dp\/"},"img":{"alt_text":"","src":"https:\/\/i0.wp.com\/cfcontabil.com\/cf\/wp-content\/uploads\/2017\/01\/rais-1280x720-1.jpg?fit=1200%2C675&resize=350%2C200","width":350,"height":200,"srcset":"https:\/\/i0.wp.com\/cfcontabil.com\/cf\/wp-content\/uploads\/2017\/01\/rais-1280x720-1.jpg?fit=1200%2C675&resize=350%2C200 1x, https:\/\/i0.wp.com\/cfcontabil.com\/cf\/wp-content\/uploads\/2017\/01\/rais-1280x720-1.jpg?fit=1200%2C675&resize=525%2C300 1.5x, https:\/\/i0.wp.com\/cfcontabil.com\/cf\/wp-content\/uploads\/2017\/01\/rais-1280x720-1.jpg?fit=1200%2C675&resize=700%2C400 2x, https:\/\/i0.wp.com\/cfcontabil.com\/cf\/wp-content\/uploads\/2017\/01\/rais-1280x720-1.jpg?fit=1200%2C675&resize=1050%2C600 3x"},"classes":[]},{"id":2027,"url":"http:\/\/cfcontabil.com\/cf\/medias-empresas-concluem-migracao-para-esocial\/","url_meta":{"origin":1447,"position":4},"title":"M\u00e9dias empresas concluem migra\u00e7\u00e3o para eSocial","author":"Ab\u00edlio Gon\u00e7alves","date":"2 de janeiro de 2020","format":false,"excerpt":"Dados de seguran\u00e7a do trabalhador passam a ser inseridos no sistema Sistema informatizado de presta\u00e7\u00e3o de informa\u00e7\u00f5es de empresas e trabalhadores, o\u00a0eSocial\u00a0torna-se completamente obrigat\u00f3rio para os m\u00e9dios empregadores a partir de\u00a0hoje\u00a0(2). Cerca de 1,24 milh\u00e3o de m\u00e9dias empresas, que faturam at\u00e9 R$ 78 milh\u00f5es por ano, dever\u00e3o inserir os dados\u2026","rel":"","context":"Em &quot;Departamento Pessoal&quot;","block_context":{"text":"Departamento Pessoal","link":"http:\/\/cfcontabil.com\/cf\/category\/dp\/"},"img":{"alt_text":"","src":"https:\/\/i0.wp.com\/cfcontabil.com\/cf\/wp-content\/uploads\/2017\/06\/esocial-462x234-1.png?fit=462%2C234&resize=350%2C200","width":350,"height":200},"classes":[]},{"id":2050,"url":"http:\/\/cfcontabil.com\/cf\/e-falsa-intimacao-da-receita-federal-enviada-por-correios-pedindo-dados-cadastrais\/","url_meta":{"origin":1447,"position":5},"title":"\u00c9 falsa intima\u00e7\u00e3o da Receita Federal enviada por correios pedindo dados cadastrais","author":"Ab\u00edlio Gon\u00e7alves","date":"7 de janeiro de 2020","format":false,"excerpt":"No of\u00edcio, os criminosos mandam a pessoa acessar um endere\u00e7o eletr\u00f4nico e seguir as instru\u00e7\u00f5es do site, afirmando que \u00e9 um processo \"simples e r\u00e1pido\" Uma falsa intima\u00e7\u00e3o da Receita Federal est\u00e1 chegando pelos correios solicitando dados cadastrais de pessoas f\u00edsicas. O documento diz que a Receita \"detectou inconsist\u00eancias\" e\u2026","rel":"","context":"Em &quot;Geral&quot;","block_context":{"text":"Geral","link":"http:\/\/cfcontabil.com\/cf\/category\/geral\/"},"img":{"alt_text":"","src":"https:\/\/i0.wp.com\/cfcontabil.com\/cf\/wp-content\/uploads\/2020\/01\/golpe-intima%C3%A7%C3%A3o.jpg?fit=742%2C510&resize=350%2C200","width":350,"height":200,"srcset":"https:\/\/i0.wp.com\/cfcontabil.com\/cf\/wp-content\/uploads\/2020\/01\/golpe-intima%C3%A7%C3%A3o.jpg?fit=742%2C510&resize=350%2C200 1x, https:\/\/i0.wp.com\/cfcontabil.com\/cf\/wp-content\/uploads\/2020\/01\/golpe-intima%C3%A7%C3%A3o.jpg?fit=742%2C510&resize=525%2C300 1.5x, https:\/\/i0.wp.com\/cfcontabil.com\/cf\/wp-content\/uploads\/2020\/01\/golpe-intima%C3%A7%C3%A3o.jpg?fit=742%2C510&resize=700%2C400 2x"},"classes":[]}],"jetpack_likes_enabled":true,"_links":{"self":[{"href":"http:\/\/cfcontabil.com\/cf\/wp-json\/wp\/v2\/posts\/1447","targetHints":{"allow":["GET"]}}],"collection":[{"href":"http:\/\/cfcontabil.com\/cf\/wp-json\/wp\/v2\/posts"}],"about":[{"href":"http:\/\/cfcontabil.com\/cf\/wp-json\/wp\/v2\/types\/post"}],"author":[{"embeddable":true,"href":"http:\/\/cfcontabil.com\/cf\/wp-json\/wp\/v2\/users\/3"}],"replies":[{"embeddable":true,"href":"http:\/\/cfcontabil.com\/cf\/wp-json\/wp\/v2\/comments?post=1447"}],"version-history":[{"count":1,"href":"http:\/\/cfcontabil.com\/cf\/wp-json\/wp\/v2\/posts\/1447\/revisions"}],"predecessor-version":[{"id":1541,"href":"http:\/\/cfcontabil.com\/cf\/wp-json\/wp\/v2\/posts\/1447\/revisions\/1541"}],"wp:featuredmedia":[{"embeddable":true,"href":"http:\/\/cfcontabil.com\/cf\/wp-json\/wp\/v2\/media\/1495"}],"wp:attachment":[{"href":"http:\/\/cfcontabil.com\/cf\/wp-json\/wp\/v2\/media?parent=1447"}],"wp:term":[{"taxonomy":"category","embeddable":true,"href":"http:\/\/cfcontabil.com\/cf\/wp-json\/wp\/v2\/categories?post=1447"},{"taxonomy":"post_tag","embeddable":true,"href":"http:\/\/cfcontabil.com\/cf\/wp-json\/wp\/v2\/tags?post=1447"}],"curies":[{"name":"wp","href":"https:\/\/api.w.org\/{rel}","templated":true}]}}