{"id":1455,"date":"2019-02-22T09:47:46","date_gmt":"2019-02-22T12:47:46","guid":{"rendered":"http:\/\/cfcontabil.com\/cf\/?p=1455"},"modified":"2019-02-22T09:47:46","modified_gmt":"2019-02-22T12:47:46","slug":"o-perigo-da-divida-do-fgts-no-esocial","status":"publish","type":"post","link":"http:\/\/cfcontabil.com\/cf\/o-perigo-da-divida-do-fgts-no-esocial\/","title":{"rendered":"O perigo da d\u00edvida do FGTS no eSocial"},"content":{"rendered":"\n<p style=\"font-size:14px\" class=\"has-drop-cap\">Caso voc\u00ea ainda n\u00e3o tenha ci\u00eancia, o governo federal recentemente expediu uma lei proibindo o cr\u00e9dito a empresas devedoras do FGTS. <\/p>\n\n\n\n<p>E se voc\u00ea est\u00e1 em d\u00e9bito com o FGTS, todo o cuidado \u00e9 pouco: notifica\u00e7\u00e3o, multa e autua\u00e7\u00e3o podem bater na sua porta.<\/p>\n\n\n\n<p>A Lei n\u00ba 13.805\/19 prev\u00ea que institui\u00e7\u00f5es de cr\u00e9dito p\u00fablicas e privadas n\u00e3o podem mais conceder empr\u00e9stimos, financiamentos ou outros benef\u00edcios \u2013 inclusive dispensa do pagamento de&nbsp;<a href=\"https:\/\/www.contabeis.com.br\/termos-contabeis\/juros\">juros,<\/a>&nbsp;multas e corre\u00e7\u00e3o monet\u00e1ria \u2013 que envolvam recursos p\u00fablicos para empresas inadimplentes com o Fundo de Garantia do Tempo de Servi\u00e7o&nbsp;<a href=\"https:\/\/www.contabeis.com.br\/termos-contabeis\/fgts\">(FGTS)<\/a>&nbsp;. Essa regra s\u00f3 n\u00e3o ser\u00e1 aplic\u00e1vel se a concess\u00e3o de cr\u00e9dito for destinada a quitar d\u00e9bitos com o pr\u00f3prio&nbsp;<a href=\"https:\/\/www.contabeis.com.br\/termos-contabeis\/fgts\">FGTS.<\/a><\/p>\n\n\n\n<p>Ou seja, quem est\u00e1 com d\u00e9bitos em aberto n\u00e3o poder\u00e1 mais recorrer a financiamentos e corre o s\u00e9rio risco de comprometer a liquidez financeira da empresa, sem contar o rombo no fluxo de caixa.<\/p>\n\n\n\n<!--more-->\n\n\n\n<h3 class=\"wp-block-heading\">O rombo nas contas<\/h3>\n\n\n\n<p>De acordo com dados da Procuradoria-Geral da Fazenda Nacional (PGFN), divulgados em meados de 2018, existem cerca de 213 mil devedores do&nbsp;<a href=\"https:\/\/www.contabeis.com.br\/termos-contabeis\/fgts\">FGTS<\/a>&nbsp;no Brasil e o montante devido chegou a R$ 27,8 bilh\u00f5es em abril em d\u00edvidas ativas cobradas pelo \u00f3rg\u00e3o.<\/p>\n\n\n\n<p>Isso mostra que o&nbsp;<a href=\"https:\/\/www.contabeis.com.br\/termos-contabeis\/fgts\">FGTS<\/a>&nbsp;infelizmente ainda \u00e9 alvo de calote por parte de empresas. Segundo uma reportagem veiculada no portal UOL, especialistas afirmam que o&nbsp;<a href=\"https:\/\/www.contabeis.com.br\/termos-contabeis\/fgts\">FGTS<\/a>&nbsp;\u00e9 uma das primeiras d\u00edvidas a n\u00e3o serem pagas pelas empresas assim que elas come\u00e7am a ter dificuldades financeiras.<\/p>\n\n\n\n<p>Um dos principais motivos \u00e9 que a maior parte das empresas ou tenta se recuperar financeiramente ou j\u00e1 faliu. \u00c9 o caso da Varig, com uma d\u00edvida de R$ 820 milh\u00f5es, e da Vasp, com R$ 160 milh\u00f5es em d\u00e9bito. As duas a\u00e9reas lideram a lista de devedores.<\/p>\n\n\n\n<h3 class=\"wp-block-heading\">O uso do FGTS<\/h3>\n\n\n\n<p>O fundo geralmente \u00e9 sacado pelo trabalhador para aquisi\u00e7\u00e3o da casa pr\u00f3pria, ou em situa\u00e7\u00e3o de&nbsp;<a href=\"https:\/\/www.contabeis.com.br\/termos-contabeis\/aposentadoria\">aposentadoria<\/a>&nbsp;ou ainda para resolver de dificuldades, como demiss\u00e3o sem justa causa ou de doen\u00e7a grave. O valor \u00e9 referente a 8% do sal\u00e1rio registrado via&nbsp;<a href=\"https:\/\/www.contabeis.com.br\/termos-contabeis\/clt\">CLT,<\/a>&nbsp;segundo a legisla\u00e7\u00e3o mais atual.&nbsp;<\/p>\n\n\n\n<p>Apesar de o trabalhador n\u00e3o receber esse valor de forma deliberada, o dinheiro depositado n\u00e3o fica parado. Ele \u00e9 destinado pela Caixa a financiar projetos p\u00fablicos como obras de infraestrutura, habita\u00e7\u00e3o e saneamento.<\/p>\n\n\n\n<p>\u00c9 nesse ponto que a nova lei ir\u00e1 atuar, brecando a concess\u00e3o de financiamento e empr\u00e9stimos lastreados em recursos p\u00fablicos a empresas que estejam em d\u00edvida com o fundo.<\/p>\n\n\n\n<p>E isso s\u00f3 se intensificar\u00e1 com a entrada do&nbsp;<a href=\"https:\/\/www.contabeis.com.br\/termos-contabeis\/esocial\">eSocial.<\/a>&nbsp;Ficar\u00e1 muito mais f\u00e1cil ao Fisco monitorar os devedores e aplicar as devidas san\u00e7\u00f5es a quem estiver em d\u00edvida ou n\u00e3o recolher os valores corretamente.<\/p>\n\n\n\n<h3 class=\"wp-block-heading\">O&nbsp;<a href=\"https:\/\/www.contabeis.com.br\/termos-contabeis\/esocial\">eSocial<\/a>&nbsp;e a fiscaliza\u00e7\u00e3o<\/h3>\n\n\n\n<p>Apesar da fiscaliza\u00e7\u00e3o ainda ser incipiente nesse ponto, a chegada do&nbsp;<a href=\"https:\/\/www.contabeis.com.br\/termos-contabeis\/esocial\">eSocial<\/a>&nbsp;muda esse panorama. Com o governo se modernizando e investindo em monitoramento eletr\u00f4nico das obriga\u00e7\u00f5es, quem deixar de recolher o&nbsp;<a href=\"https:\/\/www.contabeis.com.br\/termos-contabeis\/fgts\">FGTS<\/a>&nbsp;estar\u00e1 correndo um risco desnecess\u00e1rio de entrar na mira do Fisco. O mesmo vale para quem j\u00e1 est\u00e1 com d\u00e9bitos em aberto.<\/p>\n\n\n\n<p>Isso porque o&nbsp;<a href=\"https:\/\/www.contabeis.com.br\/termos-contabeis\/esocial\">eSocial<\/a>&nbsp;modificar\u00e1 a atua\u00e7\u00e3o dos fiscais, na medida em que os dados informados pelas empresas podem ser facilmente cruzados para identifica\u00e7\u00e3o de inconformidades, como obriga\u00e7\u00f5es atendidas fora do prazo, erros de c\u00e1lculos e declara\u00e7\u00f5es inconsistentes.<\/p>\n\n\n\n<p>No caso do&nbsp;<a href=\"https:\/\/www.contabeis.com.br\/termos-contabeis\/fgts\">FGTS,<\/a>&nbsp;deixar de computar a parcela, n\u00e3o efetuar o dep\u00f3sito ou n\u00e3o realizar o dep\u00f3sito ap\u00f3s notifica\u00e7\u00e3o&nbsp;pode custar at\u00e9 R$ 106,41 por empregado, dobrando esse valor em caso de reincid\u00eancia, fraude, simula\u00e7\u00e3o, desacato, embara\u00e7o, de acordo com a legisla\u00e7\u00e3o.<\/p>\n\n\n\n<p>Ou seja, o cerco est\u00e1 se fechando a quem \u00e9 inadimplente ou negligente quanto ao&nbsp;<a href=\"https:\/\/www.contabeis.com.br\/termos-contabeis\/fgts\">FGTS.<\/a>&nbsp;O desconhecimento da legisla\u00e7\u00e3o ou do programa pode deixar sua empresa em maus len\u00e7\u00f3is e com d\u00edvidas para com o governo. Isso pode ser a diferen\u00e7a entre a boa sa\u00fade financeira e a recupera\u00e7\u00e3o judicial!&nbsp;<\/p>\n\n\n\n<p>Fonte: Jornal Cont\u00e1bil&nbsp;<\/p>\n","protected":false},"excerpt":{"rendered":"<p>Caso voc\u00ea ainda n\u00e3o tenha ci\u00eancia, o governo federal recentemente expediu uma lei proibindo o cr\u00e9dito a empresas devedoras do FGTS. E se voc\u00ea est\u00e1 em d\u00e9bito com o FGTS, todo o cuidado \u00e9 pouco: notifica\u00e7\u00e3o, multa e autua\u00e7\u00e3o podem bater na sua porta. A Lei n\u00ba 13.805\/19 prev\u00ea que institui\u00e7\u00f5es de cr\u00e9dito p\u00fablicas e [&hellip;]<\/p>\n","protected":false},"author":3,"featured_media":1456,"comment_status":"open","ping_status":"open","sticky":false,"template":"","format":"standard","meta":{"jetpack_post_was_ever_published":false,"_jetpack_newsletter_access":"","_jetpack_dont_email_post_to_subs":false,"_jetpack_newsletter_tier_id":0,"_jetpack_memberships_contains_paywalled_content":false,"_jetpack_memberships_contains_paid_content":false,"footnotes":"","jetpack_publicize_message":"","jetpack_publicize_feature_enabled":true,"jetpack_social_post_already_shared":true,"jetpack_social_options":{"image_generator_settings":{"template":"highway","default_image_id":0,"font":"","enabled":false},"version":2}},"categories":[29],"tags":[300],"class_list":["post-1455","post","type-post","status-publish","format-standard","has-post-thumbnail","hentry","category-dp","tag-credito"],"jetpack_publicize_connections":[],"jetpack_featured_media_url":"https:\/\/i0.wp.com\/cfcontabil.com\/cf\/wp-content\/uploads\/2019\/02\/fgtsCAIXA-1.jpg?fit=600%2C293","jetpack_sharing_enabled":true,"jetpack_shortlink":"https:\/\/wp.me\/p2wklX-nt","jetpack-related-posts":[{"id":1802,"url":"http:\/\/cfcontabil.com\/cf\/cobrancas-do-fgts-so-poderao-ser-feitas-para-dividas-de-ate-5-anos\/","url_meta":{"origin":1455,"position":0},"title":"Cobran\u00e7as do FGTS s\u00f3 poder\u00e3o ser feitas para d\u00edvidas de at\u00e9 5 anos","author":"Ab\u00edlio Gon\u00e7alves","date":"21 de outubro de 2019","format":false,"excerpt":"Uma medida aprovada em 2014 pelo STF reduziu o prazo de cobran\u00e7a de 30 anos para cinco anos. Atualmente, mais de 220 mil empresas est\u00e3o devendo. A partir de novembro, o trabalhador s\u00f3 poder\u00e1 entrar na Justi\u00e7a do Trabalho para cobrar pend\u00eancias do\u00a0Fundo de Garantia do Tempo de Servi\u00e7o (FGTS)\u00a0dos\u2026","rel":"","context":"Em &quot;Departamento Pessoal&quot;","block_context":{"text":"Departamento Pessoal","link":"http:\/\/cfcontabil.com\/cf\/category\/dp\/"},"img":{"alt_text":"","src":"https:\/\/i0.wp.com\/cfcontabil.com\/cf\/wp-content\/uploads\/2019\/10\/FGTS-TRABALHADOR-AGENCIA.jpg?fit=1200%2C1006&resize=350%2C200","width":350,"height":200,"srcset":"https:\/\/i0.wp.com\/cfcontabil.com\/cf\/wp-content\/uploads\/2019\/10\/FGTS-TRABALHADOR-AGENCIA.jpg?fit=1200%2C1006&resize=350%2C200 1x, https:\/\/i0.wp.com\/cfcontabil.com\/cf\/wp-content\/uploads\/2019\/10\/FGTS-TRABALHADOR-AGENCIA.jpg?fit=1200%2C1006&resize=525%2C300 1.5x, https:\/\/i0.wp.com\/cfcontabil.com\/cf\/wp-content\/uploads\/2019\/10\/FGTS-TRABALHADOR-AGENCIA.jpg?fit=1200%2C1006&resize=700%2C400 2x, https:\/\/i0.wp.com\/cfcontabil.com\/cf\/wp-content\/uploads\/2019\/10\/FGTS-TRABALHADOR-AGENCIA.jpg?fit=1200%2C1006&resize=1050%2C600 3x"},"classes":[]},{"id":1778,"url":"http:\/\/cfcontabil.com\/cf\/criterios-de-parcelamento-de-debitos-de-contribuicoes-devidas-ao-fgts\/","url_meta":{"origin":1455,"position":1},"title":"Crit\u00e9rios de Parcelamento de D\u00e9bitos de Contribui\u00e7\u00f5es Devidas ao FGTS","author":"Ab\u00edlio Gon\u00e7alves","date":"18 de outubro de 2019","format":false,"excerpt":"O CODEFAT estabeleceu, atrav\u00e9s da\u00a0Resolu\u00e7\u00e3o CC-FGTS 940\/2019, as normas para parcelamento de d\u00e9bito de contribui\u00e7\u00f5es devidas ao\u00a0FGTS\u00a0e modelo de apresenta\u00e7\u00e3o de informa\u00e7\u00f5es da carteira de cr\u00e9ditos do\u00a0FGTS. Os parcelamentos de d\u00e9bitos, inclusive aqueles realizados por meio eletr\u00f4nico, ser\u00e3o operacionalizados pelo Agente Operador, em nome da Secretaria de Trabalho ou em\u2026","rel":"","context":"Em &quot;Departamento Pessoal&quot;","block_context":{"text":"Departamento Pessoal","link":"http:\/\/cfcontabil.com\/cf\/category\/dp\/"},"img":{"alt_text":"","src":"https:\/\/i0.wp.com\/cfcontabil.com\/cf\/wp-content\/uploads\/2019\/10\/fgts-online.jpg?fit=739%2C415&resize=350%2C200","width":350,"height":200,"srcset":"https:\/\/i0.wp.com\/cfcontabil.com\/cf\/wp-content\/uploads\/2019\/10\/fgts-online.jpg?fit=739%2C415&resize=350%2C200 1x, https:\/\/i0.wp.com\/cfcontabil.com\/cf\/wp-content\/uploads\/2019\/10\/fgts-online.jpg?fit=739%2C415&resize=525%2C300 1.5x, https:\/\/i0.wp.com\/cfcontabil.com\/cf\/wp-content\/uploads\/2019\/10\/fgts-online.jpg?fit=739%2C415&resize=700%2C400 2x"},"classes":[]},{"id":1229,"url":"http:\/\/cfcontabil.com\/cf\/governo-regulamenta-saque-das-contas-inativas-do-fgts-previsto-na-mp-7632016\/","url_meta":{"origin":1455,"position":2},"title":"Governo regulamenta saque das contas inativas do FGTS previsto na MP 763\/2016","author":"Ab\u00edlio Gon\u00e7alves","date":"3 de mar\u00e7o de 2017","format":false,"excerpt":"DECRETO 8.989, DE 14-2-2017 (DO-U DE 15-2-2017) \u00a0 MOVIMENTA\u00c7\u00c3O DA CONTA \u2013 Hip\u00f3teses \u00a0 Governo regulamenta saque das contas inativas do FGTS previsto na MP 763\/2016 O Ato em refer\u00eancia acrescenta os \u00a7\u00a7 9\u00ba e 10 ao artigo 35 do\u00a0Decreto 99.684, de 8-11-90, que consolida as normas relativas ao FGTS,\u2026","rel":"","context":"Em &quot;Departamento Pessoal&quot;","block_context":{"text":"Departamento Pessoal","link":"http:\/\/cfcontabil.com\/cf\/category\/dp\/"},"img":{"alt_text":"","src":"https:\/\/i0.wp.com\/cfcontabil.com\/cf\/wp-content\/uploads\/2017\/03\/FGTS1-1.jpg?fit=1200%2C702&resize=350%2C200","width":350,"height":200,"srcset":"https:\/\/i0.wp.com\/cfcontabil.com\/cf\/wp-content\/uploads\/2017\/03\/FGTS1-1.jpg?fit=1200%2C702&resize=350%2C200 1x, https:\/\/i0.wp.com\/cfcontabil.com\/cf\/wp-content\/uploads\/2017\/03\/FGTS1-1.jpg?fit=1200%2C702&resize=525%2C300 1.5x, https:\/\/i0.wp.com\/cfcontabil.com\/cf\/wp-content\/uploads\/2017\/03\/FGTS1-1.jpg?fit=1200%2C702&resize=700%2C400 2x, https:\/\/i0.wp.com\/cfcontabil.com\/cf\/wp-content\/uploads\/2017\/03\/FGTS1-1.jpg?fit=1200%2C702&resize=1050%2C600 3x"},"classes":[]},{"id":1776,"url":"http:\/\/cfcontabil.com\/cf\/recebeu-uma-notificacao-de-debito-do-fgts-o-que-fazer\/","url_meta":{"origin":1455,"position":3},"title":"Recebeu uma Notifica\u00e7\u00e3o de D\u00e9bito do FGTS? O que fazer?","author":"Ab\u00edlio Gon\u00e7alves","date":"17 de outubro de 2019","format":false,"excerpt":"O Governo Federal vem atuando de forma mais acirrada para combater fraudes e sonega\u00e7\u00e3o, agindo atrav\u00e9s de seus Minist\u00e9rios na busca de diminuir os gastos p\u00fablicos e aprimorar a arrecada\u00e7\u00e3o. Com base no\u00a0art. 18, II do Decreto 4.552\/2002, foi criada a Malha Fiscal do\u00a0FGTS, atrav\u00e9s da\u00a0Nota T\u00e9cnica SEI n\u00ba 2\/2019\/DFGTS\/CGFIT\/SIT\/STRAB\/SEPRT-ME,\u00a0para\u2026","rel":"","context":"Em &quot;Departamento Pessoal&quot;","block_context":{"text":"Departamento Pessoal","link":"http:\/\/cfcontabil.com\/cf\/category\/dp\/"},"img":{"alt_text":"","src":"https:\/\/i0.wp.com\/cfcontabil.com\/cf\/wp-content\/uploads\/2017\/03\/FGTS1-1.jpg?fit=1200%2C702&resize=350%2C200","width":350,"height":200,"srcset":"https:\/\/i0.wp.com\/cfcontabil.com\/cf\/wp-content\/uploads\/2017\/03\/FGTS1-1.jpg?fit=1200%2C702&resize=350%2C200 1x, https:\/\/i0.wp.com\/cfcontabil.com\/cf\/wp-content\/uploads\/2017\/03\/FGTS1-1.jpg?fit=1200%2C702&resize=525%2C300 1.5x, https:\/\/i0.wp.com\/cfcontabil.com\/cf\/wp-content\/uploads\/2017\/03\/FGTS1-1.jpg?fit=1200%2C702&resize=700%2C400 2x, https:\/\/i0.wp.com\/cfcontabil.com\/cf\/wp-content\/uploads\/2017\/03\/FGTS1-1.jpg?fit=1200%2C702&resize=1050%2C600 3x"},"classes":[]},{"id":1228,"url":"http:\/\/cfcontabil.com\/cf\/quase-200-mil-empresas-devem-fgts-de-empregados-e-ex-funcionarios\/","url_meta":{"origin":1455,"position":4},"title":"Quase 200 mil empresas devem FGTS de empregados e ex-funcion\u00e1rios","author":"Ab\u00edlio Gon\u00e7alves","date":"2 de mar\u00e7o de 2017","format":false,"excerpt":"Cerca de 7 milh\u00f5es de trabalhadores n\u00e3o tiveram dep\u00f3sitos do Fundo de Garantia do Tempo de Servi\u00e7o (FGTS), incluindo contas ativas e inativas, feitos corretamente pelos seus empregadores. S\u00e3o 198,7 mil empresas devedoras de dep\u00f3sitos de FGTS, segundo informa\u00e7\u00f5es da Procuradoria-Geral da Fazenda Nacional (PGFN), \u00f3rg\u00e3o vinculado ao Minist\u00e9rio da\u2026","rel":"","context":"Em &quot;Departamento Pessoal&quot;","block_context":{"text":"Departamento Pessoal","link":"http:\/\/cfcontabil.com\/cf\/category\/dp\/"},"img":{"alt_text":"","src":"https:\/\/i0.wp.com\/cfcontabil.com\/cf\/wp-content\/uploads\/2016\/03\/FGTS-1.jpg?fit=715%2C270&resize=350%2C200","width":350,"height":200,"srcset":"https:\/\/i0.wp.com\/cfcontabil.com\/cf\/wp-content\/uploads\/2016\/03\/FGTS-1.jpg?fit=715%2C270&resize=350%2C200 1x, https:\/\/i0.wp.com\/cfcontabil.com\/cf\/wp-content\/uploads\/2016\/03\/FGTS-1.jpg?fit=715%2C270&resize=525%2C300 1.5x, https:\/\/i0.wp.com\/cfcontabil.com\/cf\/wp-content\/uploads\/2016\/03\/FGTS-1.jpg?fit=715%2C270&resize=700%2C400 2x"},"classes":[]},{"id":713,"url":"http:\/\/cfcontabil.com\/cf\/multa-do-fgts-pode-ameacar-trabalhadores\/","url_meta":{"origin":1455,"position":5},"title":"Multa do FGTS pode amea\u00e7ar trabalhadores","author":"Ab\u00edlio Gon\u00e7alves","date":"31 de mar\u00e7o de 2016","format":false,"excerpt":"Manter um colaborar por mais de 30 anos pode render um \u201cpr\u00eamio\u201d amargo para as empresas brasileiras. Tramita no Senado Federal um projeto de lei que visa aumentar a multa do Fundo de Garantia por Tempo de Servi\u00e7o (FGTS) em at\u00e9 15% para empresas que mantiverem funcion\u00e1rios em seus quadros\u2026","rel":"","context":"Em &quot;Consultoria Empresarial&quot;","block_context":{"text":"Consultoria Empresarial","link":"http:\/\/cfcontabil.com\/cf\/category\/consultoria\/"},"img":{"alt_text":"","src":"https:\/\/i0.wp.com\/cfcontabil.com\/cf\/wp-content\/uploads\/2016\/03\/FGTS-1.jpg?fit=715%2C270&resize=350%2C200","width":350,"height":200,"srcset":"https:\/\/i0.wp.com\/cfcontabil.com\/cf\/wp-content\/uploads\/2016\/03\/FGTS-1.jpg?fit=715%2C270&resize=350%2C200 1x, https:\/\/i0.wp.com\/cfcontabil.com\/cf\/wp-content\/uploads\/2016\/03\/FGTS-1.jpg?fit=715%2C270&resize=525%2C300 1.5x, https:\/\/i0.wp.com\/cfcontabil.com\/cf\/wp-content\/uploads\/2016\/03\/FGTS-1.jpg?fit=715%2C270&resize=700%2C400 2x"},"classes":[]}],"jetpack_likes_enabled":true,"_links":{"self":[{"href":"http:\/\/cfcontabil.com\/cf\/wp-json\/wp\/v2\/posts\/1455","targetHints":{"allow":["GET"]}}],"collection":[{"href":"http:\/\/cfcontabil.com\/cf\/wp-json\/wp\/v2\/posts"}],"about":[{"href":"http:\/\/cfcontabil.com\/cf\/wp-json\/wp\/v2\/types\/post"}],"author":[{"embeddable":true,"href":"http:\/\/cfcontabil.com\/cf\/wp-json\/wp\/v2\/users\/3"}],"replies":[{"embeddable":true,"href":"http:\/\/cfcontabil.com\/cf\/wp-json\/wp\/v2\/comments?post=1455"}],"version-history":[{"count":0,"href":"http:\/\/cfcontabil.com\/cf\/wp-json\/wp\/v2\/posts\/1455\/revisions"}],"wp:featuredmedia":[{"embeddable":true,"href":"http:\/\/cfcontabil.com\/cf\/wp-json\/wp\/v2\/media\/1456"}],"wp:attachment":[{"href":"http:\/\/cfcontabil.com\/cf\/wp-json\/wp\/v2\/media?parent=1455"}],"wp:term":[{"taxonomy":"category","embeddable":true,"href":"http:\/\/cfcontabil.com\/cf\/wp-json\/wp\/v2\/categories?post=1455"},{"taxonomy":"post_tag","embeddable":true,"href":"http:\/\/cfcontabil.com\/cf\/wp-json\/wp\/v2\/tags?post=1455"}],"curies":[{"name":"wp","href":"https:\/\/api.w.org\/{rel}","templated":true}]}}