{"id":1467,"date":"2019-04-09T08:54:19","date_gmt":"2019-04-09T11:54:19","guid":{"rendered":"http:\/\/cfcontabil.com\/cf\/?p=1467"},"modified":"2019-09-13T08:43:12","modified_gmt":"2019-09-13T11:43:12","slug":"cf-contabil-recebe-o-premio-referencia-nacional-e-qualidade-empresarial-de-2019","status":"publish","type":"post","link":"http:\/\/cfcontabil.com\/cf\/cf-contabil-recebe-o-premio-referencia-nacional-e-qualidade-empresarial-de-2019\/","title":{"rendered":"CF Cont\u00e1bil recebe o Premio Referencia Nacional e Qualidade Empresarial de 2019"},"content":{"rendered":"\n<p>Na noite de 8 de Abril, no Minas Hall em Bras\u00edlia, a Ag\u00eancia Nacional de Cultura, Empreendedorismo e Comunica\u00e7\u00e3o (ANCEC) homenageou personalidades, advogados, autoridades e empres\u00e1rios que se destacaram nas \u00e1reas de empreendedorismo, comunica\u00e7\u00e3o, arte e entretenimento ao promoverem a cultura e comunica\u00e7\u00e3o no Brasil.<\/p>\n\n\n\n<div class=\"wp-block-image\"><figure class=\"aligncenter\"><img decoding=\"async\" data-attachment-id=\"1471\" data-permalink=\"http:\/\/cfcontabil.com\/cf\/convite\/\" data-orig-file=\"https:\/\/i0.wp.com\/cfcontabil.com\/cf\/wp-content\/uploads\/2012\/09\/Convite-2.jpg?fit=644%2C448\" data-orig-size=\"644,448\" data-comments-opened=\"1\" data-image-meta=\"{&quot;aperture&quot;:&quot;0&quot;,&quot;credit&quot;:&quot;&quot;,&quot;camera&quot;:&quot;&quot;,&quot;caption&quot;:&quot;&quot;,&quot;created_timestamp&quot;:&quot;0&quot;,&quot;copyright&quot;:&quot;&quot;,&quot;focal_length&quot;:&quot;0&quot;,&quot;iso&quot;:&quot;0&quot;,&quot;shutter_speed&quot;:&quot;0&quot;,&quot;title&quot;:&quot;&quot;,&quot;orientation&quot;:&quot;0&quot;}\" data-image-title=\"Convite Homenagem ao Contabilista\" data-image-description=\"\" data-image-caption=\"\" data-large-file=\"https:\/\/i0.wp.com\/cfcontabil.com\/cf\/wp-content\/uploads\/2012\/09\/Convite-2.jpg?fit=644%2C448\" src=\"https:\/\/i2.wp.com\/cfcontabil.com\/cf\/wp-content\/uploads\/2019\/04\/54230489_526171387910654_1613676943822067593_n1.jpg?fit=525%2C388\" alt=\"\" class=\"wp-image-1471\"\/><\/figure><\/div>\n\n\n\n<p>A ANCEC \u00e9 a ag\u00eancia respons\u00e1vel pela sele\u00e7\u00e3o e entrega do Premio Referencia Nacional as empresas e escrit\u00f3rios de advocacia que s\u00e3o referencia no ano anterior. Para receber o pr\u00eamio, os empres\u00e1rios e advogados s\u00e3o indicados por membros associados da ANCEC \u2013 Agencia Nacional de Cultura, Empreendedorismo e Comunica\u00e7\u00e3o, composto por empres\u00e1rios, autoridades, advogados, artistas, esportistas, jornalistas que j\u00e1 foram homenageados pela Institui\u00e7\u00e3o em todo territ\u00f3rio nacional.<\/p>\n\n\n\n<p>Ap\u00f3s a indica\u00e7\u00e3o s\u00e3o avaliados pela Comiss\u00e3o da ANCEC os seguintes crit\u00e9rios: (Atendimento, Servi\u00e7os e\/ou produtos, Divulga\u00e7\u00e3o da imagem, Pr\u00eamio e certifica\u00e7\u00f5es conquistadas, A\u00e7\u00f5es culturais e sociais, M\u00eddias sociais e Reclama\u00e7\u00f5es e processos).<\/p>\n\n\n\n<p>J\u00e1 a Cruz da Referencia Nacional ser\u00e1 entregue a Personalidades que s\u00e3o referencia em suas \u00e1reas de atua\u00e7\u00e3o como esporte, jornalismo, m\u00fasica, televis\u00e3o, web, dentre outros.<\/p>\n\n\n\n<figure class=\"wp-block-image\"><img data-recalc-dims=\"1\" decoding=\"async\" src=\"https:\/\/i0.wp.com\/cfcontabil.com\/cf\/wp-content\/uploads\/2019\/04\/ANCEC-CF-2019-1-1.jpg?w=1170\" alt=\"\" class=\"wp-image-1469\"\/><figcaption>Em 2019, a CF Cont\u00e1bil recebeu  o Selo Refer\u00eancia e Qualidade Empresarial.<\/figcaption><\/figure>\n\n\n\n<p>O empres\u00e1rio cont\u00e1bil Ab\u00edlio Gon\u00e7alves prestigiou o evento e recebeu a homenagem em nome da CF Cont\u00e1bil, sendo reconhecida pelos seus 21 anos de trabalho com excel\u00eancia no \u00e2mbito cont\u00e1bil, tribut\u00e1rio e trabalhista a seus clientes e parceiros em todo Brasil.<\/p>\n\n\n\n<p>Dentre os homenageados da noite, destacamos Plebe Rude, Natiruts, Embaixada da Fran\u00e7a, Embaixada da Palestina, Jornalista Marcelo Chaves, Jornalista Isabel Almeida, os advogados Dr Marcelo Servidone, Dr Ricardo Basile, Dra Ana Lemos, Dr Amario Cassimiro, Dr Eduardo Campos, os reitores professores: Rafael Andr\u00e9 da Unideal , Bruno Lopes da FAMEV, Morgana Potrich da FAMP, Carminha Manfredini (m\u00e3e de Renato Russo) e Euripedes Higino (filho de Chico Xavier).<\/p>\n\n\n\n<!--more-->\n\n\n\n<p><strong>Sobre a ANCEC:<\/strong><\/p>\n\n\n\n<p>A Ag\u00eancia Nacional de Cultura, Empreendedorismo e Comunica\u00e7\u00e3o (ANCEC), institui\u00e7\u00e3o respons\u00e1vel pelo Premio Refer\u00eancia Nacional &amp; Qualidade Empresarial, tem como objetivo valorizar e reconhecer a arte, cultura e empreendedorismo no Pa\u00eds.<\/p>\n\n\n\n<p>Todos os homenageados da classe empresarial passam por processo de pesquisa para que possam ser refer\u00eancia, ap\u00f3s indica\u00e7\u00e3o de um membro da ANCEC.<\/p>\n\n\n\n<p>Sua diretoria \u00e9 composta pelo Comendador Mario Edson (Presidente executivo), Conde Thiago de Menezes (presidente de honra), Comendadora Gisele Bento (vice Presidente), Dr Vanderlei Pedroso (diretor fiscal), Dr Carlos Pereira (diretor tecnologia), Dr Fabio Belinassi (diretor jur\u00eddico) e os diretores culturais Carlos Titanero e Josias Souza. Podemos destacar tamb\u00e9m como membros de honra, Dr Marcelo Servidone, Dra Ana Lemos, Dr Ricardo Basile, Dr Amario Cassimiro, Carminha Manfredini, Euripedes Higino, Sacha Rodrigues e outros nomes de diversas \u00e1reas atuantes em nosso Pa\u00eds.<\/p>\n\n\n\n<p>O selo refer\u00eancia nacional \u00e9 entregue, todos os anos, em tr\u00eas unidades da federa\u00e7\u00e3o: Rio de Janeiro, S\u00e3o Paulo e Bras\u00edlia junto da outorga da Cruz da Referencia Nacional a quem \u00e9 referencia em sua \u00e1rea.<\/p>\n\n\n\n<p>A institui\u00e7\u00e3o reconhece algumas \u00e1reas com homenagens especifica, como as artes c\u00eanicas com o Trof\u00e9u Nelson Rodrigues, a m\u00fasica com a medalha Renato Russo , a sociedade com o trof\u00e9u Chico Xavier e o reconhecimento do m\u00e9rito c\u00edvico e empreendedor com a outorga da Medalha Presidente Juscelino Kubitschek em parceria com a Federa\u00e7\u00e3o das Academias de Artes e Letras do Estado de S\u00e3o Paulo (Falasp).<\/p>\n\n\n\n<p>A ANCEC tamb\u00e9m desenvolve projetos culturais e sociais. Em junho de 2018 no Teatro Augusta em SP,a Ag\u00eancia estreou o espet\u00e1culo \u201cBonitinha, mas Ordin\u00e1ria\u201d de Nelson Rodrigues, com dire\u00e7\u00e3o de Luis Artur Nunes. A pe\u00e7a volta em 2019 para a cidade do Rio de Janeiro e SP.<\/p>\n","protected":false},"excerpt":{"rendered":"<p>Na noite de 8 de Abril, no Minas Hall em Bras\u00edlia, a Ag\u00eancia Nacional de Cultura, Empreendedorismo e Comunica\u00e7\u00e3o (ANCEC) homenageou personalidades, advogados, autoridades e empres\u00e1rios que se destacaram nas \u00e1reas de empreendedorismo, comunica\u00e7\u00e3o, arte e entretenimento ao promoverem a cultura e comunica\u00e7\u00e3o no Brasil. A ANCEC \u00e9 a ag\u00eancia respons\u00e1vel pela sele\u00e7\u00e3o e entrega [&hellip;]<\/p>\n","protected":false},"author":3,"featured_media":1523,"comment_status":"open","ping_status":"open","sticky":false,"template":"","format":"standard","meta":{"jetpack_post_was_ever_published":false,"_jetpack_newsletter_access":"","_jetpack_dont_email_post_to_subs":false,"_jetpack_newsletter_tier_id":0,"_jetpack_memberships_contains_paywalled_content":false,"_jetpack_memberships_contains_paid_content":false,"footnotes":"","jetpack_publicize_message":"","jetpack_publicize_feature_enabled":true,"jetpack_social_post_already_shared":true,"jetpack_social_options":{"image_generator_settings":{"template":"highway","default_image_id":0,"font":"","enabled":false},"version":2}},"categories":[22],"tags":[607,19,21,608,609],"class_list":["post-1467","post","type-post","status-publish","format-standard","has-post-thumbnail","hentry","category-geral","tag-ancec","tag-brasilia","tag-contabilidade","tag-qualidade","tag-selo"],"jetpack_publicize_connections":[],"jetpack_featured_media_url":"https:\/\/i0.wp.com\/cfcontabil.com\/cf\/wp-content\/uploads\/2019\/04\/ANCEC-CF-2019-1.jpg?fit=960%2C960","jetpack_sharing_enabled":true,"jetpack_shortlink":"https:\/\/wp.me\/p2wklX-nF","jetpack-related-posts":[{"id":3006,"url":"http:\/\/cfcontabil.com\/cf\/contabil-summit-brasilia-2024-transformando-desafios-em-oportunidades\/","url_meta":{"origin":1467,"position":0},"title":"Cont\u00e1bil Summit Bras\u00edlia 2024: Transformando Desafios em Oportunidades\u00a0","author":"Ab\u00edlio Gon\u00e7alves","date":"22 de julho de 2024","format":false,"excerpt":"No dia 17 de julho, o audit\u00f3rio Sicoob (SIG) foi palco de um evento imperd\u00edvel para empreendedores do setor cont\u00e1bil. Organizado pelo Conselho Regional de Contabilidade do Distrito Federal (CRCDF) e SICOOB Executive, o Cont\u00e1bil Summit Bras\u00edlia reuniu grandes nomes do setor para um dia repleto de palestras sobre gest\u00e3o,\u2026","rel":"","context":"Em &quot;Contabilidade em geral&quot;","block_context":{"text":"Contabilidade em geral","link":"http:\/\/cfcontabil.com\/cf\/category\/contabilidade-2\/"},"img":{"alt_text":"","src":"https:\/\/i0.wp.com\/cfcontabil.com\/cf\/wp-content\/uploads\/2024\/07\/Contabil-Summit-Brasilia.png?fit=1200%2C602&resize=350%2C200","width":350,"height":200,"srcset":"https:\/\/i0.wp.com\/cfcontabil.com\/cf\/wp-content\/uploads\/2024\/07\/Contabil-Summit-Brasilia.png?fit=1200%2C602&resize=350%2C200 1x, https:\/\/i0.wp.com\/cfcontabil.com\/cf\/wp-content\/uploads\/2024\/07\/Contabil-Summit-Brasilia.png?fit=1200%2C602&resize=525%2C300 1.5x, https:\/\/i0.wp.com\/cfcontabil.com\/cf\/wp-content\/uploads\/2024\/07\/Contabil-Summit-Brasilia.png?fit=1200%2C602&resize=700%2C400 2x, https:\/\/i0.wp.com\/cfcontabil.com\/cf\/wp-content\/uploads\/2024\/07\/Contabil-Summit-Brasilia.png?fit=1200%2C602&resize=1050%2C600 3x"},"classes":[]},{"id":2060,"url":"http:\/\/cfcontabil.com\/cf\/tudo-no-azul-para-2020\/","url_meta":{"origin":1467,"position":1},"title":"TUDO NO AZUL PARA 2020!","author":"Ab\u00edlio Gon\u00e7alves","date":"8 de janeiro de 2020","format":false,"excerpt":". https:\/\/www.youtube.com\/watch?v=7qWmSX5F85g FALE CONOSCO Quero apresentar uma solu\u00e7\u00e3o definitiva para a gest\u00e3o financeira e cont\u00e1bil para voc\u00ea, empres\u00e1rio ou futuro empreendedor, nesta sexta, dia 10 de janeiro, em uma live que ter\u00e1 in\u00edcio \u00e1s 7h da manh\u00e3. . Facebook Twitter Instagram","rel":"","context":"Em &quot;Consultoria Empresarial&quot;","block_context":{"text":"Consultoria Empresarial","link":"http:\/\/cfcontabil.com\/cf\/category\/consultoria\/"},"img":{"alt_text":"","src":"https:\/\/i0.wp.com\/cfcontabil.com\/cf\/wp-content\/uploads\/2020\/01\/tudo-azul-2.jpeg?fit=1200%2C675&resize=350%2C200","width":350,"height":200,"srcset":"https:\/\/i0.wp.com\/cfcontabil.com\/cf\/wp-content\/uploads\/2020\/01\/tudo-azul-2.jpeg?fit=1200%2C675&resize=350%2C200 1x, https:\/\/i0.wp.com\/cfcontabil.com\/cf\/wp-content\/uploads\/2020\/01\/tudo-azul-2.jpeg?fit=1200%2C675&resize=525%2C300 1.5x, https:\/\/i0.wp.com\/cfcontabil.com\/cf\/wp-content\/uploads\/2020\/01\/tudo-azul-2.jpeg?fit=1200%2C675&resize=700%2C400 2x, https:\/\/i0.wp.com\/cfcontabil.com\/cf\/wp-content\/uploads\/2020\/01\/tudo-azul-2.jpeg?fit=1200%2C675&resize=1050%2C600 3x"},"classes":[]},{"id":1587,"url":"http:\/\/cfcontabil.com\/cf\/tecnologia-e-contabilidade\/","url_meta":{"origin":1467,"position":2},"title":"Tecnologia e Contabilidade","author":"Ab\u00edlio Gon\u00e7alves","date":"16 de setembro de 2019","format":false,"excerpt":"Como surpreende o ritmo das inova\u00e7\u00f5es e a tend\u00eancia mundial com os r\u00e1pidos avan\u00e7os tecnol\u00f3gicos atualmente. \u00c9 um processo sem volta, que vislumbra um tempo novo surgindo. \u00c9 poss\u00edvel ressaltar que o impacto \u00e9 sentindo em todas as \u00e1reas de neg\u00f3cios e at\u00e9 da vida cotidiana. A evolu\u00e7\u00e3o \u00e9 um\u2026","rel":"","context":"Em &quot;Consultoria Empresarial&quot;","block_context":{"text":"Consultoria Empresarial","link":"http:\/\/cfcontabil.com\/cf\/category\/consultoria\/"},"img":{"alt_text":"","src":"https:\/\/i0.wp.com\/cfcontabil.com\/cf\/wp-content\/uploads\/2019\/09\/tecnologia-na-contabilidade-vantagens-1024x633.jpg?fit=1024%2C633&resize=350%2C200","width":350,"height":200,"srcset":"https:\/\/i0.wp.com\/cfcontabil.com\/cf\/wp-content\/uploads\/2019\/09\/tecnologia-na-contabilidade-vantagens-1024x633.jpg?fit=1024%2C633&resize=350%2C200 1x, https:\/\/i0.wp.com\/cfcontabil.com\/cf\/wp-content\/uploads\/2019\/09\/tecnologia-na-contabilidade-vantagens-1024x633.jpg?fit=1024%2C633&resize=525%2C300 1.5x, https:\/\/i0.wp.com\/cfcontabil.com\/cf\/wp-content\/uploads\/2019\/09\/tecnologia-na-contabilidade-vantagens-1024x633.jpg?fit=1024%2C633&resize=700%2C400 2x"},"classes":[]},{"id":1028,"url":"http:\/\/cfcontabil.com\/cf\/artigo-a-contabilidade-na-era-da-midia-social\/","url_meta":{"origin":1467,"position":3},"title":"Artigo: A contabilidade na era da m\u00eddia social","author":"Ab\u00edlio Gon\u00e7alves","date":"17 de outubro de 2012","format":false,"excerpt":"Um artigo interessante publicado pelo SESCON de Campinas falando sobre as m\u00eddias digitais, um exemplo para todos os contabilistas, confira a mat\u00e9ria: Como sindicatos, escrit\u00f3rios e editoras est\u00e3o utilizando a internet em busca de divulga\u00e7\u00e3o Houve uma \u00e9poca em que conseguir informa\u00e7\u00f5es sobre o mundo cont\u00e1bil era extremamente dif\u00edcil. Os\u2026","rel":"","context":"Em &quot;Geral&quot;","block_context":{"text":"Geral","link":"http:\/\/cfcontabil.com\/cf\/category\/geral\/"},"img":{"alt_text":"","src":"https:\/\/i0.wp.com\/cfcontabil.com\/cf\/wp-content\/uploads\/2012\/10\/curtirCONTABILIDADE.jpg?resize=350%2C200","width":350,"height":200},"classes":[]},{"id":611,"url":"http:\/\/cfcontabil.com\/cf\/x-convencao-de-contabildade-do-distrito-federal\/","url_meta":{"origin":1467,"position":4},"title":"X Conven\u00e7\u00e3o de Contabildade do Distrito Federal","author":"Ab\u00edlio Gon\u00e7alves","date":"10 de setembro de 2015","format":false,"excerpt":"\u201cCom a Contabilidade o Brasil se faz Transparente\u201d Com este tema que o Conselho Regional de Contabilidade do Distrito Federal (CRCDF) realizou a X Conven\u00e7\u00e3o de Contabilidade do Distrito Federal, \u00a0nos dias 20 e 21 de agosto\u00a0na sede da LBV, situada na SGAS 915 Sul. A Conven\u00e7\u00e3o de\u00a0Contabilidade \u00e9 um\u2026","rel":"","context":"Em &quot;Consultoria Empresarial&quot;","block_context":{"text":"Consultoria Empresarial","link":"http:\/\/cfcontabil.com\/cf\/category\/consultoria\/"},"img":{"alt_text":"","src":"https:\/\/i0.wp.com\/cfcontabil.com\/cf\/wp-content\/uploads\/2015\/09\/xconvencaocontabilidadedf-tema-2.png?fit=600%2C600&resize=350%2C200","width":350,"height":200,"srcset":"https:\/\/i0.wp.com\/cfcontabil.com\/cf\/wp-content\/uploads\/2015\/09\/xconvencaocontabilidadedf-tema-2.png?fit=600%2C600&resize=350%2C200 1x, https:\/\/i0.wp.com\/cfcontabil.com\/cf\/wp-content\/uploads\/2015\/09\/xconvencaocontabilidadedf-tema-2.png?fit=600%2C600&resize=525%2C300 1.5x"},"classes":[]},{"id":1,"url":"http:\/\/cfcontabil.com\/cf\/seja-bem-vindo\/","url_meta":{"origin":1467,"position":5},"title":"Seja Bem Vindo! Blog da CF Cont\u00e1bil","author":"Ab\u00edlio Gon\u00e7alves","date":"3 de fevereiro de 2012","format":false,"excerpt":"NOVO SITE! O mercado cont\u00e1bil vem passando por diversas mudan\u00e7as, sendo imprescind\u00edvel maior capacita\u00e7\u00e3o por parte dos profissionais que atuam nesse seguimento. A CF Cont\u00e1bil entendendo a necessidade de manter-se atualizada, busca constantemente se aperfei\u00e7oar, tornando-se parceira de seus clientes para gerar informa\u00e7\u00f5es mais detalhadas, precisas e que sejam mais\u2026","rel":"","context":"Em &quot;Geral&quot;","block_context":{"text":"Geral","link":"http:\/\/cfcontabil.com\/cf\/category\/geral\/"},"img":{"alt_text":"","src":"","width":0,"height":0},"classes":[]}],"jetpack_likes_enabled":true,"_links":{"self":[{"href":"http:\/\/cfcontabil.com\/cf\/wp-json\/wp\/v2\/posts\/1467","targetHints":{"allow":["GET"]}}],"collection":[{"href":"http:\/\/cfcontabil.com\/cf\/wp-json\/wp\/v2\/posts"}],"about":[{"href":"http:\/\/cfcontabil.com\/cf\/wp-json\/wp\/v2\/types\/post"}],"author":[{"embeddable":true,"href":"http:\/\/cfcontabil.com\/cf\/wp-json\/wp\/v2\/users\/3"}],"replies":[{"embeddable":true,"href":"http:\/\/cfcontabil.com\/cf\/wp-json\/wp\/v2\/comments?post=1467"}],"version-history":[{"count":1,"href":"http:\/\/cfcontabil.com\/cf\/wp-json\/wp\/v2\/posts\/1467\/revisions"}],"predecessor-version":[{"id":1532,"href":"http:\/\/cfcontabil.com\/cf\/wp-json\/wp\/v2\/posts\/1467\/revisions\/1532"}],"wp:featuredmedia":[{"embeddable":true,"href":"http:\/\/cfcontabil.com\/cf\/wp-json\/wp\/v2\/media\/1523"}],"wp:attachment":[{"href":"http:\/\/cfcontabil.com\/cf\/wp-json\/wp\/v2\/media?parent=1467"}],"wp:term":[{"taxonomy":"category","embeddable":true,"href":"http:\/\/cfcontabil.com\/cf\/wp-json\/wp\/v2\/categories?post=1467"},{"taxonomy":"post_tag","embeddable":true,"href":"http:\/\/cfcontabil.com\/cf\/wp-json\/wp\/v2\/tags?post=1467"}],"curies":[{"name":"wp","href":"https:\/\/api.w.org\/{rel}","templated":true}]}}