{"id":1752,"date":"2019-10-15T13:50:03","date_gmt":"2019-10-15T16:50:03","guid":{"rendered":"http:\/\/cfcontabil.com\/cf\/?p=1752"},"modified":"2019-10-15T13:53:28","modified_gmt":"2019-10-15T16:53:28","slug":"novas-regras-para-guarda-e-conservacao-de-comprovantes-e-livros-contabeis-e-fiscais","status":"publish","type":"post","link":"http:\/\/cfcontabil.com\/cf\/novas-regras-para-guarda-e-conservacao-de-comprovantes-e-livros-contabeis-e-fiscais\/","title":{"rendered":"Novas regras para guarda e conserva\u00e7\u00e3o de comprovantes e livros cont\u00e1beis e fiscais"},"content":{"rendered":"\t\t<div data-elementor-type=\"wp-post\" data-elementor-id=\"1752\" class=\"elementor elementor-1752\" data-elementor-post-type=\"post\">\n\t\t\t\t\t\t<section class=\"elementor-section elementor-top-section elementor-element elementor-element-c699a51 elementor-section-boxed elementor-section-height-default elementor-section-height-default\" data-id=\"c699a51\" data-element_type=\"section\" data-e-type=\"section\">\n\t\t\t\t\t\t<div class=\"elementor-container elementor-column-gap-default\">\n\t\t\t\t\t<div class=\"elementor-column elementor-col-100 elementor-top-column elementor-element elementor-element-133ef9f\" data-id=\"133ef9f\" data-element_type=\"column\" data-e-type=\"column\">\n\t\t\t<div class=\"elementor-widget-wrap elementor-element-populated\">\n\t\t\t\t\t\t<div class=\"elementor-element elementor-element-bed247c elementor-widget elementor-widget-image\" data-id=\"bed247c\" data-element_type=\"widget\" data-e-type=\"widget\" data-widget_type=\"image.default\">\n\t\t\t\t<div class=\"elementor-widget-container\">\n\t\t\t\t\t\t\t\t\t\t\t\t\t\t\t<img fetchpriority=\"high\" decoding=\"async\" data-attachment-id=\"1753\" data-permalink=\"http:\/\/cfcontabil.com\/cf\/novas-regras-para-guarda-e-conservacao-de-comprovantes-e-livros-contabeis-e-fiscais\/pastas\/\" data-orig-file=\"https:\/\/i0.wp.com\/cfcontabil.com\/cf\/wp-content\/uploads\/2019\/10\/pastas.jpg?fit=678%2C452\" data-orig-size=\"678,452\" data-comments-opened=\"1\" data-image-meta=\"{&quot;aperture&quot;:&quot;0&quot;,&quot;credit&quot;:&quot;&quot;,&quot;camera&quot;:&quot;&quot;,&quot;caption&quot;:&quot;&quot;,&quot;created_timestamp&quot;:&quot;0&quot;,&quot;copyright&quot;:&quot;&quot;,&quot;focal_length&quot;:&quot;0&quot;,&quot;iso&quot;:&quot;0&quot;,&quot;shutter_speed&quot;:&quot;0&quot;,&quot;title&quot;:&quot;&quot;,&quot;orientation&quot;:&quot;0&quot;}\" data-image-title=\"pastas\" data-image-description=\"\" data-image-caption=\"\" data-large-file=\"https:\/\/i0.wp.com\/cfcontabil.com\/cf\/wp-content\/uploads\/2019\/10\/pastas.jpg?fit=678%2C452\" width=\"678\" height=\"452\" src=\"https:\/\/i0.wp.com\/cfcontabil.com\/cf\/wp-content\/uploads\/2019\/10\/pastas.jpg?fit=678%2C452\" class=\"attachment-large size-large wp-image-1753\" alt=\"\" srcset=\"https:\/\/i0.wp.com\/cfcontabil.com\/cf\/wp-content\/uploads\/2019\/10\/pastas.jpg?w=678 678w, https:\/\/i0.wp.com\/cfcontabil.com\/cf\/wp-content\/uploads\/2019\/10\/pastas.jpg?resize=300%2C200 300w, https:\/\/i0.wp.com\/cfcontabil.com\/cf\/wp-content\/uploads\/2019\/10\/pastas.jpg?resize=272%2C182 272w, https:\/\/i0.wp.com\/cfcontabil.com\/cf\/wp-content\/uploads\/2019\/10\/pastas.jpg?resize=370%2C247 370w\" sizes=\"(max-width: 678px) 100vw, 678px\" data-attachment-id=\"1753\" data-permalink=\"http:\/\/cfcontabil.com\/cf\/novas-regras-para-guarda-e-conservacao-de-comprovantes-e-livros-contabeis-e-fiscais\/pastas\/\" data-orig-file=\"https:\/\/i0.wp.com\/cfcontabil.com\/cf\/wp-content\/uploads\/2019\/10\/pastas.jpg?fit=678%2C452\" data-orig-size=\"678,452\" data-comments-opened=\"1\" data-image-meta=\"{&quot;aperture&quot;:&quot;0&quot;,&quot;credit&quot;:&quot;&quot;,&quot;camera&quot;:&quot;&quot;,&quot;caption&quot;:&quot;&quot;,&quot;created_timestamp&quot;:&quot;0&quot;,&quot;copyright&quot;:&quot;&quot;,&quot;focal_length&quot;:&quot;0&quot;,&quot;iso&quot;:&quot;0&quot;,&quot;shutter_speed&quot;:&quot;0&quot;,&quot;title&quot;:&quot;&quot;,&quot;orientation&quot;:&quot;0&quot;}\" data-image-title=\"pastas\" data-image-description=\"\" data-image-caption=\"\" data-large-file=\"https:\/\/i0.wp.com\/cfcontabil.com\/cf\/wp-content\/uploads\/2019\/10\/pastas.jpg?fit=678%2C452\" \/>\t\t\t\t\t\t\t\t\t\t\t\t\t\t\t<\/div>\n\t\t\t\t<\/div>\n\t\t\t\t\t<\/div>\n\t\t<\/div>\n\t\t\t\t\t<\/div>\n\t\t<\/section>\n\t\t\t\t<section class=\"elementor-section elementor-top-section elementor-element elementor-element-4348a2c elementor-section-boxed elementor-section-height-default elementor-section-height-default\" data-id=\"4348a2c\" data-element_type=\"section\" data-e-type=\"section\">\n\t\t\t\t\t\t<div class=\"elementor-container elementor-column-gap-default\">\n\t\t\t\t\t<div class=\"elementor-column elementor-col-100 elementor-top-column elementor-element elementor-element-e3a4206\" data-id=\"e3a4206\" data-element_type=\"column\" data-e-type=\"column\">\n\t\t\t<div class=\"elementor-widget-wrap elementor-element-populated\">\n\t\t\t\t\t\t<section class=\"elementor-section elementor-inner-section elementor-element elementor-element-9caf547 elementor-section-boxed elementor-section-height-default elementor-section-height-default\" data-id=\"9caf547\" data-element_type=\"section\" data-e-type=\"section\">\n\t\t\t\t\t\t<div class=\"elementor-container elementor-column-gap-default\">\n\t\t\t\t\t<div class=\"elementor-column elementor-col-50 elementor-inner-column elementor-element elementor-element-efbb586\" data-id=\"efbb586\" data-element_type=\"column\" data-e-type=\"column\">\n\t\t\t<div class=\"elementor-widget-wrap elementor-element-populated\">\n\t\t\t\t\t\t<div class=\"elementor-element elementor-element-7f682ca elementor-widget elementor-widget-text-editor\" data-id=\"7f682ca\" data-element_type=\"widget\" data-e-type=\"widget\" data-widget_type=\"text-editor.default\">\n\t\t\t\t<div class=\"elementor-widget-container\">\n\t\t\t\t\t\t\t\t\t<p>Em 11 de outubro de 2019, a Receita Federal do Brasil publicou o Ato Declarat\u00f3rio Interpretativo (ADI) n\u00ba\u00a04,\u00a0que veicula uma nova interpreta\u00e7\u00e3o para o preceito do \u00a7 \u00fanico do art. 195 do C\u00f3digo Tribut\u00e1rio Nacional \u2013 CTN, que disp\u00f5e sobre a guarda e conserva\u00e7\u00e3o de livros e documentos fiscais.\u00a0<\/p><p>De acordo com o texto original do CTN: \u201cos livros obrigat\u00f3rios de escritura\u00e7\u00e3o comercial e fiscal e os comprovantes dos lan\u00e7amentos neles efetuados ser\u00e3o conservados at\u00e9 que ocorra a prescri\u00e7\u00e3o dos cr\u00e9ditos tribut\u00e1rios decorrentes das opera\u00e7\u00f5es a que se refiram\u201d.\u00a0<\/p><p>Embora a norma tenha a finalidade de interpretar o CTN \u2013 que \u00e9 uma lei nacional, por for\u00e7a do art. 146 da Constitui\u00e7\u00e3o Federal \u2013 as novas disposi\u00e7\u00f5es se aplicam exclusivamente aos tributos federais administrados pela RFB.<\/p>\t\t\t\t\t\t\t\t<\/div>\n\t\t\t\t<\/div>\n\t\t\t\t\t<\/div>\n\t\t<\/div>\n\t\t\t\t<div class=\"elementor-column elementor-col-50 elementor-inner-column elementor-element elementor-element-c7dab36\" data-id=\"c7dab36\" data-element_type=\"column\" data-e-type=\"column\">\n\t\t\t<div class=\"elementor-widget-wrap elementor-element-populated\">\n\t\t\t\t\t\t<div class=\"elementor-element elementor-element-2751b33 elementor-widget elementor-widget-text-editor\" data-id=\"2751b33\" data-element_type=\"widget\" data-e-type=\"widget\" data-widget_type=\"text-editor.default\">\n\t\t\t\t<div class=\"elementor-widget-container\">\n\t\t\t\t\t\t\t\t\t<p>O art. 1\u00ba do citado ADI afirma que: os livros obrigat\u00f3rios de escritura\u00e7\u00e3o comercial e fiscal e os comprovantes de lan\u00e7amentos neles efetuados podem ser armazenados em meio eletr\u00f4nico, \u00f3ptico ou equivalente. O documento digital e sua reprodu\u00e7\u00e3o ter\u00e3o o mesmo valor probat\u00f3rio do documento original para fins de prova perante a autoridade administrativa em procedimentos de fiscaliza\u00e7\u00e3o, observados os crit\u00e9rios de integridade e autenticidade estabelecidos pelo art. 2\u00ba-A da Lei n\u00ba 12.682\/12, e pelo art. 1\u00ba da Medida Provis\u00f3ria n\u00ba 2.200-2\/01. A nova norma \u00e9 clara ao dispor que: (a) os documentos originais poder\u00e3o ser destru\u00eddos depois de digitalizados, ressalvados os documentos de valor hist\u00f3rico, cuja preserva\u00e7\u00e3o \u00e9 sujeita a legisla\u00e7\u00e3o espec\u00edfica; e, (b) os documentos armazenados em meio eletr\u00f4nico, \u00f3ptico ou equivalente poder\u00e3o ser eliminados depois de transcorrido o prazo de prescri\u00e7\u00e3o dos cr\u00e9ditos tribut\u00e1rios decorrentes das opera\u00e7\u00f5es a que eles se referem.<\/p>\t\t\t\t\t\t\t\t<\/div>\n\t\t\t\t<\/div>\n\t\t\t\t\t<\/div>\n\t\t<\/div>\n\t\t\t\t\t<\/div>\n\t\t<\/section>\n\t\t\t\t\t<\/div>\n\t\t<\/div>\n\t\t\t\t\t<\/div>\n\t\t<\/section>\n\t\t\t\t<\/div>\n\t\t","protected":false},"excerpt":{"rendered":"<p>Em 11 de outubro de 2019, a Receita Federal do Brasil publicou o Ato Declarat\u00f3rio Interpretativo (ADI) n\u00ba&nbsp;4,&nbsp;que veicula uma nova interpreta\u00e7\u00e3o para o preceito do \u00a7 \u00fanico do art. 195 do C\u00f3digo Tribut\u00e1rio Nacional \u2013 CTN, que disp\u00f5e sobre a guarda e conserva\u00e7\u00e3o de livros e documentos fiscais.&nbsp; De acordo com o texto original [&hellip;]<\/p>\n","protected":false},"author":1,"featured_media":1753,"comment_status":"open","ping_status":"open","sticky":false,"template":"","format":"standard","meta":{"jetpack_post_was_ever_published":false,"_jetpack_newsletter_access":"","_jetpack_dont_email_post_to_subs":false,"_jetpack_newsletter_tier_id":0,"_jetpack_memberships_contains_paywalled_content":false,"_jetpack_memberships_contains_paid_content":false,"footnotes":"","jetpack_publicize_message":"","jetpack_publicize_feature_enabled":true,"jetpack_social_post_already_shared":false,"jetpack_social_options":{"image_generator_settings":{"template":"highway","default_image_id":0,"font":"","enabled":false},"version":2}},"categories":[46,1],"tags":[],"class_list":["post-1752","post","type-post","status-publish","format-standard","has-post-thumbnail","hentry","category-df","category-uncategorized"],"jetpack_publicize_connections":[],"jetpack_featured_media_url":"https:\/\/i0.wp.com\/cfcontabil.com\/cf\/wp-content\/uploads\/2019\/10\/pastas.jpg?fit=678%2C452","jetpack_sharing_enabled":true,"jetpack_shortlink":"https:\/\/wp.me\/p2wklX-sg","jetpack-related-posts":[{"id":1878,"url":"http:\/\/cfcontabil.com\/cf\/empresario-vitima-do-fisco\/","url_meta":{"origin":1752,"position":0},"title":"Empres\u00e1rio vitima do fisco","author":"Ab\u00edlio Gon\u00e7alves","date":"13 de novembro de 2019","format":false,"excerpt":"As leis aplicadas no resultado de uma fiscaliza\u00e7\u00e3o pelo fisco penaliza o empres\u00e1rio As leis aplicadas no resultado de uma fiscaliza\u00e7\u00e3o pelo fisco penaliza o empres\u00e1rio pelo crime contra a ordem tribut\u00e1ria, n\u00e3o est\u00e3o vinculadas as normas que disciplinam a escritura\u00e7\u00e3o fiscal e cont\u00e1bil. As autoridades envolvidas n\u00e3o podem aceitar\u2026","rel":"","context":"Em &quot;Consultoria Empresarial&quot;","block_context":{"text":"Consultoria Empresarial","link":"http:\/\/cfcontabil.com\/cf\/category\/consultoria\/"},"img":{"alt_text":"","src":"https:\/\/i0.wp.com\/cfcontabil.com\/cf\/wp-content\/uploads\/2019\/11\/dinheiro-nota-real.jpg?fit=678%2C452&resize=350%2C200","width":350,"height":200,"srcset":"https:\/\/i0.wp.com\/cfcontabil.com\/cf\/wp-content\/uploads\/2019\/11\/dinheiro-nota-real.jpg?fit=678%2C452&resize=350%2C200 1x, https:\/\/i0.wp.com\/cfcontabil.com\/cf\/wp-content\/uploads\/2019\/11\/dinheiro-nota-real.jpg?fit=678%2C452&resize=525%2C300 1.5x"},"classes":[]},{"id":1892,"url":"http:\/\/cfcontabil.com\/cf\/mp-do-contribuinte-legal-negociacao-de-dividas-junto-a-uniao\/","url_meta":{"origin":1752,"position":1},"title":"MP do Contribuinte Legal: negocia\u00e7\u00e3o de d\u00edvidas junto \u00e0 Uni\u00e3o","author":"Ab\u00edlio Gon\u00e7alves","date":"13 de novembro de 2019","format":false,"excerpt":"1\u00ba edital com os crit\u00e9rios de elegibilidade para ades\u00e3o a proposta de transa\u00e7\u00e3o tribut\u00e1ria junto \u00e0 PGFN dever\u00e1 ser publicado at\u00e9 o m\u00eas de dezembro Assinada no dia 16 de outubro, a Medida Provis\u00f3ria do Contribuinte Legal (MP n\u00ba 899\/2019) estabeleceu requisitos e condi\u00e7\u00f5es para a regulariza\u00e7\u00e3o e a resolu\u00e7\u00e3o\u2026","rel":"","context":"Em &quot;Departamento Fiscal&quot;","block_context":{"text":"Departamento Fiscal","link":"http:\/\/cfcontabil.com\/cf\/category\/df\/"},"img":{"alt_text":"","src":"https:\/\/i0.wp.com\/cfcontabil.com\/cf\/wp-content\/uploads\/2019\/11\/mp-contribuinte-legal.jpg?fit=678%2C452&resize=350%2C200","width":350,"height":200,"srcset":"https:\/\/i0.wp.com\/cfcontabil.com\/cf\/wp-content\/uploads\/2019\/11\/mp-contribuinte-legal.jpg?fit=678%2C452&resize=350%2C200 1x, https:\/\/i0.wp.com\/cfcontabil.com\/cf\/wp-content\/uploads\/2019\/11\/mp-contribuinte-legal.jpg?fit=678%2C452&resize=525%2C300 1.5x"},"classes":[]},{"id":726,"url":"http:\/\/cfcontabil.com\/cf\/a-responsabilidade-criminal-do-contador-no-crime-de-sonegacao-fiscal\/","url_meta":{"origin":1752,"position":2},"title":"A Responsabilidade Criminal do Contador no crime de Sonega\u00e7\u00e3o Fiscal","author":"Ab\u00edlio Gon\u00e7alves","date":"3 de abril de 2016","format":false,"excerpt":"O delito \u00e9 apenado com multa e reclus\u00e3o, de 2 (dois) a 5 (cinco) anos. \u00c9 importante tanto o empres\u00e1rio ou o pr\u00f3prio Contador conhecer seus limites e responsabilidades. Veja neste artigo O ordenamento jur\u00eddico prev\u00ea diversos crimes tribut\u00e1rios e, dentre eles, o delito de sonega\u00e7\u00e3o fiscal, consoante o art.\u2026","rel":"","context":"Em &quot;Contabilidade em geral&quot;","block_context":{"text":"Contabilidade em geral","link":"http:\/\/cfcontabil.com\/cf\/category\/contabilidade-2\/"},"img":{"alt_text":"","src":"https:\/\/i0.wp.com\/cfcontabil.com\/cf\/wp-content\/uploads\/2016\/04\/criminal2-1.jpg?fit=880%2C380&resize=350%2C200","width":350,"height":200,"srcset":"https:\/\/i0.wp.com\/cfcontabil.com\/cf\/wp-content\/uploads\/2016\/04\/criminal2-1.jpg?fit=880%2C380&resize=350%2C200 1x, https:\/\/i0.wp.com\/cfcontabil.com\/cf\/wp-content\/uploads\/2016\/04\/criminal2-1.jpg?fit=880%2C380&resize=525%2C300 1.5x, https:\/\/i0.wp.com\/cfcontabil.com\/cf\/wp-content\/uploads\/2016\/04\/criminal2-1.jpg?fit=880%2C380&resize=700%2C400 2x"},"classes":[]},{"id":2853,"url":"http:\/\/cfcontabil.com\/cf\/dirf-dasn-ecf-ecd-as-principais-declaracoes-anuais-para-empresas\/","url_meta":{"origin":1752,"position":3},"title":"DIRF, DASN, ECF, ECD: as principais declara\u00e7\u00f5es anuais para empresas","author":"Ab\u00edlio Gon\u00e7alves","date":"23 de fevereiro de 2023","format":false,"excerpt":"As empresas s\u00e3o obrigadas a fornecer v\u00e1rias declara\u00e7\u00f5es anuais ao governo para cumprir suas obriga\u00e7\u00f5es fiscais e cont\u00e1beis.","rel":"","context":"Em &quot;Geral&quot;","block_context":{"text":"Geral","link":"http:\/\/cfcontabil.com\/cf\/category\/geral\/"},"img":{"alt_text":"Free business woman with laptop","src":"https:\/\/i0.wp.com\/cfcontabil.com\/cf\/wp-content\/uploads\/2023\/02\/czNmcy1wcml2YXRlL3Jhd3BpeGVsX2ltYWdlcy93ZWJzaXRlX2NvbnRlbnQvbHIvbnMxODExLWltYWdlLWt3dnljbzN4LmpwZw.jpg?fit=1200%2C900&resize=350%2C200","width":350,"height":200,"srcset":"https:\/\/i0.wp.com\/cfcontabil.com\/cf\/wp-content\/uploads\/2023\/02\/czNmcy1wcml2YXRlL3Jhd3BpeGVsX2ltYWdlcy93ZWJzaXRlX2NvbnRlbnQvbHIvbnMxODExLWltYWdlLWt3dnljbzN4LmpwZw.jpg?fit=1200%2C900&resize=350%2C200 1x, https:\/\/i0.wp.com\/cfcontabil.com\/cf\/wp-content\/uploads\/2023\/02\/czNmcy1wcml2YXRlL3Jhd3BpeGVsX2ltYWdlcy93ZWJzaXRlX2NvbnRlbnQvbHIvbnMxODExLWltYWdlLWt3dnljbzN4LmpwZw.jpg?fit=1200%2C900&resize=525%2C300 1.5x, https:\/\/i0.wp.com\/cfcontabil.com\/cf\/wp-content\/uploads\/2023\/02\/czNmcy1wcml2YXRlL3Jhd3BpeGVsX2ltYWdlcy93ZWJzaXRlX2NvbnRlbnQvbHIvbnMxODExLWltYWdlLWt3dnljbzN4LmpwZw.jpg?fit=1200%2C900&resize=700%2C400 2x, https:\/\/i0.wp.com\/cfcontabil.com\/cf\/wp-content\/uploads\/2023\/02\/czNmcy1wcml2YXRlL3Jhd3BpeGVsX2ltYWdlcy93ZWJzaXRlX2NvbnRlbnQvbHIvbnMxODExLWltYWdlLWt3dnljbzN4LmpwZw.jpg?fit=1200%2C900&resize=1050%2C600 3x"},"classes":[]},{"id":2192,"url":"http:\/\/cfcontabil.com\/cf\/mp-do-contribuinte-legal-e-aprovada\/","url_meta":{"origin":1752,"position":4},"title":"MP do Contribuinte Legal \u00e9 aprovada","author":"Ab\u00edlio Gon\u00e7alves","date":"25 de mar\u00e7o de 2020","format":false,"excerpt":"Medida Provis\u00f3ria do Contribuinte Legal permite a regulariza\u00e7\u00e3o de d\u00edvidas com a Uni\u00e3o Entenda o que muda. Com vota\u00e7\u00e3o remota, o Plen\u00e1rio do Senado aprovou nesta ter\u00e7a-feira (24) a MP 899\/2019, mais conhecida como MP do Contribuinte Legal. Essa medida regulamenta a negocia\u00e7\u00e3o de d\u00edvidas tribut\u00e1ria com a Uni\u00e3o. Foram\u2026","rel":"","context":"Em &quot;Departamento Fiscal&quot;","block_context":{"text":"Departamento Fiscal","link":"http:\/\/cfcontabil.com\/cf\/category\/df\/"},"img":{"alt_text":"","src":"https:\/\/i0.wp.com\/cfcontabil.com\/cf\/wp-content\/uploads\/2020\/03\/dinheiro-caneta.jpg?fit=600%2C310&resize=350%2C200","width":350,"height":200,"srcset":"https:\/\/i0.wp.com\/cfcontabil.com\/cf\/wp-content\/uploads\/2020\/03\/dinheiro-caneta.jpg?fit=600%2C310&resize=350%2C200 1x, https:\/\/i0.wp.com\/cfcontabil.com\/cf\/wp-content\/uploads\/2020\/03\/dinheiro-caneta.jpg?fit=600%2C310&resize=525%2C300 1.5x"},"classes":[]},{"id":119,"url":"http:\/\/cfcontabil.com\/cf\/tecnologia-na-governanca-triburaria\/","url_meta":{"origin":1752,"position":5},"title":"Tecnologia na Governan\u00e7a Tribur\u00e1ria","author":"Vin\u00edcius Moizinho","date":"22 de agosto de 2012","format":false,"excerpt":"Bom dia, prezados! Hoje trago a voc\u00eas um excelente artigo produzido por\u00a0Luciano Silva, atual diretor executivo da SPL Fiscal, empresa especializada na presta\u00e7\u00e3o de servi\u00e7os de terceiriza\u00e7\u00e3o de processos fiscais. Nele o autor aborta a import\u00e2ncia do controle tribut\u00e1rio para as empresas brasileiras, destacando como contribuintes podem se beneficiar com\u2026","rel":"","context":"Em &quot;Geral&quot;","block_context":{"text":"Geral","link":"http:\/\/cfcontabil.com\/cf\/category\/geral\/"},"img":{"alt_text":"","src":"https:\/\/i0.wp.com\/thumbs.dreamstime.com\/thumblarge_545\/12865050587MYJsS.jpg?resize=350%2C200","width":350,"height":200},"classes":[]}],"jetpack_likes_enabled":true,"_links":{"self":[{"href":"http:\/\/cfcontabil.com\/cf\/wp-json\/wp\/v2\/posts\/1752","targetHints":{"allow":["GET"]}}],"collection":[{"href":"http:\/\/cfcontabil.com\/cf\/wp-json\/wp\/v2\/posts"}],"about":[{"href":"http:\/\/cfcontabil.com\/cf\/wp-json\/wp\/v2\/types\/post"}],"author":[{"embeddable":true,"href":"http:\/\/cfcontabil.com\/cf\/wp-json\/wp\/v2\/users\/1"}],"replies":[{"embeddable":true,"href":"http:\/\/cfcontabil.com\/cf\/wp-json\/wp\/v2\/comments?post=1752"}],"version-history":[{"count":4,"href":"http:\/\/cfcontabil.com\/cf\/wp-json\/wp\/v2\/posts\/1752\/revisions"}],"predecessor-version":[{"id":1757,"href":"http:\/\/cfcontabil.com\/cf\/wp-json\/wp\/v2\/posts\/1752\/revisions\/1757"}],"wp:featuredmedia":[{"embeddable":true,"href":"http:\/\/cfcontabil.com\/cf\/wp-json\/wp\/v2\/media\/1753"}],"wp:attachment":[{"href":"http:\/\/cfcontabil.com\/cf\/wp-json\/wp\/v2\/media?parent=1752"}],"wp:term":[{"taxonomy":"category","embeddable":true,"href":"http:\/\/cfcontabil.com\/cf\/wp-json\/wp\/v2\/categories?post=1752"},{"taxonomy":"post_tag","embeddable":true,"href":"http:\/\/cfcontabil.com\/cf\/wp-json\/wp\/v2\/tags?post=1752"}],"curies":[{"name":"wp","href":"https:\/\/api.w.org\/{rel}","templated":true}]}}