{"id":1758,"date":"2019-10-15T14:15:04","date_gmt":"2019-10-15T17:15:04","guid":{"rendered":"http:\/\/cfcontabil.com\/cf\/?p=1758"},"modified":"2019-10-15T14:55:10","modified_gmt":"2019-10-15T17:55:10","slug":"publicada-portaria-que-substitui-o-caged-e-rais-pelo-esocial","status":"publish","type":"post","link":"http:\/\/cfcontabil.com\/cf\/publicada-portaria-que-substitui-o-caged-e-rais-pelo-esocial\/","title":{"rendered":"Publicada portaria que substitui o CAGED e RAIS pelo eSocial"},"content":{"rendered":"\t\t<div data-elementor-type=\"wp-post\" data-elementor-id=\"1758\" class=\"elementor elementor-1758\" data-elementor-post-type=\"post\">\n\t\t\t\t\t\t<section class=\"elementor-section elementor-top-section elementor-element elementor-element-77a56d74 elementor-section-height-full elementor-section-full_width elementor-section-height-default elementor-section-items-middle\" data-id=\"77a56d74\" data-element_type=\"section\" data-e-type=\"section\" data-settings=\"{&quot;background_background&quot;:&quot;classic&quot;}\">\n\t\t\t\t\t\t<div class=\"elementor-container elementor-column-gap-default\">\n\t\t\t\t\t<div class=\"elementor-column elementor-col-100 elementor-top-column elementor-element elementor-element-2cfa5b0\" data-id=\"2cfa5b0\" data-element_type=\"column\" data-e-type=\"column\">\n\t\t\t<div class=\"elementor-widget-wrap elementor-element-populated\">\n\t\t\t\t\t\t<div class=\"elementor-element elementor-element-579e732b elementor-widget__width-inherit elementor-widget elementor-widget-image\" data-id=\"579e732b\" data-element_type=\"widget\" data-e-type=\"widget\" data-widget_type=\"image.default\">\n\t\t\t\t<div class=\"elementor-widget-container\">\n\t\t\t\t\t\t\t\t\t\t\t\t\t\t\t<img fetchpriority=\"high\" decoding=\"async\" data-attachment-id=\"1508\" data-permalink=\"http:\/\/cfcontabil.com\/cf\/esocial-462x234\/\" data-orig-file=\"https:\/\/i0.wp.com\/cfcontabil.com\/cf\/wp-content\/uploads\/2017\/06\/esocial-462x234-1.png?fit=462%2C234\" data-orig-size=\"462,234\" data-comments-opened=\"1\" data-image-meta=\"{&quot;aperture&quot;:&quot;0&quot;,&quot;credit&quot;:&quot;&quot;,&quot;camera&quot;:&quot;&quot;,&quot;caption&quot;:&quot;&quot;,&quot;created_timestamp&quot;:&quot;0&quot;,&quot;copyright&quot;:&quot;&quot;,&quot;focal_length&quot;:&quot;0&quot;,&quot;iso&quot;:&quot;0&quot;,&quot;shutter_speed&quot;:&quot;0&quot;,&quot;title&quot;:&quot;&quot;,&quot;orientation&quot;:&quot;0&quot;}\" data-image-title=\"esocial-462&amp;#215;234\" data-image-description=\"\" data-image-caption=\"\" data-large-file=\"https:\/\/i0.wp.com\/cfcontabil.com\/cf\/wp-content\/uploads\/2017\/06\/esocial-462x234-1.png?fit=462%2C234\" width=\"462\" height=\"234\" src=\"https:\/\/i0.wp.com\/cfcontabil.com\/cf\/wp-content\/uploads\/2017\/06\/esocial-462x234-1.png?fit=462%2C234&amp;ssl=1\" class=\"attachment-full size-full wp-image-1508\" alt=\"\" srcset=\"https:\/\/i0.wp.com\/cfcontabil.com\/cf\/wp-content\/uploads\/2017\/06\/esocial-462x234-1.png?w=462&amp;ssl=1 462w, https:\/\/i0.wp.com\/cfcontabil.com\/cf\/wp-content\/uploads\/2017\/06\/esocial-462x234-1.png?resize=300%2C152&amp;ssl=1 300w, https:\/\/i0.wp.com\/cfcontabil.com\/cf\/wp-content\/uploads\/2017\/06\/esocial-462x234-1.png?resize=370%2C187&amp;ssl=1 370w\" sizes=\"(max-width: 462px) 100vw, 462px\" data-attachment-id=\"1508\" data-permalink=\"https:\/\/cfcontabil.com\/cf\/esocial-462x234\/\" data-orig-file=\"https:\/\/i0.wp.com\/cfcontabil.com\/cf\/wp-content\/uploads\/2017\/06\/esocial-462x234-1.png?fit=462%2C234&amp;ssl=1\" data-orig-size=\"462,234\" data-comments-opened=\"1\" data-image-meta=\"{&quot;aperture&quot;:&quot;0&quot;,&quot;credit&quot;:&quot;&quot;,&quot;camera&quot;:&quot;&quot;,&quot;caption&quot;:&quot;&quot;,&quot;created_timestamp&quot;:&quot;0&quot;,&quot;copyright&quot;:&quot;&quot;,&quot;focal_length&quot;:&quot;0&quot;,&quot;iso&quot;:&quot;0&quot;,&quot;shutter_speed&quot;:&quot;0&quot;,&quot;title&quot;:&quot;&quot;,&quot;orientation&quot;:&quot;0&quot;}\" data-image-title=\"esocial-462&amp;#215;234\" data-image-description=\"\" data-image-caption=\"\" data-large-file=\"https:\/\/i0.wp.com\/cfcontabil.com\/cf\/wp-content\/uploads\/2017\/06\/esocial-462x234-1.png?fit=462%2C234&amp;ssl=1\" \/>\t\t\t\t\t\t\t\t\t\t\t\t\t\t\t<\/div>\n\t\t\t\t<\/div>\n\t\t\t\t<div class=\"elementor-element elementor-element-166b965a elementor-widget__width-inherit elementor-widget elementor-widget-heading\" data-id=\"166b965a\" data-element_type=\"widget\" data-e-type=\"widget\" data-widget_type=\"heading.default\">\n\t\t\t\t<div class=\"elementor-widget-container\">\n\t\t\t\t\t<span class=\"elementor-heading-title elementor-size-default\">A partir da compet\u00eancia de janeiro 2020<\/span>\t\t\t\t<\/div>\n\t\t\t\t<\/div>\n\t\t\t\t<div class=\"elementor-element elementor-element-21b65b87 elementor-widget elementor-widget-text-editor\" data-id=\"21b65b87\" data-element_type=\"widget\" data-e-type=\"widget\" data-widget_type=\"text-editor.default\">\n\t\t\t\t<div class=\"elementor-widget-container\">\n\t\t\t\t\t\t\t\t\t<p style=\"text-align: justify;\">As empresas ou pessoas f\u00edsicas equiparadas a empresas passam a ser obrigadas a substituir as declara\u00e7\u00f5es de CAGED mensal (Cadastro Geral de Empregados e Desempregados) e RAIS (Rela\u00e7\u00e3o Anual de Informa\u00e7\u00f5es Sociais) a partir do ano base 2019, onde eram realizadas a comunica\u00e7\u00e3o de admiss\u00f5es e dispensas dos trabalhadores.<\/p><p style=\"text-align: justify;\">Para orienta\u00e7\u00e3o do cumprimento das obriga\u00e7\u00f5es, ser\u00e1 publicado Manual de Orienta\u00e7\u00e3o do ano-base, no m\u00eas de janeiro de cada ano, no portal www.rais.gov.br.<\/p><p style=\"text-align: justify;\">E as condi\u00e7\u00f5es em que as obriga\u00e7\u00f5es de presta\u00e7\u00e3o de informa\u00e7\u00f5es pelo empregador devem estar de acordo com a PORTARIA N\u00ba 1.127, DE 14 DE OUTUBRO DE 2019:<\/p>\t\t\t\t\t\t\t\t<\/div>\n\t\t\t\t<\/div>\n\t\t\t\t\t<\/div>\n\t\t<\/div>\n\t\t\t\t\t<\/div>\n\t\t<\/section>\n\t\t\t\t<section class=\"elementor-section elementor-top-section elementor-element elementor-element-41e1837 elementor-section-boxed elementor-section-height-default elementor-section-height-default elementor-invisible\" data-id=\"41e1837\" data-element_type=\"section\" data-e-type=\"section\" data-settings=\"{&quot;background_background&quot;:&quot;gradient&quot;,&quot;animation&quot;:&quot;fadeInUp&quot;}\">\n\t\t\t\t\t\t<div class=\"elementor-container elementor-column-gap-default\">\n\t\t\t\t\t<div class=\"elementor-column elementor-col-100 elementor-top-column elementor-element elementor-element-d0b555c\" data-id=\"d0b555c\" data-element_type=\"column\" data-e-type=\"column\">\n\t\t\t<div class=\"elementor-widget-wrap elementor-element-populated\">\n\t\t\t\t\t\t<div class=\"elementor-element elementor-element-6e527ec elementor-widget elementor-widget-text-editor\" data-id=\"6e527ec\" data-element_type=\"widget\" data-e-type=\"widget\" data-widget_type=\"text-editor.default\">\n\t\t\t\t<div class=\"elementor-widget-container\">\n\t\t\t\t\t\t\t\t\t<p>\u00a0<\/p><div class=\"cabecalho-dou text-center\" style=\"color: #222222; font-family: Raleway, sans-serif; font-size: 16px; font-style: normal; font-weight: 400; background-color: #ffffff; text-align: center !important;\"><h2 class=\"cabecalho-titulo-dou\" style=\"margin-top: 12px; margin-bottom: 0px; font-family: 'Times New Roman', Times, serif; font-weight: 900; line-height: 1.2; color: inherit; font-size: 2em; text-transform: uppercase;\">DI\u00c1RIO OFICIAL DA UNI\u00c3O<\/h2><\/div><div class=\"detalhes-dou\" style=\"color: #222222; font-family: Raleway, sans-serif; font-size: 16px; font-style: normal; font-weight: 400; background-color: #ffffff;\"><p class=\"text-center\" style=\"margin: 2px auto 3px; font-size: 1.125rem; font-weight: 500; line-height: 1.2; text-align: center !important;\"><span class=\"publicado-dou\" style=\"font-size: 0.8em; color: #666666;\">Publicado em:\u00a0<\/span><span class=\"publicado-dou-data\" style=\"font-size: 0.8em; color: #666666;\">15\/10\/2019<\/span>\u00a0<span class=\"pipe\" style=\"font-size: 0.8em; color: #666666;\">|\u00a0<\/span><span class=\"edicao-dou\" style=\"font-size: 0.8em; color: #666666;\">Edi\u00e7\u00e3o:\u00a0<\/span><span class=\"edicao-dou-data\" style=\"font-size: 0.8em; color: #666666;\">200<\/span>\u00a0<span class=\"pipe\" style=\"font-size: 0.8em; color: #666666;\">|\u00a0<\/span><span class=\"secao-dou\" style=\"font-size: 0.8em; color: #666666;\">Se\u00e7\u00e3o: 1<\/span>\u00a0<span class=\"pipe\" style=\"font-size: 0.8em; color: #666666;\">|\u00a0<\/span><span class=\"secao-dou\" style=\"font-size: 0.8em; color: #666666;\">P\u00e1gina:\u00a0<\/span><span class=\"secao-dou-data\" style=\"font-size: 0.8em; color: #666666;\">26<\/span><\/p><p class=\"text-center\" style=\"margin: 2px auto 3px; font-size: 1.125rem; font-weight: 500; line-height: 1.2; text-align: center !important;\"><span class=\"orgao-dou\" style=\"font-size: 0.8em; line-height: 1em; font-weight: bold; color: #666666;\">\u00d3rg\u00e3o:\u00a0<\/span><span class=\"orgao-dou-data\" style=\"font-size: 0.8em; line-height: 1em; font-weight: bold; color: #666666;\">Minist\u00e9rio da Economia\/Secretaria Especial de Previd\u00eancia e Trabalho<\/span><\/p><\/div><div class=\"texto-dou\" style=\"margin-bottom: 20px; text-align: justify; color: #162937; font-family: Raleway, sans-serif; font-size: 16px; font-style: normal; font-weight: 400; background-color: #ffffff;\"><p class=\"dou-paragraph\" style=\"margin-top: 0px; margin-bottom: 10px; font-size: 1.125rem; font-weight: 500; line-height: 1.5; text-indent: 5em;\">\u00a0<\/p><p class=\"identifica\" style=\"margin-top: 30px; margin-bottom: 30px; font-size: 1.2em; font-weight: bold; text-align: center; text-transform: uppercase;\">PORTARIA N\u00ba 1.127, DE 14 DE OUTUBRO DE 2019<\/p><p class=\"ementa\" style=\"margin-top: 0px; margin-bottom: 30px; font-size: 1.125rem; font-weight: 500; margin-left: 360px;\">Define as datas e condi\u00e7\u00f5es em que as obriga\u00e7\u00f5es de presta\u00e7\u00e3o de informa\u00e7\u00f5es pelo empregador nos sistemas CAGED e RAIS ser\u00e3o substitu\u00eddas pelo Sistema de Escritura\u00e7\u00e3o Digital das Obriga\u00e7\u00f5es Fiscais, Previdenci\u00e1rias e Trabalhistas &#8211; eSocial. (Processo n\u00ba 19965.103323\/2019-01).<\/p><p class=\"dou-paragraph\" style=\"margin-top: 0px; margin-bottom: 10px; font-size: 1.125rem; font-weight: 500; line-height: 1.5; text-indent: 5em;\">O SECRET\u00c1RIO ESPECIAL DE PREVID\u00caNCIA E TRABALHO DO MINIST\u00c9RIO DA ECONOMIA, no uso da compet\u00eancia que lhe confere o inciso I do art. 71 do Anexo I do Decreto n\u00ba 9.745, de 8 de abril de 2019, e tendo em vista o disposto na Lei n\u00ba 4.923, de 23 de novembro de 1965, e no Decreto n\u00ba 76.900, de 23 de dezembro de 1975, resolve:<\/p><p class=\"dou-paragraph\" style=\"margin-top: 0px; margin-bottom: 10px; font-size: 1.125rem; font-weight: 500; line-height: 1.5; text-indent: 5em;\">Art. 1\u00ba A obriga\u00e7\u00e3o da comunica\u00e7\u00e3o de admiss\u00f5es e dispensas institu\u00edda pela Lei n\u00ba 4.923, de 23 de novembro de 1965, Cadastro Geral de Empregados e Desempregados &#8211; CAGED, passa a ser cumprida por meio do Sistema de Escritura\u00e7\u00e3o Digital das Obriga\u00e7\u00f5es Fiscais, Previdenci\u00e1rias e Trabalhistas &#8211; eSocial a partir da compet\u00eancia de janeiro 2020 para as empresas ou pessoas f\u00edsicas equiparadas a empresas, mediante o envio das seguintes informa\u00e7\u00f5es:<\/p><p class=\"dou-paragraph\" style=\"margin-top: 0px; margin-bottom: 10px; font-size: 1.125rem; font-weight: 500; line-height: 1.5; text-indent: 5em;\">I &#8211; data da admiss\u00e3o e n\u00famero de inscri\u00e7\u00e3o do trabalhador no Cadastro de Pessoas F\u00edsicas &#8211; CPF, que dever\u00e3o ser prestadas at\u00e9 o dia imediatamente anterior ao do in\u00edcio das atividades do trabalhador;<\/p><p class=\"dou-paragraph\" style=\"margin-top: 0px; margin-bottom: 10px; font-size: 1.125rem; font-weight: 500; line-height: 1.5; text-indent: 5em;\">II &#8211; sal\u00e1rio de contrata\u00e7\u00e3o, que dever\u00e1 ser enviado at\u00e9 o dia 15 (quinze) do m\u00eas seguinte em que ocorrer a admiss\u00e3o;<\/p><p class=\"dou-paragraph\" style=\"margin-top: 0px; margin-bottom: 10px; font-size: 1.125rem; font-weight: 500; line-height: 1.5; text-indent: 5em;\">III &#8211; data da extin\u00e7\u00e3o do v\u00ednculo empregat\u00edcio e motivo da rescis\u00e3o do contrato de trabalho, que dever\u00e3o ser prestadas:<\/p><p class=\"dou-paragraph\" style=\"margin-top: 0px; margin-bottom: 10px; font-size: 1.125rem; font-weight: 500; line-height: 1.5; text-indent: 5em;\">a) at\u00e9 o d\u00e9cimo dia, contado da data da extin\u00e7\u00e3o do v\u00ednculo, nas hip\u00f3teses previstas nos incisos I, I-A, II, IX e X do art. 20 da Lei n\u00ba 8.036, de 11 de maio de 1990;<\/p><p class=\"dou-paragraph\" style=\"margin-top: 0px; margin-bottom: 10px; font-size: 1.125rem; font-weight: 500; line-height: 1.5; text-indent: 5em;\">b) at\u00e9 o dia 15 (quinze) do m\u00eas seguinte em que ocorrer a extin\u00e7\u00e3o do v\u00ednculo, nos demais casos;<\/p><p class=\"dou-paragraph\" style=\"margin-top: 0px; margin-bottom: 10px; font-size: 1.125rem; font-weight: 500; line-height: 1.5; text-indent: 5em;\">IV &#8211; \u00faltimo sal\u00e1rio do empregado, que dever\u00e1 ser prestada at\u00e9 o dia 15 (quinze) do m\u00eas seguinte em que ocorrer a altera\u00e7\u00e3o salarial;<\/p><p class=\"dou-paragraph\" style=\"margin-top: 0px; margin-bottom: 10px; font-size: 1.125rem; font-weight: 500; line-height: 1.5; text-indent: 5em;\">V &#8211; transfer\u00eancia de entrada e transfer\u00eancia de sa\u00edda, que dever\u00e3o ser prestadas at\u00e9 o dia 15 (quinze) do m\u00eas seguinte a ocorr\u00eancia;<\/p><p class=\"dou-paragraph\" style=\"margin-top: 0px; margin-bottom: 10px; font-size: 1.125rem; font-weight: 500; line-height: 1.5; text-indent: 5em;\">VI &#8211; reintegra\u00e7\u00e3o, que dever\u00e1 ser prestada at\u00e9 o dia 15 (quinze) do m\u00eas seguinte a ocorr\u00eancia.<\/p><p class=\"dou-paragraph\" style=\"margin-top: 0px; margin-bottom: 10px; font-size: 1.125rem; font-weight: 500; line-height: 1.5; text-indent: 5em;\">Par\u00e1grafo \u00fanico. As pessoas jur\u00eddicas de direito p\u00fablico da administra\u00e7\u00e3o direta, aut\u00e1rquica e fundacional, que adotem o regime jur\u00eddico previsto no Decreto-lei n\u00ba 5.452, de 1\u00ba de maio de 1943, bem como as organiza\u00e7\u00f5es internacionais, at\u00e9 que estejam obrigadas a prestar as informa\u00e7\u00f5es previstas neste artigo ao eSocial, e as empresas que n\u00e3o cumprirem as condi\u00e7\u00f5es de que trata o caput dever\u00e3o prestar as informa\u00e7\u00f5es por meio do sistema CAGED, conforme Manual de Orienta\u00e7\u00e3o do CAGED.<\/p><p class=\"dou-paragraph\" style=\"margin-top: 0px; margin-bottom: 10px; font-size: 1.125rem; font-weight: 500; line-height: 1.5; text-indent: 5em;\">Art. 2\u00ba A obriga\u00e7\u00e3o contida no art. 24 da Lei n\u00ba 7.998, de 11 de janeiro de 1990, combinada com o Decreto n\u00ba 76.900, de 23 de dezembro de 1975, que institui a Rela\u00e7\u00e3o Anual de Informa\u00e7\u00f5es Sociais &#8211; RAIS, passa a ser cumprida por meio do eSocial a partir do ano base 2019, pelas empresas obrigadas \u00e0 transmiss\u00e3o das seguintes informa\u00e7\u00f5es de seus trabalhadores ao eSocial, referentes a todo o ano base:<\/p><p class=\"dou-paragraph\" style=\"margin-top: 0px; margin-bottom: 10px; font-size: 1.125rem; font-weight: 500; line-height: 1.5; text-indent: 5em;\">I &#8211; data da admiss\u00e3o, data de nascimento e CPF do trabalhador, que dever\u00e3o ser prestadas at\u00e9 o dia imediatamente anterior ao do in\u00edcio das atividades do empregado, salvo as informa\u00e7\u00f5es relativas aos servidores da administra\u00e7\u00e3o p\u00fablica direta, indireta ou fundacional, das esferas federal, estadual, do Distrito Federal ou municipal, n\u00e3o regidos pela CLT, as quais dever\u00e3o ser enviadas at\u00e9 o dia 15 (quinze) do m\u00eas seguinte ao do in\u00edcio de suas atividades;<\/p><p class=\"dou-paragraph\" style=\"margin-top: 0px; margin-bottom: 10px; font-size: 1.125rem; font-weight: 500; line-height: 1.5; text-indent: 5em;\">II &#8211; data e motivo da rescis\u00e3o de contrato, bem como os valores das verbas rescis\u00f3rias devidas, que dever\u00e3o ser prestadas nos prazos previstos nas al\u00edneas &#8220;a&#8221; e &#8220;b&#8221; do inciso III do art. 1\u00ba;<\/p><p class=\"dou-paragraph\" style=\"margin-top: 0px; margin-bottom: 10px; font-size: 1.125rem; font-weight: 500; line-height: 1.5; text-indent: 5em;\">III &#8211; valores de parcelas integrantes e n\u00e3o integrantes das remunera\u00e7\u00f5es mensais dos trabalhadores, com a correspondente discrimina\u00e7\u00e3o e individualiza\u00e7\u00e3o dos valores, que dever\u00e3o ser prestadas at\u00e9 o dia 15 (quinze) do m\u00eas seguinte ao vencido.<\/p><p class=\"dou-paragraph\" style=\"margin-top: 0px; margin-bottom: 10px; font-size: 1.125rem; font-weight: 500; line-height: 1.5; text-indent: 5em;\">Par\u00e1grafo \u00fanico. Para as demais pessoas jur\u00eddicas de direito privado e de direito p\u00fablico, bem como pessoas f\u00edsicas equiparadas a empresas, fica mantida a obriga\u00e7\u00e3o prevista no Decreto n\u00ba 76.900, de 23 de dezembro de 1975, seguindo o disposto no Manual de Orienta\u00e7\u00e3o do ano-base, que ser\u00e1 publicado no m\u00eas de janeiro de cada ano, no portal www.rais.gov.br<\/p><p class=\"dou-paragraph\" style=\"margin-top: 0px; margin-bottom: 10px; font-size: 1.125rem; font-weight: 500; line-height: 1.5; text-indent: 5em;\">Art. 3\u00ba Esta Portaria entra em vigor em 1\u00ba de janeiro de 2020.<\/p><p class=\"assina\" style=\"margin-top: 20px; margin-bottom: 0px; font-size: 1.1em; font-weight: bold; padding-top: 8px; margin-left: 465px; line-height: 1; text-transform: uppercase;\">ROG\u00c9RIO MARINHO<\/p><\/div>\t\t\t\t\t\t\t\t<\/div>\n\t\t\t\t<\/div>\n\t\t\t\t\t<\/div>\n\t\t<\/div>\n\t\t\t\t\t<\/div>\n\t\t<\/section>\n\t\t\t\t<\/div>\n\t\t","protected":false},"excerpt":{"rendered":"<p>A partir da compet\u00eancia de janeiro 2020 As empresas ou pessoas f\u00edsicas equiparadas a empresas passam a ser obrigadas a substituir as declara\u00e7\u00f5es de CAGED mensal (Cadastro Geral de Empregados e Desempregados) e RAIS (Rela\u00e7\u00e3o Anual de Informa\u00e7\u00f5es Sociais) a partir do ano base 2019, onde eram realizadas a comunica\u00e7\u00e3o de admiss\u00f5es e dispensas dos [&hellip;]<\/p>\n","protected":false},"author":1,"featured_media":845,"comment_status":"open","ping_status":"open","sticky":false,"template":"","format":"standard","meta":{"jetpack_post_was_ever_published":false,"_jetpack_newsletter_access":"","_jetpack_dont_email_post_to_subs":false,"_jetpack_newsletter_tier_id":0,"_jetpack_memberships_contains_paywalled_content":false,"_jetpack_memberships_contains_paid_content":false,"footnotes":"","jetpack_publicize_message":"","jetpack_publicize_feature_enabled":true,"jetpack_social_post_already_shared":false,"jetpack_social_options":{"image_generator_settings":{"template":"highway","default_image_id":0,"font":"","enabled":false},"version":2}},"categories":[29,1],"tags":[507,78,185],"class_list":["post-1758","post","type-post","status-publish","format-standard","has-post-thumbnail","hentry","category-dp","category-uncategorized","tag-caged","tag-esocial","tag-rais"],"jetpack_publicize_connections":[],"jetpack_featured_media_url":"https:\/\/i0.wp.com\/cfcontabil.com\/cf\/wp-content\/uploads\/2017\/01\/rais-1280x720-1.jpg?fit=1280%2C720","jetpack_sharing_enabled":true,"jetpack_shortlink":"https:\/\/wp.me\/p2wklX-sm","jetpack-related-posts":[{"id":1178,"url":"http:\/\/cfcontabil.com\/cf\/veja-as-obrigacoes-trabalhistas-a-serem-extintas-com-o-esocial\/","url_meta":{"origin":1758,"position":0},"title":"Veja as obriga\u00e7\u00f5es trabalhistas a serem extintas com o eSocial","author":"Ab\u00edlio Gon\u00e7alves","date":"13 de junho de 2017","format":false,"excerpt":"Com a implementa\u00e7\u00e3o, a transmiss\u00e3o das informa\u00e7\u00f5es ser\u00e1 feita de forma \u00fanica e centralizada Atualmente as informa\u00e7\u00f5es geradas pelos Departamentos Pessoais das empresas s\u00e3o transmitidas a diversos \u00f3rg\u00e3os diferentes, como a Caixa Econ\u00f4mica Federal (CEF), Instituto Nacional do Seguro Social (INSS), o Minist\u00e9rio da Previd\u00eancia (MPS), o Minist\u00e9rio do Trabalho\u2026","rel":"","context":"Em &quot;Departamento Pessoal&quot;","block_context":{"text":"Departamento Pessoal","link":"http:\/\/cfcontabil.com\/cf\/category\/dp\/"},"img":{"alt_text":"","src":"https:\/\/i0.wp.com\/cfcontabil.com\/cf\/wp-content\/uploads\/2016\/03\/E-social-1-1.jpg?fit=660%2C271&resize=350%2C200","width":350,"height":200,"srcset":"https:\/\/i0.wp.com\/cfcontabil.com\/cf\/wp-content\/uploads\/2016\/03\/E-social-1-1.jpg?fit=660%2C271&resize=350%2C200 1x, https:\/\/i0.wp.com\/cfcontabil.com\/cf\/wp-content\/uploads\/2016\/03\/E-social-1-1.jpg?fit=660%2C271&resize=525%2C300 1.5x"},"classes":[]},{"id":1244,"url":"http:\/\/cfcontabil.com\/cf\/esocial-libera-ambiente-de-testes-para-empresas\/","url_meta":{"origin":1758,"position":1},"title":"eSocial libera ambiente de testes para empresas","author":"Ab\u00edlio Gon\u00e7alves","date":"30 de junho de 2017","format":false,"excerpt":"Processo ocorrer\u00e1 em duas etapas e contemplar\u00e1, neste primeiro momento, empresas de TI. A partir de segunda-feira (26), empresas de tecnologia de informa\u00e7\u00e3o podem testar o eSocial, um sistema para facilitar a administra\u00e7\u00e3o de informa\u00e7\u00f5es relativas aos trabalhadores. As empresas v\u00e3o ter um ganho de produtividade e redu\u00e7\u00e3o de processos.\u2026","rel":"","context":"Em &quot;Departamento Pessoal&quot;","block_context":{"text":"Departamento Pessoal","link":"http:\/\/cfcontabil.com\/cf\/category\/dp\/"},"img":{"alt_text":"","src":"https:\/\/i0.wp.com\/cfcontabil.com\/cf\/wp-content\/uploads\/2017\/06\/esocial-pasta-1.jpg?fit=1000%2C591&resize=350%2C200","width":350,"height":200,"srcset":"https:\/\/i0.wp.com\/cfcontabil.com\/cf\/wp-content\/uploads\/2017\/06\/esocial-pasta-1.jpg?fit=1000%2C591&resize=350%2C200 1x, https:\/\/i0.wp.com\/cfcontabil.com\/cf\/wp-content\/uploads\/2017\/06\/esocial-pasta-1.jpg?fit=1000%2C591&resize=525%2C300 1.5x, https:\/\/i0.wp.com\/cfcontabil.com\/cf\/wp-content\/uploads\/2017\/06\/esocial-pasta-1.jpg?fit=1000%2C591&resize=700%2C400 2x"},"classes":[]},{"id":1272,"url":"http:\/\/cfcontabil.com\/cf\/esocial-libera-ambiente-de-testes-para-todas-as-empresas-do-pais\/","url_meta":{"origin":1758,"position":2},"title":"eSocial libera ambiente de testes para todas as empresas do pa\u00eds","author":"Ab\u00edlio Gon\u00e7alves","date":"7 de agosto de 2017","format":false,"excerpt":"Etapa tem como objetivo preparar o setor produtivo para o in\u00edcio da obrigatoriedade do sistema em 2018 O eSocial disponibiliza, a partir da ter\u00e7a-feira (1\u00b0), o acesso ao ambiente de testes da plataforma para todas as empresas do pa\u00eds. A etapa tem como objetivo preparar o setor produtivo para o\u2026","rel":"","context":"Em &quot;Departamento Fiscal&quot;","block_context":{"text":"Departamento Fiscal","link":"http:\/\/cfcontabil.com\/cf\/category\/df\/"},"img":{"alt_text":"","src":"https:\/\/i0.wp.com\/cfcontabil.com\/cf\/wp-content\/uploads\/2017\/06\/esocial-462x234-1.png?fit=462%2C234&resize=350%2C200","width":350,"height":200},"classes":[]},{"id":1072,"url":"http:\/\/cfcontabil.com\/cf\/receita-federal-estabelece-a-obrigatoriedade-a-escrituracao-digital-de-retencoes-e-outras-informacoes-fiscais-efd-reinf\/","url_meta":{"origin":1758,"position":3},"title":"Receita Federal estabelece a obrigatoriedade \u00e0 Escritura\u00e7\u00e3o Digital de Reten\u00e7\u00f5es e Outras Informa\u00e7\u00f5es Fiscais (EFD-Reinf)","author":"Ab\u00edlio Gon\u00e7alves","date":"17 de mar\u00e7o de 2017","format":false,"excerpt":"EFD-Reinf tem informa\u00e7\u00f5es prestadas na Dirf e na GFIP. Foi publicada hoje no Di\u00e1rio Ofical da Uni\u00e3o a IN RFB n\u00b0 1701 que estabelece a obrigatoriedade \u00e0 Escritura\u00e7\u00e3o Digital de Reten\u00e7\u00f5es e Outras Informa\u00e7\u00f5es Fiscais (EFD-Reinf). Com a institui\u00e7\u00e3o da EFD-Reinf, cuja obriga\u00e7\u00e3o de entrega dever\u00e1 ser cumprida a partir\u2026","rel":"","context":"Em &quot;Departamento Fiscal&quot;","block_context":{"text":"Departamento Fiscal","link":"http:\/\/cfcontabil.com\/cf\/category\/df\/"},"img":{"alt_text":"","src":"https:\/\/i0.wp.com\/cfcontabil.com\/cf\/wp-content\/uploads\/2017\/02\/receita-federal-1-1.png?fit=702%2C325&resize=350%2C200","width":350,"height":200,"srcset":"https:\/\/i0.wp.com\/cfcontabil.com\/cf\/wp-content\/uploads\/2017\/02\/receita-federal-1-1.png?fit=702%2C325&resize=350%2C200 1x, https:\/\/i0.wp.com\/cfcontabil.com\/cf\/wp-content\/uploads\/2017\/02\/receita-federal-1-1.png?fit=702%2C325&resize=525%2C300 1.5x, https:\/\/i0.wp.com\/cfcontabil.com\/cf\/wp-content\/uploads\/2017\/02\/receita-federal-1-1.png?fit=702%2C325&resize=700%2C400 2x"},"classes":[]},{"id":649,"url":"http:\/\/cfcontabil.com\/cf\/prazo-de-entrega-da-rais-termina-em-18marco\/","url_meta":{"origin":1758,"position":4},"title":"Prazo de Entrega da RAIS Termina em 18\/Mar\u00e7o","author":"Ab\u00edlio Gon\u00e7alves","date":"10 de mar\u00e7o de 2016","format":false,"excerpt":"Para o ano base 2015, o\u00a0prazo para a entrega da\u00a0RAIS \u2013 Rela\u00e7\u00e3o Anual de Informa\u00e7\u00f5es Sociais\u00a0encerra-se no dia 18\/03\/2016.\u00a0\u00a0O prazo n\u00e3o ser\u00e1 prorrogado. Segundo a Portaria n\u00ba 269, de 29 de dezembro de 2015, do Minist\u00e9rio do Trabalho e Emprego (MTE), a entrega da Rais n\u00e3o ser\u00e1 prorrogada. Assim, a\u2026","rel":"","context":"Em &quot;Departamento Pessoal&quot;","block_context":{"text":"Departamento Pessoal","link":"http:\/\/cfcontabil.com\/cf\/category\/dp\/"},"img":{"alt_text":"","src":"https:\/\/i0.wp.com\/cfcontabil.com\/cf\/wp-content\/uploads\/2016\/03\/rais-2016-2-2.jpg?fit=530%2C249&resize=350%2C200","width":350,"height":200,"srcset":"https:\/\/i0.wp.com\/cfcontabil.com\/cf\/wp-content\/uploads\/2016\/03\/rais-2016-2-2.jpg?fit=530%2C249&resize=350%2C200 1x, https:\/\/i0.wp.com\/cfcontabil.com\/cf\/wp-content\/uploads\/2016\/03\/rais-2016-2-2.jpg?fit=530%2C249&resize=525%2C300 1.5x"},"classes":[]},{"id":844,"url":"http:\/\/cfcontabil.com\/cf\/entrega-da-rais-2016-sera-ate-dia-17-de-marco\/","url_meta":{"origin":1758,"position":5},"title":"Entrega da RAIS 2016 ser\u00e1 at\u00e9 dia 17 de mar\u00e7o","author":"Ab\u00edlio Gon\u00e7alves","date":"23 de janeiro de 2017","format":false,"excerpt":"Quem n\u00e3o cumprir o prazo pagar\u00e1 multa que pode chegar a R$ 42.641,00 O per\u00edodo para entrega da declara\u00e7\u00e3o da Rela\u00e7\u00e3o Anual de Informa\u00e7\u00f5es Sociais (RAIS) de 2016 iniciou no\u00a0dia 17 de janeiro e se estende at\u00e9 17 de mar\u00e7o. S\u00e3o obrigadas a preencher o documento todas as pessoas jur\u00eddicas\u2026","rel":"","context":"Em &quot;Departamento Pessoal&quot;","block_context":{"text":"Departamento Pessoal","link":"http:\/\/cfcontabil.com\/cf\/category\/dp\/"},"img":{"alt_text":"","src":"https:\/\/i0.wp.com\/cfcontabil.com\/cf\/wp-content\/uploads\/2017\/01\/rais-1280x720-1.jpg?fit=1200%2C675&resize=350%2C200","width":350,"height":200,"srcset":"https:\/\/i0.wp.com\/cfcontabil.com\/cf\/wp-content\/uploads\/2017\/01\/rais-1280x720-1.jpg?fit=1200%2C675&resize=350%2C200 1x, https:\/\/i0.wp.com\/cfcontabil.com\/cf\/wp-content\/uploads\/2017\/01\/rais-1280x720-1.jpg?fit=1200%2C675&resize=525%2C300 1.5x, https:\/\/i0.wp.com\/cfcontabil.com\/cf\/wp-content\/uploads\/2017\/01\/rais-1280x720-1.jpg?fit=1200%2C675&resize=700%2C400 2x, https:\/\/i0.wp.com\/cfcontabil.com\/cf\/wp-content\/uploads\/2017\/01\/rais-1280x720-1.jpg?fit=1200%2C675&resize=1050%2C600 3x"},"classes":[]}],"jetpack_likes_enabled":true,"_links":{"self":[{"href":"http:\/\/cfcontabil.com\/cf\/wp-json\/wp\/v2\/posts\/1758","targetHints":{"allow":["GET"]}}],"collection":[{"href":"http:\/\/cfcontabil.com\/cf\/wp-json\/wp\/v2\/posts"}],"about":[{"href":"http:\/\/cfcontabil.com\/cf\/wp-json\/wp\/v2\/types\/post"}],"author":[{"embeddable":true,"href":"http:\/\/cfcontabil.com\/cf\/wp-json\/wp\/v2\/users\/1"}],"replies":[{"embeddable":true,"href":"http:\/\/cfcontabil.com\/cf\/wp-json\/wp\/v2\/comments?post=1758"}],"version-history":[{"count":6,"href":"http:\/\/cfcontabil.com\/cf\/wp-json\/wp\/v2\/posts\/1758\/revisions"}],"predecessor-version":[{"id":1767,"href":"http:\/\/cfcontabil.com\/cf\/wp-json\/wp\/v2\/posts\/1758\/revisions\/1767"}],"wp:featuredmedia":[{"embeddable":true,"href":"http:\/\/cfcontabil.com\/cf\/wp-json\/wp\/v2\/media\/845"}],"wp:attachment":[{"href":"http:\/\/cfcontabil.com\/cf\/wp-json\/wp\/v2\/media?parent=1758"}],"wp:term":[{"taxonomy":"category","embeddable":true,"href":"http:\/\/cfcontabil.com\/cf\/wp-json\/wp\/v2\/categories?post=1758"},{"taxonomy":"post_tag","embeddable":true,"href":"http:\/\/cfcontabil.com\/cf\/wp-json\/wp\/v2\/tags?post=1758"}],"curies":[{"name":"wp","href":"https:\/\/api.w.org\/{rel}","templated":true}]}}