{"id":1768,"date":"2019-10-16T07:45:24","date_gmt":"2019-10-16T10:45:24","guid":{"rendered":"http:\/\/cfcontabil.com\/cf\/?p=1768"},"modified":"2019-10-16T07:45:24","modified_gmt":"2019-10-16T10:45:24","slug":"confaz-autoriza-df-mais-sete-estados-a-fazer-novo-refis-em-2020","status":"publish","type":"post","link":"http:\/\/cfcontabil.com\/cf\/confaz-autoriza-df-mais-sete-estados-a-fazer-novo-refis-em-2020\/","title":{"rendered":"Confaz autoriza DF mais sete estados a fazer novo Refis em 2020"},"content":{"rendered":"<p>O\u00a0<strong>Conselho Nacional de Pol\u00edtica Fazend\u00e1ria (Confaz)<\/strong>\u00a0autorizou o Distrito Federal e sete estados a lan\u00e7ar um novo\u00a0<strong>Programa de Refinanciamento de D\u00edvidas (Refis)<\/strong>\u00a0em 2020. A medida permite que empresas com d\u00e9bitos relativos ao<strong>\u00a0Imposto sobre Circula\u00e7\u00e3o de Mercadorias e Servi\u00e7os (ICMS)<\/strong>\u00a0tenham mais prazo para quit\u00e1-los, com descontos nas multas.<\/p>\n<p><a href=\"https:\/\/i0.wp.com\/cfcontabil.com\/cf\/wp-content\/uploads\/2019\/10\/renegociar-dividas.png\"><img data-recalc-dims=\"1\" fetchpriority=\"high\" decoding=\"async\" data-attachment-id=\"1769\" data-permalink=\"http:\/\/cfcontabil.com\/cf\/confaz-autoriza-df-mais-sete-estados-a-fazer-novo-refis-em-2020\/renegociar-dividas\/\" data-orig-file=\"https:\/\/i0.wp.com\/cfcontabil.com\/cf\/wp-content\/uploads\/2019\/10\/renegociar-dividas.png?fit=707%2C337\" data-orig-size=\"707,337\" data-comments-opened=\"1\" data-image-meta=\"{&quot;aperture&quot;:&quot;0&quot;,&quot;credit&quot;:&quot;&quot;,&quot;camera&quot;:&quot;&quot;,&quot;caption&quot;:&quot;&quot;,&quot;created_timestamp&quot;:&quot;0&quot;,&quot;copyright&quot;:&quot;&quot;,&quot;focal_length&quot;:&quot;0&quot;,&quot;iso&quot;:&quot;0&quot;,&quot;shutter_speed&quot;:&quot;0&quot;,&quot;title&quot;:&quot;&quot;,&quot;orientation&quot;:&quot;0&quot;}\" data-image-title=\"renegociar-dividas\" data-image-description=\"\" data-image-caption=\"\" data-large-file=\"https:\/\/i0.wp.com\/cfcontabil.com\/cf\/wp-content\/uploads\/2019\/10\/renegociar-dividas.png?fit=707%2C337\" class=\"aligncenter size-full wp-image-1769\" src=\"https:\/\/i0.wp.com\/cfcontabil.com\/cf\/wp-content\/uploads\/2019\/10\/renegociar-dividas.png?resize=707%2C337\" alt=\"\" width=\"707\" height=\"337\" srcset=\"https:\/\/i0.wp.com\/cfcontabil.com\/cf\/wp-content\/uploads\/2019\/10\/renegociar-dividas.png?w=707 707w, https:\/\/i0.wp.com\/cfcontabil.com\/cf\/wp-content\/uploads\/2019\/10\/renegociar-dividas.png?resize=300%2C143 300w, https:\/\/i0.wp.com\/cfcontabil.com\/cf\/wp-content\/uploads\/2019\/10\/renegociar-dividas.png?resize=370%2C176 370w\" sizes=\"(max-width: 707px) 100vw, 707px\" \/><\/a><\/p>\n<p>No caso do DF, a ades\u00e3o ao programa deve ser feita at\u00e9 30 de junho de 2020 e as condi\u00e7\u00f5es especiais valem para valores inscritos ou n\u00e3o em d\u00edvida ativa, cujos fatos geradores ocorreram at\u00e9 31 de dezembro de 2018. Os descontos em juros e multas v\u00e3o de 50%, se o pagamento for feito entre 61 e 120 parcelas, a 95%, para empresas que escolherem pagar \u00e0 vista ou em at\u00e9 cinco meses.<\/p>\n<p>Diferentemente do que era proposto nos Refis anteriores, haver\u00e1 desconto tamb\u00e9m do valor em cima do ICMS atualizado, n\u00e3o apenas em juros e multas. A redu\u00e7\u00e3o vai de 30% a 50%, dependendo da data de inscri\u00e7\u00e3o em d\u00edvida ativa. O per\u00edodo contabilizado \u00e9 de 31 de dezembro de 2002 at\u00e9 31 de dezembro de 2012.<\/p>\n<p>A autoriza\u00e7\u00e3o permite a cria\u00e7\u00e3o de programas de refinanciamento de ICMS tamb\u00e9m em S\u00e3o Paulo, Rio Grande do Sul, Sergipe, Acre, Rond\u00f4nia, Mato Grosso e Mato Grosso do Sul. O n\u00famero de parcelas varia de acordo com o local.<\/p>\n<p>As regras tamb\u00e9m n\u00e3o s\u00e3o as mesmas para todos os estados. Em S\u00e3o Paulo, poder\u00e3o ser renegociadas d\u00edvidas feitas at\u00e9 31 de maio de 2019, em at\u00e9 60 meses. Se forem pagas em uma s\u00f3 parcela, a redu\u00e7\u00e3o \u00e9 de 75% das multas e de at\u00e9 60% dos juros. Os contribuintes poder\u00e3o aderir ao programa at\u00e9 15 de dezembro. Em Mato Grosso e Sergipe, \u00e9 poss\u00edvel dividir em at\u00e9 120 vezes, com descontos de at\u00e9 95% nas multas e 80% nos juros.<\/p>\n<p>Para que as regras comecem a valer, \u00e9 preciso que os governos estaduais e distrital elaborem projetos de lei regulamentando o novo Refis, para serem avaliadas pela C\u00e2mara Legislativa, no DF, e pelas assembleias legislativas, no caso dos estados.<\/p>\n<p>Fonte: CB<\/p>\n","protected":false},"excerpt":{"rendered":"<p>O\u00a0Conselho Nacional de Pol\u00edtica Fazend\u00e1ria (Confaz)\u00a0autorizou o Distrito Federal e sete estados a lan\u00e7ar um novo\u00a0Programa de Refinanciamento de D\u00edvidas (Refis)\u00a0em 2020. A medida permite que empresas com d\u00e9bitos relativos ao\u00a0Imposto sobre Circula\u00e7\u00e3o de Mercadorias e Servi\u00e7os (ICMS)\u00a0tenham mais prazo para quit\u00e1-los, com descontos nas multas. No caso do DF, a ades\u00e3o ao programa deve [&hellip;]<\/p>\n","protected":false},"author":1,"featured_media":1770,"comment_status":"open","ping_status":"open","sticky":false,"template":"","format":"standard","meta":{"jetpack_post_was_ever_published":false,"_jetpack_newsletter_access":"","_jetpack_dont_email_post_to_subs":false,"_jetpack_newsletter_tier_id":0,"_jetpack_memberships_contains_paywalled_content":false,"_jetpack_memberships_contains_paid_content":false,"footnotes":"","jetpack_publicize_message":"","jetpack_publicize_feature_enabled":true,"jetpack_social_post_already_shared":true,"jetpack_social_options":{"image_generator_settings":{"template":"highway","default_image_id":0,"font":"","enabled":false},"version":2}},"categories":[46],"tags":[670,373,126],"class_list":["post-1768","post","type-post","status-publish","format-standard","has-post-thumbnail","hentry","category-df","tag-descontos","tag-dividas","tag-refis"],"jetpack_publicize_connections":[],"jetpack_featured_media_url":"https:\/\/i0.wp.com\/cfcontabil.com\/cf\/wp-content\/uploads\/2019\/10\/imposto.jpg?fit=715%2C300","jetpack_sharing_enabled":true,"jetpack_shortlink":"https:\/\/wp.me\/p2wklX-sw","jetpack-related-posts":[{"id":2264,"url":"http:\/\/cfcontabil.com\/cf\/df-tera-refis-mais-eficaz-de-sua-historia\/","url_meta":{"origin":1768,"position":0},"title":"DF ter\u00e1 Refis mais eficaz de sua hist\u00f3ria","author":"Ab\u00edlio Gon\u00e7alves","date":"13 de abril de 2020","format":false,"excerpt":"Secret\u00e1rio de Economia explica que novo programa tem redu\u00e7\u00f5es significativas de al\u00edquotas e pode gerar economia de R$ 823,2 milh\u00f5es \u00e0s empresas Manter a economia nos eixos \u00e9 uma das prioridades do Governo do Distrito Federal. Principalmente em momentos de crise, como \u00e9 o caso das incertezas geradas pela pandemia\u2026","rel":"","context":"Em \"Ativa\"","block_context":{"text":"Ativa","link":"http:\/\/cfcontabil.com\/cf\/tag\/ativa\/"},"img":{"alt_text":"","src":"https:\/\/i0.wp.com\/cfcontabil.com\/cf\/wp-content\/uploads\/2020\/04\/REFIS-DF.jpg?fit=512%2C287&resize=350%2C200","width":350,"height":200},"classes":[]},{"id":2382,"url":"http:\/\/cfcontabil.com\/cf\/contribuintes-tem-ate-hoje-quarta-feira-16-para-aderir-ao-refis\/","url_meta":{"origin":1768,"position":1},"title":"Contribuintes t\u00eam at\u00e9 hoje (quarta-feira, 16) para aderir ao Refis","author":"Ab\u00edlio Gon\u00e7alves","date":"16 de dezembro de 2020","format":false,"excerpt":"O acesso ao portal de servi\u00e7os da Receita do DF pode ser feito por pessoas jur\u00eddicas, mediante certifica\u00e7\u00e3o digital; e por pessoas f\u00edsicas, por certifica\u00e7\u00e3o digital ou mediante login\/senha. Pessoas f\u00edsicas e jur\u00eddicas t\u00eam at\u00e9 quarta-feira (16) para aderir ao Programa de Incentivo \u00e0 Regulariza\u00e7\u00e3o Fiscal \u2013 Refis 2020. Quem\u2026","rel":"","context":"Em &quot;Departamento Fiscal&quot;","block_context":{"text":"Departamento Fiscal","link":"http:\/\/cfcontabil.com\/cf\/category\/df\/"},"img":{"alt_text":"","src":"https:\/\/i0.wp.com\/cfcontabil.com\/cf\/wp-content\/uploads\/2020\/12\/refis-df.jpeg?fit=1200%2C799&resize=350%2C200","width":350,"height":200,"srcset":"https:\/\/i0.wp.com\/cfcontabil.com\/cf\/wp-content\/uploads\/2020\/12\/refis-df.jpeg?fit=1200%2C799&resize=350%2C200 1x, https:\/\/i0.wp.com\/cfcontabil.com\/cf\/wp-content\/uploads\/2020\/12\/refis-df.jpeg?fit=1200%2C799&resize=525%2C300 1.5x, https:\/\/i0.wp.com\/cfcontabil.com\/cf\/wp-content\/uploads\/2020\/12\/refis-df.jpeg?fit=1200%2C799&resize=700%2C400 2x, https:\/\/i0.wp.com\/cfcontabil.com\/cf\/wp-content\/uploads\/2020\/12\/refis-df.jpeg?fit=1200%2C799&resize=1050%2C600 3x"},"classes":[]},{"id":2357,"url":"http:\/\/cfcontabil.com\/cf\/aprovacao-do-refis-salvara-diversas-empresas-afirma-fecomercio-df\/","url_meta":{"origin":1768,"position":2},"title":"\u201cAprova\u00e7\u00e3o do Refis salvar\u00e1 diversas empresas\u201d, afirma Fecom\u00e9rcio-DF","author":"Ab\u00edlio Gon\u00e7alves","date":"4 de novembro de 2020","format":false,"excerpt":"Projeto foi aprovado nesta ter\u00e7a-feira na CLDF e seguiu para san\u00e7\u00e3o do governador Ibaneis Rocha Muito aguardado pelo setor produtivo do Distrito Federal, o Programa de Incentivo \u00e0 Regulariza\u00e7\u00e3o Fiscal do Distrito Federal (Refis-DF) foi aprovado pela C\u00e2mara Legislativa na noite desta ter\u00e7a-feira (3\/11). Agora, o texto segue para an\u00e1lise\u2026","rel":"","context":"Em &quot;Departamento Fiscal&quot;","block_context":{"text":"Departamento Fiscal","link":"http:\/\/cfcontabil.com\/cf\/category\/df\/"},"img":{"alt_text":"","src":"https:\/\/i0.wp.com\/cfcontabil.com\/cf\/wp-content\/uploads\/2020\/11\/cldf-01-fb.jpg?fit=600%2C315&resize=350%2C200","width":350,"height":200,"srcset":"https:\/\/i0.wp.com\/cfcontabil.com\/cf\/wp-content\/uploads\/2020\/11\/cldf-01-fb.jpg?fit=600%2C315&resize=350%2C200 1x, https:\/\/i0.wp.com\/cfcontabil.com\/cf\/wp-content\/uploads\/2020\/11\/cldf-01-fb.jpg?fit=600%2C315&resize=525%2C300 1.5x"},"classes":[]},{"id":1808,"url":"http:\/\/cfcontabil.com\/cf\/bolsonaro-assina-mp-de-incentivo-a-regularizacao-de-dividas-com-a-uniao-desconto-e-de-ate-70-2\/","url_meta":{"origin":1768,"position":3},"title":"Bolsonaro assina MP de incentivo \u00e0 regulariza\u00e7\u00e3o de d\u00edvidas com a Uni\u00e3o; desconto \u00e9 de at\u00e9 70%","author":"Ab\u00edlio Gon\u00e7alves","date":"23 de outubro de 2019","format":false,"excerpt":"Desconto poder\u00e1 chegar a 70% para pessoa f\u00edsica e microempresa. Governo calcula que, na cobran\u00e7a da d\u00edvida ativa, 1,9 milh\u00e3o de devedores poder\u00e3o regularizar d\u00e9bitos. O presidente\u00a0Jair Bolsonaro\u00a0assinou nesta quarta-feira (16), em cerim\u00f4nia no Pal\u00e1cio do Planalto, uma medida provis\u00f3ria com regras para facilitar acordos entre a Uni\u00e3o e seus\u2026","rel":"","context":"Em &quot;Consultoria Empresarial&quot;","block_context":{"text":"Consultoria Empresarial","link":"http:\/\/cfcontabil.com\/cf\/category\/consultoria\/"},"img":{"alt_text":"","src":"https:\/\/i0.wp.com\/cfcontabil.com\/cf\/wp-content\/uploads\/2019\/10\/documento-assinado.jpg?fit=635%2C396&resize=350%2C200","width":350,"height":200,"srcset":"https:\/\/i0.wp.com\/cfcontabil.com\/cf\/wp-content\/uploads\/2019\/10\/documento-assinado.jpg?fit=635%2C396&resize=350%2C200 1x, https:\/\/i0.wp.com\/cfcontabil.com\/cf\/wp-content\/uploads\/2019\/10\/documento-assinado.jpg?fit=635%2C396&resize=525%2C300 1.5x"},"classes":[]},{"id":1285,"url":"http:\/\/cfcontabil.com\/cf\/adesao-ao-refis-podera-ser-feita-ate-29-de-setembro\/","url_meta":{"origin":1768,"position":4},"title":"Ades\u00e3o ao Refis poder\u00e1 ser feita at\u00e9 29 de setembro","author":"Ab\u00edlio Gon\u00e7alves","date":"31 de agosto de 2017","format":false,"excerpt":"O presidente da Rep\u00fablica em exerc\u00edcio,\u00a0Rodrigo Maia, editou medida provis\u00f3ria (MP) prorrogando o prazo de ades\u00e3o ao novo refinanciamento de d\u00edvidas de empres\u00e1rios com a Receita Federal para o pr\u00f3ximo dia 29 de setembro. Os l\u00edderes da C\u00e2mara dos Deputados est\u00e3o em busca de acordo para votar a proposta at\u00e9\u2026","rel":"","context":"Em &quot;Departamento Fiscal&quot;","block_context":{"text":"Departamento Fiscal","link":"http:\/\/cfcontabil.com\/cf\/category\/df\/"},"img":{"alt_text":"","src":"","width":0,"height":0},"classes":[]},{"id":1794,"url":"http:\/\/cfcontabil.com\/cf\/bolsonaro-assina-mp-de-incentivo-a-regularizacao-de-dividas-com-a-uniao-desconto-e-de-ate-70\/","url_meta":{"origin":1768,"position":5},"title":"Bolsonaro assina MP de incentivo \u00e0 regulariza\u00e7\u00e3o de d\u00edvidas com a Uni\u00e3o; desconto \u00e9 de at\u00e9 70%","author":"Ab\u00edlio Gon\u00e7alves","date":"17 de outubro de 2019","format":false,"excerpt":"O presidente\u00a0Jair Bolsonaro\u00a0assinou nesta quarta-feira (16), em cerim\u00f4nia no Pal\u00e1cio do Planalto, uma medida provis\u00f3ria com regras para facilitar acordos entre a Uni\u00e3o e seus devedores, com o objetivo de quitar as d\u00edvidas. \u00a0 \u00a0 No caso de cobran\u00e7a de d\u00edvida tribut\u00e1ria ativa, o governo informou que a MP poder\u00e1\u2026","rel":"","context":"Em &quot;Consultoria Empresarial&quot;","block_context":{"text":"Consultoria Empresarial","link":"http:\/\/cfcontabil.com\/cf\/category\/consultoria\/"},"img":{"alt_text":"","src":"https:\/\/i0.wp.com\/cfcontabil.com\/cf\/wp-content\/uploads\/2019\/10\/renegociar-dividas.png?fit=707%2C337&resize=350%2C200","width":350,"height":200,"srcset":"https:\/\/i0.wp.com\/cfcontabil.com\/cf\/wp-content\/uploads\/2019\/10\/renegociar-dividas.png?fit=707%2C337&resize=350%2C200 1x, https:\/\/i0.wp.com\/cfcontabil.com\/cf\/wp-content\/uploads\/2019\/10\/renegociar-dividas.png?fit=707%2C337&resize=525%2C300 1.5x, https:\/\/i0.wp.com\/cfcontabil.com\/cf\/wp-content\/uploads\/2019\/10\/renegociar-dividas.png?fit=707%2C337&resize=700%2C400 2x"},"classes":[]}],"jetpack_likes_enabled":true,"_links":{"self":[{"href":"http:\/\/cfcontabil.com\/cf\/wp-json\/wp\/v2\/posts\/1768","targetHints":{"allow":["GET"]}}],"collection":[{"href":"http:\/\/cfcontabil.com\/cf\/wp-json\/wp\/v2\/posts"}],"about":[{"href":"http:\/\/cfcontabil.com\/cf\/wp-json\/wp\/v2\/types\/post"}],"author":[{"embeddable":true,"href":"http:\/\/cfcontabil.com\/cf\/wp-json\/wp\/v2\/users\/1"}],"replies":[{"embeddable":true,"href":"http:\/\/cfcontabil.com\/cf\/wp-json\/wp\/v2\/comments?post=1768"}],"version-history":[{"count":1,"href":"http:\/\/cfcontabil.com\/cf\/wp-json\/wp\/v2\/posts\/1768\/revisions"}],"predecessor-version":[{"id":1771,"href":"http:\/\/cfcontabil.com\/cf\/wp-json\/wp\/v2\/posts\/1768\/revisions\/1771"}],"wp:featuredmedia":[{"embeddable":true,"href":"http:\/\/cfcontabil.com\/cf\/wp-json\/wp\/v2\/media\/1770"}],"wp:attachment":[{"href":"http:\/\/cfcontabil.com\/cf\/wp-json\/wp\/v2\/media?parent=1768"}],"wp:term":[{"taxonomy":"category","embeddable":true,"href":"http:\/\/cfcontabil.com\/cf\/wp-json\/wp\/v2\/categories?post=1768"},{"taxonomy":"post_tag","embeddable":true,"href":"http:\/\/cfcontabil.com\/cf\/wp-json\/wp\/v2\/tags?post=1768"}],"curies":[{"name":"wp","href":"https:\/\/api.w.org\/{rel}","templated":true}]}}