{"id":1792,"date":"2019-10-21T14:00:22","date_gmt":"2019-10-21T17:00:22","guid":{"rendered":"http:\/\/cfcontabil.com\/cf\/?p=1792"},"modified":"2019-10-21T11:55:46","modified_gmt":"2019-10-21T14:55:46","slug":"o-que-muda-com-a-lgpd","status":"publish","type":"post","link":"http:\/\/cfcontabil.com\/cf\/o-que-muda-com-a-lgpd\/","title":{"rendered":"O QUE MUDA COM A LGPD"},"content":{"rendered":"<div id=\"content-pln\" class=\"container\">\n<div id=\"portal-column-content\" class=\"cell width-full position-0\">\n<div class=\"\">\n<div id=\"content\">\n<article>\n<section class=\"noticia view\">\n<div class=\"container\">\n<div class=\"row flex-column\">\n<h2 class=\"d-flex justify-content-center\">O que \u00e9 a Lei Geral de Prote\u00e7\u00e3o de Dados Pessoais?<\/h2>\n<h2 class=\"d-flex justify-content-center\">D\u00ea um &#8220;giro&#8221; pela lei e conhe\u00e7a desde j\u00e1 as principais transforma\u00e7\u00f5es que ela traz para o pa\u00eds<\/h2>\n<\/div>\n<div class=\"row\">\n<div class=\"col-12\">\n<div id=\"content-core\">\n<div id=\"parent-fieldname-text\">\n<div>\n<p class=\" \">\nDe compras on-line a redes sociais, de hospitais a bancos, de escolas a teatros, de hot\u00e9is a \u00f3rg\u00e3os p\u00fablicos, da publicidade \u00e0 tecnologia: pode ter certeza, a Lei Geral de Prote\u00e7\u00e3o de Dados Pessoais (LGPD) afeta diferentes setores e servi\u00e7os, e a todos n\u00f3s brasileiras e brasileiros, seja no papel de indiv\u00edduo, empresa ou governo. Aqui, a gente te ajuda a entender os seus direitos como cidad\u00e3o, ou suas obriga\u00e7\u00f5es, caso voc\u00ea seja respons\u00e1vel por bases de dados de pessoas.<\/p>\n<p class=\" \">E damos, \u00e9 claro, as boas-vindas a voc\u00ea que quer entender mais a LGPD, contribuir com ela, e buscar suporte. Vamos nessa?<\/p>\n<h3 class=\" \">Para come\u00e7ar<br \/>\n<em>J\u00e1 que voc\u00ea topou, ent\u00e3o vamos dar um &#8220;giro&#8221; pela LGPD e conhecer os principais pontos da lei<br \/>\n<\/em><\/h3>\n<p class=\" \"><a class=\"internal-link\" title=\"\" href=\"http:\/\/www.serpro.gov.br\/lgpd\/menu\/arquivos\/infografico-lgpd-em-um-giro\" target=\"_blank\" rel=\"noopener noreferrer\"><img fetchpriority=\"high\" decoding=\"async\" class=\"image-left\" title=\"Infogr\u00e1fico Lei Geral de Prote\u00e7\u00e3o de Dados Pessoais em um giro\" src=\"http:\/\/www.serpro.gov.br\/lgpd\/menu\/arquivos\/infografico-lgpd-em-um-giro\" alt=\"LGPD\nFinalidades e necessidades\nUma regra para todos\nMais para o cidad\u00e3o\" width=\"847\" height=\"847\"><\/a><\/p>\n<div id=\"websigner_softplan_com_br\" class=\"websigner_softplan_com_br\"><\/div>\n<h3 class=\" \">Para continuar<br \/>\n<em>Agora que voc\u00ea deu um giro, leia a seguir mais detalhes sobre os principais pontos apresentados na imagem acima<br \/>\n<\/em><\/h3>\n<p class=\" \">A LGPD \u00e9 a&nbsp;<a class=\"external-link\" title=\"\" href=\"http:\/\/www.planalto.gov.br\/ccivil_03\/_Ato2015-2018\/2018\/Lei\/L13709.htm\" target=\"_blank\" rel=\"noopener noreferrer\">lei n\u00ba 13.709<\/a>, aprovada em agosto de 2018 e com vig\u00eancia a partir de agosto de 2020.&nbsp;Para entender a import\u00e2ncia do assunto, \u00e9 necess\u00e1rio saber que a nova lei quer criar um cen\u00e1rio de seguran\u00e7a jur\u00eddica, com a padroniza\u00e7\u00e3o de normas e pr\u00e1ticas, para promover a prote\u00e7\u00e3o, de forma igualit\u00e1ria e dentro do pa\u00eds e no mundo, aos dados pessoais de todo cidad\u00e3o que esteja no Brasil. E, para que n\u00e3o haja confus\u00e3o, a lei traz logo de cara o que s\u00e3o&nbsp;<a class=\"internal-link\" title=\"\" href=\"http:\/\/www.serpro.gov.br\/lgpd\/menu\/protecao-de-dados\/dados-pessoais-lgpd\" target=\"_blank\" rel=\"noopener noreferrer\">dados pessoais<\/a>, define que h\u00e1 alguns desses dados sujeitos a cuidados ainda mais espec\u00edficos, como&nbsp;<a class=\"internal-link\" title=\"\" href=\"http:\/\/www.serpro.gov.br\/lgpd\/menu\/protecao-de-dados\/dados-sensiveis-lgpd\" target=\"_blank\" rel=\"noopener noreferrer\">os sens\u00edveis<\/a>&nbsp;e os sobre crian\u00e7as e adolescentes, e que dados tratados tanto nos meios f\u00edsicos como nos digitais est\u00e3o sujeitos \u00e0 regula\u00e7\u00e3o.<\/p>\n<p class=\" \">A LGPD estabelece ainda que n\u00e3o importa se a sede de uma organiza\u00e7\u00e3o ou o centro de dados dela est\u00e3o localizados no Brasil ou no exterior: se h\u00e1 o processamento de conte\u00fado de pessoas, brasileiras ou n\u00e3o, que est\u00e3o no territ\u00f3rio nacional, a LGPD deve ser cumprida. Determina tamb\u00e9m que \u00e9 permitido compartilhar dados com organismos internacionais e com outros pa\u00edses, desde que isso ocorra a partir de protocolos seguros e\/ou para cumprir exig\u00eancias legais.<\/p>\n<p class=\" \"><strong>Consentimento<br \/>\n<\/strong>Outro elemento essencial da LGPD \u00e9 o consentir. Ou seja, o consentimento do cidad\u00e3o \u00e9 a base para que dados pessoais possam ser tratados. Mas h\u00e1 algumas exce\u00e7\u00f5es a isso. \u00c9 poss\u00edvel tratar dados sem consentimento se isso for indispens\u00e1vel para: cumprir uma obriga\u00e7\u00e3o legal; executar pol\u00edtica p\u00fablica prevista em lei; realizar estudos via \u00f3rg\u00e3o de pesquisa; executar contratos; defender direitos em processo; preservar a vida e a integridade f\u00edsica de uma pessoa; tutelar a\u00e7\u00f5es feitas por profissionais das \u00e1reas da sa\u00fade ou sanit\u00e1ria; prevenir fraudes contra o titular; proteger o cr\u00e9dito; ou atender a um interesse leg\u00edtimo, que n\u00e3o fira direitos fundamentais do cidad\u00e3o.<\/p>\n<p class=\" \"><strong>Automatiza\u00e7\u00e3o com autoriza\u00e7\u00e3o<\/strong><br \/>\nPor falar em direitos, \u00e9 essencial saber que a lei traz v\u00e1rias garantias ao cidad\u00e3o, que pode solicitar que dados sejam deletados, revogar um consentimento, transferir dados para outro fornecedor de servi\u00e7os, entre outras a\u00e7\u00f5es. E o tratamento dos dados deve ser feito levando em conta alguns quesitos, como finalidade e necessidade, que devem ser previamente acertados e informados ao cidad\u00e3o. Por exemplo, se a finalidade de um tratamento, feito exclusivamente de modo automatizado, for construir um perfil (pessoal, profissional, de consumo, de cr\u00e9dito), o indiv\u00edduo&nbsp; deve ser informado que pode intervir, pedindo revis\u00e3o desse procedimento feito por m\u00e1quinas.<\/p>\n<p class=\" \"><strong>ANPD e agentes de tratamento<\/strong><br \/>\nE tem mais. Para a lei a &#8220;pegar&#8221;, o pa\u00eds contar\u00e1 com a Autoridade Nacional de Prote\u00e7\u00e3o de Dados Pessoais, a ANPD. A institui\u00e7\u00e3o vai fiscalizar e, se a LGPD for descumprida, penalizar. Al\u00e9m disso, a ANPD ter\u00e1, \u00e9 claro, as tarefas de regular e de orientar, preventivamente, sobre como aplicar a lei. Cidad\u00e3os e organiza\u00e7\u00f5es poder\u00e3o colaborar com a autoridade.<\/p>\n<p class=\" \">Mas n\u00e3o basta a ANPD &#8211; que est\u00e1 em forma\u00e7\u00e3o &#8211; e \u00e9 por isso que a Lei Geral de Prote\u00e7\u00e3o de Dados Pessoais tamb\u00e9m estipula os agentes de tratamento de dados e suas fun\u00e7\u00f5es, nas organiza\u00e7\u00f5es: tem o controlador, que toma as decis\u00f5es sobre o tratamento; o operador, que realiza o tratamento, em nome do controlador; e o encarregado, que interage com cidad\u00e3os e autoridade nacional (e poder\u00e1 ou n\u00e3o ser exigido, a depender do tipo ou porte da organiza\u00e7\u00e3o e do volume de dados tratados).<\/p>\n<p class=\" \"><strong>Gest\u00e3o em foco<\/strong><br \/>\nH\u00e1 um outro item que n\u00e3o poderia ficar de fora: a administra\u00e7\u00e3o de riscos e falhas. Isso quer dizer que quem gere base de dados pessoais ter\u00e1 que redigir normas de governan\u00e7a; adotar medidas preventivas de seguran\u00e7a; replicar boas pr\u00e1ticas e certifica\u00e7\u00f5es existentes no mercado. Ter\u00e1 ainda que elaborar planos de conting\u00eancia; fazer auditorias; resolver incidentes com agilidade. Se ocorrer, por exemplo, um vazamento de dados, a ANPD e os indiv\u00edduos afetados devem ser imediatamente avisados. Vale lembrar que todos os agentes de tratamento sujeitam-se \u00e0 lei. Isso significa que as organiza\u00e7\u00f5es e as subcontratadas para tratar dados respondem em conjunto pelos danos causados. E as falhas de seguran\u00e7a podem gerar multas de at\u00e9 2% do faturamento anual da organiza\u00e7\u00e3o no Brasil \u2013 e no limite de R$ 50 milh\u00f5es por infra\u00e7\u00e3o. A autoridade nacional fixar\u00e1 n\u00edveis de penalidade segundo a gravidade da falha. E enviar\u00e1, \u00e9 claro, alertas e orienta\u00e7\u00f5es antes de aplicar san\u00e7\u00f5es \u00e0s organiza\u00e7\u00f5es.<\/p>\n<div id=\"websigner_softplan_com_br\" class=\"websigner_softplan_com_br\"><\/div>\n<\/div>\n<\/div>\n<\/div>\n<\/div>\n<div class=\"leis col-12\">\n<div class=\"visualClear\"><\/div>\n<div class=\"documentActions\">Confira o texto oficial na \u00edntegra<\/div>\n<div id=\"lgpd_link\"><a class=\"btn btn-primary\" title=\"Lei n\u00ba 13.709, 14\/08\/2018\" href=\"http:\/\/www.serpro.gov.br\/lgpd\/menu\/a-lgpd\/o-que-muda-com-a-lgpd\/o-que-muda-com-a-lei\/baixe-aqui\" target=\"_blank\" rel=\"noopener noreferrer\">Lei n\u00ba 13.709, 14\/08\/2018<\/a><\/div>\n<\/div>\n<\/div>\n<\/div>\n<\/section>\n<\/article>\n<\/div>\n<\/div>\n<\/div>\n<\/div>\n<div><\/div>\n<div>Fonte: SERPRO<\/div>\n<section class=\"serpro-lgpd\">\n<div class=\"container\">\n<div class=\"row justify-content-center\"><\/div>\n<\/div>\n<\/section>\n","protected":false},"excerpt":{"rendered":"<p>O que \u00e9 a Lei Geral de Prote\u00e7\u00e3o de Dados Pessoais? D\u00ea um &#8220;giro&#8221; pela lei e conhe\u00e7a desde j\u00e1 as principais transforma\u00e7\u00f5es que ela traz para o pa\u00eds De compras on-line a redes sociais, de hospitais a bancos, de escolas a teatros, de hot\u00e9is a \u00f3rg\u00e3os p\u00fablicos, da publicidade \u00e0 tecnologia: pode ter certeza, [&hellip;]<\/p>\n","protected":false},"author":1,"featured_media":1788,"comment_status":"open","ping_status":"open","sticky":false,"template":"","format":"standard","meta":{"jetpack_post_was_ever_published":false,"_jetpack_newsletter_access":"","_jetpack_dont_email_post_to_subs":false,"_jetpack_newsletter_tier_id":0,"_jetpack_memberships_contains_paywalled_content":false,"_jetpack_memberships_contains_paid_content":false,"footnotes":"","jetpack_publicize_message":"","jetpack_publicize_feature_enabled":true,"jetpack_social_post_already_shared":true,"jetpack_social_options":{"image_generator_settings":{"template":"highway","default_image_id":0,"font":"","enabled":false},"version":2}},"categories":[60],"tags":[84,342,674,673],"class_list":["post-1792","post","type-post","status-publish","format-standard","has-post-thumbnail","hentry","category-consultoria","tag-dados","tag-lei","tag-lgpd","tag-protecao"],"jetpack_publicize_connections":[],"jetpack_featured_media_url":"https:\/\/i0.wp.com\/cfcontabil.com\/cf\/wp-content\/uploads\/2019\/10\/LGPD-cadeado.jpg?fit=619%2C496","jetpack_sharing_enabled":true,"jetpack_shortlink":"https:\/\/wp.me\/p2wklX-sU","jetpack-related-posts":[{"id":1784,"url":"http:\/\/cfcontabil.com\/cf\/lgpd-sua-empresa-esta-preparada-conheca-a-lei-geral-de-protecao-de-dados\/","url_meta":{"origin":1792,"position":0},"title":"LGPD, sua empresa est\u00e1 preparada? Conhe\u00e7a a Lei Geral de Prote\u00e7\u00e3o de Dados!","author":"Ab\u00edlio Gon\u00e7alves","date":"19 de outubro de 2019","format":false,"excerpt":"A Lei Geral de Prote\u00e7\u00e3o de Dados vem com o intuito de garantir ao usu\u00e1rio uma maior privacidade e controle dos seus dados, tendo uma maior seguran\u00e7a contra o uso indevido por parte de empresas ou pessoas mal intencionadas. Bom vamos pensar em um cen\u00e1rio, \u00e9 \u00e9poca de elei\u00e7\u00f5es e\u2026","rel":"","context":"Em &quot;Consultoria Empresarial&quot;","block_context":{"text":"Consultoria Empresarial","link":"http:\/\/cfcontabil.com\/cf\/category\/consultoria\/"},"img":{"alt_text":"","src":"https:\/\/i0.wp.com\/cfcontabil.com\/cf\/wp-content\/uploads\/2019\/10\/LGPD.png?fit=682%2C450&resize=350%2C200","width":350,"height":200,"srcset":"https:\/\/i0.wp.com\/cfcontabil.com\/cf\/wp-content\/uploads\/2019\/10\/LGPD.png?fit=682%2C450&resize=350%2C200 1x, https:\/\/i0.wp.com\/cfcontabil.com\/cf\/wp-content\/uploads\/2019\/10\/LGPD.png?fit=682%2C450&resize=525%2C300 1.5x"},"classes":[]},{"id":1922,"url":"http:\/\/cfcontabil.com\/cf\/empresas-devem-criar-banco-de-dados-para-guardar-informacoes-de-clientes\/","url_meta":{"origin":1792,"position":1},"title":"Empresas devem criar banco de dados para guardar informa\u00e7\u00f5es de clientes","author":"Ab\u00edlio Gon\u00e7alves","date":"19 de novembro de 2019","format":false,"excerpt":"A proposta trata-se de um compilado de regulamenta\u00e7\u00f5es que abarca diversos pontos do C\u00f3digo de Defesa do Consumidor. A lei n\u00ba 13.709\/18, que trata da\u00a0Lei Geral de Prote\u00e7\u00e3o de Dados (LGPD), entrar\u00e1 em vigor em agosto de 2020. A proposta trata-se de um compilado de regulamenta\u00e7\u00f5es que abarca diversos pontos\u2026","rel":"","context":"Em &quot;Consultoria Empresarial&quot;","block_context":{"text":"Consultoria Empresarial","link":"http:\/\/cfcontabil.com\/cf\/category\/consultoria\/"},"img":{"alt_text":"","src":"https:\/\/i0.wp.com\/cfcontabil.com\/cf\/wp-content\/uploads\/2019\/10\/LGPD-cadeado.jpg?fit=619%2C496&resize=350%2C200","width":350,"height":200,"srcset":"https:\/\/i0.wp.com\/cfcontabil.com\/cf\/wp-content\/uploads\/2019\/10\/LGPD-cadeado.jpg?fit=619%2C496&resize=350%2C200 1x, https:\/\/i0.wp.com\/cfcontabil.com\/cf\/wp-content\/uploads\/2019\/10\/LGPD-cadeado.jpg?fit=619%2C496&resize=525%2C300 1.5x"},"classes":[]},{"id":2339,"url":"http:\/\/cfcontabil.com\/cf\/lgpd-como-garantir-a-seguranca-dos-dados-no-home-office\/","url_meta":{"origin":1792,"position":2},"title":"LGPD: Como garantir a seguran\u00e7a dos dados no home office?","author":"Ab\u00edlio Gon\u00e7alves","date":"14 de setembro de 2020","format":false,"excerpt":"A san\u00e7\u00e3o da Lei Geral de Prote\u00e7\u00e3o de Dados (LGPD) completou dois anos em 14 de agosto e o Senado votou no \u00faltimo dia 26 de agosto a medida provis\u00f3ria 959\/20, que prop\u00f4s o adiamento da LGPD. Mas, na pr\u00e1tica, a lei ainda n\u00e3o est\u00e1 em vigor e o in\u00edcio\u2026","rel":"","context":"Em &quot;Geral&quot;","block_context":{"text":"Geral","link":"http:\/\/cfcontabil.com\/cf\/category\/geral\/"},"img":{"alt_text":"","src":"https:\/\/i0.wp.com\/cfcontabil.com\/cf\/wp-content\/uploads\/2020\/09\/LGPD-cadeado-1.jpg?fit=870%2C450&resize=350%2C200","width":350,"height":200,"srcset":"https:\/\/i0.wp.com\/cfcontabil.com\/cf\/wp-content\/uploads\/2020\/09\/LGPD-cadeado-1.jpg?fit=870%2C450&resize=350%2C200 1x, https:\/\/i0.wp.com\/cfcontabil.com\/cf\/wp-content\/uploads\/2020\/09\/LGPD-cadeado-1.jpg?fit=870%2C450&resize=525%2C300 1.5x, https:\/\/i0.wp.com\/cfcontabil.com\/cf\/wp-content\/uploads\/2020\/09\/LGPD-cadeado-1.jpg?fit=870%2C450&resize=700%2C400 2x"},"classes":[]},{"id":1924,"url":"http:\/\/cfcontabil.com\/cf\/lei-da-liberdade-economica-deve-ser-aplicada-diz-presidente-do-sebrae\/","url_meta":{"origin":1792,"position":3},"title":"Lei da Liberdade econ\u00f4mica deve ser aplicada, diz presidente do Sebrae","author":"Ab\u00edlio Gon\u00e7alves","date":"19 de novembro de 2019","format":false,"excerpt":"A nova\u00a0Lei da Liberdade Econ\u00f4mica\u00a0deve facilitar o ambiente de trabalho para as pequenas e m\u00e9dias empresas do pa\u00eds. Essa \u00e9 a opini\u00e3o do diretor-presidente do Servi\u00e7o Brasileiro de Apoio \u00e0s Micro e Pequenas Empresas (Sebrae), Carlos Melles. A lei foi sancionada pelo governo\u00a0h\u00e1 cerca de dois meses. \u201cA gente tem\u2026","rel":"","context":"Em &quot;Consultoria Empresarial&quot;","block_context":{"text":"Consultoria Empresarial","link":"http:\/\/cfcontabil.com\/cf\/category\/consultoria\/"},"img":{"alt_text":"","src":"https:\/\/i0.wp.com\/cfcontabil.com\/cf\/wp-content\/uploads\/2019\/11\/Liberdade.jpg?fit=600%2C310&resize=350%2C200","width":350,"height":200,"srcset":"https:\/\/i0.wp.com\/cfcontabil.com\/cf\/wp-content\/uploads\/2019\/11\/Liberdade.jpg?fit=600%2C310&resize=350%2C200 1x, https:\/\/i0.wp.com\/cfcontabil.com\/cf\/wp-content\/uploads\/2019\/11\/Liberdade.jpg?fit=600%2C310&resize=525%2C300 1.5x"},"classes":[]},{"id":2044,"url":"http:\/\/cfcontabil.com\/cf\/decreto-facilita-combate-a-fraude-em-abertura-de-empresas\/","url_meta":{"origin":1792,"position":4},"title":"Decreto facilita combate \u00e0 fraude em abertura de empresas","author":"Ab\u00edlio Gon\u00e7alves","date":"6 de janeiro de 2020","format":false,"excerpt":"DESBUROCRATIZA\u00c7\u00c3O Novas regras simplificam a identifica\u00e7\u00e3o de falsifica\u00e7\u00f5es e melhora ambiente de neg\u00f3cios no pa\u00eds O\u00a0Decreto n\u00ba 10.173, de 16 de dezembro de 2019, tem o objetivo de simplificar a vida das pessoas que foram v\u00edtimas de falsifica\u00e7\u00f5es de documentos durante a abertura ou outros atos relacionados a empresas no\u2026","rel":"","context":"Em &quot;Geral&quot;","block_context":{"text":"Geral","link":"http:\/\/cfcontabil.com\/cf\/category\/geral\/"},"img":{"alt_text":"","src":"https:\/\/i0.wp.com\/cfcontabil.com\/cf\/wp-content\/uploads\/2020\/01\/desburocratizacao.jpg?fit=606%2C454&resize=350%2C200","width":350,"height":200,"srcset":"https:\/\/i0.wp.com\/cfcontabil.com\/cf\/wp-content\/uploads\/2020\/01\/desburocratizacao.jpg?fit=606%2C454&resize=350%2C200 1x, https:\/\/i0.wp.com\/cfcontabil.com\/cf\/wp-content\/uploads\/2020\/01\/desburocratizacao.jpg?fit=606%2C454&resize=525%2C300 1.5x"},"classes":[]},{"id":1958,"url":"http:\/\/cfcontabil.com\/cf\/esocial-contabiliza-mais-de-39-milhoes-de-trabalhadores-cadastrados\/","url_meta":{"origin":1792,"position":5},"title":"eSocial contabiliza mais de 39 milh\u00f5es de trabalhadores cadastrados","author":"Ab\u00edlio Gon\u00e7alves","date":"28 de novembro de 2019","format":false,"excerpt":"At\u00e9 julho, \u00faltimo m\u00eas que foi feita a contabilidade oficial, 39.236.553 milh\u00f5es de trabalhadores estavam integrados \u00e0 base do eSocial. O n\u00famero representa a quantidade de empregados de empresas (inclusive empregador pessoa f\u00edsica, como produtores rurais e profissionais liberais), empregados dom\u00e9sticos e demais trabalhadores sem v\u00ednculo de emprego (estagi\u00e1rios, bolsistas,\u2026","rel":"","context":"Em &quot;Departamento Pessoal&quot;","block_context":{"text":"Departamento Pessoal","link":"http:\/\/cfcontabil.com\/cf\/category\/dp\/"},"img":{"alt_text":"","src":"https:\/\/i0.wp.com\/cfcontabil.com\/cf\/wp-content\/uploads\/2018\/09\/esocial-1-810x456-1.jpg?fit=810%2C456&resize=350%2C200","width":350,"height":200,"srcset":"https:\/\/i0.wp.com\/cfcontabil.com\/cf\/wp-content\/uploads\/2018\/09\/esocial-1-810x456-1.jpg?fit=810%2C456&resize=350%2C200 1x, https:\/\/i0.wp.com\/cfcontabil.com\/cf\/wp-content\/uploads\/2018\/09\/esocial-1-810x456-1.jpg?fit=810%2C456&resize=525%2C300 1.5x, https:\/\/i0.wp.com\/cfcontabil.com\/cf\/wp-content\/uploads\/2018\/09\/esocial-1-810x456-1.jpg?fit=810%2C456&resize=700%2C400 2x"},"classes":[]}],"jetpack_likes_enabled":true,"_links":{"self":[{"href":"http:\/\/cfcontabil.com\/cf\/wp-json\/wp\/v2\/posts\/1792","targetHints":{"allow":["GET"]}}],"collection":[{"href":"http:\/\/cfcontabil.com\/cf\/wp-json\/wp\/v2\/posts"}],"about":[{"href":"http:\/\/cfcontabil.com\/cf\/wp-json\/wp\/v2\/types\/post"}],"author":[{"embeddable":true,"href":"http:\/\/cfcontabil.com\/cf\/wp-json\/wp\/v2\/users\/1"}],"replies":[{"embeddable":true,"href":"http:\/\/cfcontabil.com\/cf\/wp-json\/wp\/v2\/comments?post=1792"}],"version-history":[{"count":2,"href":"http:\/\/cfcontabil.com\/cf\/wp-json\/wp\/v2\/posts\/1792\/revisions"}],"predecessor-version":[{"id":1806,"href":"http:\/\/cfcontabil.com\/cf\/wp-json\/wp\/v2\/posts\/1792\/revisions\/1806"}],"wp:featuredmedia":[{"embeddable":true,"href":"http:\/\/cfcontabil.com\/cf\/wp-json\/wp\/v2\/media\/1788"}],"wp:attachment":[{"href":"http:\/\/cfcontabil.com\/cf\/wp-json\/wp\/v2\/media?parent=1792"}],"wp:term":[{"taxonomy":"category","embeddable":true,"href":"http:\/\/cfcontabil.com\/cf\/wp-json\/wp\/v2\/categories?post=1792"},{"taxonomy":"post_tag","embeddable":true,"href":"http:\/\/cfcontabil.com\/cf\/wp-json\/wp\/v2\/tags?post=1792"}],"curies":[{"name":"wp","href":"https:\/\/api.w.org\/{rel}","templated":true}]}}