{"id":1794,"date":"2019-10-17T09:22:27","date_gmt":"2019-10-17T12:22:27","guid":{"rendered":"http:\/\/cfcontabil.com\/cf\/?p=1794"},"modified":"2019-10-17T09:22:27","modified_gmt":"2019-10-17T12:22:27","slug":"bolsonaro-assina-mp-de-incentivo-a-regularizacao-de-dividas-com-a-uniao-desconto-e-de-ate-70","status":"publish","type":"post","link":"http:\/\/cfcontabil.com\/cf\/bolsonaro-assina-mp-de-incentivo-a-regularizacao-de-dividas-com-a-uniao-desconto-e-de-ate-70\/","title":{"rendered":"Bolsonaro assina MP de incentivo \u00e0 regulariza\u00e7\u00e3o de d\u00edvidas com a Uni\u00e3o; desconto \u00e9 de at\u00e9 70%"},"content":{"rendered":"<p>O presidente\u00a0<a href=\"https:\/\/g1.globo.com\/politica\/politico\/jair-bolsonaro\/\">Jair Bolsonaro<\/a>\u00a0assinou nesta quarta-feira (16), em cerim\u00f4nia no Pal\u00e1cio do Planalto, uma medida provis\u00f3ria com regras para facilitar acordos entre a Uni\u00e3o e seus devedores, com o objetivo de quitar as d\u00edvidas.<\/p>\n<p>&nbsp;<\/p>\n<p>&nbsp;<\/p>\n<figure style=\"width: 984px\" class=\"wp-caption aligncenter\"><img data-recalc-dims=\"1\" fetchpriority=\"high\" decoding=\"async\" src=\"https:\/\/i0.wp.com\/s2.glbimg.com\/LOEpLGphJXlqMUmZLtUEj6kt-vA%3D\/0x0%3A1024x683\/984x0\/smart\/filters%3Astrip_icc%28%29\/i.s3.glbimg.com\/v1\/AUTH_59edd422c0c84a879bd37670ae4f538a\/internal_photos\/bs\/2019\/h\/r\/LhWU0BS6Gpttl1uxcUxg\/mca-abr-161019832.jpg?resize=984%2C656&#038;ssl=1\" alt=\"O presidente Jair Bolsonaro falou com a imprensa pouco antes de assinar a medida provis\u00f3ria da d\u00edvida de contribuintes com a Uni\u00e3o \u2014 Foto: Antonio Cruz\/ Ag\u00eancia Brasil\" width=\"984\" height=\"656\" \/><figcaption class=\"wp-caption-text\">Jair Bolsonaro &#8211; reprodu\u00e7\u00e3o: G1<\/figcaption><\/figure>\n<div class=\"mc-column content-text active-extra-styles \" data-block-type=\"unstyled\" data-block-weight=\"33\" data-block-id=\"4\">\n<p class=\"content-text__container \" data-track-category=\"Link no Texto\" data-track-links=\"\">No caso de cobran\u00e7a de d\u00edvida tribut\u00e1ria ativa, o governo informou que a MP poder\u00e1 auxiliar 1,9 milh\u00e3o de devedores a regularizar seus d\u00e9bitos com a Uni\u00e3o, que superam R$ 1,4 trilh\u00e3o.<\/p>\n<\/div>\n<div class=\"mc-column content-text active-extra-styles\" data-block-type=\"raw\" data-block-weight=\"31\" data-block-id=\"5\">\n<blockquote class=\"content-blockquote theme-border-color-primary-before\"><p>Uma das possibilidades \u00e9 um desconto de at\u00e9 50% sobre o total da d\u00edvida, que pode aumentar para at\u00e9 70% no caso de pessoa f\u00edsica e micro ou pequena empresa .<\/p><\/blockquote>\n<\/div>\n<div class=\"mc-column content-text active-extra-styles \" data-block-type=\"unstyled\" data-block-weight=\"43\" data-block-id=\"6\">\n<p class=\"content-text__container \" data-track-category=\"Link no Texto\" data-track-links=\"\">O c\u00e1lculo do desconto vai considerar o total da d\u00edvida, mas o percentual de desconto incidir\u00e1 somente sobre os acr\u00e9scimos ao principal da d\u00edvida, ou seja, juros, multas e encargos. O desconto nos acr\u00e9scimos n\u00e3o poder\u00e1 superar 70% do valor original da d\u00edvida.<\/p>\n<\/div>\n<div class=\"mc-column content-text active-extra-styles \" data-block-type=\"unstyled\" data-block-weight=\"83\" data-block-id=\"7\">\n<p class=\"content-text__container \" data-track-category=\"Link no Texto\" data-track-links=\"\">\u201cO limitador total do desconto observa o valor total da d\u00edvida, mas, na incid\u00eancia desse desconto, s\u00f3 pode pegar a base de acr\u00e9scimos. Ou seja, na pr\u00e1tica, pode ser um caso que n\u00e3o vai conseguir chegar a 70% de toda a d\u00edvida. Por qu\u00ea? Porque eu n\u00e3o posso alcan\u00e7ar o principal. Como eu disse, desconto em at\u00e9 70%. Quando for incidir isso, incide nos juros, multas e encargos\u201d, explicou Cristiano Neuenschwander Lins de Morais, procurador-geral adjunto de Gest\u00e3o da D\u00edvida Ativa da Uni\u00e3o.<\/p>\n<div class=\"mc-column content-text active-extra-styles \" data-block-type=\"unstyled\" data-block-weight=\"46\" data-block-id=\"9\">\n<p class=\"content-text__container \" data-track-category=\"Link no Texto\" data-track-links=\"\">O desconto m\u00e1ximo vai depender de como a d\u00edvida \u00e9 composta. Se a maior parte do d\u00e9bito for resultante de juros e multas, o devedor poder\u00e1 receber um abatimento maior. Se a maior parte for o valor \u201coriginal\u201d do d\u00e9bito, o desconto tende a ser menor.<\/p>\n<\/div>\n<div class=\"mc-column content-text active-extra-styles \" data-block-type=\"unstyled\" data-block-weight=\"32\" data-block-id=\"10\">\n<p class=\"content-text__container \" data-track-category=\"Link no Texto\" data-track-links=\"\">No caso de uma d\u00edvida total de R$ 1 mil, por exemplo, o desconto poder\u00e1 chegar a at\u00e9 R$ 700 \u2013 desde que haja R$ 700 pendentes de juros, multas e encargos.<\/p>\n<\/div>\n<div class=\"mc-column content-text active-extra-styles \" data-block-type=\"unstyled\" data-block-weight=\"33\" data-block-id=\"11\">\n<p class=\"content-text__container \" data-track-category=\"Link no Texto\" data-track-links=\"\">Se desses R$ 1 mil, R$ 800 forem o valor \u201coriginal\u201d, o desconto m\u00e1ximo ficar\u00e1 em R$ 200 (os 20% adicionais). O desconto n\u00e3o poder\u00e1 incidir sobre os R$ 800 da d\u00edvida original.<\/p>\n<\/div>\n<div class=\"mc-column content-text active-extra-styles\" data-block-type=\"raw\" data-block-weight=\"2\" data-block-id=\"12\">\n<div class=\"content-intertitle\">\n<h2>A MP<\/h2>\n<\/div>\n<\/div>\n<div class=\"mc-column content-text active-extra-styles \" data-block-type=\"unstyled\" data-block-weight=\"19\" data-block-id=\"13\">\n<p class=\"content-text__container \" data-track-category=\"Link no Texto\" data-track-links=\"\">Assinada em uma cerim\u00f4nia no Pal\u00e1cio do Planalto, a medida \u00e9 chamada pelo governo de MP do Contribuinte Legal.<\/p>\n<\/div>\n<div class=\"mc-column content-text active-extra-styles \" data-block-type=\"unstyled\" data-block-weight=\"36\" data-block-id=\"14\">\n<p class=\"content-text__container \" data-track-category=\"Link no Texto\" data-track-links=\"\">O texto regulamenta a chamada transa\u00e7\u00e3o tribut\u00e1ria, prevista no C\u00f3digo Tribut\u00e1rio Nacional como uma ferramenta para regulariza\u00e7\u00e3o de d\u00e9bitos com o governo. A negocia\u00e7\u00e3o para regularizar as d\u00edvidas poder\u00e1 ser feita pela Uni\u00e3o, autarquias e funda\u00e7\u00f5es.<\/p>\n<\/div>\n<div class=\"mc-column content-text active-extra-styles \" data-block-type=\"unstyled\" data-block-weight=\"36\" data-block-id=\"15\">\n<p class=\"content-text__container \" data-track-category=\"Link no Texto\" data-track-links=\"\">De acordo com o Minist\u00e9rio da Economia, a transa\u00e7\u00e3o tribut\u00e1ria &#8220;representa uma alternativa&#8221; fiscal mais &#8220;justa&#8221; do que os sucessivos programas de refinanciamento de d\u00edvidas, os chamados refis, adotados ao longo dos anos por v\u00e1rios governos.<\/p>\n<\/div>\n<div class=\"mc-column content-text active-extra-styles \" data-block-type=\"unstyled\" data-block-weight=\"40\" data-block-id=\"16\">\n<p class=\"content-text__container \" data-track-category=\"Link no Texto\" data-track-links=\"\">Os refis adotavam regras gerais, que valiam para grandes conjuntos de devedores. As negocia\u00e7\u00f5es previstas pela nova MP ser\u00e3o feitas com grupos menores e, por isso, de acordo com o governo, as particularidades individuais ser\u00e3o levadas mais em conta.<\/p>\n<\/div>\n<div class=\"mc-column content-text active-extra-styles\" data-block-type=\"raw\" data-block-weight=\"3\" data-block-id=\"17\">\n<div class=\"content-intertitle\">\n<h2>Previs\u00e3o de arrecada\u00e7\u00e3o<\/h2>\n<\/div>\n<\/div>\n<div class=\"mc-column content-text active-extra-styles \" data-block-type=\"unstyled\" data-block-weight=\"28\" data-block-id=\"18\">\n<p class=\"content-text__container \" data-track-category=\"Link no Texto\" data-track-links=\"\">O governo informou que, &#8220;ao considerar uma estimativa conservadora&#8221;, a MP poder\u00e1 alcan\u00e7ar arrecada\u00e7\u00e3o de cerca de R$ 15 bilh\u00f5es ao longo de tr\u00eas anos. As previs\u00f5es s\u00e3o:<\/p>\n<\/div>\n<div class=\"mc-column content-text active-extra-styles\" data-block-type=\"raw\" data-block-weight=\"15\" data-block-id=\"19\">\n<ul class=\"content-unordered-list\">\n<li><strong>R$ 5,5 bilh\u00f5es<\/strong>\u00a0em 2020<\/li>\n<li><strong>R$ 5 bilh\u00f5es<\/strong>\u00a0em 2021<\/li>\n<li><strong>R$ 4,4 bilh\u00f5es<\/strong>\u00a0em 2022<\/li>\n<\/ul>\n<\/div>\n<div class=\"mc-column content-text active-extra-styles\" data-block-type=\"raw\" data-block-weight=\"3\" data-block-id=\"20\">\n<div class=\"content-intertitle\">\n<h2>Formas de negocia\u00e7\u00e3o<\/h2>\n<\/div>\n<\/div>\n<div class=\"mc-column content-text active-extra-styles \" data-block-type=\"unstyled\" data-block-weight=\"45\" data-block-id=\"21\">\n<p class=\"content-text__container \" data-track-category=\"Link no Texto\" data-track-links=\"\">Em entrevista ap\u00f3s a cerim\u00f4nia, t\u00e9cnicos do governo explicaram que ser\u00e3o lan\u00e7ados editais ou portarias para que os contribuintes tenham a possibilidade de fazer a transa\u00e7\u00e3o tribut\u00e1ria, mediante ades\u00e3o ou proposta. Nos atos, ser\u00e3o estabelecidas as condi\u00e7\u00f5es e requisitos para o p\u00fablico-alvo da negocia\u00e7\u00e3o.<\/p>\n<div class=\"mc-column content-text active-extra-styles \" data-block-type=\"unstyled\" data-block-weight=\"19\" data-block-id=\"23\">\n<p class=\"content-text__container \" data-track-category=\"Link no Texto\" data-track-links=\"\">De acordo com o Minist\u00e9rio da Economia, a negocia\u00e7\u00e3o para o pagamento da d\u00edvida ser\u00e1 aplicada em duas possibilidades:<\/p>\n<\/div>\n<div class=\"mc-column content-text active-extra-styles\" data-block-type=\"raw\" data-block-weight=\"19\" data-block-id=\"24\">\n<ul class=\"content-unordered-list\">\n<li>Transa\u00e7\u00f5es de cobran\u00e7a da d\u00edvida ativa (valor efetivamente devido pelo contribuinte)<\/li>\n<li>Transa\u00e7\u00f5es de lit\u00edgio tribut\u00e1rio (d\u00edvidas contestadas na Justi\u00e7a)<\/li>\n<\/ul>\n<\/div>\n<div class=\"mc-column content-text active-extra-styles\" data-block-type=\"raw\" data-block-weight=\"2\" data-block-id=\"25\">\n<div class=\"content-intertitle\">\n<h2>D\u00edvida ativa<\/h2>\n<\/div>\n<\/div>\n<div class=\"mc-column content-text active-extra-styles \" data-block-type=\"unstyled\" data-block-weight=\"19\" data-block-id=\"26\">\n<p class=\"content-text__container \" data-track-category=\"Link no Texto\" data-track-links=\"\">De acordo com o Minist\u00e9rio da Economia, as negocia\u00e7\u00f5es para o pagamento da d\u00edvida ativa t\u00eam as seguintes possibilidades:<\/p>\n<\/div>\n<div class=\"mc-column content-text active-extra-styles\" data-block-type=\"raw\" data-block-weight=\"85\" data-block-id=\"27\">\n<ul class=\"content-unordered-list\">\n<li>Desconto de at\u00e9 50% sobre o total da d\u00edvida, percentual que pode aumentar para at\u00e9 70% no caso de pessoa f\u00edsica e micro ou pequena empresa;<\/li>\n<li>Pagamento em at\u00e9 84 meses, que pode aumentar para cem meses nos casos de micro ou pequenas empresas;<\/li>\n<li>Possibilidade de concess\u00e3o de morat\u00f3ria, uma car\u00eancia para o in\u00edcio dos pagamentos.<\/li>\n<li>A negocia\u00e7\u00e3o n\u00e3o inclui multas criminais ou decorrentes de fraudes fiscais;<\/li>\n<li>As redu\u00e7\u00f5es ocorrem sobre as parcelas acess\u00f3rias da d\u00edvida (juros, multas, encargos), n\u00e3o atingindo o valor do principal.<\/li>\n<\/ul>\n<\/div>\n<div class=\"mc-column content-text active-extra-styles\" data-block-type=\"raw\" data-block-weight=\"2\" data-block-id=\"28\">\n<div class=\"content-intertitle\">\n<h2>Lit\u00edgios tribut\u00e1rios<\/h2>\n<\/div>\n<\/div>\n<div class=\"mc-column content-text active-extra-styles \" data-block-type=\"unstyled\" data-block-weight=\"44\" data-block-id=\"29\">\n<p class=\"content-text__container \" data-track-category=\"Link no Texto\" data-track-links=\"\">No caso das transa\u00e7\u00f5es de lit\u00edgios tribut\u00e1rios (d\u00edvidas , o governo avalia que poder\u00e1 encerrar &#8220;centenas de milhares de processos&#8221;, que envolvem valor superior a R$ 600 bilh\u00f5es no Conselho Administrativo de Recursos Fiscais (Carf), e R$ 40 bilh\u00f5es garantidos por seguro e cau\u00e7\u00e3o.<\/p>\n<\/div>\n<div class=\"mc-column content-text active-extra-styles \" data-block-type=\"unstyled\" data-block-weight=\"7\" data-block-id=\"30\">\n<p class=\"content-text__container \" data-track-category=\"Link no Texto\" data-track-links=\"\">Entre as regras para a transa\u00e7\u00e3o, est\u00e3o:<\/p>\n<\/div>\n<div class=\"mc-column content-text active-extra-styles\" data-block-type=\"raw\" data-block-weight=\"44\" data-block-id=\"31\">\n<ul class=\"content-unordered-list\">\n<li>Edital poder\u00e1 prever descontos e prazo de at\u00e9 84 meses para pagamento;<\/li>\n<li>Envolve contencioso administrativo e judicial;<\/li>\n<li>A transa\u00e7\u00e3o envolver\u00e1 concess\u00f5es rec\u00edprocas entre as partes;<\/li>\n<li>A transa\u00e7\u00e3o n\u00e3o poder\u00e1 contrariar decis\u00e3o judicial definitiva e n\u00e3o autorizar\u00e1 a restitui\u00e7\u00e3o de valores j\u00e1 pagos ou compensados.<\/li>\n<\/ul>\n<\/div>\n<div class=\"mc-column content-text active-extra-styles\" data-block-type=\"raw\" data-block-weight=\"7\" data-block-id=\"32\">\n<div class=\"content-intertitle\">\n<h2>Bolsonaro fala em &#8216;MP da segunda chance&#8217;<\/h2>\n<\/div>\n<\/div>\n<div class=\"mc-column content-text active-extra-styles \" data-block-type=\"unstyled\" data-block-weight=\"41\" data-block-id=\"33\">\n<p class=\"content-text__container \" data-track-category=\"Link no Texto\" data-track-links=\"\">Em discurso, Bolsonaro destacou as vantagens da MP. Na opini\u00e3o do presidente, a medida &#8220;visa atender a quem produz&#8221; no pa\u00eds. O presidente ainda destacou que as pessoas que desejam empreender perceber\u00e3o que o Estado &#8220;est\u00e1 menos em cima&#8221; dos cidad\u00e3os.<\/p>\n<\/div>\n<div class=\"mc-column content-text active-extra-styles \" data-block-type=\"unstyled\" data-block-weight=\"31\" data-block-id=\"34\">\n<p class=\"content-text__container \" data-track-category=\"Link no Texto\" data-track-links=\"\">O presidente chamou a medida de &#8220;MP da segunda chance&#8221;. Ele afirmou que o governo deseja dar &#8220;uma segunda chance&#8221;, assim como em relacionamentos amorosos, para pessoas que tenham d\u00edvidas.<\/p>\n<\/div>\n<div class=\"content-ads content-ads--reveal\" data-block-type=\"ads\" data-block-id=\"35\">\n<div id=\"banner_materia__47c99cb8-e239-419b-a282-c8c7e8888212\" class=\"tag-manager-publicidade-container mc-has-reveal mc-has-ad-lazyload tag-manager-publicidade-banner_materia__47c99cb8-e239-419b-a282-c8c7e8888212 tag-manager-publicidade-container--carregado tag-manager-publicidade-container--visivel\" data-id=\"banner_materia__47c99cb8-e239-419b-a282-c8c7e8888212\" data-google-query-id=\"CIOC44ako-UCFU4KgQoddmkHwA\" data-cid=\"null\" data-lid=\"null\">\n<div class=\"mc-column content-text active-extra-styles \" data-block-type=\"unstyled\" data-block-weight=\"17\" data-block-id=\"36\">\n<p class=\"content-text__container \" data-track-category=\"Link no Texto\" data-track-links=\"\">O presidente afirmou que o governo n\u00e3o pode observar o empreendedor apenas como uma &#8220;fonte de renda&#8221;.<\/p>\n<\/div>\n<div class=\"mc-column content-text active-extra-styles \" data-block-type=\"unstyled\" data-block-weight=\"24\" data-block-id=\"37\">\n<p class=\"content-text__container \" data-track-category=\"Link no Texto\" data-track-links=\"\">&#8220;N\u00e3o podemos n\u00f3s, Estado, olhar para o contribuinte e termos uma ideia de que ali tem uma fonte de renda para n\u00f3s&#8221;, disse.<\/p>\n<\/div>\n<div class=\"mc-column content-text active-extra-styles \" data-block-type=\"unstyled\" data-block-weight=\"24\" data-block-id=\"38\">\n<p class=\"content-text__container \" data-track-category=\"Link no Texto\" data-track-links=\"\">Bolsonaro tamb\u00e9m afirmou no discurso que investidores recuperam a confian\u00e7a no Brasil em raz\u00e3o de o pa\u00eds deixar &#8220;cada vez mais&#8221; de ser &#8220;socialista&#8221;.<\/p>\n<\/div>\n<div data-track-category=\"multicontent\" data-track-action=\"ultimo chunk conteudo\" data-track-noninteraction=\"false\" data-track-scroll=\"view\">\n<div class=\"mc-column content-text active-extra-styles \" data-block-type=\"unstyled\" data-block-weight=\"48\" data-block-id=\"39\">\n<p class=\"content-text__container \" data-track-category=\"Link no Texto\" data-track-links=\"\">&#8220;[Os investidores] Est\u00e3o acreditando em n\u00f3s. Isso vem de onde? Do restabelecimento da confian\u00e7a, de cada vez mais n\u00f3s deixarmos de sermos socialistas na economia [&#8230;]. O Brasil n\u00e3o pode ser socialista na economia. Uma interfer\u00eancia enorme por parte do Estado em cima de quem produz&#8221;, afirmou.<\/p>\n<\/div>\n<\/div>\n<\/div>\n<\/div>\n<\/div>\n<\/div>\n","protected":false},"excerpt":{"rendered":"<p>O presidente\u00a0Jair Bolsonaro\u00a0assinou nesta quarta-feira (16), em cerim\u00f4nia no Pal\u00e1cio do Planalto, uma medida provis\u00f3ria com regras para facilitar acordos entre a Uni\u00e3o e seus devedores, com o objetivo de quitar as d\u00edvidas. &nbsp; &nbsp; No caso de cobran\u00e7a de d\u00edvida tribut\u00e1ria ativa, o governo informou que a MP poder\u00e1 auxiliar 1,9 milh\u00e3o de devedores [&hellip;]<\/p>\n","protected":false},"author":1,"featured_media":1769,"comment_status":"open","ping_status":"open","sticky":false,"template":"","format":"standard","meta":{"jetpack_post_was_ever_published":false,"_jetpack_newsletter_access":"","_jetpack_dont_email_post_to_subs":false,"_jetpack_newsletter_tier_id":0,"_jetpack_memberships_contains_paywalled_content":false,"_jetpack_memberships_contains_paid_content":false,"footnotes":"","jetpack_publicize_message":"","jetpack_publicize_feature_enabled":true,"jetpack_social_post_already_shared":true,"jetpack_social_options":{"image_generator_settings":{"template":"highway","default_image_id":0,"font":"","enabled":false},"version":2}},"categories":[60],"tags":[676,373,675,519],"class_list":["post-1794","post","type-post","status-publish","format-standard","has-post-thumbnail","hentry","category-consultoria","tag-desconto","tag-dividas","tag-mp","tag-negociacao"],"jetpack_publicize_connections":[],"jetpack_featured_media_url":"https:\/\/i0.wp.com\/cfcontabil.com\/cf\/wp-content\/uploads\/2019\/10\/renegociar-dividas.png?fit=707%2C337","jetpack_sharing_enabled":true,"jetpack_shortlink":"https:\/\/wp.me\/p2wklX-sW","jetpack-related-posts":[{"id":1808,"url":"http:\/\/cfcontabil.com\/cf\/bolsonaro-assina-mp-de-incentivo-a-regularizacao-de-dividas-com-a-uniao-desconto-e-de-ate-70-2\/","url_meta":{"origin":1794,"position":0},"title":"Bolsonaro assina MP de incentivo \u00e0 regulariza\u00e7\u00e3o de d\u00edvidas com a Uni\u00e3o; desconto \u00e9 de at\u00e9 70%","author":"Ab\u00edlio Gon\u00e7alves","date":"23 de outubro de 2019","format":false,"excerpt":"Desconto poder\u00e1 chegar a 70% para pessoa f\u00edsica e microempresa. Governo calcula que, na cobran\u00e7a da d\u00edvida ativa, 1,9 milh\u00e3o de devedores poder\u00e3o regularizar d\u00e9bitos. O presidente\u00a0Jair Bolsonaro\u00a0assinou nesta quarta-feira (16), em cerim\u00f4nia no Pal\u00e1cio do Planalto, uma medida provis\u00f3ria com regras para facilitar acordos entre a Uni\u00e3o e seus\u2026","rel":"","context":"Em &quot;Consultoria Empresarial&quot;","block_context":{"text":"Consultoria Empresarial","link":"http:\/\/cfcontabil.com\/cf\/category\/consultoria\/"},"img":{"alt_text":"","src":"https:\/\/i0.wp.com\/cfcontabil.com\/cf\/wp-content\/uploads\/2019\/10\/documento-assinado.jpg?fit=635%2C396&resize=350%2C200","width":350,"height":200,"srcset":"https:\/\/i0.wp.com\/cfcontabil.com\/cf\/wp-content\/uploads\/2019\/10\/documento-assinado.jpg?fit=635%2C396&resize=350%2C200 1x, https:\/\/i0.wp.com\/cfcontabil.com\/cf\/wp-content\/uploads\/2019\/10\/documento-assinado.jpg?fit=635%2C396&resize=525%2C300 1.5x"},"classes":[]},{"id":1892,"url":"http:\/\/cfcontabil.com\/cf\/mp-do-contribuinte-legal-negociacao-de-dividas-junto-a-uniao\/","url_meta":{"origin":1794,"position":1},"title":"MP do Contribuinte Legal: negocia\u00e7\u00e3o de d\u00edvidas junto \u00e0 Uni\u00e3o","author":"Ab\u00edlio Gon\u00e7alves","date":"13 de novembro de 2019","format":false,"excerpt":"1\u00ba edital com os crit\u00e9rios de elegibilidade para ades\u00e3o a proposta de transa\u00e7\u00e3o tribut\u00e1ria junto \u00e0 PGFN dever\u00e1 ser publicado at\u00e9 o m\u00eas de dezembro Assinada no dia 16 de outubro, a Medida Provis\u00f3ria do Contribuinte Legal (MP n\u00ba 899\/2019) estabeleceu requisitos e condi\u00e7\u00f5es para a regulariza\u00e7\u00e3o e a resolu\u00e7\u00e3o\u2026","rel":"","context":"Em &quot;Departamento Fiscal&quot;","block_context":{"text":"Departamento Fiscal","link":"http:\/\/cfcontabil.com\/cf\/category\/df\/"},"img":{"alt_text":"","src":"https:\/\/i0.wp.com\/cfcontabil.com\/cf\/wp-content\/uploads\/2019\/11\/mp-contribuinte-legal.jpg?fit=678%2C452&resize=350%2C200","width":350,"height":200,"srcset":"https:\/\/i0.wp.com\/cfcontabil.com\/cf\/wp-content\/uploads\/2019\/11\/mp-contribuinte-legal.jpg?fit=678%2C452&resize=350%2C200 1x, https:\/\/i0.wp.com\/cfcontabil.com\/cf\/wp-content\/uploads\/2019\/11\/mp-contribuinte-legal.jpg?fit=678%2C452&resize=525%2C300 1.5x"},"classes":[]},{"id":2192,"url":"http:\/\/cfcontabil.com\/cf\/mp-do-contribuinte-legal-e-aprovada\/","url_meta":{"origin":1794,"position":2},"title":"MP do Contribuinte Legal \u00e9 aprovada","author":"Ab\u00edlio Gon\u00e7alves","date":"25 de mar\u00e7o de 2020","format":false,"excerpt":"Medida Provis\u00f3ria do Contribuinte Legal permite a regulariza\u00e7\u00e3o de d\u00edvidas com a Uni\u00e3o Entenda o que muda. Com vota\u00e7\u00e3o remota, o Plen\u00e1rio do Senado aprovou nesta ter\u00e7a-feira (24) a MP 899\/2019, mais conhecida como MP do Contribuinte Legal. Essa medida regulamenta a negocia\u00e7\u00e3o de d\u00edvidas tribut\u00e1ria com a Uni\u00e3o. Foram\u2026","rel":"","context":"Em &quot;Departamento Fiscal&quot;","block_context":{"text":"Departamento Fiscal","link":"http:\/\/cfcontabil.com\/cf\/category\/df\/"},"img":{"alt_text":"","src":"https:\/\/i0.wp.com\/cfcontabil.com\/cf\/wp-content\/uploads\/2020\/03\/dinheiro-caneta.jpg?fit=600%2C310&resize=350%2C200","width":350,"height":200,"srcset":"https:\/\/i0.wp.com\/cfcontabil.com\/cf\/wp-content\/uploads\/2020\/03\/dinheiro-caneta.jpg?fit=600%2C310&resize=350%2C200 1x, https:\/\/i0.wp.com\/cfcontabil.com\/cf\/wp-content\/uploads\/2020\/03\/dinheiro-caneta.jpg?fit=600%2C310&resize=525%2C300 1.5x"},"classes":[]},{"id":1285,"url":"http:\/\/cfcontabil.com\/cf\/adesao-ao-refis-podera-ser-feita-ate-29-de-setembro\/","url_meta":{"origin":1794,"position":3},"title":"Ades\u00e3o ao Refis poder\u00e1 ser feita at\u00e9 29 de setembro","author":"Ab\u00edlio Gon\u00e7alves","date":"31 de agosto de 2017","format":false,"excerpt":"O presidente da Rep\u00fablica em exerc\u00edcio,\u00a0Rodrigo Maia, editou medida provis\u00f3ria (MP) prorrogando o prazo de ades\u00e3o ao novo refinanciamento de d\u00edvidas de empres\u00e1rios com a Receita Federal para o pr\u00f3ximo dia 29 de setembro. Os l\u00edderes da C\u00e2mara dos Deputados est\u00e3o em busca de acordo para votar a proposta at\u00e9\u2026","rel":"","context":"Em &quot;Departamento Fiscal&quot;","block_context":{"text":"Departamento Fiscal","link":"http:\/\/cfcontabil.com\/cf\/category\/df\/"},"img":{"alt_text":"","src":"","width":0,"height":0},"classes":[]},{"id":1883,"url":"http:\/\/cfcontabil.com\/cf\/governo-informa-que-cobrara-contribuicao-previdenciaria-de-quem-receber-seguro-desemprego\/","url_meta":{"origin":1794,"position":4},"title":"Governo informa que cobrar\u00e1 contribui\u00e7\u00e3o previdenci\u00e1ria de quem receber seguro-desemprego","author":"Ab\u00edlio Gon\u00e7alves","date":"12 de novembro de 2019","format":false,"excerpt":"Segundo secret\u00e1rio de Previd\u00eancia, medida permitir\u00e1 ao benefici\u00e1rio contar tempo para aposentadoria. Governo estima arrecadar at\u00e9 R$ 12 bi em cinco anos. O secret\u00e1rio de Previd\u00eancia do\u00a0Minist\u00e9rio da Economia, Rog\u00e9rio Marinho, informou nesta segunda-feira (11) que o governo passar\u00e1 a cobrar contribui\u00e7\u00e3o previdenci\u00e1ria de quem receber seguro-desemprego. De acordo com\u2026","rel":"","context":"Em &quot;Departamento Pessoal&quot;","block_context":{"text":"Departamento Pessoal","link":"http:\/\/cfcontabil.com\/cf\/category\/dp\/"},"img":{"alt_text":"","src":"https:\/\/i0.wp.com\/cfcontabil.com\/cf\/wp-content\/uploads\/2019\/11\/salario.jpg?fit=703%2C436&resize=350%2C200","width":350,"height":200,"srcset":"https:\/\/i0.wp.com\/cfcontabil.com\/cf\/wp-content\/uploads\/2019\/11\/salario.jpg?fit=703%2C436&resize=350%2C200 1x, https:\/\/i0.wp.com\/cfcontabil.com\/cf\/wp-content\/uploads\/2019\/11\/salario.jpg?fit=703%2C436&resize=525%2C300 1.5x, https:\/\/i0.wp.com\/cfcontabil.com\/cf\/wp-content\/uploads\/2019\/11\/salario.jpg?fit=703%2C436&resize=700%2C400 2x"},"classes":[]},{"id":1825,"url":"http:\/\/cfcontabil.com\/cf\/governo-anuncia-corte-da-taxa-extra-de-embarque-em-voos-internacionais\/","url_meta":{"origin":1794,"position":5},"title":"Governo anuncia corte da taxa extra de embarque em voos internacionais","author":"Ab\u00edlio Gon\u00e7alves","date":"29 de outubro de 2019","format":false,"excerpt":"Decis\u00e3o tem como objetivo atrair empresas estrangeiras para atuar no mercado de avia\u00e7\u00e3o brasileiro e gerar redu\u00e7\u00e3o nos curtos de transporte (foto: Ed Alves\/CB\/D.A Press) O ministro da Infraestrutura,\u00a0Tarc\u00edsio Gomes de Freitas, afirmou, nesta segunda-feira (28\/10), que o governo federal vai cortar a taxa extra cobrada para\u00a0embarque\u00a0nos\u00a0voos internacionais. O imposto\u2026","rel":"","context":"Em &quot;Geral&quot;","block_context":{"text":"Geral","link":"http:\/\/cfcontabil.com\/cf\/category\/geral\/"},"img":{"alt_text":"","src":"https:\/\/i0.wp.com\/cfcontabil.com\/cf\/wp-content\/uploads\/2019\/10\/Aeroporto_Brasilia_10_14.jpg?fit=640%2C427&resize=350%2C200","width":350,"height":200,"srcset":"https:\/\/i0.wp.com\/cfcontabil.com\/cf\/wp-content\/uploads\/2019\/10\/Aeroporto_Brasilia_10_14.jpg?fit=640%2C427&resize=350%2C200 1x, https:\/\/i0.wp.com\/cfcontabil.com\/cf\/wp-content\/uploads\/2019\/10\/Aeroporto_Brasilia_10_14.jpg?fit=640%2C427&resize=525%2C300 1.5x"},"classes":[]}],"jetpack_likes_enabled":true,"_links":{"self":[{"href":"http:\/\/cfcontabil.com\/cf\/wp-json\/wp\/v2\/posts\/1794","targetHints":{"allow":["GET"]}}],"collection":[{"href":"http:\/\/cfcontabil.com\/cf\/wp-json\/wp\/v2\/posts"}],"about":[{"href":"http:\/\/cfcontabil.com\/cf\/wp-json\/wp\/v2\/types\/post"}],"author":[{"embeddable":true,"href":"http:\/\/cfcontabil.com\/cf\/wp-json\/wp\/v2\/users\/1"}],"replies":[{"embeddable":true,"href":"http:\/\/cfcontabil.com\/cf\/wp-json\/wp\/v2\/comments?post=1794"}],"version-history":[{"count":1,"href":"http:\/\/cfcontabil.com\/cf\/wp-json\/wp\/v2\/posts\/1794\/revisions"}],"predecessor-version":[{"id":1795,"href":"http:\/\/cfcontabil.com\/cf\/wp-json\/wp\/v2\/posts\/1794\/revisions\/1795"}],"wp:featuredmedia":[{"embeddable":true,"href":"http:\/\/cfcontabil.com\/cf\/wp-json\/wp\/v2\/media\/1769"}],"wp:attachment":[{"href":"http:\/\/cfcontabil.com\/cf\/wp-json\/wp\/v2\/media?parent=1794"}],"wp:term":[{"taxonomy":"category","embeddable":true,"href":"http:\/\/cfcontabil.com\/cf\/wp-json\/wp\/v2\/categories?post=1794"},{"taxonomy":"post_tag","embeddable":true,"href":"http:\/\/cfcontabil.com\/cf\/wp-json\/wp\/v2\/tags?post=1794"}],"curies":[{"name":"wp","href":"https:\/\/api.w.org\/{rel}","templated":true}]}}