{"id":1808,"date":"2019-10-23T06:00:03","date_gmt":"2019-10-23T09:00:03","guid":{"rendered":"http:\/\/cfcontabil.com\/cf\/?p=1808"},"modified":"2019-10-21T15:04:08","modified_gmt":"2019-10-21T18:04:08","slug":"bolsonaro-assina-mp-de-incentivo-a-regularizacao-de-dividas-com-a-uniao-desconto-e-de-ate-70-2","status":"publish","type":"post","link":"http:\/\/cfcontabil.com\/cf\/bolsonaro-assina-mp-de-incentivo-a-regularizacao-de-dividas-com-a-uniao-desconto-e-de-ate-70-2\/","title":{"rendered":"Bolsonaro assina MP de incentivo \u00e0 regulariza\u00e7\u00e3o de d\u00edvidas com a Uni\u00e3o; desconto \u00e9 de at\u00e9 70%"},"content":{"rendered":"<h2 class=\"content-head__subtitle\">Desconto poder\u00e1 chegar a 70% para pessoa f\u00edsica e microempresa. Governo calcula que, na cobran\u00e7a da d\u00edvida ativa, 1,9 milh\u00e3o de devedores poder\u00e3o regularizar d\u00e9bitos.<\/h2>\n<p>O presidente&nbsp;Jair Bolsonaro&nbsp;assinou nesta quarta-feira (16), em cerim\u00f4nia no Pal\u00e1cio do Planalto, uma medida provis\u00f3ria com regras para facilitar acordos entre a Uni\u00e3o e seus devedores, com o objetivo de quitar as d\u00edvidas.<\/p>\n<p><a href=\"https:\/\/i0.wp.com\/cfcontabil.com\/cf\/wp-content\/uploads\/2019\/10\/dinheiro.jpg\"><img data-recalc-dims=\"1\" fetchpriority=\"high\" decoding=\"async\" data-attachment-id=\"1809\" data-permalink=\"http:\/\/cfcontabil.com\/cf\/bolsonaro-assina-mp-de-incentivo-a-regularizacao-de-dividas-com-a-uniao-desconto-e-de-ate-70-2\/dinheiro-2\/\" data-orig-file=\"https:\/\/i0.wp.com\/cfcontabil.com\/cf\/wp-content\/uploads\/2019\/10\/dinheiro.jpg?fit=670%2C400\" data-orig-size=\"670,400\" data-comments-opened=\"1\" data-image-meta=\"{&quot;aperture&quot;:&quot;0&quot;,&quot;credit&quot;:&quot;&quot;,&quot;camera&quot;:&quot;&quot;,&quot;caption&quot;:&quot;&quot;,&quot;created_timestamp&quot;:&quot;0&quot;,&quot;copyright&quot;:&quot;&quot;,&quot;focal_length&quot;:&quot;0&quot;,&quot;iso&quot;:&quot;0&quot;,&quot;shutter_speed&quot;:&quot;0&quot;,&quot;title&quot;:&quot;&quot;,&quot;orientation&quot;:&quot;0&quot;}\" data-image-title=\"dinheiro\" data-image-description=\"\" data-image-caption=\"\" data-large-file=\"https:\/\/i0.wp.com\/cfcontabil.com\/cf\/wp-content\/uploads\/2019\/10\/dinheiro.jpg?fit=670%2C400\" class=\"aligncenter size-full wp-image-1809\" src=\"https:\/\/i0.wp.com\/cfcontabil.com\/cf\/wp-content\/uploads\/2019\/10\/dinheiro.jpg?resize=670%2C400\" alt=\"\" width=\"670\" height=\"400\" srcset=\"https:\/\/i0.wp.com\/cfcontabil.com\/cf\/wp-content\/uploads\/2019\/10\/dinheiro.jpg?w=670 670w, https:\/\/i0.wp.com\/cfcontabil.com\/cf\/wp-content\/uploads\/2019\/10\/dinheiro.jpg?resize=300%2C179 300w, https:\/\/i0.wp.com\/cfcontabil.com\/cf\/wp-content\/uploads\/2019\/10\/dinheiro.jpg?resize=370%2C221 370w\" sizes=\"(max-width: 670px) 100vw, 670px\" \/><\/a><\/p>\n<div class=\"mc-column content-text active-extra-styles \" data-block-type=\"unstyled\" data-block-weight=\"33\" data-block-id=\"4\">\n<p class=\"content-text__container \" data-track-category=\"Link no Texto\" data-track-links=\"\">No caso de cobran\u00e7a de d\u00edvida tribut\u00e1ria ativa, o governo informou que a MP poder\u00e1 auxiliar 1,9 milh\u00e3o de devedores a regularizar seus d\u00e9bitos com a Uni\u00e3o, que superam R$ 1,4 trilh\u00e3o.<\/p>\n<\/div>\n<div class=\"mc-column content-text active-extra-styles\" data-block-type=\"raw\" data-block-weight=\"31\" data-block-id=\"5\">\n<blockquote class=\"content-blockquote theme-border-color-primary-before\"><p>Uma das possibilidades \u00e9 um desconto de at\u00e9 50% sobre o total da d\u00edvida, que pode aumentar para at\u00e9 70% no caso de pessoa f\u00edsica e micro ou pequena empresa .<\/p><\/blockquote>\n<\/div>\n<div class=\"mc-column content-text active-extra-styles \" data-block-type=\"unstyled\" data-block-weight=\"43\" data-block-id=\"6\">\n<p class=\"content-text__container \" data-track-category=\"Link no Texto\" data-track-links=\"\">O c\u00e1lculo do desconto vai considerar o total da d\u00edvida, mas o percentual de desconto incidir\u00e1 somente sobre os acr\u00e9scimos ao principal da d\u00edvida, ou seja, juros, multas e encargos. O desconto nos acr\u00e9scimos n\u00e3o poder\u00e1 superar 70% do valor original da d\u00edvida.<\/p>\n<\/div>\n<div class=\"mc-column content-text active-extra-styles \" data-block-type=\"unstyled\" data-block-weight=\"83\" data-block-id=\"7\">\n<p class=\"content-text__container \" data-track-category=\"Link no Texto\" data-track-links=\"\">\u201cO limitador total do desconto observa o valor total da d\u00edvida, mas, na incid\u00eancia desse desconto, s\u00f3 pode pegar a base de acr\u00e9scimos. Ou seja, na pr\u00e1tica, pode ser um caso que n\u00e3o vai conseguir chegar a 70% de toda a d\u00edvida. Por qu\u00ea? Porque eu n\u00e3o posso alcan\u00e7ar o principal. Como eu disse, desconto em at\u00e9 70%. Quando for incidir isso, incide nos juros, multas e encargos\u201d, explicou Cristiano Neuenschwander Lins de Morais, procurador-geral adjunto de Gest\u00e3o da D\u00edvida Ativa da Uni\u00e3o.<\/p>\n<div class=\"mc-column content-text active-extra-styles \" data-block-type=\"unstyled\" data-block-weight=\"46\" data-block-id=\"9\">\n<p class=\"content-text__container \" data-track-category=\"Link no Texto\" data-track-links=\"\">O desconto m\u00e1ximo vai depender de como a d\u00edvida \u00e9 composta. Se a maior parte do d\u00e9bito for resultante de juros e multas, o devedor poder\u00e1 receber um abatimento maior. Se a maior parte for o valor \u201coriginal\u201d do d\u00e9bito, o desconto tende a ser menor.<\/p>\n<\/div>\n<div class=\"mc-column content-text active-extra-styles \" data-block-type=\"unstyled\" data-block-weight=\"32\" data-block-id=\"10\">\n<p class=\"content-text__container \" data-track-category=\"Link no Texto\" data-track-links=\"\">No caso de uma d\u00edvida total de R$ 1 mil, por exemplo, o desconto poder\u00e1 chegar a at\u00e9 R$ 700 \u2013 desde que haja R$ 700 pendentes de juros, multas e encargos.<\/p>\n<\/div>\n<div class=\"mc-column content-text active-extra-styles \" data-block-type=\"unstyled\" data-block-weight=\"33\" data-block-id=\"11\">\n<p class=\"content-text__container \" data-track-category=\"Link no Texto\" data-track-links=\"\">Se desses R$ 1 mil, R$ 800 forem o valor \u201coriginal\u201d, o desconto m\u00e1ximo ficar\u00e1 em R$ 200 (os 20% adicionais). O desconto n\u00e3o poder\u00e1 incidir sobre os R$ 800 da d\u00edvida original.<\/p>\n<\/div>\n<div class=\"mc-column content-text active-extra-styles\" data-block-type=\"raw\" data-block-weight=\"2\" data-block-id=\"12\">\n<div class=\"content-intertitle\">\n<h2>A MP<\/h2>\n<\/div>\n<\/div>\n<div class=\"mc-column content-text active-extra-styles \" data-block-type=\"unstyled\" data-block-weight=\"19\" data-block-id=\"13\">\n<p class=\"content-text__container \" data-track-category=\"Link no Texto\" data-track-links=\"\">Assinada em uma cerim\u00f4nia no Pal\u00e1cio do Planalto, a medida \u00e9 chamada pelo governo de MP do Contribuinte Legal.<\/p>\n<\/div>\n<div class=\"mc-column content-text active-extra-styles \" data-block-type=\"unstyled\" data-block-weight=\"36\" data-block-id=\"14\">\n<p class=\"content-text__container \" data-track-category=\"Link no Texto\" data-track-links=\"\">O texto regulamenta a chamada transa\u00e7\u00e3o tribut\u00e1ria, prevista no C\u00f3digo Tribut\u00e1rio Nacional como uma ferramenta para regulariza\u00e7\u00e3o de d\u00e9bitos com o governo. A negocia\u00e7\u00e3o para regularizar as d\u00edvidas poder\u00e1 ser feita pela Uni\u00e3o, autarquias e funda\u00e7\u00f5es.<\/p>\n<\/div>\n<div class=\"mc-column content-text active-extra-styles \" data-block-type=\"unstyled\" data-block-weight=\"36\" data-block-id=\"15\">\n<p class=\"content-text__container \" data-track-category=\"Link no Texto\" data-track-links=\"\">De acordo com o Minist\u00e9rio da Economia, a transa\u00e7\u00e3o tribut\u00e1ria &#8220;representa uma alternativa&#8221; fiscal mais &#8220;justa&#8221; do que os sucessivos programas de refinanciamento de d\u00edvidas, os chamados refis, adotados ao longo dos anos por v\u00e1rios governos.<\/p>\n<\/div>\n<div class=\"mc-column content-text active-extra-styles \" data-block-type=\"unstyled\" data-block-weight=\"40\" data-block-id=\"16\">\n<p class=\"content-text__container \" data-track-category=\"Link no Texto\" data-track-links=\"\">Os refis adotavam regras gerais, que valiam para grandes conjuntos de devedores. As negocia\u00e7\u00f5es previstas pela nova MP ser\u00e3o feitas com grupos menores e, por isso, de acordo com o governo, as particularidades individuais ser\u00e3o levadas mais em conta.<\/p>\n<\/div>\n<div class=\"mc-column content-text active-extra-styles\" data-block-type=\"raw\" data-block-weight=\"3\" data-block-id=\"17\">\n<div class=\"content-intertitle\">\n<h2>Previs\u00e3o de arrecada\u00e7\u00e3o<\/h2>\n<\/div>\n<\/div>\n<div class=\"mc-column content-text active-extra-styles \" data-block-type=\"unstyled\" data-block-weight=\"28\" data-block-id=\"18\">\n<p class=\"content-text__container \" data-track-category=\"Link no Texto\" data-track-links=\"\">O governo informou que, &#8220;ao considerar uma estimativa conservadora&#8221;, a MP poder\u00e1 alcan\u00e7ar arrecada\u00e7\u00e3o de cerca de R$ 15 bilh\u00f5es ao longo de tr\u00eas anos. As previs\u00f5es s\u00e3o:<\/p>\n<\/div>\n<div class=\"mc-column content-text active-extra-styles\" data-block-type=\"raw\" data-block-weight=\"15\" data-block-id=\"19\">\n<ul class=\"content-unordered-list\">\n<li><strong>R$ 5,5 bilh\u00f5es<\/strong>&nbsp;em 2020<\/li>\n<li><strong>R$ 5 bilh\u00f5es<\/strong>&nbsp;em 2021<\/li>\n<li><strong>R$ 4,4 bilh\u00f5es<\/strong>&nbsp;em 2022<\/li>\n<\/ul>\n<\/div>\n<div class=\"mc-column content-text active-extra-styles\" data-block-type=\"raw\" data-block-weight=\"3\" data-block-id=\"20\">\n<div class=\"content-intertitle\">\n<h2>Formas de negocia\u00e7\u00e3o<\/h2>\n<\/div>\n<\/div>\n<div class=\"mc-column content-text active-extra-styles \" data-block-type=\"unstyled\" data-block-weight=\"45\" data-block-id=\"21\">\n<p class=\"content-text__container \" data-track-category=\"Link no Texto\" data-track-links=\"\">Em entrevista ap\u00f3s a cerim\u00f4nia, t\u00e9cnicos do governo explicaram que ser\u00e3o lan\u00e7ados editais ou portarias para que os contribuintes tenham a possibilidade de fazer a transa\u00e7\u00e3o tribut\u00e1ria, mediante ades\u00e3o ou proposta. Nos atos, ser\u00e3o estabelecidas as condi\u00e7\u00f5es e requisitos para o p\u00fablico-alvo da negocia\u00e7\u00e3o.<\/p>\n<div class=\"mc-column content-text active-extra-styles \" data-block-type=\"unstyled\" data-block-weight=\"46\" data-block-id=\"9\">\n<p class=\"content-text__container \" data-track-category=\"Link no Texto\" data-track-links=\"\">O desconto m\u00e1ximo vai depender de como a d\u00edvida \u00e9 composta. Se a maior parte do d\u00e9bito for resultante de juros e multas, o devedor poder\u00e1 receber um abatimento maior. Se a maior parte for o valor \u201coriginal\u201d do d\u00e9bito, o desconto tende a ser menor.<\/p>\n<\/div>\n<div class=\"mc-column content-text active-extra-styles \" data-block-type=\"unstyled\" data-block-weight=\"32\" data-block-id=\"10\">\n<p class=\"content-text__container \" data-track-category=\"Link no Texto\" data-track-links=\"\">No caso de uma d\u00edvida total de R$ 1 mil, por exemplo, o desconto poder\u00e1 chegar a at\u00e9 R$ 700 \u2013 desde que haja R$ 700 pendentes de juros, multas e encargos.<\/p>\n<\/div>\n<div class=\"mc-column content-text active-extra-styles \" data-block-type=\"unstyled\" data-block-weight=\"33\" data-block-id=\"11\">\n<p class=\"content-text__container \" data-track-category=\"Link no Texto\" data-track-links=\"\">Se desses R$ 1 mil, R$ 800 forem o valor \u201coriginal\u201d, o desconto m\u00e1ximo ficar\u00e1 em R$ 200 (os 20% adicionais). O desconto n\u00e3o poder\u00e1 incidir sobre os R$ 800 da d\u00edvida original.<\/p>\n<\/div>\n<div class=\"mc-column content-text active-extra-styles\" data-block-type=\"raw\" data-block-weight=\"2\" data-block-id=\"12\">\n<div class=\"content-intertitle\">\n<h2>A MP<\/h2>\n<\/div>\n<\/div>\n<div class=\"mc-column content-text active-extra-styles \" data-block-type=\"unstyled\" data-block-weight=\"19\" data-block-id=\"13\">\n<p class=\"content-text__container \" data-track-category=\"Link no Texto\" data-track-links=\"\">Assinada em uma cerim\u00f4nia no Pal\u00e1cio do Planalto, a medida \u00e9 chamada pelo governo de MP do Contribuinte Legal.<\/p>\n<\/div>\n<div class=\"mc-column content-text active-extra-styles \" data-block-type=\"unstyled\" data-block-weight=\"36\" data-block-id=\"14\">\n<p class=\"content-text__container \" data-track-category=\"Link no Texto\" data-track-links=\"\">O texto regulamenta a chamada transa\u00e7\u00e3o tribut\u00e1ria, prevista no C\u00f3digo Tribut\u00e1rio Nacional como uma ferramenta para regulariza\u00e7\u00e3o de d\u00e9bitos com o governo. A negocia\u00e7\u00e3o para regularizar as d\u00edvidas poder\u00e1 ser feita pela Uni\u00e3o, autarquias e funda\u00e7\u00f5es.<\/p>\n<\/div>\n<div class=\"mc-column content-text active-extra-styles \" data-block-type=\"unstyled\" data-block-weight=\"36\" data-block-id=\"15\">\n<p class=\"content-text__container \" data-track-category=\"Link no Texto\" data-track-links=\"\">De acordo com o Minist\u00e9rio da Economia, a transa\u00e7\u00e3o tribut\u00e1ria &#8220;representa uma alternativa&#8221; fiscal mais &#8220;justa&#8221; do que os sucessivos programas de refinanciamento de d\u00edvidas, os chamados refis, adotados ao longo dos anos por v\u00e1rios governos.<\/p>\n<\/div>\n<div class=\"mc-column content-text active-extra-styles \" data-block-type=\"unstyled\" data-block-weight=\"40\" data-block-id=\"16\">\n<p class=\"content-text__container \" data-track-category=\"Link no Texto\" data-track-links=\"\">Os refis adotavam regras gerais, que valiam para grandes conjuntos de devedores. As negocia\u00e7\u00f5es previstas pela nova MP ser\u00e3o feitas com grupos menores e, por isso, de acordo com o governo, as particularidades individuais ser\u00e3o levadas mais em conta.<\/p>\n<\/div>\n<div class=\"mc-column content-text active-extra-styles\" data-block-type=\"raw\" data-block-weight=\"3\" data-block-id=\"17\">\n<div class=\"content-intertitle\">\n<h2>Previs\u00e3o de arrecada\u00e7\u00e3o<\/h2>\n<\/div>\n<\/div>\n<div class=\"mc-column content-text active-extra-styles \" data-block-type=\"unstyled\" data-block-weight=\"28\" data-block-id=\"18\">\n<p class=\"content-text__container \" data-track-category=\"Link no Texto\" data-track-links=\"\">O governo informou que, &#8220;ao considerar uma estimativa conservadora&#8221;, a MP poder\u00e1 alcan\u00e7ar arrecada\u00e7\u00e3o de cerca de R$ 15 bilh\u00f5es ao longo de tr\u00eas anos. As previs\u00f5es s\u00e3o:<\/p>\n<\/div>\n<div class=\"mc-column content-text active-extra-styles\" data-block-type=\"raw\" data-block-weight=\"15\" data-block-id=\"19\">\n<ul class=\"content-unordered-list\">\n<li><strong>R$ 5,5 bilh\u00f5es<\/strong>&nbsp;em 2020<\/li>\n<li><strong>R$ 5 bilh\u00f5es<\/strong>&nbsp;em 2021<\/li>\n<li><strong>R$ 4,4 bilh\u00f5es<\/strong>&nbsp;em 2022<\/li>\n<\/ul>\n<\/div>\n<div class=\"mc-column content-text active-extra-styles\" data-block-type=\"raw\" data-block-weight=\"3\" data-block-id=\"20\">\n<div class=\"content-intertitle\">\n<h2>Formas de negocia\u00e7\u00e3o<\/h2>\n<\/div>\n<\/div>\n<div class=\"mc-column content-text active-extra-styles \" data-block-type=\"unstyled\" data-block-weight=\"45\" data-block-id=\"21\">\n<p class=\"content-text__container \" data-track-category=\"Link no Texto\" data-track-links=\"\">Em entrevista ap\u00f3s a cerim\u00f4nia, t\u00e9cnicos do governo explicaram que ser\u00e3o lan\u00e7ados editais ou portarias para que os contribuintes tenham a possibilidade de fazer a transa\u00e7\u00e3o tribut\u00e1ria, mediante ades\u00e3o ou proposta. Nos atos, ser\u00e3o estabelecidas as condi\u00e7\u00f5es e requisitos para o p\u00fablico-alvo da negocia\u00e7\u00e3o.<\/p>\n<div class=\"mc-column content-text active-extra-styles \" data-block-type=\"unstyled\" data-block-weight=\"17\" data-block-id=\"36\">\n<p class=\"content-text__container \" data-track-category=\"Link no Texto\" data-track-links=\"\">O presidente afirmou que o governo n\u00e3o pode observar o empreendedor apenas como uma &#8220;fonte de renda&#8221;.<\/p>\n<\/div>\n<div class=\"mc-column content-text active-extra-styles \" data-block-type=\"unstyled\" data-block-weight=\"24\" data-block-id=\"37\">\n<p class=\"content-text__container \" data-track-category=\"Link no Texto\" data-track-links=\"\">&#8220;N\u00e3o podemos n\u00f3s, Estado, olhar para o contribuinte e termos uma ideia de que ali tem uma fonte de renda para n\u00f3s&#8221;, disse.<\/p>\n<\/div>\n<div class=\"mc-column content-text active-extra-styles \" data-block-type=\"unstyled\" data-block-weight=\"24\" data-block-id=\"38\">\n<p class=\"content-text__container \" data-track-category=\"Link no Texto\" data-track-links=\"\">Bolsonaro tamb\u00e9m afirmou no discurso que investidores recuperam a confian\u00e7a no Brasil em raz\u00e3o de o pa\u00eds deixar &#8220;cada vez mais&#8221; de ser &#8220;socialista&#8221;.<\/p>\n<\/div>\n<div data-track-category=\"multicontent\" data-track-action=\"ultimo chunk conteudo\" data-track-noninteraction=\"false\" data-track-scroll=\"view\">\n<div class=\"mc-column content-text active-extra-styles \" data-block-type=\"unstyled\" data-block-weight=\"48\" data-block-id=\"39\">\n<p class=\"content-text__container \" data-track-category=\"Link no Texto\" data-track-links=\"\">&#8220;[Os investidores] Est\u00e3o acreditando em n\u00f3s. Isso vem de onde? Do restabelecimento da confian\u00e7a, de cada vez mais n\u00f3s deixarmos de sermos socialistas na economia [&#8230;]. O Brasil n\u00e3o pode ser socialista na economia. Uma interfer\u00eancia enorme por parte do Estado em cima de quem produz&#8221;, afirmou.<\/p>\n<\/div>\n<\/div>\n<\/div>\n<\/div>\n<\/div>\n","protected":false},"excerpt":{"rendered":"<p>Desconto poder\u00e1 chegar a 70% para pessoa f\u00edsica e microempresa. Governo calcula que, na cobran\u00e7a da d\u00edvida ativa, 1,9 milh\u00e3o de devedores poder\u00e3o regularizar d\u00e9bitos. O presidente&nbsp;Jair Bolsonaro&nbsp;assinou nesta quarta-feira (16), em cerim\u00f4nia no Pal\u00e1cio do Planalto, uma medida provis\u00f3ria com regras para facilitar acordos entre a Uni\u00e3o e seus devedores, com o objetivo de [&hellip;]<\/p>\n","protected":false},"author":1,"featured_media":1810,"comment_status":"open","ping_status":"open","sticky":false,"template":"","format":"standard","meta":{"jetpack_post_was_ever_published":false,"_jetpack_newsletter_access":"","_jetpack_dont_email_post_to_subs":false,"_jetpack_newsletter_tier_id":0,"_jetpack_memberships_contains_paywalled_content":false,"_jetpack_memberships_contains_paid_content":false,"footnotes":"","jetpack_publicize_message":"","jetpack_publicize_feature_enabled":true,"jetpack_social_post_already_shared":true,"jetpack_social_options":{"image_generator_settings":{"template":"highway","default_image_id":0,"font":"","enabled":false},"version":2}},"categories":[60],"tags":[247,676,681,679,519,680],"class_list":["post-1808","post","type-post","status-publish","format-standard","has-post-thumbnail","hentry","category-consultoria","tag-contribuinte","tag-desconto","tag-legal","tag-medida","tag-negociacao","tag-provisoria"],"jetpack_publicize_connections":[],"jetpack_featured_media_url":"https:\/\/i0.wp.com\/cfcontabil.com\/cf\/wp-content\/uploads\/2019\/10\/documento-assinado.jpg?fit=635%2C396","jetpack_sharing_enabled":true,"jetpack_shortlink":"https:\/\/wp.me\/p2wklX-ta","jetpack-related-posts":[{"id":1794,"url":"http:\/\/cfcontabil.com\/cf\/bolsonaro-assina-mp-de-incentivo-a-regularizacao-de-dividas-com-a-uniao-desconto-e-de-ate-70\/","url_meta":{"origin":1808,"position":0},"title":"Bolsonaro assina MP de incentivo \u00e0 regulariza\u00e7\u00e3o de d\u00edvidas com a Uni\u00e3o; desconto \u00e9 de at\u00e9 70%","author":"Ab\u00edlio Gon\u00e7alves","date":"17 de outubro de 2019","format":false,"excerpt":"O presidente\u00a0Jair Bolsonaro\u00a0assinou nesta quarta-feira (16), em cerim\u00f4nia no Pal\u00e1cio do Planalto, uma medida provis\u00f3ria com regras para facilitar acordos entre a Uni\u00e3o e seus devedores, com o objetivo de quitar as d\u00edvidas. \u00a0 \u00a0 No caso de cobran\u00e7a de d\u00edvida tribut\u00e1ria ativa, o governo informou que a MP poder\u00e1\u2026","rel":"","context":"Em &quot;Consultoria Empresarial&quot;","block_context":{"text":"Consultoria Empresarial","link":"http:\/\/cfcontabil.com\/cf\/category\/consultoria\/"},"img":{"alt_text":"","src":"https:\/\/i0.wp.com\/cfcontabil.com\/cf\/wp-content\/uploads\/2019\/10\/renegociar-dividas.png?fit=707%2C337&resize=350%2C200","width":350,"height":200,"srcset":"https:\/\/i0.wp.com\/cfcontabil.com\/cf\/wp-content\/uploads\/2019\/10\/renegociar-dividas.png?fit=707%2C337&resize=350%2C200 1x, https:\/\/i0.wp.com\/cfcontabil.com\/cf\/wp-content\/uploads\/2019\/10\/renegociar-dividas.png?fit=707%2C337&resize=525%2C300 1.5x, https:\/\/i0.wp.com\/cfcontabil.com\/cf\/wp-content\/uploads\/2019\/10\/renegociar-dividas.png?fit=707%2C337&resize=700%2C400 2x"},"classes":[]},{"id":1892,"url":"http:\/\/cfcontabil.com\/cf\/mp-do-contribuinte-legal-negociacao-de-dividas-junto-a-uniao\/","url_meta":{"origin":1808,"position":1},"title":"MP do Contribuinte Legal: negocia\u00e7\u00e3o de d\u00edvidas junto \u00e0 Uni\u00e3o","author":"Ab\u00edlio Gon\u00e7alves","date":"13 de novembro de 2019","format":false,"excerpt":"1\u00ba edital com os crit\u00e9rios de elegibilidade para ades\u00e3o a proposta de transa\u00e7\u00e3o tribut\u00e1ria junto \u00e0 PGFN dever\u00e1 ser publicado at\u00e9 o m\u00eas de dezembro Assinada no dia 16 de outubro, a Medida Provis\u00f3ria do Contribuinte Legal (MP n\u00ba 899\/2019) estabeleceu requisitos e condi\u00e7\u00f5es para a regulariza\u00e7\u00e3o e a resolu\u00e7\u00e3o\u2026","rel":"","context":"Em &quot;Departamento Fiscal&quot;","block_context":{"text":"Departamento Fiscal","link":"http:\/\/cfcontabil.com\/cf\/category\/df\/"},"img":{"alt_text":"","src":"https:\/\/i0.wp.com\/cfcontabil.com\/cf\/wp-content\/uploads\/2019\/11\/mp-contribuinte-legal.jpg?fit=678%2C452&resize=350%2C200","width":350,"height":200,"srcset":"https:\/\/i0.wp.com\/cfcontabil.com\/cf\/wp-content\/uploads\/2019\/11\/mp-contribuinte-legal.jpg?fit=678%2C452&resize=350%2C200 1x, https:\/\/i0.wp.com\/cfcontabil.com\/cf\/wp-content\/uploads\/2019\/11\/mp-contribuinte-legal.jpg?fit=678%2C452&resize=525%2C300 1.5x"},"classes":[]},{"id":2192,"url":"http:\/\/cfcontabil.com\/cf\/mp-do-contribuinte-legal-e-aprovada\/","url_meta":{"origin":1808,"position":2},"title":"MP do Contribuinte Legal \u00e9 aprovada","author":"Ab\u00edlio Gon\u00e7alves","date":"25 de mar\u00e7o de 2020","format":false,"excerpt":"Medida Provis\u00f3ria do Contribuinte Legal permite a regulariza\u00e7\u00e3o de d\u00edvidas com a Uni\u00e3o Entenda o que muda. Com vota\u00e7\u00e3o remota, o Plen\u00e1rio do Senado aprovou nesta ter\u00e7a-feira (24) a MP 899\/2019, mais conhecida como MP do Contribuinte Legal. Essa medida regulamenta a negocia\u00e7\u00e3o de d\u00edvidas tribut\u00e1ria com a Uni\u00e3o. Foram\u2026","rel":"","context":"Em &quot;Departamento Fiscal&quot;","block_context":{"text":"Departamento Fiscal","link":"http:\/\/cfcontabil.com\/cf\/category\/df\/"},"img":{"alt_text":"","src":"https:\/\/i0.wp.com\/cfcontabil.com\/cf\/wp-content\/uploads\/2020\/03\/dinheiro-caneta.jpg?fit=600%2C310&resize=350%2C200","width":350,"height":200,"srcset":"https:\/\/i0.wp.com\/cfcontabil.com\/cf\/wp-content\/uploads\/2020\/03\/dinheiro-caneta.jpg?fit=600%2C310&resize=350%2C200 1x, https:\/\/i0.wp.com\/cfcontabil.com\/cf\/wp-content\/uploads\/2020\/03\/dinheiro-caneta.jpg?fit=600%2C310&resize=525%2C300 1.5x"},"classes":[]},{"id":1282,"url":"http:\/\/cfcontabil.com\/cf\/receita-federal-encaminhara-debitos-para-inscricao-em-divida-ativa-da-uniao-em-setembro\/","url_meta":{"origin":1808,"position":3},"title":"Receita Federal encaminhar\u00e1 d\u00e9bitos para inscri\u00e7\u00e3o em D\u00edvida Ativa da Uni\u00e3o em setembro","author":"Ab\u00edlio Gon\u00e7alves","date":"29 de agosto de 2017","format":false,"excerpt":"A inscri\u00e7\u00e3o em d\u00edvida ativa implica a incid\u00eancias de encargos legais no \u00e2mbito da execu\u00e7\u00e3o fiscal A Receita Federal informa que no in\u00edcio de setembro de 2017 encaminhar\u00e1 para inscri\u00e7\u00e3o em D\u00edvida Ativa da Uni\u00e3o os d\u00e9bitos para os quais j\u00e1 se encerraram as a\u00e7\u00f5es administrativas de cobran\u00e7a e que\u2026","rel":"","context":"Em &quot;Departamento Fiscal&quot;","block_context":{"text":"Departamento Fiscal","link":"http:\/\/cfcontabil.com\/cf\/category\/df\/"},"img":{"alt_text":"","src":"https:\/\/i0.wp.com\/cfcontabil.com\/cf\/wp-content\/uploads\/2017\/02\/receita-federal-1-1.png?fit=702%2C325&resize=350%2C200","width":350,"height":200,"srcset":"https:\/\/i0.wp.com\/cfcontabil.com\/cf\/wp-content\/uploads\/2017\/02\/receita-federal-1-1.png?fit=702%2C325&resize=350%2C200 1x, https:\/\/i0.wp.com\/cfcontabil.com\/cf\/wp-content\/uploads\/2017\/02\/receita-federal-1-1.png?fit=702%2C325&resize=525%2C300 1.5x, https:\/\/i0.wp.com\/cfcontabil.com\/cf\/wp-content\/uploads\/2017\/02\/receita-federal-1-1.png?fit=702%2C325&resize=700%2C400 2x"},"classes":[]},{"id":2613,"url":"http:\/\/cfcontabil.com\/cf\/microempreendedores-individuais-mei-devem-regularizar-dividas-ate-31-de-agosto\/","url_meta":{"origin":1808,"position":4},"title":"Microempreendedores Individuais (MEI) devem regularizar d\u00edvidas at\u00e9 31 de agosto","author":"Ab\u00edlio Gon\u00e7alves","date":"10 de agosto de 2021","format":false,"excerpt":"Os Microempreendedores Individuais (MEI) que est\u00e3o devendo impostos, poder\u00e3o regularizar suas d\u00edvidas at\u00e9 o final deste m\u00eas. A situa\u00e7\u00e3o pode ser resolvida pelo pagamento dos d\u00e9bitos, utilizando o Documento de Arrecada\u00e7\u00e3o do Simples Nacional (DAS), ou parcelamento, que deve ser realizado at\u00e9 o dia 31\/08\/2021.\u00a0Tanto a emiss\u00e3o do DAS para\u2026","rel":"","context":"Em &quot;Geral&quot;","block_context":{"text":"Geral","link":"http:\/\/cfcontabil.com\/cf\/category\/geral\/"},"img":{"alt_text":"","src":"https:\/\/i0.wp.com\/cfcontabil.com\/cf\/wp-content\/uploads\/2020\/04\/MEI-1200x675-1.png?fit=1200%2C675&resize=350%2C200","width":350,"height":200,"srcset":"https:\/\/i0.wp.com\/cfcontabil.com\/cf\/wp-content\/uploads\/2020\/04\/MEI-1200x675-1.png?fit=1200%2C675&resize=350%2C200 1x, https:\/\/i0.wp.com\/cfcontabil.com\/cf\/wp-content\/uploads\/2020\/04\/MEI-1200x675-1.png?fit=1200%2C675&resize=525%2C300 1.5x, https:\/\/i0.wp.com\/cfcontabil.com\/cf\/wp-content\/uploads\/2020\/04\/MEI-1200x675-1.png?fit=1200%2C675&resize=700%2C400 2x, https:\/\/i0.wp.com\/cfcontabil.com\/cf\/wp-content\/uploads\/2020\/04\/MEI-1200x675-1.png?fit=1200%2C675&resize=1050%2C600 3x"},"classes":[]},{"id":840,"url":"http:\/\/cfcontabil.com\/cf\/vice-presidente-do-cfc-alerta-contribuinte-ja-pode-se-preparar-para-novo-refis\/","url_meta":{"origin":1808,"position":5},"title":"Vice-presidente do CFC alerta: Contribuinte j\u00e1 pode se preparar para \u201cnovo Refis\u201d","author":"Ab\u00edlio Gon\u00e7alves","date":"20 de janeiro de 2017","format":false,"excerpt":"Separar d\u00e9bitos at\u00e9 a data estipulada pelo governo \u00e9 o primeiro passo para quem pretende aderir ao Programa Ap\u00f3s o an\u00fancio pelo governo da Medida Provis\u00f3ria (MP) 766, que institui o Programa de Regulariza\u00e7\u00e3o Tribut\u00e1ria (PRT), os contribuintes - pessoas f\u00edsicas e empresas - j\u00e1 podem se preparar para regularizar\u2026","rel":"","context":"Em &quot;Consultoria Empresarial&quot;","block_context":{"text":"Consultoria Empresarial","link":"http:\/\/cfcontabil.com\/cf\/category\/consultoria\/"},"img":{"alt_text":"","src":"https:\/\/i0.wp.com\/cfcontabil.com\/cf\/wp-content\/uploads\/2017\/01\/PLANEJAMENTO_ESTRATGICO_2-1.jpg?fit=580%2C400&resize=350%2C200","width":350,"height":200,"srcset":"https:\/\/i0.wp.com\/cfcontabil.com\/cf\/wp-content\/uploads\/2017\/01\/PLANEJAMENTO_ESTRATGICO_2-1.jpg?fit=580%2C400&resize=350%2C200 1x, https:\/\/i0.wp.com\/cfcontabil.com\/cf\/wp-content\/uploads\/2017\/01\/PLANEJAMENTO_ESTRATGICO_2-1.jpg?fit=580%2C400&resize=525%2C300 1.5x"},"classes":[]}],"jetpack_likes_enabled":true,"_links":{"self":[{"href":"http:\/\/cfcontabil.com\/cf\/wp-json\/wp\/v2\/posts\/1808","targetHints":{"allow":["GET"]}}],"collection":[{"href":"http:\/\/cfcontabil.com\/cf\/wp-json\/wp\/v2\/posts"}],"about":[{"href":"http:\/\/cfcontabil.com\/cf\/wp-json\/wp\/v2\/types\/post"}],"author":[{"embeddable":true,"href":"http:\/\/cfcontabil.com\/cf\/wp-json\/wp\/v2\/users\/1"}],"replies":[{"embeddable":true,"href":"http:\/\/cfcontabil.com\/cf\/wp-json\/wp\/v2\/comments?post=1808"}],"version-history":[{"count":2,"href":"http:\/\/cfcontabil.com\/cf\/wp-json\/wp\/v2\/posts\/1808\/revisions"}],"predecessor-version":[{"id":1812,"href":"http:\/\/cfcontabil.com\/cf\/wp-json\/wp\/v2\/posts\/1808\/revisions\/1812"}],"wp:featuredmedia":[{"embeddable":true,"href":"http:\/\/cfcontabil.com\/cf\/wp-json\/wp\/v2\/media\/1810"}],"wp:attachment":[{"href":"http:\/\/cfcontabil.com\/cf\/wp-json\/wp\/v2\/media?parent=1808"}],"wp:term":[{"taxonomy":"category","embeddable":true,"href":"http:\/\/cfcontabil.com\/cf\/wp-json\/wp\/v2\/categories?post=1808"},{"taxonomy":"post_tag","embeddable":true,"href":"http:\/\/cfcontabil.com\/cf\/wp-json\/wp\/v2\/tags?post=1808"}],"curies":[{"name":"wp","href":"https:\/\/api.w.org\/{rel}","templated":true}]}}