{"id":1825,"date":"2019-10-29T17:30:48","date_gmt":"2019-10-29T20:30:48","guid":{"rendered":"http:\/\/cfcontabil.com\/cf\/?p=1825"},"modified":"2019-10-29T15:16:15","modified_gmt":"2019-10-29T18:16:15","slug":"governo-anuncia-corte-da-taxa-extra-de-embarque-em-voos-internacionais","status":"publish","type":"post","link":"http:\/\/cfcontabil.com\/cf\/governo-anuncia-corte-da-taxa-extra-de-embarque-em-voos-internacionais\/","title":{"rendered":"Governo anuncia corte da taxa extra de embarque em voos internacionais"},"content":{"rendered":"<h2 class=\"txt-gray mb-0 h4\">Decis\u00e3o tem como objetivo atrair empresas estrangeiras para atuar no mercado de avia\u00e7\u00e3o brasileiro e gerar redu\u00e7\u00e3o nos curtos de transporte<\/h2>\n<div class=\"img-mobile-full mb-20\">\n<figure><a href=\"https:\/\/i0.wp.com\/cfcontabil.com\/cf\/wp-content\/uploads\/2019\/10\/aeroportobrasilia.jpg\"><img data-recalc-dims=\"1\" fetchpriority=\"high\" decoding=\"async\" data-attachment-id=\"1826\" data-permalink=\"http:\/\/cfcontabil.com\/cf\/governo-anuncia-corte-da-taxa-extra-de-embarque-em-voos-internacionais\/aeroportobrasilia\/\" data-orig-file=\"https:\/\/i0.wp.com\/cfcontabil.com\/cf\/wp-content\/uploads\/2019\/10\/aeroportobrasilia.jpg?fit=820%2C544\" data-orig-size=\"820,544\" data-comments-opened=\"1\" data-image-meta=\"{&quot;aperture&quot;:&quot;0&quot;,&quot;credit&quot;:&quot;&quot;,&quot;camera&quot;:&quot;&quot;,&quot;caption&quot;:&quot;&quot;,&quot;created_timestamp&quot;:&quot;0&quot;,&quot;copyright&quot;:&quot;&quot;,&quot;focal_length&quot;:&quot;0&quot;,&quot;iso&quot;:&quot;0&quot;,&quot;shutter_speed&quot;:&quot;0&quot;,&quot;title&quot;:&quot;&quot;,&quot;orientation&quot;:&quot;0&quot;}\" data-image-title=\"aeroportobrasilia\" data-image-description=\"\" data-image-caption=\"\" data-large-file=\"https:\/\/i0.wp.com\/cfcontabil.com\/cf\/wp-content\/uploads\/2019\/10\/aeroportobrasilia.jpg?fit=820%2C544\" class=\"aligncenter size-full wp-image-1826\" src=\"https:\/\/i0.wp.com\/cfcontabil.com\/cf\/wp-content\/uploads\/2019\/10\/aeroportobrasilia.jpg?resize=820%2C544\" alt=\"\" width=\"820\" height=\"544\" srcset=\"https:\/\/i0.wp.com\/cfcontabil.com\/cf\/wp-content\/uploads\/2019\/10\/aeroportobrasilia.jpg?w=820 820w, https:\/\/i0.wp.com\/cfcontabil.com\/cf\/wp-content\/uploads\/2019\/10\/aeroportobrasilia.jpg?resize=300%2C199 300w, https:\/\/i0.wp.com\/cfcontabil.com\/cf\/wp-content\/uploads\/2019\/10\/aeroportobrasilia.jpg?resize=768%2C510 768w, https:\/\/i0.wp.com\/cfcontabil.com\/cf\/wp-content\/uploads\/2019\/10\/aeroportobrasilia.jpg?resize=770%2C511 770w, https:\/\/i0.wp.com\/cfcontabil.com\/cf\/wp-content\/uploads\/2019\/10\/aeroportobrasilia.jpg?resize=370%2C245 370w\" sizes=\"(max-width: 820px) 100vw, 820px\" \/><\/a><figcaption class=\"mt-25 pl-40 lenged-with-icon photo\"><small class=\"d-block txt-no-serif txt-gray-base\">(foto: Ed Alves\/CB\/D.A Press)<\/small><\/figcaption><\/figure>\n<\/div>\n<p>O ministro da Infraestrutura,\u00a0<strong>Tarc\u00edsio Gomes de Freitas<\/strong>, afirmou, nesta segunda-feira (28\/10), que o governo federal vai cortar a taxa extra cobrada para\u00a0<strong>embarque\u00a0<\/strong>nos\u00a0<strong>voos internacionais<\/strong>. O imposto equivale a U$ 18 (cerca de R$ 72 pelo c\u00e2mbio atual) e a medida tem como foco incentivar o crescimento do setor de avia\u00e7\u00e3o.<\/p>\n<div>A informa\u00e7\u00e3o dada pelo ministro foi confirmada pelo presidente\u00a0<strong>Jair Bolsonaro<\/strong>.<\/p>\n<p>&#8220;Hoje, s\u00e3o 120 milh\u00f5es de passageiros. A nossa ideia \u00e9 chegar aos 200 milh\u00f5es de passageiros em 200 localidades at\u00e9 2025. Com as medidas que est\u00e3o sendo tomadas at\u00e9 agora, vamos atingir 63 aeroportos concedidos&#8221;, disse o ministro Tarc\u00edsio.<\/p><\/div>\n<div><\/div>\n<div>&#8220;Temos medidas que est\u00e3o por vir que v\u00e3o tornar nosso mercado mais apto para investimento estrangeiro. Vou antecipar uma medida, que \u00e9 a extin\u00e7\u00e3o da tarifa de U$ 18 para embarque nos voos internacionais&#8221;, completou o ministro. A tarifa \u00e9 cobrada h\u00e1 20 anos, para todos os destinos que partem do Brasil.<\/div>\n<div><\/div>\n<div>De acordo com o presidente Jair Bolsonaro, essa e outras a\u00e7\u00f5es pretendem tamb\u00e9m aumentar a concorr\u00eancia no mercado dom\u00e9stico de avia\u00e7\u00e3o, objetivando a redu\u00e7\u00e3o dos cursos deste tipo de transporte no pa\u00eds. &#8220;Essa \u00e9 uma das medidas que o governo cria para incentivar o setor de avia\u00e7\u00e3o civil e a entrada de novas empresas no setor. Objetivo \u00e9 atrair tamb\u00e9m empresas internacionais na concorr\u00eancia de voos dom\u00e9sticos&#8221;, destacou o presidente.<\/div>\n<div><\/div>\n<div>\n<div class=\"EmbeddedTweet-ancestor EmbeddedTweet-ancestor--repliesRefresh\" data-scribe=\"section:conversation\">\n<blockquote class=\"Tweet Tweet--compact h-entry reply js-tweetIdInfo\" cite=\"https:\/\/twitter.com\/jairbolsonaro\/status\/1188857373517111296\" data-tweet-id=\"1188857373517111296\">\n<div class=\"Tweet-ancestorContainer Tweet-ancestorContainer--repliesRefresh\"><a class=\"TweetAuthor-avatar TweetAuthor-avatar--ancestor Identity-avatar u-linkBlend\" href=\"https:\/\/twitter.com\/jairbolsonaro\" data-scribe=\"element:user_link\" aria-label=\"Jair M. Bolsonaro (nome de tela: jairbolsonaro)\"><img data-recalc-dims=\"1\" decoding=\"async\" class=\"Avatar\" src=\"https:\/\/i0.wp.com\/pbs.twimg.com\/profile_images\/1057631480459886595\/9VPdGJJz_normal.jpg?w=1170&#038;ssl=1\" alt=\"\" data-scribe=\"element:avatar\" data-src-2x=\"https:\/\/pbs.twimg.com\/profile_images\/1057631480459886595\/9VPdGJJz_bigger.jpg\" data-src-1x=\"https:\/\/pbs.twimg.com\/profile_images\/1057631480459886595\/9VPdGJJz_normal.jpg\" \/><\/a><\/p>\n<div class=\"Tweet-ancestorContents Tweet-ancestorContents--repliesRefresh\">\n<div class=\"Tweet-header\">\n<div class=\"TweetAuthor js-inViewportScribingTarget TweetAuthor--oneLine\" data-scribe=\"component:author\">\n<div class=\"TweetAuthor-nameScreenNameContainer\"><span class=\"TweetAuthor-decoratedName\"><span class=\"TweetAuthor-name Identity-name customisable-highlight\" title=\"Jair M. Bolsonaro\" data-scribe=\"element:name\">Jair M. Bolsonaro<\/span><\/span><\/p>\n<div class=\"Icon Icon--verified \" title=\"Conta Verificada\" role=\"img\" aria-label=\"Conta Verificada\"><\/div>\n<p><span class=\"TweetAuthor-decoratedName\"><span class=\"TweetAuthor-verifiedBadge\" data-scribe=\"element:verified_badge\"><b class=\"u-hiddenVisually\">?<\/b><\/span><\/span><span class=\"TweetAuthor-screenName Identity-screenName\" dir=\"ltr\" title=\"@jairbolsonaro\" data-scribe=\"element:screen_name\">@jairbolsonaro<\/span><\/div>\n<\/div>\n<div class=\"Tweet-metadata\">\u00a0\u00b7\u00a0<a class=\"u-linkBlend u-url permalink customisable-highlight\" href=\"https:\/\/twitter.com\/jairbolsonaro\/status\/1188857373517111296\" data-scribe=\"element:mini_timestamp\"><time class=\"dt-updated\" title=\"Hor\u00e1rio da publica\u00e7\u00e3o: 28 de outubro de 2019 16:37:40 (UTC)\" datetime=\"2019-10-28T16:37:40+0000\" aria-label=\"Publicado em 28 de out de 2019\">28 de out de 2019<\/time><\/a><\/div>\n<div class=\"Tweet-brand\">\n<div class=\"Icon Icon--twitter \" title=\"Ver no Twitter\" role=\"presentation\" aria-label=\"Ver no Twitter\"><\/div>\n<\/div>\n<\/div>\n<div class=\"Tweet-body e-entry-content\" data-scribe=\"component:tweet\">\n<p class=\"Tweet-text e-entry-title\" dir=\"ltr\" lang=\"pt\">Ministro <a class=\"PrettyLink profile customisable h-card\" dir=\"ltr\" href=\"https:\/\/twitter.com\/tarcisiogdf\" data-mentioned-user-id=\"1078618844007157761\" data-scribe=\"element:mention\"><span class=\"PrettyLink-prefix\">@<\/span><span class=\"PrettyLink-value\">tarcisiogdf<\/span><\/a> confirma fim da taxa adicional cobrada na tarifa de embarque internacional. Medida tem como objetivo incentivar o mercado a\u00e9reo brasileiro e baratear ainda mais as passagens internacionais. Taxa adicional foi criada em 1999 para reduzir d\u00edvida p\u00fablica.<\/p>\n<\/div>\n<\/div>\n<\/div>\n<\/blockquote>\n<\/div>\n<div class=\"EmbeddedTweet-tweetContainer\">\n<div class=\"EmbeddedTweet-tweet\">\n<blockquote class=\"Tweet h-entry js-tweetIdInfo subject expanded\" cite=\"https:\/\/twitter.com\/jairbolsonaro\/status\/1188857519139119109\" data-tweet-id=\"1188857519139119109\" data-scribe=\"section:subject\">\n<div class=\"Tweet-header\"><a class=\"TweetAuthor-avatar  Identity-avatar u-linkBlend\" href=\"https:\/\/twitter.com\/jairbolsonaro\" data-scribe=\"element:user_link\" aria-label=\"Jair M. Bolsonaro (nome de tela: jairbolsonaro)\"><img data-recalc-dims=\"1\" decoding=\"async\" class=\"Avatar\" src=\"https:\/\/i0.wp.com\/pbs.twimg.com\/profile_images\/1057631480459886595\/9VPdGJJz_normal.jpg?w=1170&#038;ssl=1\" alt=\"\" data-scribe=\"element:avatar\" data-src-2x=\"https:\/\/pbs.twimg.com\/profile_images\/1057631480459886595\/9VPdGJJz_bigger.jpg\" data-src-1x=\"https:\/\/pbs.twimg.com\/profile_images\/1057631480459886595\/9VPdGJJz_normal.jpg\" \/><\/a><\/p>\n<div class=\"TweetAuthor js-inViewportScribingTarget\" data-scribe=\"component:author\">\n<div class=\"TweetAuthor-nameScreenNameContainer\"><span class=\"TweetAuthor-decoratedName\"><span class=\"TweetAuthor-name Identity-name customisable-highlight\" title=\"Jair M. Bolsonaro\" data-scribe=\"element:name\">Jair M. Bolsonaro<\/span><\/span><\/p>\n<div class=\"Icon Icon--verified \" title=\"Conta Verificada\" role=\"img\" aria-label=\"Conta Verificada\"><\/div>\n<p><span class=\"TweetAuthor-decoratedName\"><span class=\"TweetAuthor-verifiedBadge\" data-scribe=\"element:verified_badge\"><b class=\"u-hiddenVisually\">?<\/b><\/span><\/span><span class=\"TweetAuthor-screenName Identity-screenName\" dir=\"ltr\" title=\"@jairbolsonaro\" data-scribe=\"element:screen_name\">@jairbolsonaro<\/span><\/div>\n<\/div>\n<\/div>\n<div class=\"Tweet-body e-entry-content\" data-scribe=\"component:tweet\">\n<div class=\"Tweet-target js-inViewportScribingTarget\"><\/div>\n<p class=\"Tweet-text e-entry-title\" dir=\"ltr\" lang=\"pt\">Essa \u00e9 uma das medidas que o governo cria para incentivar o setor de avia\u00e7\u00e3o civil e a entrada de novas empresas no setor. Objetivo \u00e9 atrair tamb\u00e9m empresas internacionais na concorr\u00eancia de voos dom\u00e9sticos. Seguimos avan\u00e7ando! <a class=\"PrettyLink profile customisable h-card\" dir=\"ltr\" href=\"https:\/\/twitter.com\/AviacaoGovBr\" data-mentioned-user-id=\"1286727673\" data-scribe=\"element:mention\"><span class=\"PrettyLink-prefix\">@<\/span><span class=\"PrettyLink-value\">AviacaoGovBr<\/span><\/a><\/p>\n<div class=\"TweetInfo\">\n<div class=\"TweetInfo-like\">\n<div data-scribe=\"element:heart\">\n<div class=\"Icon Icon--heart \" title=\"Curtiu\" role=\"img\" aria-label=\"Curtiu\"><\/div>\n<\/div>\n<p><a class=\"TweetInfo-heart\" title=\"Curtiu\" href=\"https:\/\/twitter.com\/intent\/like?tweet_id=1188857519139119109\" data-scribe=\"component:actions\"><span class=\"TweetInfo-heartStat\" data-scribe=\"element:heart_count\">14,9\u00a0mil<\/span><\/a><\/div>\n<div class=\"TweetInfo-timeGeo\"><a class=\"u-linkBlend u-url customisable-highlight long-permalink\" href=\"https:\/\/twitter.com\/jairbolsonaro\/status\/1188857519139119109\" data-datetime=\"2019-10-28T16:38:15+0000\" data-scribe=\"element:full_timestamp\"><time class=\"dt-updated\" title=\"Hor\u00e1rio da publica\u00e7\u00e3o: 28 de outubro de 2019 16:38:15 (UTC)\" datetime=\"2019-10-28T16:38:15+0000\">13:38 &#8211; 28 de out de 2019<\/time><\/a><\/div>\n<div class=\"tweet-InformationCircle\" data-scribe=\"element:notice\"><a class=\"Icon Icon--informationCircleWhite js-inViewportScribingTarget\" title=\"Informa\u00e7\u00f5es e privacidade no Twitter Ads\" href=\"https:\/\/support.twitter.com\/articles\/20175256\"><span class=\"u-hiddenVisually\">Informa\u00e7\u00f5es e privacidade no Twitter Ads<\/span><\/a><\/div>\n<\/div>\n<\/div>\n<\/blockquote>\n<\/div>\n<div class=\"CallToAction-icon\" data-scribe=\"element:conversation_icon\">\n<div class=\"Icon Icon--replyCTA \" title=\"Ver a conversa no Twitter\" role=\"img\" aria-label=\"Ver a conversa no Twitter\"><\/div>\n<\/div>\n<div class=\"CallToAction-text\" data-scribe=\"element:conversation_text\">2.490 pessoas est\u00e3o falando sobre isso<\/div>\n<div class=\"CallToAction-chevron\" data-scribe=\"element:cta_chevron\"><\/div>\n<\/div>\n<\/div>\n<div><\/div>\n<div>Fonte: Correio Brazilienze<\/div>\n","protected":false},"excerpt":{"rendered":"<p>Decis\u00e3o tem como objetivo atrair empresas estrangeiras para atuar no mercado de avia\u00e7\u00e3o brasileiro e gerar redu\u00e7\u00e3o nos curtos de transporte (foto: Ed Alves\/CB\/D.A Press) O ministro da Infraestrutura,\u00a0Tarc\u00edsio Gomes de Freitas, afirmou, nesta segunda-feira (28\/10), que o governo federal vai cortar a taxa extra cobrada para\u00a0embarque\u00a0nos\u00a0voos internacionais. O imposto equivale a U$ 18 (cerca [&hellip;]<\/p>\n","protected":false},"author":1,"featured_media":1827,"comment_status":"open","ping_status":"open","sticky":false,"template":"","format":"standard","meta":{"jetpack_post_was_ever_published":false,"_jetpack_newsletter_access":"","_jetpack_dont_email_post_to_subs":false,"_jetpack_newsletter_tier_id":0,"_jetpack_memberships_contains_paywalled_content":false,"_jetpack_memberships_contains_paid_content":false,"footnotes":"","jetpack_publicize_message":"","jetpack_publicize_feature_enabled":true,"jetpack_social_post_already_shared":true,"jetpack_social_options":{"image_generator_settings":{"template":"highway","default_image_id":0,"font":"","enabled":false},"version":2}},"categories":[22],"tags":[686,688,687],"class_list":["post-1825","post","type-post","status-publish","format-standard","has-post-thumbnail","hentry","category-geral","tag-aeroporto","tag-embarque","tag-tarifa"],"jetpack_publicize_connections":[],"jetpack_featured_media_url":"https:\/\/i0.wp.com\/cfcontabil.com\/cf\/wp-content\/uploads\/2019\/10\/Aeroporto_Brasilia_10_14.jpg?fit=640%2C427","jetpack_sharing_enabled":true,"jetpack_shortlink":"https:\/\/wp.me\/p2wklX-tr","jetpack-related-posts":[{"id":1156,"url":"http:\/\/cfcontabil.com\/cf\/governo-trabalha-para-reverter-mudancas-no-refis\/","url_meta":{"origin":1825,"position":0},"title":"Governo trabalha para reverter mudan\u00e7as no Refis","author":"Ab\u00edlio Gon\u00e7alves","date":"16 de maio de 2017","format":false,"excerpt":"O governo est\u00e1 trabalhando para reverter mudan\u00e7as no Programa de Regulariza\u00e7\u00e3o Tribut\u00e1ria, esp\u00e9cie de Refis, para parcelamento de d\u00edvidas com a Secretaria da Receita Federal do Brasil e a Procuradoria-Geral da Fazenda Nacional. A afirma\u00e7\u00e3o \u00e9 o ministro da Fazenda, Henrique Meirelles, ap\u00f3s participar hoje (11) do programa Agora Brasil,\u2026","rel":"","context":"Em &quot;Departamento Fiscal&quot;","block_context":{"text":"Departamento Fiscal","link":"http:\/\/cfcontabil.com\/cf\/category\/df\/"},"img":{"alt_text":"","src":"https:\/\/i0.wp.com\/cfcontabil.com\/cf\/wp-content\/uploads\/2016\/03\/dinheiro-1.jpg?fit=661%2C351&resize=350%2C200","width":350,"height":200,"srcset":"https:\/\/i0.wp.com\/cfcontabil.com\/cf\/wp-content\/uploads\/2016\/03\/dinheiro-1.jpg?fit=661%2C351&resize=350%2C200 1x, https:\/\/i0.wp.com\/cfcontabil.com\/cf\/wp-content\/uploads\/2016\/03\/dinheiro-1.jpg?fit=661%2C351&resize=525%2C300 1.5x"},"classes":[]},{"id":2267,"url":"http:\/\/cfcontabil.com\/cf\/coronavirus-governo-libera-o-funcionamento-de-oticas-no-df\/","url_meta":{"origin":1825,"position":1},"title":"Coronav\u00edrus: governo libera o funcionamento de \u00f3ticas no DF","author":"Ab\u00edlio Gon\u00e7alves","date":"15 de abril de 2020","format":false,"excerpt":"Decreto que permite a abertura das lojas foi publicado em edi\u00e7\u00e3o extra do Di\u00e1rio Oficial dessa ter\u00e7a-feira (14\/04) O Governo do Distrito Federal (GDF)\u00a0liberou a abertura de \u00f3ticas durante o per\u00edodo de restri\u00e7\u00f5es ao com\u00e9rcio decorrentes da\u00a0pandemia do novo coronav\u00edrus. A medida foi publicada em edi\u00e7\u00e3o extra do Di\u00e1rio Oficial\u2026","rel":"","context":"Em &quot;Geral&quot;","block_context":{"text":"Geral","link":"http:\/\/cfcontabil.com\/cf\/category\/geral\/"},"img":{"alt_text":"","src":"https:\/\/i0.wp.com\/cfcontabil.com\/cf\/wp-content\/uploads\/2020\/04\/otica-960x640-1.jpg?fit=960%2C640&resize=350%2C200","width":350,"height":200,"srcset":"https:\/\/i0.wp.com\/cfcontabil.com\/cf\/wp-content\/uploads\/2020\/04\/otica-960x640-1.jpg?fit=960%2C640&resize=350%2C200 1x, https:\/\/i0.wp.com\/cfcontabil.com\/cf\/wp-content\/uploads\/2020\/04\/otica-960x640-1.jpg?fit=960%2C640&resize=525%2C300 1.5x, https:\/\/i0.wp.com\/cfcontabil.com\/cf\/wp-content\/uploads\/2020\/04\/otica-960x640-1.jpg?fit=960%2C640&resize=700%2C400 2x"},"classes":[]},{"id":1983,"url":"http:\/\/cfcontabil.com\/cf\/governo-altera-cronograma-do-esocial\/","url_meta":{"origin":1825,"position":2},"title":"Governo altera cronograma do eSocial","author":"Ab\u00edlio Gon\u00e7alves","date":"6 de dezembro de 2019","format":false,"excerpt":"O adiamento acontecer\u00e1 em raz\u00e3o de mudan\u00e7as decorrentes da simplifica\u00e7\u00e3o do eSocial Adiamento abranger\u00e1 os eventos de folha de pagamento para o Grupo 3 (micro e pequenas empresas, MEI, empregadores pessoas f\u00edsicas e entidades sem fins lucrativos), eventos de SST para o Grupo 1 (empresas com faturamento superior a R$78\u2026","rel":"","context":"Em &quot;Departamento Pessoal&quot;","block_context":{"text":"Departamento Pessoal","link":"http:\/\/cfcontabil.com\/cf\/category\/dp\/"},"img":{"alt_text":"","src":"https:\/\/i0.wp.com\/cfcontabil.com\/cf\/wp-content\/uploads\/2018\/10\/esocial-24-09-2-750x430-1.jpg?fit=750%2C430&resize=350%2C200","width":350,"height":200,"srcset":"https:\/\/i0.wp.com\/cfcontabil.com\/cf\/wp-content\/uploads\/2018\/10\/esocial-24-09-2-750x430-1.jpg?fit=750%2C430&resize=350%2C200 1x, https:\/\/i0.wp.com\/cfcontabil.com\/cf\/wp-content\/uploads\/2018\/10\/esocial-24-09-2-750x430-1.jpg?fit=750%2C430&resize=525%2C300 1.5x, https:\/\/i0.wp.com\/cfcontabil.com\/cf\/wp-content\/uploads\/2018\/10\/esocial-24-09-2-750x430-1.jpg?fit=750%2C430&resize=700%2C400 2x"},"classes":[]},{"id":2275,"url":"http:\/\/cfcontabil.com\/cf\/gdf-determina-abertura-de-novos-espacos\/","url_meta":{"origin":1825,"position":3},"title":"GDF determina abertura de novos espa\u00e7os","author":"Ab\u00edlio Gon\u00e7alves","date":"22 de abril de 2020","format":false,"excerpt":"Medida publicada em edi\u00e7\u00e3o extra do DODF desta quarta-feira (22), libera reabertura de escrit\u00f3rios de advocacia, contabilidade, engenharia e arquitetura, al\u00e9m de imobili\u00e1rias Escrit\u00f3rios de advocacia, contabilidade, engenharia e arquitetura passam a funcionar a partir de hoje (22). Decreto liberando as atividades desses setores foi publicado na tarde desta quarta-feira\u2026","rel":"","context":"Em &quot;Geral&quot;","block_context":{"text":"Geral","link":"http:\/\/cfcontabil.com\/cf\/category\/geral\/"},"img":{"alt_text":"","src":"https:\/\/i0.wp.com\/cfcontabil.com\/cf\/wp-content\/uploads\/2020\/04\/abertura_contabilidade_blog.jpeg?fit=1200%2C675&resize=350%2C200","width":350,"height":200,"srcset":"https:\/\/i0.wp.com\/cfcontabil.com\/cf\/wp-content\/uploads\/2020\/04\/abertura_contabilidade_blog.jpeg?fit=1200%2C675&resize=350%2C200 1x, https:\/\/i0.wp.com\/cfcontabil.com\/cf\/wp-content\/uploads\/2020\/04\/abertura_contabilidade_blog.jpeg?fit=1200%2C675&resize=525%2C300 1.5x, https:\/\/i0.wp.com\/cfcontabil.com\/cf\/wp-content\/uploads\/2020\/04\/abertura_contabilidade_blog.jpeg?fit=1200%2C675&resize=700%2C400 2x, https:\/\/i0.wp.com\/cfcontabil.com\/cf\/wp-content\/uploads\/2020\/04\/abertura_contabilidade_blog.jpeg?fit=1200%2C675&resize=1050%2C600 3x"},"classes":[]},{"id":2289,"url":"http:\/\/cfcontabil.com\/cf\/multa-para-quem-circular-sem-mascara-no-df-so-sera-aplicada-em-11-de-maio\/","url_meta":{"origin":1825,"position":4},"title":"Multa para quem circular sem m\u00e1scara no DF s\u00f3 ser\u00e1 aplicada em 11 de maio","author":"Ab\u00edlio Gon\u00e7alves","date":"30 de abril de 2020","format":false,"excerpt":"Secretaria de Governo distribuir\u00e1 m\u00e1scaras a partir de hoje (30\/4) em diversos terminais e nas esta\u00e7\u00f5es de metr\u00f4. A Companhia do Metropolitano do Distrito Federal (Metr\u00f4-DF) divulgou que ser\u00e1 exigido o uso de m\u00e1scaras por todos os usu\u00e1rios para o acesso aos trens e esta\u00e7\u00f5es a partir desta quinta-feira (30).\u2026","rel":"","context":"Em &quot;Geral&quot;","block_context":{"text":"Geral","link":"http:\/\/cfcontabil.com\/cf\/category\/geral\/"},"img":{"alt_text":"","src":"https:\/\/i0.wp.com\/cfcontabil.com\/cf\/wp-content\/uploads\/2020\/04\/uso-de-mascaras.jpeg?fit=1200%2C675&resize=350%2C200","width":350,"height":200,"srcset":"https:\/\/i0.wp.com\/cfcontabil.com\/cf\/wp-content\/uploads\/2020\/04\/uso-de-mascaras.jpeg?fit=1200%2C675&resize=350%2C200 1x, https:\/\/i0.wp.com\/cfcontabil.com\/cf\/wp-content\/uploads\/2020\/04\/uso-de-mascaras.jpeg?fit=1200%2C675&resize=525%2C300 1.5x, https:\/\/i0.wp.com\/cfcontabil.com\/cf\/wp-content\/uploads\/2020\/04\/uso-de-mascaras.jpeg?fit=1200%2C675&resize=700%2C400 2x, https:\/\/i0.wp.com\/cfcontabil.com\/cf\/wp-content\/uploads\/2020\/04\/uso-de-mascaras.jpeg?fit=1200%2C675&resize=1050%2C600 3x"},"classes":[]},{"id":1222,"url":"http:\/\/cfcontabil.com\/cf\/ministro-garante-que-modernizacao-da-clt-mantem-direitos-dos-trabalhadores\/","url_meta":{"origin":1825,"position":5},"title":"Ministro garante que moderniza\u00e7\u00e3o da CLT mant\u00e9m direitos dos trabalhadores","author":"Ab\u00edlio Gon\u00e7alves","date":"24 de fevereiro de 2017","format":false,"excerpt":"O ministro do Trabalho, Ronaldo Nogueira, garantiu nesta quinta-feira (16) que a proposta de moderniza\u00e7\u00e3o das leis trabalhistas enviada pelo governo federal ao Congresso Nacional assegura os direitos dos trabalhadores. Durante audi\u00eancia da Comiss\u00e3o Especial da Reforma Trabalhista da C\u00e2mara dos Deputados, ele explicou aos parlamentares que o projeto n\u00e3o\u2026","rel":"","context":"Em &quot;Departamento Pessoal&quot;","block_context":{"text":"Departamento Pessoal","link":"http:\/\/cfcontabil.com\/cf\/category\/dp\/"},"img":{"alt_text":"","src":"https:\/\/i0.wp.com\/cfcontabil.com\/cf\/wp-content\/uploads\/2017\/02\/ctps-digital-1.jpg?fit=1200%2C627&resize=350%2C200","width":350,"height":200,"srcset":"https:\/\/i0.wp.com\/cfcontabil.com\/cf\/wp-content\/uploads\/2017\/02\/ctps-digital-1.jpg?fit=1200%2C627&resize=350%2C200 1x, https:\/\/i0.wp.com\/cfcontabil.com\/cf\/wp-content\/uploads\/2017\/02\/ctps-digital-1.jpg?fit=1200%2C627&resize=525%2C300 1.5x, https:\/\/i0.wp.com\/cfcontabil.com\/cf\/wp-content\/uploads\/2017\/02\/ctps-digital-1.jpg?fit=1200%2C627&resize=700%2C400 2x, https:\/\/i0.wp.com\/cfcontabil.com\/cf\/wp-content\/uploads\/2017\/02\/ctps-digital-1.jpg?fit=1200%2C627&resize=1050%2C600 3x"},"classes":[]}],"jetpack_likes_enabled":true,"_links":{"self":[{"href":"http:\/\/cfcontabil.com\/cf\/wp-json\/wp\/v2\/posts\/1825","targetHints":{"allow":["GET"]}}],"collection":[{"href":"http:\/\/cfcontabil.com\/cf\/wp-json\/wp\/v2\/posts"}],"about":[{"href":"http:\/\/cfcontabil.com\/cf\/wp-json\/wp\/v2\/types\/post"}],"author":[{"embeddable":true,"href":"http:\/\/cfcontabil.com\/cf\/wp-json\/wp\/v2\/users\/1"}],"replies":[{"embeddable":true,"href":"http:\/\/cfcontabil.com\/cf\/wp-json\/wp\/v2\/comments?post=1825"}],"version-history":[{"count":1,"href":"http:\/\/cfcontabil.com\/cf\/wp-json\/wp\/v2\/posts\/1825\/revisions"}],"predecessor-version":[{"id":1829,"href":"http:\/\/cfcontabil.com\/cf\/wp-json\/wp\/v2\/posts\/1825\/revisions\/1829"}],"wp:featuredmedia":[{"embeddable":true,"href":"http:\/\/cfcontabil.com\/cf\/wp-json\/wp\/v2\/media\/1827"}],"wp:attachment":[{"href":"http:\/\/cfcontabil.com\/cf\/wp-json\/wp\/v2\/media?parent=1825"}],"wp:term":[{"taxonomy":"category","embeddable":true,"href":"http:\/\/cfcontabil.com\/cf\/wp-json\/wp\/v2\/categories?post=1825"},{"taxonomy":"post_tag","embeddable":true,"href":"http:\/\/cfcontabil.com\/cf\/wp-json\/wp\/v2\/tags?post=1825"}],"curies":[{"name":"wp","href":"https:\/\/api.w.org\/{rel}","templated":true}]}}