{"id":1835,"date":"2019-10-30T07:45:48","date_gmt":"2019-10-30T10:45:48","guid":{"rendered":"http:\/\/cfcontabil.com\/cf\/?p=1835"},"modified":"2019-10-30T07:45:48","modified_gmt":"2019-10-30T10:45:48","slug":"empresarios-mais-confiantes-e-com-intencao-de-contratar","status":"publish","type":"post","link":"http:\/\/cfcontabil.com\/cf\/empresarios-mais-confiantes-e-com-intencao-de-contratar\/","title":{"rendered":"Empres\u00e1rios: mais confiantes e com inten\u00e7\u00e3o de contratar"},"content":{"rendered":"<p>Indicador da FecomercioSP registrou a segunda alta consecutiva em outubro, puxada pela queda dos juros com tend\u00eancia de redu\u00e7\u00e3o devido \u00e0 Reforma da Previd\u00eancia<\/p>\n<p><a href=\"https:\/\/i0.wp.com\/cfcontabil.com\/cf\/wp-content\/uploads\/2017\/01\/CTPStrabalho-1.jpg\"><img data-recalc-dims=\"1\" fetchpriority=\"high\" decoding=\"async\" data-attachment-id=\"857\" data-permalink=\"http:\/\/cfcontabil.com\/cf\/empresarios-mais-confiantes-e-com-intencao-de-contratar\/ctpstrabalho\/\" data-orig-file=\"https:\/\/i0.wp.com\/cfcontabil.com\/cf\/wp-content\/uploads\/2017\/01\/CTPStrabalho-1.jpg?fit=4600%2C2995\" data-orig-size=\"4600,2995\" data-comments-opened=\"1\" data-image-meta=\"{&quot;aperture&quot;:&quot;2&quot;,&quot;credit&quot;:&quot;&quot;,&quot;camera&quot;:&quot;X10&quot;,&quot;caption&quot;:&quot;05-06-2014 - S\\u00e3o Paulo - O MPT-RJ (Minist\\u00e9rio P\\u00fablico do Trabalho no Rio de Janeiro) entrou com a\\u00e7\\u00e3o civil p\\u00fablica pedindo que todos os selecionados para o programa de trabalho volunt\\u00e1rio da Fifa para a Copa do Mundo sejam contratados com carteira de trabalho assinada. Foto Rafael Neddermeyer\/ Fotos Publicas&quot;,&quot;created_timestamp&quot;:&quot;1401981185&quot;,&quot;copyright&quot;:&quot;&quot;,&quot;focal_length&quot;:&quot;7.1&quot;,&quot;iso&quot;:&quot;400&quot;,&quot;shutter_speed&quot;:&quot;0.0025&quot;,&quot;title&quot;:&quot;&quot;,&quot;orientation&quot;:&quot;0&quot;}\" data-image-title=\"CTPStrabalho\" data-image-description=\"\" data-image-caption=\"&lt;p&gt;05-06-2014 &amp;#8211; S\u00e3o Paulo &amp;#8211; O MPT-RJ (Minist\u00e9rio P\u00fablico do Trabalho no Rio de Janeiro) entrou com a\u00e7\u00e3o civil p\u00fablica pedindo que todos os selecionados para o programa de trabalho volunt\u00e1rio da Fifa para a Copa do Mundo sejam contratados com carteira de trabalho assinada. Foto Rafael Neddermeyer\/ Fotos Publicas&lt;\/p&gt;\n\" data-large-file=\"https:\/\/i0.wp.com\/cfcontabil.com\/cf\/wp-content\/uploads\/2017\/01\/CTPStrabalho-1.jpg?fit=1024%2C667\" class=\"size-full wp-image-857\" src=\"https:\/\/i0.wp.com\/cfcontabil.com\/cf\/wp-content\/uploads\/2017\/01\/CTPStrabalho-1.jpg?resize=1170%2C762\" alt=\"\" width=\"1170\" height=\"762\" srcset=\"https:\/\/i0.wp.com\/cfcontabil.com\/cf\/wp-content\/uploads\/2017\/01\/CTPStrabalho-1.jpg?w=4600 4600w, https:\/\/i0.wp.com\/cfcontabil.com\/cf\/wp-content\/uploads\/2017\/01\/CTPStrabalho-1.jpg?resize=300%2C195 300w, https:\/\/i0.wp.com\/cfcontabil.com\/cf\/wp-content\/uploads\/2017\/01\/CTPStrabalho-1.jpg?resize=768%2C500 768w, https:\/\/i0.wp.com\/cfcontabil.com\/cf\/wp-content\/uploads\/2017\/01\/CTPStrabalho-1.jpg?resize=1024%2C667 1024w, https:\/\/i0.wp.com\/cfcontabil.com\/cf\/wp-content\/uploads\/2017\/01\/CTPStrabalho-1.jpg?resize=370%2C241 370w, https:\/\/i0.wp.com\/cfcontabil.com\/cf\/wp-content\/uploads\/2017\/01\/CTPStrabalho-1.jpg?resize=770%2C501 770w, https:\/\/i0.wp.com\/cfcontabil.com\/cf\/wp-content\/uploads\/2017\/01\/CTPStrabalho-1.jpg?w=2340 2340w, https:\/\/i0.wp.com\/cfcontabil.com\/cf\/wp-content\/uploads\/2017\/01\/CTPStrabalho-1.jpg?w=3510 3510w\" sizes=\"(max-width: 1170px) 100vw, 1170px\" \/><\/a><\/p>\n<p>A\u00a0confian\u00e7a\u00a0do empres\u00e1rio registrou a segunda alta consecutiva em outubro (2,7%) ao passar de 115,3 pontos, em setembro, para os atuais 118,4. Na compara\u00e7\u00e3o com o mesmo per\u00edodo do ano passado, a eleva\u00e7\u00e3o foi ainda maior, 15,4%. Os dados s\u00e3o da FecomercioSP.<\/p>\n<p>Assim, tamb\u00e9m houve aquecimento nas inten\u00e7\u00f5es dos empreendedores ao realizarem novas contrata\u00e7\u00f5es. Al\u00e9m disso, o \u00cdndice de Expans\u00e3o do Com\u00e9rcio (IEC) da entidade subiu 5,8% em outubro \u2013 111,7 pontos ante os 105,6 do m\u00eas anterior, o maior patamar desde janeiro de 2014. Em rela\u00e7\u00e3o a outubro de 2018, a alta foi de 17,9%.<\/p>\n<p>Segundo a FecomercioSP, os resultados positivos s\u00e3o reflexo da queda dos juros, com tend\u00eancia de mais redu\u00e7\u00e3o com a aprova\u00e7\u00e3o da Reforma da Previd\u00eancia. Como consequ\u00eancia, a inten\u00e7\u00e3o de gerar emprego (7,2%) e investir (3,7%) aumentam, visto que, com juros menores, a rela\u00e7\u00e3o d\u00edvida\/PIB fica est\u00e1vel.<\/p>\n<p>Um dos destaques de outubro foi o item contrata\u00e7\u00e3o de funcion\u00e1rios, que obteve sua segunda alta seguida, passando de 122,9 pontos, em setembro, para 131,8, em outubro, atingindo o maior n\u00edvel desde janeiro deste ano e a maior pontua\u00e7\u00e3o registrada para os meses de outubro desde 2013.<\/p>\n<p>Com essa melhora do cen\u00e1rio econ\u00f4mico, as institui\u00e7\u00f5es financeiras t\u00eam liberado mais cr\u00e9dito, e a recomenda\u00e7\u00e3o ao empres\u00e1rio, agora, \u00e9 converter vendas do carn\u00ea para o cart\u00e3o de cr\u00e9dito, destaca a entidade. O momento \u00e9 de aproveitar as ofertas das\u00a0maquininhas\u00a0que t\u00eam cobrado taxas menores e antecipado os pagamentos, mantendo, assim, o giro do fluxo de caixa.<\/p>\n<p>A tend\u00eancia \u00e9 que o com\u00e9rcio feche o ano com n\u00fameros melhores do que em 2018, contudo, a FecomercioSP sugere cautela com a oscila\u00e7\u00e3o do d\u00f3lar para empresas que trabalham com mat\u00e9rias-primas e produtos importados. A dica \u00e9 tentar n\u00e3o repassar aumentos para os consumidores, ainda que seja preciso reduzir a margem de lucro.<\/p>\n<p>Fonte: Di\u00e1rio do Com\u00e9rcio<\/p>\n","protected":false},"excerpt":{"rendered":"<p>Indicador da FecomercioSP registrou a segunda alta consecutiva em outubro, puxada pela queda dos juros com tend\u00eancia de redu\u00e7\u00e3o devido \u00e0 Reforma da Previd\u00eancia A\u00a0confian\u00e7a\u00a0do empres\u00e1rio registrou a segunda alta consecutiva em outubro (2,7%) ao passar de 115,3 pontos, em setembro, para os atuais 118,4. Na compara\u00e7\u00e3o com o mesmo per\u00edodo do ano passado, a [&hellip;]<\/p>\n","protected":false},"author":1,"featured_media":1836,"comment_status":"open","ping_status":"open","sticky":false,"template":"","format":"standard","meta":{"jetpack_post_was_ever_published":false,"_jetpack_newsletter_access":"","_jetpack_dont_email_post_to_subs":false,"_jetpack_newsletter_tier_id":0,"_jetpack_memberships_contains_paywalled_content":false,"_jetpack_memberships_contains_paid_content":false,"footnotes":"","jetpack_publicize_message":"","jetpack_publicize_feature_enabled":true,"jetpack_social_post_already_shared":true,"jetpack_social_options":{"image_generator_settings":{"template":"highway","default_image_id":0,"font":"","enabled":false},"version":2}},"categories":[60],"tags":[692,691,235,169],"class_list":["post-1835","post","type-post","status-publish","format-standard","has-post-thumbnail","hentry","category-consultoria","tag-confianca","tag-contratacao","tag-emprego","tag-empresario"],"jetpack_publicize_connections":[],"jetpack_featured_media_url":"https:\/\/i0.wp.com\/cfcontabil.com\/cf\/wp-content\/uploads\/2019\/10\/empresarios.jpg?fit=640%2C433","jetpack_sharing_enabled":true,"jetpack_shortlink":"https:\/\/wp.me\/p2wklX-tB","jetpack-related-posts":[{"id":2093,"url":"http:\/\/cfcontabil.com\/cf\/confianca-do-empresario-do-comercio-tem-melhora-janeiro-desde-2013\/","url_meta":{"origin":1835,"position":0},"title":"Confian\u00e7a do empres\u00e1rio do com\u00e9rcio aumentou em janeiro desde 2013","author":"Ab\u00edlio Gon\u00e7alves","date":"20 de janeiro de 2020","format":false,"excerpt":"Com crescimento mensal de 2%, Icec chega \u00e0 quinta alta seguida no primeiro m\u00eas de 2020 A confian\u00e7a do empres\u00e1rio do com\u00e9rcio apresentou a quinta alta consecutiva em janeiro de 2020, de acordo com o \u00cdndice de Confian\u00e7a do Empres\u00e1rio do Com\u00e9rcio (Icec), medido pela Confedera\u00e7\u00e3o Nacional do Com\u00e9rcio de\u2026","rel":"","context":"Em &quot;Consultoria Empresarial&quot;","block_context":{"text":"Consultoria Empresarial","link":"http:\/\/cfcontabil.com\/cf\/category\/consultoria\/"},"img":{"alt_text":"","src":"https:\/\/i0.wp.com\/cfcontabil.com\/cf\/wp-content\/uploads\/2020\/01\/loja-ciclista-bicicleta.jpg?fit=733%2C458&resize=350%2C200","width":350,"height":200,"srcset":"https:\/\/i0.wp.com\/cfcontabil.com\/cf\/wp-content\/uploads\/2020\/01\/loja-ciclista-bicicleta.jpg?fit=733%2C458&resize=350%2C200 1x, https:\/\/i0.wp.com\/cfcontabil.com\/cf\/wp-content\/uploads\/2020\/01\/loja-ciclista-bicicleta.jpg?fit=733%2C458&resize=525%2C300 1.5x, https:\/\/i0.wp.com\/cfcontabil.com\/cf\/wp-content\/uploads\/2020\/01\/loja-ciclista-bicicleta.jpg?fit=733%2C458&resize=700%2C400 2x"},"classes":[]},{"id":2615,"url":"http:\/\/cfcontabil.com\/cf\/comercio-e-servicos-do-df-reagem-a-crise-e-voltam-a-contratar\/","url_meta":{"origin":1835,"position":1},"title":"Com\u00e9rcio e servi\u00e7os do DF reagem \u00e0 crise e voltam a contratar","author":"Ab\u00edlio Gon\u00e7alves","date":"9 de agosto de 2021","format":false,"excerpt":"O n\u00famero de empregados aumentou 12,3% em junho de 2021, se comparado ao mesmo per\u00edodo do ano passado Governo e empres\u00e1rios est\u00e3o animados porque, finalmente, o com\u00e9rcio e os servi\u00e7os est\u00e3o se recuperando, segundo empregadores, depois de um longo tempo em recess\u00e3o. O aquecimento desses setores gerou 24 mil novos\u2026","rel":"","context":"Em &quot;Geral&quot;","block_context":{"text":"Geral","link":"http:\/\/cfcontabil.com\/cf\/category\/geral\/"},"img":{"alt_text":"","src":"https:\/\/i0.wp.com\/cfcontabil.com\/cf\/wp-content\/uploads\/2017\/05\/carteira-de-trabalho-1.jpg?fit=590%2C302&resize=350%2C200","width":350,"height":200,"srcset":"https:\/\/i0.wp.com\/cfcontabil.com\/cf\/wp-content\/uploads\/2017\/05\/carteira-de-trabalho-1.jpg?fit=590%2C302&resize=350%2C200 1x, https:\/\/i0.wp.com\/cfcontabil.com\/cf\/wp-content\/uploads\/2017\/05\/carteira-de-trabalho-1.jpg?fit=590%2C302&resize=525%2C300 1.5x"},"classes":[]},{"id":1944,"url":"http:\/\/cfcontabil.com\/cf\/brasil-cria-mais-de-70-mil-novos-empregos-formais-em-outubro\/","url_meta":{"origin":1835,"position":2},"title":"Brasil cria mais de 70 mil novos empregos formais em outubro","author":"Ab\u00edlio Gon\u00e7alves","date":"22 de novembro de 2019","format":false,"excerpt":"Os n\u00fameros, divulgados pelo Minist\u00e9rio da Economia nesta quinta-feira (21\/11), mostram o s\u00e9timo m\u00eas consecutivo de saldo positivo para o mercado de trabalho formal O Cadastro Geral de Empregados e Desempregados (Caged) registrou 70.852 novos trabalhadores por carteira assinada em outubro, na compara\u00e7\u00e3o com o m\u00eas anterior. O resultado \u00e9\u2026","rel":"","context":"Em &quot;Departamento Pessoal&quot;","block_context":{"text":"Departamento Pessoal","link":"http:\/\/cfcontabil.com\/cf\/category\/dp\/"},"img":{"alt_text":"","src":"https:\/\/i0.wp.com\/cfcontabil.com\/cf\/wp-content\/uploads\/2019\/11\/carteira-trabalho.jpg?fit=826%2C371&resize=350%2C200","width":350,"height":200,"srcset":"https:\/\/i0.wp.com\/cfcontabil.com\/cf\/wp-content\/uploads\/2019\/11\/carteira-trabalho.jpg?fit=826%2C371&resize=350%2C200 1x, https:\/\/i0.wp.com\/cfcontabil.com\/cf\/wp-content\/uploads\/2019\/11\/carteira-trabalho.jpg?fit=826%2C371&resize=525%2C300 1.5x, https:\/\/i0.wp.com\/cfcontabil.com\/cf\/wp-content\/uploads\/2019\/11\/carteira-trabalho.jpg?fit=826%2C371&resize=700%2C400 2x"},"classes":[]},{"id":2372,"url":"http:\/\/cfcontabil.com\/cf\/outubro-tem-saldo-de-mais-de-231-mil-novas-empresas-abertas-no-pais\/","url_meta":{"origin":1835,"position":3},"title":"Outubro tem saldo de mais de 231 mil novas empresas abertas no pa\u00eds","author":"Ab\u00edlio Gon\u00e7alves","date":"10 de novembro de 2020","format":false,"excerpt":"Segundo o Mapa de Empresas, do Minist\u00e9rio da Economia, foram abertas 320.559 firmas e 89.306 fecharam. Tempo m\u00e9dio da burocracia diminuiu: menos de tr\u00eas dias O Mapa de Empresas, ferramenta digital do Minist\u00e9rio da Economia que acompanha dados sobre registro empresarial no Brasil, apontou que, em outubro, houve saldo positivo\u2026","rel":"","context":"Em &quot;Consultoria Empresarial&quot;","block_context":{"text":"Consultoria Empresarial","link":"http:\/\/cfcontabil.com\/cf\/category\/consultoria\/"},"img":{"alt_text":"","src":"https:\/\/i0.wp.com\/cfcontabil.com\/cf\/wp-content\/uploads\/2019\/12\/abertura-de-Empresas.jpg?fit=1080%2C640&resize=350%2C200","width":350,"height":200,"srcset":"https:\/\/i0.wp.com\/cfcontabil.com\/cf\/wp-content\/uploads\/2019\/12\/abertura-de-Empresas.jpg?fit=1080%2C640&resize=350%2C200 1x, https:\/\/i0.wp.com\/cfcontabil.com\/cf\/wp-content\/uploads\/2019\/12\/abertura-de-Empresas.jpg?fit=1080%2C640&resize=525%2C300 1.5x, https:\/\/i0.wp.com\/cfcontabil.com\/cf\/wp-content\/uploads\/2019\/12\/abertura-de-Empresas.jpg?fit=1080%2C640&resize=700%2C400 2x, https:\/\/i0.wp.com\/cfcontabil.com\/cf\/wp-content\/uploads\/2019\/12\/abertura-de-Empresas.jpg?fit=1080%2C640&resize=1050%2C600 3x"},"classes":[]},{"id":1871,"url":"http:\/\/cfcontabil.com\/cf\/impostos-dificultam-pequenos-e-medios-negocios-dizem-empresarios\/","url_meta":{"origin":1835,"position":4},"title":"Impostos dificultam pequenos e m\u00e9dios neg\u00f3cios, dizem empres\u00e1rios","author":"Ab\u00edlio Gon\u00e7alves","date":"11 de novembro de 2019","format":false,"excerpt":"Levantamento foi realizado pelo Inper com 1.287 empreendedores A carga tribut\u00e1ria \u00e9 o principal entrave para a evolu\u00e7\u00e3o de pequenos e m\u00e9dios neg\u00f3cios no Brasil. A avalia\u00e7\u00e3o de empreendedores dos setores de com\u00e9rcio, ind\u00fastria e servi\u00e7os consta de levantamento realizado pelo Centro de Estudos em Neg\u00f3cios do Insper, com apoio\u2026","rel":"","context":"Em &quot;Departamento Fiscal&quot;","block_context":{"text":"Departamento Fiscal","link":"http:\/\/cfcontabil.com\/cf\/category\/df\/"},"img":{"alt_text":"","src":"https:\/\/i0.wp.com\/cfcontabil.com\/cf\/wp-content\/uploads\/2019\/10\/imposto.jpg?fit=715%2C300&resize=350%2C200","width":350,"height":200,"srcset":"https:\/\/i0.wp.com\/cfcontabil.com\/cf\/wp-content\/uploads\/2019\/10\/imposto.jpg?fit=715%2C300&resize=350%2C200 1x, https:\/\/i0.wp.com\/cfcontabil.com\/cf\/wp-content\/uploads\/2019\/10\/imposto.jpg?fit=715%2C300&resize=525%2C300 1.5x, https:\/\/i0.wp.com\/cfcontabil.com\/cf\/wp-content\/uploads\/2019\/10\/imposto.jpg?fit=715%2C300&resize=700%2C400 2x"},"classes":[]},{"id":1960,"url":"http:\/\/cfcontabil.com\/cf\/donos-de-pequenos-negocios-apontam-melhoria-do-acesso-ao-credito\/","url_meta":{"origin":1835,"position":5},"title":"Donos de pequenos neg\u00f3cios apontam melhoria do acesso ao cr\u00e9dito","author":"Ab\u00edlio Gon\u00e7alves","date":"28 de novembro de 2019","format":false,"excerpt":"Pesquisa realizada pelo Sebrae mostra que mais empres\u00e1rios buscaram empr\u00e9stimos em 2019 e que houve melhora na avalia\u00e7\u00e3o do sistema financeiro A melhora dos \u00edndices de confian\u00e7a dos empres\u00e1rios brasileiros, identificada na Sondagem Conjuntural realizada pelo Sebrae, contribui para que os donos de pequenos neg\u00f3cios retomem o interesse em buscar\u2026","rel":"","context":"Em &quot;Consultoria Empresarial&quot;","block_context":{"text":"Consultoria Empresarial","link":"http:\/\/cfcontabil.com\/cf\/category\/consultoria\/"},"img":{"alt_text":"","src":"https:\/\/i0.wp.com\/cfcontabil.com\/cf\/wp-content\/uploads\/2019\/11\/pequenos-neg%C3%B3cios.jpg?fit=600%2C310&resize=350%2C200","width":350,"height":200,"srcset":"https:\/\/i0.wp.com\/cfcontabil.com\/cf\/wp-content\/uploads\/2019\/11\/pequenos-neg%C3%B3cios.jpg?fit=600%2C310&resize=350%2C200 1x, https:\/\/i0.wp.com\/cfcontabil.com\/cf\/wp-content\/uploads\/2019\/11\/pequenos-neg%C3%B3cios.jpg?fit=600%2C310&resize=525%2C300 1.5x"},"classes":[]}],"jetpack_likes_enabled":true,"_links":{"self":[{"href":"http:\/\/cfcontabil.com\/cf\/wp-json\/wp\/v2\/posts\/1835","targetHints":{"allow":["GET"]}}],"collection":[{"href":"http:\/\/cfcontabil.com\/cf\/wp-json\/wp\/v2\/posts"}],"about":[{"href":"http:\/\/cfcontabil.com\/cf\/wp-json\/wp\/v2\/types\/post"}],"author":[{"embeddable":true,"href":"http:\/\/cfcontabil.com\/cf\/wp-json\/wp\/v2\/users\/1"}],"replies":[{"embeddable":true,"href":"http:\/\/cfcontabil.com\/cf\/wp-json\/wp\/v2\/comments?post=1835"}],"version-history":[{"count":1,"href":"http:\/\/cfcontabil.com\/cf\/wp-json\/wp\/v2\/posts\/1835\/revisions"}],"predecessor-version":[{"id":1837,"href":"http:\/\/cfcontabil.com\/cf\/wp-json\/wp\/v2\/posts\/1835\/revisions\/1837"}],"wp:featuredmedia":[{"embeddable":true,"href":"http:\/\/cfcontabil.com\/cf\/wp-json\/wp\/v2\/media\/1836"}],"wp:attachment":[{"href":"http:\/\/cfcontabil.com\/cf\/wp-json\/wp\/v2\/media?parent=1835"}],"wp:term":[{"taxonomy":"category","embeddable":true,"href":"http:\/\/cfcontabil.com\/cf\/wp-json\/wp\/v2\/categories?post=1835"},{"taxonomy":"post_tag","embeddable":true,"href":"http:\/\/cfcontabil.com\/cf\/wp-json\/wp\/v2\/tags?post=1835"}],"curies":[{"name":"wp","href":"https:\/\/api.w.org\/{rel}","templated":true}]}}