{"id":1859,"date":"2019-11-07T15:52:41","date_gmt":"2019-11-07T18:52:41","guid":{"rendered":"http:\/\/cfcontabil.com\/cf\/?p=1859"},"modified":"2019-11-07T15:53:43","modified_gmt":"2019-11-07T18:53:43","slug":"df-igrejas-serao-cadastradas-para-ter-isencao-de-impostos","status":"publish","type":"post","link":"http:\/\/cfcontabil.com\/cf\/df-igrejas-serao-cadastradas-para-ter-isencao-de-impostos\/","title":{"rendered":"DF: igrejas ser\u00e3o cadastradas para ter isen\u00e7\u00e3o de impostos"},"content":{"rendered":"<div class=\"m-head-single\">\n<h2 class=\"m-resume-single\">Governo criou o Cadastro de Templo Religiosos (CTR) a fim de regularizar a concess\u00e3o de imunidade tribut\u00e1ria a entidades de Bras\u00edlia<\/h2>\n<\/div>\n<div class=\"m-image-single \"><picture class=\"\"><source srcset=\"https:\/\/uploads.metropoles.com\/wp-content\/uploads\/2019\/10\/01182942\/Anexo-Pal%C3%A1cio-do-Buriti1-450x300.jpeg\" media=\"(max-width: 767px)\"><img data-recalc-dims=\"1\" decoding=\"async\" class=\"initial loaded\" src=\"https:\/\/i0.wp.com\/uploads.metropoles.com\/wp-content\/uploads\/2019\/10\/01182942\/Anexo-Pal%C3%A1cio-do-Buriti1.jpeg?w=1170&#038;ssl=1\" alt=\"Igo Estrela\/Metr\u00f3poles\" data-src=\"https:\/\/uploads.metropoles.com\/wp-content\/uploads\/2019\/10\/01182942\/Anexo-Pal%C3%A1cio-do-Buriti1.jpeg\" data-pin=\"pinIt\" data-was-processed=\"true\"><\/picture><span class=\"m-credit\">IGO ESTRELA\/METR\u00d3POLES<\/span><\/div>\n<div class=\"m-author\"><\/div>\n<div>\n<p>Governo do Distrito Federal (GDF) criou o Cadastro dos&nbsp;Templos Religiosos&nbsp;(CTR). Institui\u00e7\u00f5es listadas ter\u00e3o o direito de imunidade de impostos automaticamente garantido. Ou seja, n\u00e3o pagar\u00e3o mais tributos. Nesta ter\u00e7a-feira (06\/11\/2019), o Di\u00e1rio Oficial do DF (DODF) publicou a lei para a elabora\u00e7\u00e3o da ferramenta, de autoria do deputado distrital&nbsp;Rodrigo Delmasso&nbsp;(PRB).<\/p>\n<p>\u201cEst\u00e1 na Constitui\u00e7\u00e3o Brasileira: igreja tem imunidade tribut\u00e1ria. N\u00e3o \u00e9 benef\u00edcio. Esse cadastro desburocratiza o acesso ao direito constitucional\u201d, assinalou o parlamentar. A lei ser\u00e1 regulamentada dentro de 90 dias. Segundo Delmasso, atualmente, templos recebem cobran\u00e7as indevidas de impostos.<\/p>\n<p>\u201cExistem casos de ICMS na conta de luz. E templos alugados recebem cobran\u00e7a de IPTU. Est\u00e1 errado. No entendimento do Supremo Tribunal Federal, a imunidade \u00e9 para o servi\u00e7o, a atividade religiosa. Por isso, n\u00e3o importa se ocorre em im\u00f3vel alugado ou n\u00e3o\u201d, citou. De acordo com o parlamentar, a legisla\u00e7\u00e3o \u00e9 v\u00e1lida para livrar de&nbsp;impostos&nbsp;todas as matizes religiosas.<\/p>\n<h5>Imunidade digital<\/h5>\n<blockquote><p>O projeto come\u00e7ou a tramitar na&nbsp;C\u00e2mara Legislativa&nbsp;em 2016. Os detalhes da regulamenta\u00e7\u00e3o ainda ser\u00e3o definidos, mas Delmasso pretende sugerir o cadastramento virtual. Ap\u00f3s o envio digital dos documentos, o governo emitir\u00e1 a certid\u00e3o de imunidade tribut\u00e1ria.<\/p><\/blockquote>\n<p>Conforme o texto da lei, a imunidade no DF vai valer para o Imposto sobre a Propriedade Predial e Territorial Urbana (<a href=\"https:\/\/www.metropoles.com\/colunas-blogs\/janela-indiscreta\/iptu-de-2020-sera-corrigido-em-328-ipva-seguira-a-tabela-fipe\" target=\"_blank\" rel=\"noopener noreferrer\">IPTU<\/a>), oImposto sobre a Propriedade de Ve\u00edculos Automotores (IPVA), o Imposto sobre a Transmiss\u00e3o Inter Vivos de Bens Im\u00f3veis por Natureza ou Acess\u00e3o F\u00edsica e de Direitos Reais sobre Im\u00f3veis (ITBI) e o Imposto sobre a Transmiss\u00e3o Causa Mortis e Doa\u00e7\u00e3o de Quaisquer Bens ou Direitos (ITCD). Os demais tributos incidentes sobre patrim\u00f4nio, servi\u00e7os e renda tamb\u00e9m ter\u00e3o a dispensa reconhecida.<\/p>\n<div class=\"teads-adCall\"><\/div>\n<h5>Requisitos<\/h5>\n<p>Para ter acesso ao CTR, a institui\u00e7\u00e3o dever\u00e1 cumprir cinco passos. Em primeiro lugar, deve estar constitu\u00edda como pessoa jur\u00eddica. Tamb\u00e9m n\u00e3o pode distribuir qualquer parcela de patrim\u00f4nio ou renda, com exce\u00e7\u00e3o de compromissos contidos no estatuto da entidade.<\/p>\n<p>A institui\u00e7\u00e3o deve ter previsto no estatuto a transfer\u00eancia exclusiva de patrim\u00f4nio para outra entidade religiosa, devidamente inserida na legisla\u00e7\u00e3o, caso tenha as atividades encerradas. O templo precisa da escritura\u00e7\u00e3o das receitas e das despesas em registros exatos. Por fim, \u00e9 exigida a certid\u00e3o negativa de d\u00e9bitos fiscais para com a Secretaria de Economia.<\/p>\n<p>\u201cO prazo de validade do CTR \u00e9 de 3 anos, prorrog\u00e1veis por tantos per\u00edodos quantos se fa\u00e7am necess\u00e1rios, mediante renova\u00e7\u00e3o do respectivo cadastro\u201d, diz o texto da lei. Caso o pedido entrada na lista ou renova\u00e7\u00e3o seja negado, a institui\u00e7\u00e3o ter\u00e1 prazo de 30 dias para recorrer. Caso ocorra qualquer altera\u00e7\u00e3o na situa\u00e7\u00e3o do templo, as entidades ter\u00e3o tamb\u00e9m 30 dias para comunicar ao GDF as mudan\u00e7as.<\/p>\n<\/div>\n\n\n<p>Fonte: Metr\u00f3poles<\/p>\n","protected":false},"excerpt":{"rendered":"<p>Governo criou o Cadastro de Templo Religiosos (CTR) a fim de regularizar a concess\u00e3o de imunidade tribut\u00e1ria a entidades de Bras\u00edlia IGO ESTRELA\/METR\u00d3POLES Governo do Distrito Federal (GDF) criou o Cadastro dos&nbsp;Templos Religiosos&nbsp;(CTR). Institui\u00e7\u00f5es listadas ter\u00e3o o direito de imunidade de impostos automaticamente garantido. Ou seja, n\u00e3o pagar\u00e3o mais tributos. Nesta ter\u00e7a-feira (06\/11\/2019), o Di\u00e1rio [&hellip;]<\/p>\n","protected":false},"author":1,"featured_media":1860,"comment_status":"open","ping_status":"open","sticky":false,"template":"","format":"standard","meta":{"jetpack_post_was_ever_published":false,"_jetpack_newsletter_access":"","_jetpack_dont_email_post_to_subs":false,"_jetpack_newsletter_tier_id":0,"_jetpack_memberships_contains_paywalled_content":false,"_jetpack_memberships_contains_paid_content":false,"footnotes":"","jetpack_publicize_message":"","jetpack_publicize_feature_enabled":true,"jetpack_social_post_already_shared":true,"jetpack_social_options":{"image_generator_settings":{"template":"highway","default_image_id":0,"font":"","enabled":false},"version":2}},"categories":[22],"tags":[458,112,328,230,699,698],"class_list":["post-1859","post","type-post","status-publish","format-standard","has-post-thumbnail","hentry","category-geral","tag-cadastro","tag-gdf","tag-igreja","tag-isencao","tag-religioso","tag-templo"],"jetpack_publicize_connections":[],"jetpack_featured_media_url":"https:\/\/i0.wp.com\/cfcontabil.com\/cf\/wp-content\/uploads\/2019\/11\/igreja.jpg?fit=847%2C362","jetpack_sharing_enabled":true,"jetpack_shortlink":"https:\/\/wp.me\/p2wklX-tZ","jetpack-related-posts":[{"id":868,"url":"http:\/\/cfcontabil.com\/cf\/senado-analisa-sugestao-de-dar-fim-a-imunidade-tributaria-para-igrejas\/","url_meta":{"origin":1859,"position":0},"title":"Senado analisa sugest\u00e3o de dar fim \u00e0 imunidade tribut\u00e1ria para igrejas","author":"Ab\u00edlio Gon\u00e7alves","date":"25 de janeiro de 2017","format":false,"excerpt":"Est\u00e1 em an\u00e1lise no Senado a sugest\u00e3o legislativa (SUG 2\/2015) que pede o fim da imunidade tribut\u00e1ria para entidades religiosas. Iniciada por uma internauta no portal E-Cidadania, a consulta obteve mais de 20 mil apoios e passou a ser analisada pela Comiss\u00e3o de Direitos Humanos e Legisla\u00e7\u00e3o Participativa (CDH). Se\u2026","rel":"","context":"Em &quot;Departamento Fiscal&quot;","block_context":{"text":"Departamento Fiscal","link":"http:\/\/cfcontabil.com\/cf\/category\/df\/"},"img":{"alt_text":"","src":"https:\/\/i0.wp.com\/2.bp.blogspot.com\/-GavlJ6iXB3U\/Vs3JqGuL7YI\/AAAAAAAADOA\/YJiy_f9ZWYg\/s1600\/23-02-VIC-ilustra-pag3.jpg?resize=350%2C200&ssl=1","width":350,"height":200,"srcset":"https:\/\/i0.wp.com\/2.bp.blogspot.com\/-GavlJ6iXB3U\/Vs3JqGuL7YI\/AAAAAAAADOA\/YJiy_f9ZWYg\/s1600\/23-02-VIC-ilustra-pag3.jpg?resize=350%2C200&ssl=1 1x, https:\/\/i0.wp.com\/2.bp.blogspot.com\/-GavlJ6iXB3U\/Vs3JqGuL7YI\/AAAAAAAADOA\/YJiy_f9ZWYg\/s1600\/23-02-VIC-ilustra-pag3.jpg?resize=525%2C300&ssl=1 1.5x, https:\/\/i0.wp.com\/2.bp.blogspot.com\/-GavlJ6iXB3U\/Vs3JqGuL7YI\/AAAAAAAADOA\/YJiy_f9ZWYg\/s1600\/23-02-VIC-ilustra-pag3.jpg?resize=700%2C400&ssl=1 2x"},"classes":[]},{"id":1154,"url":"http:\/\/cfcontabil.com\/cf\/governo-estuda-dobrar-isencao-de-irpf-e-tributar-os-dividendos\/","url_meta":{"origin":1859,"position":1},"title":"Governo estuda dobrar isen\u00e7\u00e3o de IRPF e tributar os dividendos","author":"Ab\u00edlio Gon\u00e7alves","date":"15 de maio de 2017","format":false,"excerpt":"Com proposta, governo Temer faz novo aceno \u00e0s classes mais populares Depois da libera\u00e7\u00e3o dos saques das contas inativas do FGTS, o governo prepara um novo \"pacote de bondades\" para neutralizar o impacto negativo da aprova\u00e7\u00e3o das reformas da Previd\u00eancia Social e trabalhista. A principal medida em estudo \u00e9 a\u2026","rel":"","context":"Em &quot;Departamento Fiscal&quot;","block_context":{"text":"Departamento Fiscal","link":"http:\/\/cfcontabil.com\/cf\/category\/df\/"},"img":{"alt_text":"","src":"https:\/\/i0.wp.com\/cfcontabil.com\/cf\/wp-content\/uploads\/2017\/01\/leao-imposto-renda-original1-1.jpeg?fit=620%2C349&resize=350%2C200","width":350,"height":200,"srcset":"https:\/\/i0.wp.com\/cfcontabil.com\/cf\/wp-content\/uploads\/2017\/01\/leao-imposto-renda-original1-1.jpeg?fit=620%2C349&resize=350%2C200 1x, https:\/\/i0.wp.com\/cfcontabil.com\/cf\/wp-content\/uploads\/2017\/01\/leao-imposto-renda-original1-1.jpeg?fit=620%2C349&resize=525%2C300 1.5x"},"classes":[]},{"id":2307,"url":"http:\/\/cfcontabil.com\/cf\/justica-federal-libera-retomada-do-comercio-mas-escalona-atividades-no-df\/","url_meta":{"origin":1859,"position":2},"title":"Justi\u00e7a Federal libera retomada do com\u00e9rcio, mas escalona atividades no DF","author":"Ab\u00edlio Gon\u00e7alves","date":"15 de maio de 2020","format":false,"excerpt":"\u00c9 preciso manter o intervalo temporal de 15 dias para cada etapa de libera\u00e7\u00e3o, fixando protocolos sanit\u00e1rios para os setores A ju\u00edza titular da\u00a03\u00aa Vara Federal C\u00edvel do DF, K\u00e1tia Balbino de Carvalho Ferreira, deferiu, em parte, a liminar sobre a\u00a0amplia\u00e7\u00e3o do funcionamento de atividades n\u00e3o essenciais\u00a0no Distrito Federal, em\u2026","rel":"","context":"Em &quot;Geral&quot;","block_context":{"text":"Geral","link":"http:\/\/cfcontabil.com\/cf\/category\/geral\/"},"img":{"alt_text":"","src":"https:\/\/i0.wp.com\/cfcontabil.com\/cf\/wp-content\/uploads\/2020\/05\/retomada-atividades-justi%C3%A7a.jpeg?fit=1200%2C675&resize=350%2C200","width":350,"height":200,"srcset":"https:\/\/i0.wp.com\/cfcontabil.com\/cf\/wp-content\/uploads\/2020\/05\/retomada-atividades-justi%C3%A7a.jpeg?fit=1200%2C675&resize=350%2C200 1x, https:\/\/i0.wp.com\/cfcontabil.com\/cf\/wp-content\/uploads\/2020\/05\/retomada-atividades-justi%C3%A7a.jpeg?fit=1200%2C675&resize=525%2C300 1.5x, https:\/\/i0.wp.com\/cfcontabil.com\/cf\/wp-content\/uploads\/2020\/05\/retomada-atividades-justi%C3%A7a.jpeg?fit=1200%2C675&resize=700%2C400 2x, https:\/\/i0.wp.com\/cfcontabil.com\/cf\/wp-content\/uploads\/2020\/05\/retomada-atividades-justi%C3%A7a.jpeg?fit=1200%2C675&resize=1050%2C600 3x"},"classes":[]},{"id":3466,"url":"http:\/\/cfcontabil.com\/cf\/irpf-2026-isencao-de-r-5mil-nova-tabela\/","url_meta":{"origin":1859,"position":3},"title":"IR 2026: Isen\u00e7\u00e3o de R$ 5mil &#8211; Nova Tabela!","author":"Ab\u00edlio Gon\u00e7alves","date":"16 de janeiro de 2026","format":false,"excerpt":"Guia Completo da CF Cont\u00e1bil 1.0 Introdu\u00e7\u00e3o: Voc\u00ea Est\u00e1 Deixando Dinheiro na Mesa?Voc\u00ea sabe se tem direito \u00e0 isen\u00e7\u00e3o total do Imposto de Renda ou se est\u00e1 pagando um imposto que poderia economizar? A resposta pode definir se voc\u00ea receber\u00e1 uma restitui\u00e7\u00e3o maior ou se deixar\u00e1 um dinheiro valioso para\u2026","rel":"","context":"Em &quot;Imposto de Renda&quot;","block_context":{"text":"Imposto de Renda","link":"http:\/\/cfcontabil.com\/cf\/category\/imposto-de-renda\/"},"img":{"alt_text":"","src":"https:\/\/i0.wp.com\/cfcontabil.com\/cf\/wp-content\/uploads\/2026\/01\/IRPF26-NOVA-TABELA-scaled.png?fit=1200%2C670&resize=350%2C200","width":350,"height":200,"srcset":"https:\/\/i0.wp.com\/cfcontabil.com\/cf\/wp-content\/uploads\/2026\/01\/IRPF26-NOVA-TABELA-scaled.png?fit=1200%2C670&resize=350%2C200 1x, https:\/\/i0.wp.com\/cfcontabil.com\/cf\/wp-content\/uploads\/2026\/01\/IRPF26-NOVA-TABELA-scaled.png?fit=1200%2C670&resize=525%2C300 1.5x, https:\/\/i0.wp.com\/cfcontabil.com\/cf\/wp-content\/uploads\/2026\/01\/IRPF26-NOVA-TABELA-scaled.png?fit=1200%2C670&resize=700%2C400 2x, https:\/\/i0.wp.com\/cfcontabil.com\/cf\/wp-content\/uploads\/2026\/01\/IRPF26-NOVA-TABELA-scaled.png?fit=1200%2C670&resize=1050%2C600 3x"},"classes":[]},{"id":2117,"url":"http:\/\/cfcontabil.com\/cf\/tabela-do-irpf-sem-correcao-aumenta-o-imposto\/","url_meta":{"origin":1859,"position":4},"title":"Tabela do IRPF sem corre\u00e7\u00e3o aumenta o imposto?","author":"Ab\u00edlio Gon\u00e7alves","date":"21 de fevereiro de 2020","format":false,"excerpt":"O an\u00fancio da Receita Federal sobre o Imposto de Renda Pessoa F\u00edsica deste ano confirmou que a tabela continua sem nenhuma corre\u00e7\u00e3o, pois o \u00faltimo reajuste ocorreu no ano de 2015. https:\/\/www.youtube.com\/watch?v=M3-acy47EXQ Em quatro anos consecutivos, a tabela do Imposto de Renda das Pessoas F\u00edsicas n\u00e3o sofreu corre\u00e7\u00e3o sequer pelo\u2026","rel":"","context":"Em &quot;Departamento Fiscal&quot;","block_context":{"text":"Departamento Fiscal","link":"http:\/\/cfcontabil.com\/cf\/category\/df\/"},"img":{"alt_text":"","src":"https:\/\/i0.wp.com\/cfcontabil.com\/cf\/wp-content\/uploads\/2020\/02\/IRPF-antecipa%C3%A7%C3%A3o-restitui%C3%A7%C3%A3o-ajustado.jpeg?fit=1200%2C675&resize=350%2C200","width":350,"height":200,"srcset":"https:\/\/i0.wp.com\/cfcontabil.com\/cf\/wp-content\/uploads\/2020\/02\/IRPF-antecipa%C3%A7%C3%A3o-restitui%C3%A7%C3%A3o-ajustado.jpeg?fit=1200%2C675&resize=350%2C200 1x, https:\/\/i0.wp.com\/cfcontabil.com\/cf\/wp-content\/uploads\/2020\/02\/IRPF-antecipa%C3%A7%C3%A3o-restitui%C3%A7%C3%A3o-ajustado.jpeg?fit=1200%2C675&resize=525%2C300 1.5x, https:\/\/i0.wp.com\/cfcontabil.com\/cf\/wp-content\/uploads\/2020\/02\/IRPF-antecipa%C3%A7%C3%A3o-restitui%C3%A7%C3%A3o-ajustado.jpeg?fit=1200%2C675&resize=700%2C400 2x, https:\/\/i0.wp.com\/cfcontabil.com\/cf\/wp-content\/uploads\/2020\/02\/IRPF-antecipa%C3%A7%C3%A3o-restitui%C3%A7%C3%A3o-ajustado.jpeg?fit=1200%2C675&resize=1050%2C600 3x"},"classes":[]},{"id":706,"url":"http:\/\/cfcontabil.com\/cf\/distribuicao-de-lucros-aos-socios-isencao-de-imposto-de-renda\/","url_meta":{"origin":1859,"position":5},"title":"Distribui\u00e7\u00e3o de lucros aos s\u00f3cios \u2013 Isen\u00e7\u00e3o de Imposto de Renda","author":"Ab\u00edlio Gon\u00e7alves","date":"29 de mar\u00e7o de 2016","format":false,"excerpt":"Os valores efetivamente pagos ou distribu\u00eddos ao titular ou s\u00f3cio de ME ou de EPP optante pelo regime do Simples Nacional s\u00e3o isentos do Imposto de Renda, na Fonte e na Declara\u00e7\u00e3o de Ajuste Anual do benefici\u00e1rio. \u201cContudo, n\u00e3o podem entrar nesta conta os valores pagos a t\u00edtulo de pr\u00f3-labore,\u2026","rel":"","context":"Em &quot;Consultoria Empresarial&quot;","block_context":{"text":"Consultoria Empresarial","link":"http:\/\/cfcontabil.com\/cf\/category\/consultoria\/"},"img":{"alt_text":"PLR","src":"https:\/\/i0.wp.com\/cfcontabil.com\/cf\/wp-content\/uploads\/2016\/03\/PLR.jpg?resize=350%2C200","width":350,"height":200,"srcset":"https:\/\/i0.wp.com\/cfcontabil.com\/cf\/wp-content\/uploads\/2016\/03\/PLR.jpg?resize=350%2C200 1x, https:\/\/i0.wp.com\/cfcontabil.com\/cf\/wp-content\/uploads\/2016\/03\/PLR.jpg?resize=525%2C300 1.5x"},"classes":[]}],"jetpack_likes_enabled":true,"_links":{"self":[{"href":"http:\/\/cfcontabil.com\/cf\/wp-json\/wp\/v2\/posts\/1859","targetHints":{"allow":["GET"]}}],"collection":[{"href":"http:\/\/cfcontabil.com\/cf\/wp-json\/wp\/v2\/posts"}],"about":[{"href":"http:\/\/cfcontabil.com\/cf\/wp-json\/wp\/v2\/types\/post"}],"author":[{"embeddable":true,"href":"http:\/\/cfcontabil.com\/cf\/wp-json\/wp\/v2\/users\/1"}],"replies":[{"embeddable":true,"href":"http:\/\/cfcontabil.com\/cf\/wp-json\/wp\/v2\/comments?post=1859"}],"version-history":[{"count":2,"href":"http:\/\/cfcontabil.com\/cf\/wp-json\/wp\/v2\/posts\/1859\/revisions"}],"predecessor-version":[{"id":1862,"href":"http:\/\/cfcontabil.com\/cf\/wp-json\/wp\/v2\/posts\/1859\/revisions\/1862"}],"wp:featuredmedia":[{"embeddable":true,"href":"http:\/\/cfcontabil.com\/cf\/wp-json\/wp\/v2\/media\/1860"}],"wp:attachment":[{"href":"http:\/\/cfcontabil.com\/cf\/wp-json\/wp\/v2\/media?parent=1859"}],"wp:term":[{"taxonomy":"category","embeddable":true,"href":"http:\/\/cfcontabil.com\/cf\/wp-json\/wp\/v2\/categories?post=1859"},{"taxonomy":"post_tag","embeddable":true,"href":"http:\/\/cfcontabil.com\/cf\/wp-json\/wp\/v2\/tags?post=1859"}],"curies":[{"name":"wp","href":"https:\/\/api.w.org\/{rel}","templated":true}]}}