{"id":1871,"date":"2019-11-11T11:00:37","date_gmt":"2019-11-11T14:00:37","guid":{"rendered":"http:\/\/cfcontabil.com\/cf\/?p=1871"},"modified":"2019-11-11T09:47:40","modified_gmt":"2019-11-11T12:47:40","slug":"impostos-dificultam-pequenos-e-medios-negocios-dizem-empresarios","status":"publish","type":"post","link":"http:\/\/cfcontabil.com\/cf\/impostos-dificultam-pequenos-e-medios-negocios-dizem-empresarios\/","title":{"rendered":"Impostos dificultam pequenos e m\u00e9dios neg\u00f3cios, dizem empres\u00e1rios"},"content":{"rendered":"<h3>Levantamento foi realizado pelo Inper com 1.287 empreendedores<\/h3>\n<p>A carga tribut\u00e1ria \u00e9 o principal entrave para a evolu\u00e7\u00e3o de pequenos e m\u00e9dios neg\u00f3cios no Brasil. A avalia\u00e7\u00e3o de empreendedores dos setores de com\u00e9rcio, ind\u00fastria e servi\u00e7os consta de levantamento realizado pelo Centro de Estudos em Neg\u00f3cios do Insper, com apoio do Santander.<\/p>\n<p>Os impostos foram citados como o maior empecilho para o avan\u00e7o de neg\u00f3cios na opini\u00e3o de 47,7% dos empres\u00e1rios. Taxa de juros apareceu em segundo lugar, com 20,6%. Em seguida, ficaram inadimpl\u00eancia (14,9%), encargos trabalhistas (14,2%) e taxa de c\u00e2mbio (2,6%).<\/p>\n<table border=\"1\" cellspacing=\"0\" cellpadding=\"0\">\n<tbody>\n<tr>\n<td><\/td>\n<td>\n<p align=\"center\">COM\u00c9RCIO<\/p>\n<\/td>\n<td>\n<p align=\"center\">IND\u00daSTRIA<\/p>\n<\/td>\n<td>\n<p align=\"center\">SERVI\u00c7OS<\/p>\n<\/td>\n<td>\n<p align=\"center\">TOTAL GERAL<\/p>\n<\/td>\n<\/tr>\n<tr>\n<td>\n<p align=\"center\">Carga tribut\u00e1ria<\/p>\n<\/td>\n<td>\n<p align=\"center\">46,3%<\/p>\n<\/td>\n<td>\n<p align=\"center\">48,4%<\/p>\n<\/td>\n<td>\n<p align=\"center\">49,9%<\/p>\n<\/td>\n<td>\n<p align=\"center\">47,7%<\/p>\n<\/td>\n<\/tr>\n<tr>\n<td>\n<p align=\"center\">Encargos trabalhistas<\/p>\n<\/td>\n<td>\n<p align=\"center\">15,2%<\/p>\n<\/td>\n<td>\n<p align=\"center\">9,9%<\/p>\n<\/td>\n<td>\n<p align=\"center\">14,9%<\/p>\n<\/td>\n<td>\n<p align=\"center\">14,2%<\/p>\n<\/td>\n<\/tr>\n<tr>\n<td>\n<p align=\"center\">Taxa de juros<\/p>\n<\/td>\n<td>\n<p align=\"center\">21,1%<\/p>\n<\/td>\n<td>\n<p align=\"center\">22,5%<\/p>\n<\/td>\n<td>\n<p align=\"center\">18,6%<\/p>\n<\/td>\n<td>\n<p align=\"center\">20,6%<\/p>\n<\/td>\n<\/tr>\n<tr>\n<td>\n<p align=\"center\">Taxa de c\u00e2mbio<\/p>\n<\/td>\n<td>\n<p align=\"center\">3,2%<\/p>\n<\/td>\n<td>\n<p align=\"center\">2,3%<\/p>\n<\/td>\n<td>\n<p align=\"center\">1,6%<\/p>\n<\/td>\n<td>\n<p align=\"center\">2,6%<\/p>\n<\/td>\n<\/tr>\n<tr>\n<td>\n<p align=\"center\">Inadimpl\u00eancia<\/p>\n<\/td>\n<td>\n<p align=\"center\">14,2%<\/p>\n<\/td>\n<td>\n<p align=\"center\">16,9%<\/p>\n<\/td>\n<td>\n<p align=\"center\">15,1%<\/p>\n<\/td>\n<td>\n<p align=\"center\">14,9%<\/p>\n<\/td>\n<\/tr>\n<\/tbody>\n<\/table>\n<p>\u201cO problema fiscal se apresenta nas suas duas dimens\u00f5es para os empres\u00e1rios de pequenas e m\u00e9dias empresas. Por um lado, acreditam que a aprova\u00e7\u00e3o da Previd\u00eancia ter\u00e1 impacto positivo no seu neg\u00f3cio. E, por outro lado, apontam a carga tribut\u00e1ria como o maior empecilho de natureza macroecon\u00f4mica para a evolu\u00e7\u00e3o do seu neg\u00f3cio\u201d, afirma Gino Olivares, professor do Insper e pesquisador respons\u00e1vel pelo \u00cdndice de Confian\u00e7a dos Pequenos e M\u00e9dios Neg\u00f3cios (IC-PMN). Para ele, \u201cambas dimens\u00f5es apontam para a conveni\u00eancia de resolver os problemas estruturais das finan\u00e7as p\u00fablicas brasileiras.\u201d<\/p>\n<p>\u201cAdicionalmente, os entrevistados se mostram ainda muito reticentes a considerar oportunidades de neg\u00f3cio no exterior. As respostas apontam a conveni\u00eancia de oferecer mais informa\u00e7\u00e3o e suporte \u00e0s empresas sobre a alternativa de encarar o mercado internacional\u201d, acrescenta Olivares. \u201cPor \u00faltimo, mas n\u00e3o menos importante, os empres\u00e1rios entrevistados mostraram expectativa de um faturamento no quarto trimestre superior ao do ano passado.\u201d<\/p>\n<p><strong>Reforma da Previd\u00eancia<\/strong><\/p>\n<p>Para 26,6% dos empreendedores entrevistados semanas antes da aprova\u00e7\u00e3o do texto no Congresso, o projeto ter\u00e1 pouco impacto nos neg\u00f3cios. Outros 17,6% consideraram que resultar\u00e1 em muito impacto e, na opini\u00e3o de 19,9%, n\u00e3o haver\u00e1 nenhum. A reforma foi vista como irrelevante por 13,9% deles. N\u00e3o souberam responder ou n\u00e3o opinaram 22% deles.<\/p>\n<p><strong>Faturamento<\/strong><\/p>\n<p>Em rela\u00e7\u00e3o ao faturamento, mais da metade mostrou esperar crescimento neste \u00faltimo trimestre em compara\u00e7\u00e3o ao mesmo per\u00edodo do ano passado. Uma fatia de 41,2% tem a expectativa de ligeiro aumento e outra, de 16%, de forte aumento. Para 22%, o resultado ser\u00e1 igual. J\u00e1 15,3% trabalham com a possibilidade de uma ligeira queda e outros 5,5%, de uma forte queda.<\/p>\n<p><strong>Investimentos no exterior<\/strong><\/p>\n<p>Em rela\u00e7\u00e3o ao cen\u00e1rio externo, apesar de conflitos comerciais entre pa\u00edses, 25,4% avaliaram como vi\u00e1vel investir em oportunidades fora do Brasil. Em outra dire\u00e7\u00e3o, 19,7% trataram o movimento como invi\u00e1vel, por ser muito arriscado. A maioria, no entanto, nunca parou para analisar o tema (55%).<\/p>\n<p>Os dados foram obtidos por meio de entrevistas telef\u00f4nicas com 1.287 pequenos e m\u00e9dios empres\u00e1rios, de 16 a 20 de setembro deste ano. A margem de erro \u00e9 de 3% para mais ou para menos, com um n\u00edvel de confian\u00e7a de 95%.<\/p>\n<p>Fonte: Ag\u00eancia Brasil<\/p>\n","protected":false},"excerpt":{"rendered":"<p>Levantamento foi realizado pelo Inper com 1.287 empreendedores A carga tribut\u00e1ria \u00e9 o principal entrave para a evolu\u00e7\u00e3o de pequenos e m\u00e9dios neg\u00f3cios no Brasil. A avalia\u00e7\u00e3o de empreendedores dos setores de com\u00e9rcio, ind\u00fastria e servi\u00e7os consta de levantamento realizado pelo Centro de Estudos em Neg\u00f3cios do Insper, com apoio do Santander. Os impostos foram [&hellip;]<\/p>\n","protected":false},"author":1,"featured_media":1770,"comment_status":"open","ping_status":"open","sticky":false,"template":"","format":"standard","meta":{"jetpack_post_was_ever_published":false,"_jetpack_newsletter_access":"","_jetpack_dont_email_post_to_subs":false,"_jetpack_newsletter_tier_id":0,"_jetpack_memberships_contains_paywalled_content":false,"_jetpack_memberships_contains_paid_content":false,"footnotes":"","jetpack_publicize_message":"","jetpack_publicize_feature_enabled":true,"jetpack_social_post_already_shared":true,"jetpack_social_options":{"image_generator_settings":{"template":"highway","default_image_id":0,"font":"","enabled":false},"version":2}},"categories":[46,22],"tags":[152,303,125],"class_list":["post-1871","post","type-post","status-publish","format-standard","has-post-thumbnail","hentry","category-df","category-geral","tag-empreendedorismo","tag-empresa","tag-impostos"],"jetpack_publicize_connections":[],"jetpack_featured_media_url":"https:\/\/i0.wp.com\/cfcontabil.com\/cf\/wp-content\/uploads\/2019\/10\/imposto.jpg?fit=715%2C300","jetpack_sharing_enabled":true,"jetpack_shortlink":"https:\/\/wp.me\/p2wklX-ub","jetpack-related-posts":[{"id":250,"url":"http:\/\/cfcontabil.com\/cf\/substituicao-tributaria-como-afeta-sua-empresa\/","url_meta":{"origin":1871,"position":0},"title":"Substitui\u00e7\u00e3o tribut\u00e1ria: como afeta sua empresa?","author":"Vin\u00edcius Moizinho","date":"6 de dezembro de 2012","format":false,"excerpt":"O Brasil \u00e9 um dos pa\u00edses com maior carga tribut\u00e1ria do mundo - e tamb\u00e9m com uma das mais complexas estruturas de arrecada\u00e7\u00e3o de impostos, tanto federais, quanto estaduais e municipais. Ao abrir novos neg\u00f3cios ou diversificar os j\u00e1 existentes, os empreendedores devem ficar atentos ao Imposto sobre Circula\u00e7\u00e3o de\u2026","rel":"","context":"Em &quot;Geral&quot;","block_context":{"text":"Geral","link":"http:\/\/cfcontabil.com\/cf\/category\/geral\/"},"img":{"alt_text":"","src":"https:\/\/i0.wp.com\/www.ajegoias.com.br\/wp-content\/uploads\/2012\/03\/imposto-581x326.jpg?resize=350%2C200","width":350,"height":200,"srcset":"https:\/\/i0.wp.com\/www.ajegoias.com.br\/wp-content\/uploads\/2012\/03\/imposto-581x326.jpg?resize=350%2C200 1x, https:\/\/i0.wp.com\/www.ajegoias.com.br\/wp-content\/uploads\/2012\/03\/imposto-581x326.jpg?resize=525%2C300 1.5x"},"classes":[]},{"id":554,"url":"http:\/\/cfcontabil.com\/cf\/saiba-quais-sao-os-tributos-que-todo-empreendedor-precisa-conhecer\/","url_meta":{"origin":1871,"position":1},"title":"Saiba quais s\u00e3o os tributos que todo empreendedor precisa conhecer","author":"Vin\u00edcius Moizinho","date":"14 de agosto de 2014","format":false,"excerpt":"\u00a0 Uma boa administra\u00e7\u00e3o tribut\u00e1ria desde o come\u00e7o do neg\u00f3cio pode fazer diferen\u00e7a no sucesso. Confira a excelente compila\u00e7\u00e3o sobre o assunto publicada pela Endeavor Brasil e redistribu\u00edda pelo Di\u00e1rio Catarinense. \u00a0 N\u00e3o \u00e9 incomum ouvir dizer que o Brasil \u00e9 o \u201cpa\u00eds dos impostos\u201d, mas \u00e9 importante ter claro\u2026","rel":"","context":"Em &quot;Consultoria Empresarial&quot;","block_context":{"text":"Consultoria Empresarial","link":"http:\/\/cfcontabil.com\/cf\/category\/consultoria\/"},"img":{"alt_text":"","src":"","width":0,"height":0},"classes":[]},{"id":3522,"url":"http:\/\/cfcontabil.com\/cf\/reforma-tributaria-por-que-fazer-um-diagnostico-do-seu-negocio-agora\/","url_meta":{"origin":1871,"position":2},"title":"Reforma Tribut\u00e1ria: por que fazer um diagn\u00f3stico do seu neg\u00f3cio agora?","author":"Ab\u00edlio Gon\u00e7alves","date":"18 de mar\u00e7o de 2026","format":false,"excerpt":"A Reforma Tribut\u00e1ria j\u00e1 saiu do papel e come\u00e7a a impactar o dia a dia das empresas brasileiras nos pr\u00f3ximos anos, com a cria\u00e7\u00e3o do IBS, da CBS e do Imposto Seletivo, que substituem uma s\u00e9rie de tributos atuais sobre consumo como ICMS, ISS, PIS e Cofins.Na pr\u00e1tica, isso significa\u2026","rel":"","context":"Em &quot;Geral&quot;","block_context":{"text":"Geral","link":"http:\/\/cfcontabil.com\/cf\/category\/geral\/"},"img":{"alt_text":"","src":"https:\/\/i0.wp.com\/cfcontabil.com\/cf\/wp-content\/uploads\/2026\/03\/reformatrabalhistacapa-scaled.jpg?fit=1200%2C674&resize=350%2C200","width":350,"height":200,"srcset":"https:\/\/i0.wp.com\/cfcontabil.com\/cf\/wp-content\/uploads\/2026\/03\/reformatrabalhistacapa-scaled.jpg?fit=1200%2C674&resize=350%2C200 1x, https:\/\/i0.wp.com\/cfcontabil.com\/cf\/wp-content\/uploads\/2026\/03\/reformatrabalhistacapa-scaled.jpg?fit=1200%2C674&resize=525%2C300 1.5x, https:\/\/i0.wp.com\/cfcontabil.com\/cf\/wp-content\/uploads\/2026\/03\/reformatrabalhistacapa-scaled.jpg?fit=1200%2C674&resize=700%2C400 2x, https:\/\/i0.wp.com\/cfcontabil.com\/cf\/wp-content\/uploads\/2026\/03\/reformatrabalhistacapa-scaled.jpg?fit=1200%2C674&resize=1050%2C600 3x"},"classes":[]},{"id":563,"url":"http:\/\/cfcontabil.com\/cf\/como-ter-uma-boa-contabilidade-na-sua-empresa\/","url_meta":{"origin":1871,"position":3},"title":"Como ter uma boa contabilidade na sua empresa","author":"Vin\u00edcius Moizinho","date":"17 de novembro de 2014","format":"aside","excerpt":"\u00c9 importante encarar a contabilidade como uma ferramenta que contribui para o gerenciamento do neg\u00f3cio, independente do tamanho ou ramo de atividade da empresa. Pensar dessa forma traz muitas vantagens corporativas, principalmente quanto \u00e0 transpar\u00eancia das transa\u00e7\u00f5es e a real apura\u00e7\u00e3o do lucro ou preju\u00edzo. A primeira dica e a\u2026","rel":"","context":"Em &quot;Geral&quot;","block_context":{"text":"Geral","link":"http:\/\/cfcontabil.com\/cf\/category\/geral\/"},"img":{"alt_text":"","src":"","width":0,"height":0},"classes":[]},{"id":1960,"url":"http:\/\/cfcontabil.com\/cf\/donos-de-pequenos-negocios-apontam-melhoria-do-acesso-ao-credito\/","url_meta":{"origin":1871,"position":4},"title":"Donos de pequenos neg\u00f3cios apontam melhoria do acesso ao cr\u00e9dito","author":"Ab\u00edlio Gon\u00e7alves","date":"28 de novembro de 2019","format":false,"excerpt":"Pesquisa realizada pelo Sebrae mostra que mais empres\u00e1rios buscaram empr\u00e9stimos em 2019 e que houve melhora na avalia\u00e7\u00e3o do sistema financeiro A melhora dos \u00edndices de confian\u00e7a dos empres\u00e1rios brasileiros, identificada na Sondagem Conjuntural realizada pelo Sebrae, contribui para que os donos de pequenos neg\u00f3cios retomem o interesse em buscar\u2026","rel":"","context":"Em &quot;Consultoria Empresarial&quot;","block_context":{"text":"Consultoria Empresarial","link":"http:\/\/cfcontabil.com\/cf\/category\/consultoria\/"},"img":{"alt_text":"","src":"https:\/\/i0.wp.com\/cfcontabil.com\/cf\/wp-content\/uploads\/2019\/11\/pequenos-neg%C3%B3cios.jpg?fit=600%2C310&resize=350%2C200","width":350,"height":200,"srcset":"https:\/\/i0.wp.com\/cfcontabil.com\/cf\/wp-content\/uploads\/2019\/11\/pequenos-neg%C3%B3cios.jpg?fit=600%2C310&resize=350%2C200 1x, https:\/\/i0.wp.com\/cfcontabil.com\/cf\/wp-content\/uploads\/2019\/11\/pequenos-neg%C3%B3cios.jpg?fit=600%2C310&resize=525%2C300 1.5x"},"classes":[]},{"id":1029,"url":"http:\/\/cfcontabil.com\/cf\/consultoria-empresarial-seu-negocio-precisa\/","url_meta":{"origin":1871,"position":5},"title":"Consultoria Empresarial: Seu neg\u00f3cio precisa?","author":"Ab\u00edlio Gon\u00e7alves","date":"24 de outubro de 2012","format":false,"excerpt":"A Consultoria Empresarial pode ser comparada ao que \u00e9 feito por um m\u00e9dico: o paciente em busca de melhora revela seus sintomas que s\u00e3o observados e a sua combina\u00e7\u00e3o determinar\u00e1 qual \u00e9 a doen\u00e7a diagnosticada e como deve ser tratada. No caso das empresas os sintomas podem ser: lucro pequeno,\u2026","rel":"","context":"Em &quot;Consultoria Empresarial&quot;","block_context":{"text":"Consultoria Empresarial","link":"http:\/\/cfcontabil.com\/cf\/category\/consultoria\/"},"img":{"alt_text":"","src":"https:\/\/i0.wp.com\/cfcontabil.com\/cf\/wp-content\/uploads\/2012\/10\/saibaoqueasua-empresa-precisa.png?resize=350%2C200","width":350,"height":200},"classes":[]}],"jetpack_likes_enabled":true,"_links":{"self":[{"href":"http:\/\/cfcontabil.com\/cf\/wp-json\/wp\/v2\/posts\/1871","targetHints":{"allow":["GET"]}}],"collection":[{"href":"http:\/\/cfcontabil.com\/cf\/wp-json\/wp\/v2\/posts"}],"about":[{"href":"http:\/\/cfcontabil.com\/cf\/wp-json\/wp\/v2\/types\/post"}],"author":[{"embeddable":true,"href":"http:\/\/cfcontabil.com\/cf\/wp-json\/wp\/v2\/users\/1"}],"replies":[{"embeddable":true,"href":"http:\/\/cfcontabil.com\/cf\/wp-json\/wp\/v2\/comments?post=1871"}],"version-history":[{"count":1,"href":"http:\/\/cfcontabil.com\/cf\/wp-json\/wp\/v2\/posts\/1871\/revisions"}],"predecessor-version":[{"id":1872,"href":"http:\/\/cfcontabil.com\/cf\/wp-json\/wp\/v2\/posts\/1871\/revisions\/1872"}],"wp:featuredmedia":[{"embeddable":true,"href":"http:\/\/cfcontabil.com\/cf\/wp-json\/wp\/v2\/media\/1770"}],"wp:attachment":[{"href":"http:\/\/cfcontabil.com\/cf\/wp-json\/wp\/v2\/media?parent=1871"}],"wp:term":[{"taxonomy":"category","embeddable":true,"href":"http:\/\/cfcontabil.com\/cf\/wp-json\/wp\/v2\/categories?post=1871"},{"taxonomy":"post_tag","embeddable":true,"href":"http:\/\/cfcontabil.com\/cf\/wp-json\/wp\/v2\/tags?post=1871"}],"curies":[{"name":"wp","href":"https:\/\/api.w.org\/{rel}","templated":true}]}}