{"id":1873,"date":"2019-11-12T11:00:27","date_gmt":"2019-11-12T14:00:27","guid":{"rendered":"http:\/\/cfcontabil.com\/cf\/?p=1873"},"modified":"2019-11-12T10:57:39","modified_gmt":"2019-11-12T13:57:39","slug":"a-importancia-do-registro-de-marca","status":"publish","type":"post","link":"http:\/\/cfcontabil.com\/cf\/a-importancia-do-registro-de-marca\/","title":{"rendered":"A import\u00e2ncia do registro de marca"},"content":{"rendered":"<div>Constantemente os empres\u00e1rios s\u00e3o confrontados com in\u00fameros desafios, um deles \u00e9 a cria\u00e7\u00e3o de uma marca, al\u00e9m de encontrar um nome bom e original que j\u00e1 n\u00e3o esteja sendo usado por outra empresa. E, na maioria das vezes, enfrentam problemas legais por contratarem empresas que n\u00e3o s\u00e3o suficientemente eficazes na busca por nomes.<\/div>\n<div><\/div>\n<div>Inclusive, a preocupa\u00e7\u00e3o com o registro de marca deve vir antes de investimentos em marketing, publicidade e materiais promocionais. E somente com uma pesquisa e laudos completos ser\u00e3o garantidos os direitos \u00e0 marca da forma correta.<\/div>\n<div><\/div>\n<div>O registro de marcas permite a mostra da sua propriedade legal sobre seu produto\/marca para o p\u00fablico. Dito isso, ter uma marca registrada d\u00e1 o direito de us\u00e1-la no seu segmento como preferir, sem ter que se preocupar com repercuss\u00f5es legais. Isso significa que a empresa tem todo o direito de usar, vender ou modificar o produto da forma que desejar.<\/div>\n<div><\/div>\n<div>Ao fazer isso, impede-se tamb\u00e9m que qualquer outra empresa use a sua marca. Se outra empresa usar o mesmo nome ou logotipo existe o direito legal de impedi-los. A propriedade intelectual \u00e9 coberta pela Lei da Propriedade Industrial e, como propriet\u00e1rio de uma empresa, \u00e9 preciso cumpri-la para n\u00e3o ter problemas legais a longo prazo.<\/div>\n<div><\/div>\n<div>A reputa\u00e7\u00e3o da sua marca \u00e9 altamente importante, j\u00e1 que os h\u00e1bitos e decis\u00f5es de compra dos consumidores s\u00e3o influenciados por marcas, cores e o conceito que elas mant\u00eam. Portanto, \u00e9 justo ver a marca registrada como um ativo intang\u00edvel importante para ajudar a propagar os neg\u00f3cios de uma empresa.<\/div>\n<div><\/div>\n<div>Quando a concorr\u00eancia no mercado for o fator predominante para que as pessoas reconhe\u00e7am seu produto ou servi\u00e7o, \u00e9 preciso uma marca e um logotipo que se destaque do resto. Fazer com que o nome seja f\u00e1cil de lembrar, intrigante e cativante tamb\u00e9m s\u00e3o alternativas eficazes para conquistar o interesse das pessoas do que ter uma marca ou um logotipo complicado, dif\u00edcil de entender e que n\u00e3o descreve seu produto ou servi\u00e7o.<\/div>\n<div><\/div>\n<div>Tamb\u00e9m vale mencionar o quanto \u00e9 dif\u00edcil, hoje em dia, ter uma marca registrada que j\u00e1 n\u00e3o esteja sendo usada, pois s\u00e3o cerca de 981 milh\u00f5es de marcas registradas no mundo. E, para isso, \u00e9 sempre recomendado buscar uma empresa s\u00e9ria que saiba atender suas necessidades na hora de registrar sua marca ou inova\u00e7\u00e3o.<\/div>\n<div><\/div>\n<div>Fonte: <a href=\"https:\/\/www.jornaldocomercio.com\/_conteudo\/opiniao\/2019\/11\/711227-a-importancia-do-registro-de-marca.html\">JC<\/a><\/div>\n","protected":false},"excerpt":{"rendered":"<p>Constantemente os empres\u00e1rios s\u00e3o confrontados com in\u00fameros desafios, um deles \u00e9 a cria\u00e7\u00e3o de uma marca, al\u00e9m de encontrar um nome bom e original que j\u00e1 n\u00e3o esteja sendo usado por outra empresa. E, na maioria das vezes, enfrentam problemas legais por contratarem empresas que n\u00e3o s\u00e3o suficientemente eficazes na busca por nomes. Inclusive, a [&hellip;]<\/p>\n","protected":false},"author":1,"featured_media":1876,"comment_status":"open","ping_status":"open","sticky":false,"template":"","format":"standard","meta":{"jetpack_post_was_ever_published":false,"_jetpack_newsletter_access":"","_jetpack_dont_email_post_to_subs":false,"_jetpack_newsletter_tier_id":0,"_jetpack_memberships_contains_paywalled_content":false,"_jetpack_memberships_contains_paid_content":false,"footnotes":"","jetpack_publicize_message":"","jetpack_publicize_feature_enabled":true,"jetpack_social_post_already_shared":true,"jetpack_social_options":{"image_generator_settings":{"template":"highway","default_image_id":0,"font":"","enabled":false},"version":2}},"categories":[60],"tags":[702,703,324],"class_list":["post-1873","post","type-post","status-publish","format-standard","has-post-thumbnail","hentry","category-consultoria","tag-inpi","tag-marca","tag-registro"],"jetpack_publicize_connections":[],"jetpack_featured_media_url":"https:\/\/i0.wp.com\/cfcontabil.com\/cf\/wp-content\/uploads\/2019\/11\/INPI-MinhaMarcaRegistrada.jpg?fit=1170%2C550","jetpack_sharing_enabled":true,"jetpack_shortlink":"https:\/\/wp.me\/p2wklX-ud","jetpack-related-posts":[{"id":844,"url":"http:\/\/cfcontabil.com\/cf\/entrega-da-rais-2016-sera-ate-dia-17-de-marco\/","url_meta":{"origin":1873,"position":0},"title":"Entrega da RAIS 2016 ser\u00e1 at\u00e9 dia 17 de mar\u00e7o","author":"Ab\u00edlio Gon\u00e7alves","date":"23 de janeiro de 2017","format":false,"excerpt":"Quem n\u00e3o cumprir o prazo pagar\u00e1 multa que pode chegar a R$ 42.641,00 O per\u00edodo para entrega da declara\u00e7\u00e3o da Rela\u00e7\u00e3o Anual de Informa\u00e7\u00f5es Sociais (RAIS) de 2016 iniciou no\u00a0dia 17 de janeiro e se estende at\u00e9 17 de mar\u00e7o. S\u00e3o obrigadas a preencher o documento todas as pessoas jur\u00eddicas\u2026","rel":"","context":"Em &quot;Departamento Pessoal&quot;","block_context":{"text":"Departamento Pessoal","link":"http:\/\/cfcontabil.com\/cf\/category\/dp\/"},"img":{"alt_text":"","src":"https:\/\/i0.wp.com\/cfcontabil.com\/cf\/wp-content\/uploads\/2017\/01\/rais-1280x720-1.jpg?fit=1200%2C675&resize=350%2C200","width":350,"height":200,"srcset":"https:\/\/i0.wp.com\/cfcontabil.com\/cf\/wp-content\/uploads\/2017\/01\/rais-1280x720-1.jpg?fit=1200%2C675&resize=350%2C200 1x, https:\/\/i0.wp.com\/cfcontabil.com\/cf\/wp-content\/uploads\/2017\/01\/rais-1280x720-1.jpg?fit=1200%2C675&resize=525%2C300 1.5x, https:\/\/i0.wp.com\/cfcontabil.com\/cf\/wp-content\/uploads\/2017\/01\/rais-1280x720-1.jpg?fit=1200%2C675&resize=700%2C400 2x, https:\/\/i0.wp.com\/cfcontabil.com\/cf\/wp-content\/uploads\/2017\/01\/rais-1280x720-1.jpg?fit=1200%2C675&resize=1050%2C600 3x"},"classes":[]},{"id":2664,"url":"http:\/\/cfcontabil.com\/cf\/mei-confira-quais-profissionais-nao-podem-abrir-registro-na-categoria\/","url_meta":{"origin":1873,"position":1},"title":"MEI: confira quais profissionais n\u00e3o podem abrir registro na categoria","author":"Ab\u00edlio Gon\u00e7alves","date":"19 de novembro de 2021","format":false,"excerpt":"A categoria est\u00e1 em evid\u00eancia e cerca de 80% das empresas abertas em 2021 foram como Microempreendedor Individual, mas nem todos podem aderir ao regime. O Microempreendedor Individual\u00a0(MEI)\u00a0\u00e9 um regime tribut\u00e1rio que permite que o pequeno empres\u00e1rio formalize seu neg\u00f3cio e usufrua de diversos benef\u00edcios e direitos contribuindo mensalmente com\u2026","rel":"","context":"Em &quot;Departamento Fiscal&quot;","block_context":{"text":"Departamento Fiscal","link":"http:\/\/cfcontabil.com\/cf\/category\/df\/"},"img":{"alt_text":"","src":"https:\/\/i0.wp.com\/cfcontabil.com\/cf\/wp-content\/uploads\/2019\/12\/mei.jpg?fit=600%2C310&resize=350%2C200","width":350,"height":200,"srcset":"https:\/\/i0.wp.com\/cfcontabil.com\/cf\/wp-content\/uploads\/2019\/12\/mei.jpg?fit=600%2C310&resize=350%2C200 1x, https:\/\/i0.wp.com\/cfcontabil.com\/cf\/wp-content\/uploads\/2019\/12\/mei.jpg?fit=600%2C310&resize=525%2C300 1.5x"},"classes":[]},{"id":1922,"url":"http:\/\/cfcontabil.com\/cf\/empresas-devem-criar-banco-de-dados-para-guardar-informacoes-de-clientes\/","url_meta":{"origin":1873,"position":2},"title":"Empresas devem criar banco de dados para guardar informa\u00e7\u00f5es de clientes","author":"Ab\u00edlio Gon\u00e7alves","date":"19 de novembro de 2019","format":false,"excerpt":"A proposta trata-se de um compilado de regulamenta\u00e7\u00f5es que abarca diversos pontos do C\u00f3digo de Defesa do Consumidor. A lei n\u00ba 13.709\/18, que trata da\u00a0Lei Geral de Prote\u00e7\u00e3o de Dados (LGPD), entrar\u00e1 em vigor em agosto de 2020. A proposta trata-se de um compilado de regulamenta\u00e7\u00f5es que abarca diversos pontos\u2026","rel":"","context":"Em &quot;Consultoria Empresarial&quot;","block_context":{"text":"Consultoria Empresarial","link":"http:\/\/cfcontabil.com\/cf\/category\/consultoria\/"},"img":{"alt_text":"","src":"https:\/\/i0.wp.com\/cfcontabil.com\/cf\/wp-content\/uploads\/2019\/10\/LGPD-cadeado.jpg?fit=619%2C496&resize=350%2C200","width":350,"height":200,"srcset":"https:\/\/i0.wp.com\/cfcontabil.com\/cf\/wp-content\/uploads\/2019\/10\/LGPD-cadeado.jpg?fit=619%2C496&resize=350%2C200 1x, https:\/\/i0.wp.com\/cfcontabil.com\/cf\/wp-content\/uploads\/2019\/10\/LGPD-cadeado.jpg?fit=619%2C496&resize=525%2C300 1.5x"},"classes":[]},{"id":877,"url":"http:\/\/cfcontabil.com\/cf\/atraso-em-liberacao-de-programa-da-dirf-pode-comprometer-a-declaracao-de-imposto-de-renda\/","url_meta":{"origin":1873,"position":3},"title":"Atraso em libera\u00e7\u00e3o de programa da Dirf pode comprometer a declara\u00e7\u00e3o de imposto de renda","author":"Ab\u00edlio Gon\u00e7alves","date":"26 de janeiro de 2017","format":false,"excerpt":"CFC encaminhou\u00a0of\u00edcio para Receita solicitando a imediata disponibiliza\u00e7\u00e3o de programa de transmiss\u00e3o da DIRF O Conselho Federal de Contabilidade (CFC) enviou, nesta ter\u00e7a-feira (24), of\u00edcio ao secret\u00e1rio da Receita Federal, Jorge Rachid, pedindo a prorroga\u00e7\u00e3o do prazo de entrega da Declara\u00e7\u00e3o do Imposto de Renda Retido na Fonte (Dirf), previsto\u2026","rel":"","context":"Em &quot;Departamento Pessoal&quot;","block_context":{"text":"Departamento Pessoal","link":"http:\/\/cfcontabil.com\/cf\/category\/dp\/"},"img":{"alt_text":"","src":"https:\/\/i0.wp.com\/cfcontabil.com\/cf\/wp-content\/uploads\/2017\/01\/DIRF_698x57613-1.jpg?fit=1000%2C826&resize=350%2C200","width":350,"height":200,"srcset":"https:\/\/i0.wp.com\/cfcontabil.com\/cf\/wp-content\/uploads\/2017\/01\/DIRF_698x57613-1.jpg?fit=1000%2C826&resize=350%2C200 1x, https:\/\/i0.wp.com\/cfcontabil.com\/cf\/wp-content\/uploads\/2017\/01\/DIRF_698x57613-1.jpg?fit=1000%2C826&resize=525%2C300 1.5x, https:\/\/i0.wp.com\/cfcontabil.com\/cf\/wp-content\/uploads\/2017\/01\/DIRF_698x57613-1.jpg?fit=1000%2C826&resize=700%2C400 2x"},"classes":[]},{"id":905,"url":"http:\/\/cfcontabil.com\/cf\/esocial-permitira-que-governo-federal-intensifique-fiscalizacoes\/","url_meta":{"origin":1873,"position":4},"title":"eSocial permitir\u00e1 que Governo Federal intensifique fiscaliza\u00e7\u00f5es","author":"Ab\u00edlio Gon\u00e7alves","date":"28 de janeiro de 2017","format":false,"excerpt":"Helio Donin Jr. afirmou que Minist\u00e9rio do Trabalho s\u00f3 tem capacidade para fiscalizar 3% das empresas Unificar as informa\u00e7\u00f5es e cruzar a base de dados para poder identificar poss\u00edveis irregularidades e atuar com a fiscaliza\u00e7\u00e3o \u00e9 um dos objetivos do Governo Federal com a implementa\u00e7\u00e3o do eSocial. Foi o que\u2026","rel":"","context":"Em &quot;Departamento Pessoal&quot;","block_context":{"text":"Departamento Pessoal","link":"http:\/\/cfcontabil.com\/cf\/category\/dp\/"},"img":{"alt_text":"","src":"https:\/\/i0.wp.com\/cfcontabil.com\/cf\/wp-content\/uploads\/2016\/03\/E-social-1-1.jpg?fit=660%2C271&resize=350%2C200","width":350,"height":200,"srcset":"https:\/\/i0.wp.com\/cfcontabil.com\/cf\/wp-content\/uploads\/2016\/03\/E-social-1-1.jpg?fit=660%2C271&resize=350%2C200 1x, https:\/\/i0.wp.com\/cfcontabil.com\/cf\/wp-content\/uploads\/2016\/03\/E-social-1-1.jpg?fit=660%2C271&resize=525%2C300 1.5x"},"classes":[]},{"id":2044,"url":"http:\/\/cfcontabil.com\/cf\/decreto-facilita-combate-a-fraude-em-abertura-de-empresas\/","url_meta":{"origin":1873,"position":5},"title":"Decreto facilita combate \u00e0 fraude em abertura de empresas","author":"Ab\u00edlio Gon\u00e7alves","date":"6 de janeiro de 2020","format":false,"excerpt":"DESBUROCRATIZA\u00c7\u00c3O Novas regras simplificam a identifica\u00e7\u00e3o de falsifica\u00e7\u00f5es e melhora ambiente de neg\u00f3cios no pa\u00eds O\u00a0Decreto n\u00ba 10.173, de 16 de dezembro de 2019, tem o objetivo de simplificar a vida das pessoas que foram v\u00edtimas de falsifica\u00e7\u00f5es de documentos durante a abertura ou outros atos relacionados a empresas no\u2026","rel":"","context":"Em &quot;Geral&quot;","block_context":{"text":"Geral","link":"http:\/\/cfcontabil.com\/cf\/category\/geral\/"},"img":{"alt_text":"","src":"https:\/\/i0.wp.com\/cfcontabil.com\/cf\/wp-content\/uploads\/2020\/01\/desburocratizacao.jpg?fit=606%2C454&resize=350%2C200","width":350,"height":200,"srcset":"https:\/\/i0.wp.com\/cfcontabil.com\/cf\/wp-content\/uploads\/2020\/01\/desburocratizacao.jpg?fit=606%2C454&resize=350%2C200 1x, https:\/\/i0.wp.com\/cfcontabil.com\/cf\/wp-content\/uploads\/2020\/01\/desburocratizacao.jpg?fit=606%2C454&resize=525%2C300 1.5x"},"classes":[]}],"jetpack_likes_enabled":true,"_links":{"self":[{"href":"http:\/\/cfcontabil.com\/cf\/wp-json\/wp\/v2\/posts\/1873","targetHints":{"allow":["GET"]}}],"collection":[{"href":"http:\/\/cfcontabil.com\/cf\/wp-json\/wp\/v2\/posts"}],"about":[{"href":"http:\/\/cfcontabil.com\/cf\/wp-json\/wp\/v2\/types\/post"}],"author":[{"embeddable":true,"href":"http:\/\/cfcontabil.com\/cf\/wp-json\/wp\/v2\/users\/1"}],"replies":[{"embeddable":true,"href":"http:\/\/cfcontabil.com\/cf\/wp-json\/wp\/v2\/comments?post=1873"}],"version-history":[{"count":1,"href":"http:\/\/cfcontabil.com\/cf\/wp-json\/wp\/v2\/posts\/1873\/revisions"}],"predecessor-version":[{"id":1877,"href":"http:\/\/cfcontabil.com\/cf\/wp-json\/wp\/v2\/posts\/1873\/revisions\/1877"}],"wp:featuredmedia":[{"embeddable":true,"href":"http:\/\/cfcontabil.com\/cf\/wp-json\/wp\/v2\/media\/1876"}],"wp:attachment":[{"href":"http:\/\/cfcontabil.com\/cf\/wp-json\/wp\/v2\/media?parent=1873"}],"wp:term":[{"taxonomy":"category","embeddable":true,"href":"http:\/\/cfcontabil.com\/cf\/wp-json\/wp\/v2\/categories?post=1873"},{"taxonomy":"post_tag","embeddable":true,"href":"http:\/\/cfcontabil.com\/cf\/wp-json\/wp\/v2\/tags?post=1873"}],"curies":[{"name":"wp","href":"https:\/\/api.w.org\/{rel}","templated":true}]}}