{"id":1878,"date":"2019-11-13T07:00:12","date_gmt":"2019-11-13T10:00:12","guid":{"rendered":"http:\/\/cfcontabil.com\/cf\/?p=1878"},"modified":"2019-11-14T07:20:41","modified_gmt":"2019-11-14T10:20:41","slug":"empresario-vitima-do-fisco","status":"publish","type":"post","link":"http:\/\/cfcontabil.com\/cf\/empresario-vitima-do-fisco\/","title":{"rendered":"Empres\u00e1rio vitima do fisco"},"content":{"rendered":"<h2 class=\"subtitulo\">As leis aplicadas no resultado de uma fiscaliza\u00e7\u00e3o pelo fisco penaliza o empres\u00e1rio<\/h2>\n<p>As leis aplicadas no resultado de uma fiscaliza\u00e7\u00e3o pelo fisco penaliza o empres\u00e1rio pelo crime contra a ordem tribut\u00e1ria, n\u00e3o est\u00e3o vinculadas as normas que disciplinam a escritura\u00e7\u00e3o fiscal e cont\u00e1bil. As autoridades envolvidas n\u00e3o podem aceitar como absoluto o auto de infra\u00e7\u00e3o e a representa\u00e7\u00e3o penal, antes de intimar o contribuinte, ou requerer investiga\u00e7\u00e3o e per\u00edcia t\u00e9cnica dos fatos apresentados pelo auditor fiscal.<\/p>\n<p>Atualmente a legisla\u00e7\u00e3o que envolve esse procedimento, serve apenas como refer\u00eancia, visto que a Lei 8.137\/90, n\u00e3o atende as altera\u00e7\u00f5es das novas normas fiscais, j\u00e1 que as decis\u00f5es t\u00e9cnicas e justas aplicadas pelos Tribunais corrigem as den\u00fancias e senten\u00e7as aplicadas com base no auto de infra\u00e7\u00e3o pelo auditor, que usa apenas o sistema do \u00f3rg\u00e3o para penalizar o contribuinte.<\/p>\n<p>A Lei 8.137\/90, n\u00e3o atende mais os procedimentos de an\u00e1lise e classifica\u00e7\u00e3o cont\u00e1bil e fiscal com as altera\u00e7\u00f5es das legisla\u00e7\u00f5es que disciplinam as escritura\u00e7\u00f5es fiscal e cont\u00e1bil. O auditor fiscal est\u00e1 considerando Nota Fiscal como comprovante de pagamento, enquanto representa um documento de identidade da mercadoria. O auditor tamb\u00e9m considera as vendas como todas pagas no ato da compra, sem antes analisar a escrita fiscal e cont\u00e1bil.<\/p>\n<p>O auditor fiscal est\u00e1 vinculado \u00e0 lei, n\u00e3o apenas ao Regulamento e \u00e0s Leis que disciplinam os Impostos de sua compet\u00eancia, como vem sendo demonstrado nos autos de infra\u00e7\u00e3o, sem investigar como determina o artigo 142 do CTN, j\u00e1 que em certos casos elegem os sistema do \u00f3rg\u00e3o como absoluto para iniciar e concluir a fiscaliza\u00e7\u00e3o, sem oferecer o direito \u00e0 ampla defesa na fase de fiscaliza\u00e7\u00e3o.<\/p>\n<p>O contribuinte al\u00e9m de aplicar a Lei, pode tamb\u00e9m, usar a seu favor, decis\u00f5es dos Tribunais Judiciais e Administrativo, acoplando a contabilidade tribut\u00e1ria e superior que corrigem a interpreta\u00e7\u00e3o da Lei aplicada pelo auditor fiscal, que desconsidera as decis\u00f5es dos tribunais, mesmo sendo vinculantes, como s\u00famulas e ac\u00f3rd\u00e3os.<\/p>\n<p>O auditor fiscal desenvolve seu trabalho iniciando pela t\u00e9cnica, enquanto deveria iniciar pelo procedimento fiscal e cont\u00e1bil, at\u00e9 chegar \u00e0 descri\u00e7\u00e3o dos fatos, j\u00e1 que o contribuinte inicia pelo procedimento, seguindo as opera\u00e7\u00f5es para desenvolver os lan\u00e7amentos fiscal e cont\u00e1bil, at\u00e9 chegar aos fatos atribu\u00eddos pelo auditor.<\/p>\n<p>O auditor n\u00e3o analisa e nem leva em considera\u00e7\u00e3o a situa\u00e7\u00e3o financeira do contribuinte atrav\u00e9s do caixa dispon\u00edvel ou n\u00e3o, n\u00e3o leva em considera\u00e7\u00e3o o regime de caixa, n\u00e3o leva em considera\u00e7\u00e3o a forma de pagamentos dos compromissos dos contribuintes, n\u00e3o leva em considera\u00e7\u00e3o se o cliente pagou ou n\u00e3o a mercadoria, quais os preju\u00edzos acumulados sem levar em considera\u00e7\u00e3o a escritura\u00e7\u00e3o fiscal e cont\u00e1bil.<\/p>\n<p>O contribuinte para saldar seus compromissos, sal\u00e1rios dos funcion\u00e1rios que tem prefer\u00eancia por ser alimentos, deixa de recolher os impostos e quando recolhe conforme a capacidade financeira de acordo com a disponibilidade de caixa, que \u00e9 legal, n\u00e3o \u00e9 levada em considera\u00e7\u00e3o pelas autoridades fiscais.<\/p>\n<p>\u00c9 f\u00e1cil aplicar o crime tribut\u00e1rio, sem antes pesquisar, levar em considera\u00e7\u00e3o a escritura\u00e7\u00e3o fiscal e cont\u00e1bil do contribuinte, entretanto, quando esse crime \u00e9 submetido ao Tribunal, julgado por colegiado t\u00e9cnico, com alto grau de conhecimento, ap\u00f3s apreciar os argumentos e fundamenta\u00e7\u00e3o fiscal e cont\u00e1bil apresentados pelo contribuinte, a situa\u00e7\u00e3o \u00e9 diferente, como ocorreu com a 8\u00ba Turma do Tribunal Regional Federal da 4\u00aa Regi\u00e3o, que por unanimidade reformou a senten\u00e7a onde o empres\u00e1rio foi condenado na primeira inst\u00e2ncia por crimes conexos de sonega\u00e7\u00e3o tribut\u00e1ria.<\/p>\n<p>Os Desembargadores levaram em considera\u00e7\u00e3o a situa\u00e7\u00e3o financeira do empres\u00e1rio, o balan\u00e7o e as demonstra\u00e7\u00f5es de resultados, que l\u00e1 identifica porque n\u00e3o foram recolhidos os impostos e os desembargadores consideraram a causa excludente de culpabilidade. Novas teses est\u00e3o sendo apresentadas nos Tribunais e esse com compet\u00eancia consideram a situa\u00e7\u00e3o financeira do contribuinte e a n\u00e3o inclus\u00e3o no custo opera\u00e7\u00e3o desses impostos. O Fisco possui meios legais para cobrar a Execu\u00e7\u00e3o Fiscal e se l\u00e1 o contribuinte obter \u00eaxito, como fica o crime contra a ordem tribut\u00e1ria?<\/p>\n<p>Atualmente com a antecipa\u00e7\u00e3o do recolhimento de alguns impostos, n\u00e3o se pode mais considerar crime contra a ordem tribut\u00e1ria, definido pela Lei 8.137\/90, visto que esse imposto \u00e9 cobrado antes da mercadoria ingressar no estabelecimento do contribuinte, sem compor o custo opera\u00e7\u00e3o. Nesse sentido, se o contribuinte deixar de recolher n\u00e3o \u00e9 crime e n\u00e3o est\u00e1 enquadrado no artigo 2\u00ba, inciso II da Lei 8.137\/90 que n\u00e3o identifica a nova modalidade de recolhimento de tributo, j\u00e1 que essa Lei n\u00e3o est\u00e1 adequada para a nova realidade fiscal e cont\u00e1bil, posto que a Lei 8.137\/90, foi criada antes dos novos comandos legais aplicados atualmente.<\/p>\n<p>O procedimento da lei 8.137\/90 est\u00e1 direcionado a um procedimento t\u00e9cnico que atualmente n\u00e3o \u00e9 mais aplicado na escrita fiscal e cont\u00e1bil, para produzir crime contra a ordem tribut\u00e1ria.<\/p>\n<p><strong>Admilton Almeida<\/strong><\/p>\n<p><strong>Consultor Tribut\u00e1rio e Tributarista.<\/strong><\/p>\n<p>Fonte: <a href=\"https:\/\/contadores.cnt.br\/noticias\/artigos\/2019\/11\/07\/empresario-vitima-do-fisco.html\">Contadores<\/a><\/p>\n","protected":false},"excerpt":{"rendered":"<p>As leis aplicadas no resultado de uma fiscaliza\u00e7\u00e3o pelo fisco penaliza o empres\u00e1rio As leis aplicadas no resultado de uma fiscaliza\u00e7\u00e3o pelo fisco penaliza o empres\u00e1rio pelo crime contra a ordem tribut\u00e1ria, n\u00e3o est\u00e3o vinculadas as normas que disciplinam a escritura\u00e7\u00e3o fiscal e cont\u00e1bil. As autoridades envolvidas n\u00e3o podem aceitar como absoluto o auto de [&hellip;]<\/p>\n","protected":false},"author":1,"featured_media":1895,"comment_status":"open","ping_status":"open","sticky":false,"template":"","format":"standard","meta":{"jetpack_post_was_ever_published":false,"_jetpack_newsletter_access":"","_jetpack_dont_email_post_to_subs":false,"_jetpack_newsletter_tier_id":0,"_jetpack_memberships_contains_paywalled_content":false,"_jetpack_memberships_contains_paid_content":false,"footnotes":"","jetpack_publicize_message":"","jetpack_publicize_feature_enabled":true,"jetpack_social_post_already_shared":true,"jetpack_social_options":{"image_generator_settings":{"template":"highway","default_image_id":0,"font":"","enabled":false},"version":2}},"categories":[60],"tags":[],"class_list":["post-1878","post","type-post","status-publish","format-standard","has-post-thumbnail","hentry","category-consultoria"],"jetpack_publicize_connections":[],"jetpack_featured_media_url":"https:\/\/i0.wp.com\/cfcontabil.com\/cf\/wp-content\/uploads\/2019\/11\/dinheiro-nota-real.jpg?fit=678%2C452","jetpack_sharing_enabled":true,"jetpack_shortlink":"https:\/\/wp.me\/p2wklX-ui","jetpack-related-posts":[{"id":1160,"url":"http:\/\/cfcontabil.com\/cf\/encontrados-92-412-trabalhadores-sem-registro-formal-em-2016\/","url_meta":{"origin":1878,"position":0},"title":"Encontrados 92.412 trabalhadores sem registro formal em 2016","author":"Ab\u00edlio Gon\u00e7alves","date":"25 de maio de 2017","format":false,"excerpt":"Auditores fiscais do Trabalho realizaram mais de 11 mil a\u00e7\u00f5es fiscais no pa\u00eds no ano passado Em 2016 foram encontrados 92.412 empregados sem registro formal nas mais de 11 mil a\u00e7\u00f5es fiscais realizadas pelos auditores fiscais do Trabalho em estabelecimentos comerciais no pa\u00eds. O maior n\u00famero de empregados sem registro\u2026","rel":"","context":"Em &quot;Departamento Pessoal&quot;","block_context":{"text":"Departamento Pessoal","link":"http:\/\/cfcontabil.com\/cf\/category\/dp\/"},"img":{"alt_text":"","src":"https:\/\/i0.wp.com\/cfcontabil.com\/cf\/wp-content\/uploads\/2017\/05\/carteira-de-trabalho-1.jpg?fit=590%2C302&resize=350%2C200","width":350,"height":200,"srcset":"https:\/\/i0.wp.com\/cfcontabil.com\/cf\/wp-content\/uploads\/2017\/05\/carteira-de-trabalho-1.jpg?fit=590%2C302&resize=350%2C200 1x, https:\/\/i0.wp.com\/cfcontabil.com\/cf\/wp-content\/uploads\/2017\/05\/carteira-de-trabalho-1.jpg?fit=590%2C302&resize=525%2C300 1.5x"},"classes":[]},{"id":1067,"url":"http:\/\/cfcontabil.com\/cf\/receita-federal-analisa-as-informacoes-de-redes-sociais\/","url_meta":{"origin":1878,"position":1},"title":"Receita Federal analisa as informa\u00e7\u00f5es de redes sociais","author":"Ab\u00edlio Gon\u00e7alves","date":"20 de mar\u00e7o de 2017","format":false,"excerpt":"As informa\u00e7\u00f5es das redes sociais \u00e9 utilizada de forma rotineira na an\u00e1lise e sele\u00e7\u00e3o de contribuintes para fins de fiscaliza\u00e7\u00e3o. A Receita Federal utiliza informa\u00e7\u00f5es de redes sociais de forma rotineira na an\u00e1lise e sele\u00e7\u00e3o de contribuintes para fins de fiscaliza\u00e7\u00e3o. Na execu\u00e7\u00e3o da fiscaliza\u00e7\u00e3o \u00e9 muito comum que o\u2026","rel":"","context":"Em &quot;Departamento Fiscal&quot;","block_context":{"text":"Departamento Fiscal","link":"http:\/\/cfcontabil.com\/cf\/category\/df\/"},"img":{"alt_text":"","src":"https:\/\/i0.wp.com\/cfcontabil.com\/cf\/wp-content\/uploads\/2017\/03\/redessociais-facebook-youtube-1.jpg?fit=1200%2C681&resize=350%2C200","width":350,"height":200,"srcset":"https:\/\/i0.wp.com\/cfcontabil.com\/cf\/wp-content\/uploads\/2017\/03\/redessociais-facebook-youtube-1.jpg?fit=1200%2C681&resize=350%2C200 1x, https:\/\/i0.wp.com\/cfcontabil.com\/cf\/wp-content\/uploads\/2017\/03\/redessociais-facebook-youtube-1.jpg?fit=1200%2C681&resize=525%2C300 1.5x, https:\/\/i0.wp.com\/cfcontabil.com\/cf\/wp-content\/uploads\/2017\/03\/redessociais-facebook-youtube-1.jpg?fit=1200%2C681&resize=700%2C400 2x, https:\/\/i0.wp.com\/cfcontabil.com\/cf\/wp-content\/uploads\/2017\/03\/redessociais-facebook-youtube-1.jpg?fit=1200%2C681&resize=1050%2C600 3x"},"classes":[]},{"id":195,"url":"http:\/\/cfcontabil.com\/cf\/receira-federal-alerta-proteja-se-de-falsos-fiscais\/","url_meta":{"origin":1878,"position":2},"title":"Receira Federal alerta: proteja-se de falsos fiscais!","author":"Vin\u00edcius Moizinho","date":"1 de novembro de 2012","format":false,"excerpt":"Servi\u00e7o de utilidade p\u00fablica, prezados.\u00a0Tome cuidado! Falsos fiscais abordam empresas em busca de dinheiro f\u00e1cil. Algumas vezes, eles usam o nome de servidores da Receita Federal da ativa. Outras vezes, dizem que s\u00e3o da Associa\u00e7\u00e3o de Auditores Fiscais. Ainda h\u00e1 aqueles que querem vender, falsamente, assinaturas ou an\u00fancios em revistas\u2026","rel":"","context":"Em &quot;Contabilidade em geral&quot;","block_context":{"text":"Contabilidade em geral","link":"http:\/\/cfcontabil.com\/cf\/category\/contabilidade-2\/"},"img":{"alt_text":"","src":"https:\/\/i0.wp.com\/www.evidenciagrupo.com.br\/nfe\/intranet\/fckeditor\/kcfinder\/upload\/images\/1333547553.jpg?resize=350%2C200","width":350,"height":200,"srcset":"https:\/\/i0.wp.com\/www.evidenciagrupo.com.br\/nfe\/intranet\/fckeditor\/kcfinder\/upload\/images\/1333547553.jpg?resize=350%2C200 1x, https:\/\/i0.wp.com\/www.evidenciagrupo.com.br\/nfe\/intranet\/fckeditor\/kcfinder\/upload\/images\/1333547553.jpg?resize=525%2C300 1.5x, https:\/\/i0.wp.com\/www.evidenciagrupo.com.br\/nfe\/intranet\/fckeditor\/kcfinder\/upload\/images\/1333547553.jpg?resize=700%2C400 2x"},"classes":[]},{"id":1776,"url":"http:\/\/cfcontabil.com\/cf\/recebeu-uma-notificacao-de-debito-do-fgts-o-que-fazer\/","url_meta":{"origin":1878,"position":3},"title":"Recebeu uma Notifica\u00e7\u00e3o de D\u00e9bito do FGTS? O que fazer?","author":"Ab\u00edlio Gon\u00e7alves","date":"17 de outubro de 2019","format":false,"excerpt":"O Governo Federal vem atuando de forma mais acirrada para combater fraudes e sonega\u00e7\u00e3o, agindo atrav\u00e9s de seus Minist\u00e9rios na busca de diminuir os gastos p\u00fablicos e aprimorar a arrecada\u00e7\u00e3o. Com base no\u00a0art. 18, II do Decreto 4.552\/2002, foi criada a Malha Fiscal do\u00a0FGTS, atrav\u00e9s da\u00a0Nota T\u00e9cnica SEI n\u00ba 2\/2019\/DFGTS\/CGFIT\/SIT\/STRAB\/SEPRT-ME,\u00a0para\u2026","rel":"","context":"Em &quot;Departamento Pessoal&quot;","block_context":{"text":"Departamento Pessoal","link":"http:\/\/cfcontabil.com\/cf\/category\/dp\/"},"img":{"alt_text":"","src":"https:\/\/i0.wp.com\/cfcontabil.com\/cf\/wp-content\/uploads\/2017\/03\/FGTS1-1.jpg?fit=1200%2C702&resize=350%2C200","width":350,"height":200,"srcset":"https:\/\/i0.wp.com\/cfcontabil.com\/cf\/wp-content\/uploads\/2017\/03\/FGTS1-1.jpg?fit=1200%2C702&resize=350%2C200 1x, https:\/\/i0.wp.com\/cfcontabil.com\/cf\/wp-content\/uploads\/2017\/03\/FGTS1-1.jpg?fit=1200%2C702&resize=525%2C300 1.5x, https:\/\/i0.wp.com\/cfcontabil.com\/cf\/wp-content\/uploads\/2017\/03\/FGTS1-1.jpg?fit=1200%2C702&resize=700%2C400 2x, https:\/\/i0.wp.com\/cfcontabil.com\/cf\/wp-content\/uploads\/2017\/03\/FGTS1-1.jpg?fit=1200%2C702&resize=1050%2C600 3x"},"classes":[]},{"id":1109,"url":"http:\/\/cfcontabil.com\/cf\/receita-federal-e-fiscos-estaduais-iniciam-fiscalizacao-conjunta\/","url_meta":{"origin":1878,"position":4},"title":"Receita Federal e Fiscos Estaduais iniciam fiscaliza\u00e7\u00e3o conjunta","author":"Ab\u00edlio Gon\u00e7alves","date":"6 de abril de 2017","format":false,"excerpt":"A a\u00e7\u00e3o ter\u00e1 foco nas empresas notificadas pelo Alerta do Simples Nacional 3 de 2016. Expectativa \u00e9 de uma recupera\u00e7\u00e3o de R$ 130 milh\u00f5es em tributos sonegados. A Receita Federal, em conjunto com as Secretarias de Fazenda dos Estados do Tocantins, Piau\u00ed, Alagoas, Rio Grande do Norte, Sergipe, Minas Gerais,\u2026","rel":"","context":"Em &quot;Departamento Fiscal&quot;","block_context":{"text":"Departamento Fiscal","link":"http:\/\/cfcontabil.com\/cf\/category\/df\/"},"img":{"alt_text":"","src":"https:\/\/i0.wp.com\/cfcontabil.com\/cf\/wp-content\/uploads\/2017\/01\/simples-1.jpg?fit=520%2C271&resize=350%2C200","width":350,"height":200},"classes":[]},{"id":1752,"url":"http:\/\/cfcontabil.com\/cf\/novas-regras-para-guarda-e-conservacao-de-comprovantes-e-livros-contabeis-e-fiscais\/","url_meta":{"origin":1878,"position":5},"title":"Novas regras para guarda e conserva\u00e7\u00e3o de comprovantes e livros cont\u00e1beis e fiscais","author":"Ab\u00edlio Gon\u00e7alves","date":"15 de outubro de 2019","format":false,"excerpt":"Em 11 de outubro de 2019, a Receita Federal do Brasil publicou o Ato Declarat\u00f3rio Interpretativo (ADI) n\u00ba\u00a04,\u00a0que veicula uma nova interpreta\u00e7\u00e3o para o preceito do \u00a7 \u00fanico do art. 195 do C\u00f3digo Tribut\u00e1rio Nacional \u2013 CTN, que disp\u00f5e sobre a guarda e conserva\u00e7\u00e3o de livros e documentos fiscais.\u00a0 De\u2026","rel":"","context":"Em &quot;Departamento Fiscal&quot;","block_context":{"text":"Departamento Fiscal","link":"http:\/\/cfcontabil.com\/cf\/category\/df\/"},"img":{"alt_text":"","src":"https:\/\/i0.wp.com\/cfcontabil.com\/cf\/wp-content\/uploads\/2019\/10\/pastas.jpg?fit=678%2C452&resize=350%2C200","width":350,"height":200,"srcset":"https:\/\/i0.wp.com\/cfcontabil.com\/cf\/wp-content\/uploads\/2019\/10\/pastas.jpg?fit=678%2C452&resize=350%2C200 1x, https:\/\/i0.wp.com\/cfcontabil.com\/cf\/wp-content\/uploads\/2019\/10\/pastas.jpg?fit=678%2C452&resize=525%2C300 1.5x"},"classes":[]}],"jetpack_likes_enabled":true,"_links":{"self":[{"href":"http:\/\/cfcontabil.com\/cf\/wp-json\/wp\/v2\/posts\/1878","targetHints":{"allow":["GET"]}}],"collection":[{"href":"http:\/\/cfcontabil.com\/cf\/wp-json\/wp\/v2\/posts"}],"about":[{"href":"http:\/\/cfcontabil.com\/cf\/wp-json\/wp\/v2\/types\/post"}],"author":[{"embeddable":true,"href":"http:\/\/cfcontabil.com\/cf\/wp-json\/wp\/v2\/users\/1"}],"replies":[{"embeddable":true,"href":"http:\/\/cfcontabil.com\/cf\/wp-json\/wp\/v2\/comments?post=1878"}],"version-history":[{"count":2,"href":"http:\/\/cfcontabil.com\/cf\/wp-json\/wp\/v2\/posts\/1878\/revisions"}],"predecessor-version":[{"id":1899,"href":"http:\/\/cfcontabil.com\/cf\/wp-json\/wp\/v2\/posts\/1878\/revisions\/1899"}],"wp:featuredmedia":[{"embeddable":true,"href":"http:\/\/cfcontabil.com\/cf\/wp-json\/wp\/v2\/media\/1895"}],"wp:attachment":[{"href":"http:\/\/cfcontabil.com\/cf\/wp-json\/wp\/v2\/media?parent=1878"}],"wp:term":[{"taxonomy":"category","embeddable":true,"href":"http:\/\/cfcontabil.com\/cf\/wp-json\/wp\/v2\/categories?post=1878"},{"taxonomy":"post_tag","embeddable":true,"href":"http:\/\/cfcontabil.com\/cf\/wp-json\/wp\/v2\/tags?post=1878"}],"curies":[{"name":"wp","href":"https:\/\/api.w.org\/{rel}","templated":true}]}}