{"id":1886,"date":"2019-11-12T18:00:52","date_gmt":"2019-11-12T21:00:52","guid":{"rendered":"http:\/\/cfcontabil.com\/cf\/?p=1886"},"modified":"2019-11-12T17:42:02","modified_gmt":"2019-11-12T20:42:02","slug":"excluido-da-mp-da-liberdade-economica-trabalho-aos-domingos-volta","status":"publish","type":"post","link":"http:\/\/cfcontabil.com\/cf\/excluido-da-mp-da-liberdade-economica-trabalho-aos-domingos-volta\/","title":{"rendered":"Exclu\u00eddo da MP da Liberdade Econ\u00f4mica, trabalho aos domingos volta"},"content":{"rendered":"<div>O governo aproveitou a medida provis\u00f3ria que cria o programa Verde Amarelo para incluir pontos que chegaram a constar na tramita\u00e7\u00e3o da medida da Liberdade Econ\u00f4mica, mas acabaram caindo na tramita\u00e7\u00e3o no Congresso Nacional. Um dos pontos \u00e9 a autoriza\u00e7\u00e3o para trabalhos aos domingos.<\/div>\n<div><\/div>\n<div>A MP inclui a possibilidade na CLT, com a ressalva de que para os estabelecimentos do com\u00e9rcio dever\u00e1 ser observada a legisla\u00e7\u00e3o local. A proje\u00e7\u00e3o \u00e9 criar 500 mil empregos com a medida at\u00e9 2022.<\/div>\n<div><\/div>\n<div>Outro ponto retomado \u00e9 a determina\u00e7\u00e3o que multas trabalhistas de grada\u00e7\u00e3o leve s\u00f3 ser\u00e3o aplicadas na segunda visita do fiscal. Na primeira, s\u00f3 ser\u00e1 dado um alerta. Tamb\u00e9m ser\u00e1 enviado ao Congresso Nacional um projeto de lei para estimular a contrata\u00e7\u00e3o de pessoas com defici\u00eancia, o que chegou a ser discutido, mas ficou fora da MP da Liberdade Econ\u00f4mica. Entre as medidas est\u00e1 a possibilidade de um mesmo trabalhador ser contabilizado para as cotas de aprendiz e pessoa com defici\u00eancia.<\/div>\n<div><\/div>\n<div>Outro projeto de lei ser\u00e1 enviado para regulamentar o uso do seguro-garantia para substitui\u00e7\u00e3o de dep\u00f3sitos recursais trabalhistas, o que foi previsto na reforma trabalhista.<\/div>\n<div><\/div>\n<div>Para dar mais seguran\u00e7a jur\u00eddica a empresas e trabalhadores, a MP do programa Verde Amarelo regulamenta a gorjeta, definido que n\u00e3o constitui receita dos empregadores, mas sim dos trabalhadores. Outro ponto diz respeito ao fornecimento de alimenta\u00e7\u00e3o e determina que n\u00e3o possui natureza salarial nem \u00e9 tribut\u00e1vel.<\/div>\n","protected":false},"excerpt":{"rendered":"<p>O governo aproveitou a medida provis\u00f3ria que cria o programa Verde Amarelo para incluir pontos que chegaram a constar na tramita\u00e7\u00e3o da medida da Liberdade Econ\u00f4mica, mas acabaram caindo na tramita\u00e7\u00e3o no Congresso Nacional. Um dos pontos \u00e9 a autoriza\u00e7\u00e3o para trabalhos aos domingos. A MP inclui a possibilidade na CLT, com a ressalva de [&hellip;]<\/p>\n","protected":false},"author":1,"featured_media":857,"comment_status":"open","ping_status":"open","sticky":false,"template":"","format":"standard","meta":{"jetpack_post_was_ever_published":false,"_jetpack_newsletter_access":"","_jetpack_dont_email_post_to_subs":false,"_jetpack_newsletter_tier_id":0,"_jetpack_memberships_contains_paywalled_content":false,"_jetpack_memberships_contains_paid_content":false,"footnotes":"","jetpack_publicize_message":"","jetpack_publicize_feature_enabled":true,"jetpack_social_post_already_shared":true,"jetpack_social_options":{"image_generator_settings":{"template":"highway","default_image_id":0,"font":"","enabled":false},"version":2}},"categories":[29],"tags":[704,606,705,675],"class_list":["post-1886","post","type-post","status-publish","format-standard","has-post-thumbnail","hentry","category-dp","tag-domingo","tag-economica","tag-liberdade","tag-mp"],"jetpack_publicize_connections":[],"jetpack_featured_media_url":"https:\/\/i0.wp.com\/cfcontabil.com\/cf\/wp-content\/uploads\/2017\/01\/CTPStrabalho-1.jpg?fit=4600%2C2995","jetpack_sharing_enabled":true,"jetpack_shortlink":"https:\/\/wp.me\/p2wklX-uq","jetpack-related-posts":[{"id":1285,"url":"http:\/\/cfcontabil.com\/cf\/adesao-ao-refis-podera-ser-feita-ate-29-de-setembro\/","url_meta":{"origin":1886,"position":0},"title":"Ades\u00e3o ao Refis poder\u00e1 ser feita at\u00e9 29 de setembro","author":"Ab\u00edlio Gon\u00e7alves","date":"31 de agosto de 2017","format":false,"excerpt":"O presidente da Rep\u00fablica em exerc\u00edcio,\u00a0Rodrigo Maia, editou medida provis\u00f3ria (MP) prorrogando o prazo de ades\u00e3o ao novo refinanciamento de d\u00edvidas de empres\u00e1rios com a Receita Federal para o pr\u00f3ximo dia 29 de setembro. Os l\u00edderes da C\u00e2mara dos Deputados est\u00e3o em busca de acordo para votar a proposta at\u00e9\u2026","rel":"","context":"Em &quot;Departamento Fiscal&quot;","block_context":{"text":"Departamento Fiscal","link":"http:\/\/cfcontabil.com\/cf\/category\/df\/"},"img":{"alt_text":"","src":"","width":0,"height":0},"classes":[]},{"id":1914,"url":"http:\/\/cfcontabil.com\/cf\/mp-verde-amarelo-nao-extingue-registro-do-profissional-da-contabilidade\/","url_meta":{"origin":1886,"position":1},"title":"MP Verde Amarelo n\u00e3o extingue registro do profissional da contabilidade","author":"Ab\u00edlio Gon\u00e7alves","date":"18 de novembro de 2019","format":false,"excerpt":"O Governo Federal lan\u00e7ou, nesta semana, a Medida Provis\u00f3ria n\u00ba 905, de 11 de novembro de 2019, que institui o Contrato de Trabalho Verde e Amarelo, um programa para\u00a0fomentar a cria\u00e7\u00e3o de empregos com carteira assinada no mercado de trabalho. Entre as altera\u00e7\u00f5es, a MP traz a n\u00e3o obrigatoriedade do\u2026","rel":"","context":"Em &quot;Geral&quot;","block_context":{"text":"Geral","link":"http:\/\/cfcontabil.com\/cf\/category\/geral\/"},"img":{"alt_text":"","src":"https:\/\/i0.wp.com\/cfcontabil.com\/cf\/wp-content\/uploads\/2019\/11\/contabilidade-neg%C3%B3cio.jpg?fit=679%2C451&resize=350%2C200","width":350,"height":200,"srcset":"https:\/\/i0.wp.com\/cfcontabil.com\/cf\/wp-content\/uploads\/2019\/11\/contabilidade-neg%C3%B3cio.jpg?fit=679%2C451&resize=350%2C200 1x, https:\/\/i0.wp.com\/cfcontabil.com\/cf\/wp-content\/uploads\/2019\/11\/contabilidade-neg%C3%B3cio.jpg?fit=679%2C451&resize=525%2C300 1.5x"},"classes":[]},{"id":2425,"url":"http:\/\/cfcontabil.com\/cf\/mp-1-046-altera-regras-para-teletrabalho-antecipacao-de-ferias-e-feriados-e-fgts\/","url_meta":{"origin":1886,"position":2},"title":"MP 1.046 altera regras para teletrabalho, antecipa\u00e7\u00e3o de f\u00e9rias e feriados e FGTS","author":"Ab\u00edlio Gon\u00e7alves","date":"29 de abril de 2021","format":false,"excerpt":"O Di\u00e1rio Oficial da Uni\u00e3o publicou nesta quarta-feira (28) a Medida Provis\u00f3ria 1.046\/2021 que flexibiliza as regras trabalhistas para permitir teletrabalho, antecipa\u00e7\u00e3o de\u00a0f\u00e9rias\u00a0individuais, concess\u00e3o de\u00a0f\u00e9rias\u00a0coletivas e diferimento do recolhimento das contribui\u00e7\u00f5es ao Fundo de Garantia do Tempo de Servi\u00e7o\u00a0(FGTS)\u00a0. Segundo o governo, o objetivo da MP \u00e9 atenuar o impacto\u2026","rel":"","context":"Em &quot;Geral&quot;","block_context":{"text":"Geral","link":"http:\/\/cfcontabil.com\/cf\/category\/geral\/"},"img":{"alt_text":"","src":"https:\/\/i0.wp.com\/cfcontabil.com\/cf\/wp-content\/uploads\/2021\/04\/teletrabalho.jpeg?fit=512%2C213&resize=350%2C200","width":350,"height":200},"classes":[]},{"id":1794,"url":"http:\/\/cfcontabil.com\/cf\/bolsonaro-assina-mp-de-incentivo-a-regularizacao-de-dividas-com-a-uniao-desconto-e-de-ate-70\/","url_meta":{"origin":1886,"position":3},"title":"Bolsonaro assina MP de incentivo \u00e0 regulariza\u00e7\u00e3o de d\u00edvidas com a Uni\u00e3o; desconto \u00e9 de at\u00e9 70%","author":"Ab\u00edlio Gon\u00e7alves","date":"17 de outubro de 2019","format":false,"excerpt":"O presidente\u00a0Jair Bolsonaro\u00a0assinou nesta quarta-feira (16), em cerim\u00f4nia no Pal\u00e1cio do Planalto, uma medida provis\u00f3ria com regras para facilitar acordos entre a Uni\u00e3o e seus devedores, com o objetivo de quitar as d\u00edvidas. \u00a0 \u00a0 No caso de cobran\u00e7a de d\u00edvida tribut\u00e1ria ativa, o governo informou que a MP poder\u00e1\u2026","rel":"","context":"Em &quot;Consultoria Empresarial&quot;","block_context":{"text":"Consultoria Empresarial","link":"http:\/\/cfcontabil.com\/cf\/category\/consultoria\/"},"img":{"alt_text":"","src":"https:\/\/i0.wp.com\/cfcontabil.com\/cf\/wp-content\/uploads\/2019\/10\/renegociar-dividas.png?fit=707%2C337&resize=350%2C200","width":350,"height":200,"srcset":"https:\/\/i0.wp.com\/cfcontabil.com\/cf\/wp-content\/uploads\/2019\/10\/renegociar-dividas.png?fit=707%2C337&resize=350%2C200 1x, https:\/\/i0.wp.com\/cfcontabil.com\/cf\/wp-content\/uploads\/2019\/10\/renegociar-dividas.png?fit=707%2C337&resize=525%2C300 1.5x, https:\/\/i0.wp.com\/cfcontabil.com\/cf\/wp-content\/uploads\/2019\/10\/renegociar-dividas.png?fit=707%2C337&resize=700%2C400 2x"},"classes":[]},{"id":2215,"url":"http:\/\/cfcontabil.com\/cf\/ponto-a-ponto-mp-936-2020-entenda-cortes-salariais-suspensoes-e-beneficio\/","url_meta":{"origin":1886,"position":4},"title":"Ponto a ponto MP 936\/2020: Entenda cortes salariais, suspens\u00f5es e benef\u00edcio","author":"Ab\u00edlio Gon\u00e7alves","date":"2 de abril de 2020","format":false,"excerpt":"A MP 936\/2020 possibilita o corte salarial de at\u00e9 70%, suspens\u00e3o do contrato de trabalho e benef\u00edcio emergencial. Entenda ponto a ponto O Di\u00e1rio Oficial da Uni\u00e3o publicou nesta quarta-feira, 01, a MP 936\/2020 que institui o Programa Emergencial de Manuten\u00e7\u00e3o do Emprego e da Renda. Em suma, a norma\u2026","rel":"","context":"Em &quot;Departamento Pessoal&quot;","block_context":{"text":"Departamento Pessoal","link":"http:\/\/cfcontabil.com\/cf\/category\/dp\/"},"img":{"alt_text":"","src":"https:\/\/i0.wp.com\/cfcontabil.com\/cf\/wp-content\/uploads\/2020\/04\/emprego-4.jpg.pagespeed.ic_.4H7FnGacfP.jpg?fit=1086%2C652&resize=350%2C200","width":350,"height":200,"srcset":"https:\/\/i0.wp.com\/cfcontabil.com\/cf\/wp-content\/uploads\/2020\/04\/emprego-4.jpg.pagespeed.ic_.4H7FnGacfP.jpg?fit=1086%2C652&resize=350%2C200 1x, https:\/\/i0.wp.com\/cfcontabil.com\/cf\/wp-content\/uploads\/2020\/04\/emprego-4.jpg.pagespeed.ic_.4H7FnGacfP.jpg?fit=1086%2C652&resize=525%2C300 1.5x, https:\/\/i0.wp.com\/cfcontabil.com\/cf\/wp-content\/uploads\/2020\/04\/emprego-4.jpg.pagespeed.ic_.4H7FnGacfP.jpg?fit=1086%2C652&resize=700%2C400 2x, https:\/\/i0.wp.com\/cfcontabil.com\/cf\/wp-content\/uploads\/2020\/04\/emprego-4.jpg.pagespeed.ic_.4H7FnGacfP.jpg?fit=1086%2C652&resize=1050%2C600 3x"},"classes":[]},{"id":1808,"url":"http:\/\/cfcontabil.com\/cf\/bolsonaro-assina-mp-de-incentivo-a-regularizacao-de-dividas-com-a-uniao-desconto-e-de-ate-70-2\/","url_meta":{"origin":1886,"position":5},"title":"Bolsonaro assina MP de incentivo \u00e0 regulariza\u00e7\u00e3o de d\u00edvidas com a Uni\u00e3o; desconto \u00e9 de at\u00e9 70%","author":"Ab\u00edlio Gon\u00e7alves","date":"23 de outubro de 2019","format":false,"excerpt":"Desconto poder\u00e1 chegar a 70% para pessoa f\u00edsica e microempresa. Governo calcula que, na cobran\u00e7a da d\u00edvida ativa, 1,9 milh\u00e3o de devedores poder\u00e3o regularizar d\u00e9bitos. O presidente\u00a0Jair Bolsonaro\u00a0assinou nesta quarta-feira (16), em cerim\u00f4nia no Pal\u00e1cio do Planalto, uma medida provis\u00f3ria com regras para facilitar acordos entre a Uni\u00e3o e seus\u2026","rel":"","context":"Em &quot;Consultoria Empresarial&quot;","block_context":{"text":"Consultoria Empresarial","link":"http:\/\/cfcontabil.com\/cf\/category\/consultoria\/"},"img":{"alt_text":"","src":"https:\/\/i0.wp.com\/cfcontabil.com\/cf\/wp-content\/uploads\/2019\/10\/documento-assinado.jpg?fit=635%2C396&resize=350%2C200","width":350,"height":200,"srcset":"https:\/\/i0.wp.com\/cfcontabil.com\/cf\/wp-content\/uploads\/2019\/10\/documento-assinado.jpg?fit=635%2C396&resize=350%2C200 1x, https:\/\/i0.wp.com\/cfcontabil.com\/cf\/wp-content\/uploads\/2019\/10\/documento-assinado.jpg?fit=635%2C396&resize=525%2C300 1.5x"},"classes":[]}],"jetpack_likes_enabled":true,"_links":{"self":[{"href":"http:\/\/cfcontabil.com\/cf\/wp-json\/wp\/v2\/posts\/1886","targetHints":{"allow":["GET"]}}],"collection":[{"href":"http:\/\/cfcontabil.com\/cf\/wp-json\/wp\/v2\/posts"}],"about":[{"href":"http:\/\/cfcontabil.com\/cf\/wp-json\/wp\/v2\/types\/post"}],"author":[{"embeddable":true,"href":"http:\/\/cfcontabil.com\/cf\/wp-json\/wp\/v2\/users\/1"}],"replies":[{"embeddable":true,"href":"http:\/\/cfcontabil.com\/cf\/wp-json\/wp\/v2\/comments?post=1886"}],"version-history":[{"count":1,"href":"http:\/\/cfcontabil.com\/cf\/wp-json\/wp\/v2\/posts\/1886\/revisions"}],"predecessor-version":[{"id":1887,"href":"http:\/\/cfcontabil.com\/cf\/wp-json\/wp\/v2\/posts\/1886\/revisions\/1887"}],"wp:featuredmedia":[{"embeddable":true,"href":"http:\/\/cfcontabil.com\/cf\/wp-json\/wp\/v2\/media\/857"}],"wp:attachment":[{"href":"http:\/\/cfcontabil.com\/cf\/wp-json\/wp\/v2\/media?parent=1886"}],"wp:term":[{"taxonomy":"category","embeddable":true,"href":"http:\/\/cfcontabil.com\/cf\/wp-json\/wp\/v2\/categories?post=1886"},{"taxonomy":"post_tag","embeddable":true,"href":"http:\/\/cfcontabil.com\/cf\/wp-json\/wp\/v2\/tags?post=1886"}],"curies":[{"name":"wp","href":"https:\/\/api.w.org\/{rel}","templated":true}]}}