{"id":1888,"date":"2019-11-13T11:48:42","date_gmt":"2019-11-13T14:48:42","guid":{"rendered":"http:\/\/cfcontabil.com\/cf\/?p=1888"},"modified":"2019-11-13T11:48:42","modified_gmt":"2019-11-13T14:48:42","slug":"reforma-da-previdencia-novas-regras","status":"publish","type":"post","link":"http:\/\/cfcontabil.com\/cf\/reforma-da-previdencia-novas-regras\/","title":{"rendered":"Reforma da Previd\u00eancia &#8211; Novas Regras"},"content":{"rendered":"<p>A reforma da previd\u00eancia, promulgada pelo Congresso Nacional no dia 12 de novembro de 2019,<br \/>\nestabelece regras para aposentadoria do Regime Geral (setor privado) e de servidores p\u00fablicos<br \/>\ninstituindo novas al\u00edquotas de contribui\u00e7\u00e3o para a Previd\u00eancia, al\u00e9m da exig\u00eancia de idade<br \/>\nm\u00ednima para que homens e mulheres se aposentem.<\/p>\n<p>As novas regras entraram em vigor no dia da publica\u00e7\u00e3o, exceto as que tratam das<br \/>\nmudan\u00e7as das al\u00edquotas de contribui\u00e7\u00e3o dos trabalhadores que passa a valer a partir de 1\u00ba<br \/>\nde mar\u00e7o de 2020.<\/p>\n<p>A partir de 1\u00ba de mar\u00e7o de 2020 as novas contribui\u00e7\u00f5es ser\u00e3o feitas de forma progressiva:<br \/>\nNa iniciativa privada -as al\u00edquotas efetivas &#8211; que \u00e9 o percentual m\u00e9dio sobre todo o sal\u00e1rio &#8211;<br \/>\nvariam entre 7,5% e 11,68%.<\/p>\n<p>Para os servidores p\u00fablicos, as al\u00edquotas efetivas variam de 7,5% a 16,79% (para o caso dos<br \/>\nfuncion\u00e1rios p\u00fablicos que recebem at\u00e9 o teto remunerat\u00f3rio de R$ 39.200,00).<\/p>\n<p>Algumas altera\u00e7\u00f5es que passaram a valer automaticamente com a publica\u00e7\u00e3o s\u00e3o:<\/p>\n<p><strong>\u2022 Idade m\u00ednima para aposentadoria:<\/strong><\/p>\n<p><a href=\"https:\/\/i0.wp.com\/cfcontabil.com\/cf\/wp-content\/uploads\/2019\/11\/aposentadoria-reforma.png\"><img data-recalc-dims=\"1\" fetchpriority=\"high\" decoding=\"async\" data-attachment-id=\"1889\" data-permalink=\"http:\/\/cfcontabil.com\/cf\/reforma-da-previdencia-novas-regras\/aposentadoria-reforma\/\" data-orig-file=\"https:\/\/i0.wp.com\/cfcontabil.com\/cf\/wp-content\/uploads\/2019\/11\/aposentadoria-reforma.png?fit=578%2C247\" data-orig-size=\"578,247\" data-comments-opened=\"1\" data-image-meta=\"{&quot;aperture&quot;:&quot;0&quot;,&quot;credit&quot;:&quot;&quot;,&quot;camera&quot;:&quot;&quot;,&quot;caption&quot;:&quot;&quot;,&quot;created_timestamp&quot;:&quot;0&quot;,&quot;copyright&quot;:&quot;&quot;,&quot;focal_length&quot;:&quot;0&quot;,&quot;iso&quot;:&quot;0&quot;,&quot;shutter_speed&quot;:&quot;0&quot;,&quot;title&quot;:&quot;&quot;,&quot;orientation&quot;:&quot;0&quot;}\" data-image-title=\"aposentadoria reforma\" data-image-description=\"\" data-image-caption=\"\" data-large-file=\"https:\/\/i0.wp.com\/cfcontabil.com\/cf\/wp-content\/uploads\/2019\/11\/aposentadoria-reforma.png?fit=578%2C247\" class=\"aligncenter size-full wp-image-1889\" src=\"https:\/\/i0.wp.com\/cfcontabil.com\/cf\/wp-content\/uploads\/2019\/11\/aposentadoria-reforma.png?resize=578%2C247\" alt=\"\" width=\"578\" height=\"247\" srcset=\"https:\/\/i0.wp.com\/cfcontabil.com\/cf\/wp-content\/uploads\/2019\/11\/aposentadoria-reforma.png?w=578 578w, https:\/\/i0.wp.com\/cfcontabil.com\/cf\/wp-content\/uploads\/2019\/11\/aposentadoria-reforma.png?resize=300%2C128 300w, https:\/\/i0.wp.com\/cfcontabil.com\/cf\/wp-content\/uploads\/2019\/11\/aposentadoria-reforma.png?resize=370%2C158 370w\" sizes=\"(max-width: 578px) 100vw, 578px\" \/><\/a><\/p>\n<p><strong>\u2022 tempo m\u00ednimo de contribui\u00e7\u00e3o:\u00a0<\/strong><\/p>\n<p>No setor privado s\u00e3o 15 anos para mulheres e 20 para homens no setor privado; no funcionalismo p\u00fablico s\u00e3o 20 anos tanto para homens quanto mulheres.<\/p>\n<p><strong>Observa\u00e7\u00e3o:<\/strong> Para homens filiados \u00e0 previd\u00eancia antes da reforma o tempo de contribui\u00e7\u00e3o \u00e9 de 15 anos.<br \/>\nValor da aposentadoria: A aposentadoria ser\u00e1 calculada pela m\u00e9dia de todo o hist\u00f3rico de contribui\u00e7\u00f5es do trabalhador.<\/p>\n<p><strong>\u2022 Valor da aposentadoria: <\/strong><\/p>\n<p>A aposentadoria ser\u00e1 calculada pela m\u00e9dia de todo o hist\u00f3rico de contribui\u00e7\u00f5es\u00a0do trabalhador.<\/p>\n<p><strong>Desconto do sal\u00e1rio:<\/strong><\/p>\n<p>A incid\u00eancia da contribui\u00e7\u00e3o ser\u00e1 por faixas de renda, portanto ser\u00e1 necess\u00e1rio calcular caso a caso para ver quem vai pagar mais ou menos.<\/p>\n<p>No site do governo \u00e9 poss\u00edvel calcular a al\u00edquota de contribui\u00e7\u00e3o e fazer simula\u00e7\u00e3o da aposentadoria.<\/p>\n<p>Para quem quiser calcular a al\u00edquota, o link \u00e9: <a href=\"https:\/\/www.servicos.gov.br\/calculadora\/\">https:\/\/www.servicos.gov.br\/calculadora\/<\/a><\/p>\n","protected":false},"excerpt":{"rendered":"<p>A reforma da previd\u00eancia, promulgada pelo Congresso Nacional no dia 12 de novembro de 2019, estabelece regras para aposentadoria do Regime Geral (setor privado) e de servidores p\u00fablicos instituindo novas al\u00edquotas de contribui\u00e7\u00e3o para a Previd\u00eancia, al\u00e9m da exig\u00eancia de idade m\u00ednima para que homens e mulheres se aposentem. As novas regras entraram em vigor [&hellip;]<\/p>\n","protected":false},"author":1,"featured_media":1890,"comment_status":"open","ping_status":"open","sticky":false,"template":"","format":"standard","meta":{"jetpack_post_was_ever_published":false,"_jetpack_newsletter_access":"","_jetpack_dont_email_post_to_subs":false,"_jetpack_newsletter_tier_id":0,"_jetpack_memberships_contains_paywalled_content":false,"_jetpack_memberships_contains_paid_content":false,"footnotes":"","jetpack_publicize_message":"","jetpack_publicize_feature_enabled":true,"jetpack_social_post_already_shared":true,"jetpack_social_options":{"image_generator_settings":{"template":"highway","default_image_id":0,"font":"","enabled":false},"version":2}},"categories":[29],"tags":[685,295,338,93],"class_list":["post-1888","post","type-post","status-publish","format-standard","has-post-thumbnail","hentry","category-dp","tag-aposentadoria","tag-previdencia","tag-reforma","tag-salario"],"jetpack_publicize_connections":[],"jetpack_featured_media_url":"https:\/\/i0.wp.com\/cfcontabil.com\/cf\/wp-content\/uploads\/2019\/11\/reforma-previdencia.jpg?fit=736%2C417","jetpack_sharing_enabled":true,"jetpack_shortlink":"https:\/\/wp.me\/p2wklX-us","jetpack-related-posts":[{"id":1911,"url":"http:\/\/cfcontabil.com\/cf\/mudancas-nas-aliquotas-de-contribuicao-previdenciaria-comecarao-a-valer-em-marco-de-2020\/","url_meta":{"origin":1888,"position":0},"title":"Mudan\u00e7as nas al\u00edquotas de contribui\u00e7\u00e3o previdenci\u00e1ria come\u00e7ar\u00e3o a valer em mar\u00e7o de 2020","author":"Ab\u00edlio Gon\u00e7alves","date":"18 de novembro de 2019","format":false,"excerpt":"A\u00a0reforma da Previd\u00eancia\u00a0foi publicada no Di\u00e1rio Oficial na \u00faltima quarta-feira (dia 13) e, com isso, as novas regras de concess\u00e3o de aposentadoria e pens\u00e3o por morte j\u00e1 come\u00e7aram a valer. As\u00a0mudan\u00e7as nas al\u00edquotas de contribui\u00e7\u00e3o previdenci\u00e1ria\u00a0de servidores p\u00fablicos e segurados do Instituto Nacional do Seguro Social (INSS), por\u00e9m, s\u00f3 come\u00e7ar\u00e3o\u2026","rel":"","context":"Em &quot;Departamento Pessoal&quot;","block_context":{"text":"Departamento Pessoal","link":"http:\/\/cfcontabil.com\/cf\/category\/dp\/"},"img":{"alt_text":"","src":"https:\/\/i0.wp.com\/cfcontabil.com\/cf\/wp-content\/uploads\/2017\/01\/logo-inss-previdencia-social-1.png?fit=1000%2C604&resize=350%2C200","width":350,"height":200,"srcset":"https:\/\/i0.wp.com\/cfcontabil.com\/cf\/wp-content\/uploads\/2017\/01\/logo-inss-previdencia-social-1.png?fit=1000%2C604&resize=350%2C200 1x, https:\/\/i0.wp.com\/cfcontabil.com\/cf\/wp-content\/uploads\/2017\/01\/logo-inss-previdencia-social-1.png?fit=1000%2C604&resize=525%2C300 1.5x, https:\/\/i0.wp.com\/cfcontabil.com\/cf\/wp-content\/uploads\/2017\/01\/logo-inss-previdencia-social-1.png?fit=1000%2C604&resize=700%2C400 2x"},"classes":[]},{"id":1823,"url":"http:\/\/cfcontabil.com\/cf\/veja-o-que-mudara-na-aposentadoria-apos-a-promulgacao-da-reforma-da-previdencia\/","url_meta":{"origin":1888,"position":1},"title":"Veja o que mudar\u00e1 na aposentadoria ap\u00f3s a promulga\u00e7\u00e3o da reforma da Previd\u00eancia","author":"Ab\u00edlio Gon\u00e7alves","date":"29 de outubro de 2019","format":false,"excerpt":"Proposta de emenda \u00e0 Constitui\u00e7\u00e3o da reforma da Previd\u00eancia ser\u00e1 promulgada pelo Congresso Nacional nos pr\u00f3ximos dias F\u00e1bio Rodrigues Pozzebom\/Ag\u00eancia Brasil Para quem j\u00e1 est\u00e1 no mercado de trabalho, de modo geral, valem as regras de transi\u00e7\u00e3o As principais mudan\u00e7as na regra geral s\u00e3o o aumento da idade para se\u2026","rel":"","context":"Em &quot;Departamento Pessoal&quot;","block_context":{"text":"Departamento Pessoal","link":"http:\/\/cfcontabil.com\/cf\/category\/dp\/"},"img":{"alt_text":"","src":"https:\/\/i0.wp.com\/cfcontabil.com\/cf\/wp-content\/uploads\/2017\/01\/logo-inss-previdencia-social-1.png?fit=1000%2C604&resize=350%2C200","width":350,"height":200,"srcset":"https:\/\/i0.wp.com\/cfcontabil.com\/cf\/wp-content\/uploads\/2017\/01\/logo-inss-previdencia-social-1.png?fit=1000%2C604&resize=350%2C200 1x, https:\/\/i0.wp.com\/cfcontabil.com\/cf\/wp-content\/uploads\/2017\/01\/logo-inss-previdencia-social-1.png?fit=1000%2C604&resize=525%2C300 1.5x, https:\/\/i0.wp.com\/cfcontabil.com\/cf\/wp-content\/uploads\/2017\/01\/logo-inss-previdencia-social-1.png?fit=1000%2C604&resize=700%2C400 2x"},"classes":[]},{"id":2041,"url":"http:\/\/cfcontabil.com\/cf\/tres-das-cinco-novas-regras-de-aposentadoria-ja-estao-valendo\/","url_meta":{"origin":1888,"position":2},"title":"Tr\u00eas das cinco novas regras de aposentadoria j\u00e1 est\u00e3o valendo","author":"Ab\u00edlio Gon\u00e7alves","date":"3 de janeiro de 2020","format":false,"excerpt":"Segurados do INSS que est\u00e3o perto de requerer o benef\u00edcio devem ficar atentos \u00e0s normas de transi\u00e7\u00e3o para a Nova Previd\u00eancia. De maneira geral, ser\u00e1 preciso trabalhar mais tempo para poder passar \u00e0 inatividade. Piso e teto foram ampliados Tr\u00eas das cinco regras de transi\u00e7\u00e3o da\u00a0reforma da Previd\u00eancia\u00a0entraram em vigor\u2026","rel":"","context":"Em &quot;Departamento Pessoal&quot;","block_context":{"text":"Departamento Pessoal","link":"http:\/\/cfcontabil.com\/cf\/category\/dp\/"},"img":{"alt_text":"","src":"https:\/\/i0.wp.com\/cfcontabil.com\/cf\/wp-content\/uploads\/2020\/01\/inss-aposentadoria.jpg?fit=790%2C490&resize=350%2C200","width":350,"height":200,"srcset":"https:\/\/i0.wp.com\/cfcontabil.com\/cf\/wp-content\/uploads\/2020\/01\/inss-aposentadoria.jpg?fit=790%2C490&resize=350%2C200 1x, https:\/\/i0.wp.com\/cfcontabil.com\/cf\/wp-content\/uploads\/2020\/01\/inss-aposentadoria.jpg?fit=790%2C490&resize=525%2C300 1.5x, https:\/\/i0.wp.com\/cfcontabil.com\/cf\/wp-content\/uploads\/2020\/01\/inss-aposentadoria.jpg?fit=790%2C490&resize=700%2C400 2x"},"classes":[]},{"id":1948,"url":"http:\/\/cfcontabil.com\/cf\/tributar-dividendo-e-peca-fundamental-na-reforma-do-imposto-de-renda\/","url_meta":{"origin":1888,"position":3},"title":"Tributar dividendo \u00e9 pe\u00e7a fundamental na reforma do Imposto de Renda","author":"Ab\u00edlio Gon\u00e7alves","date":"26 de novembro de 2019","format":false,"excerpt":"Entre os itens que podem ser alterados no Importo de Renda est\u00e3o as dedu\u00e7\u00f5es de despesas com sa\u00fade e educa\u00e7\u00e3o A cobran\u00e7a de imposto sobre dividendos, hoje isentos, \u00e9 pe\u00e7a fundamental no projeto do governo federal de\u00a0aliviar a carga tribut\u00e1ria sobre empresas e tornar o Imposto de Renda\u00a0das pessoas f\u00edsicas\u2026","rel":"","context":"Em &quot;Departamento Fiscal&quot;","block_context":{"text":"Departamento Fiscal","link":"http:\/\/cfcontabil.com\/cf\/category\/df\/"},"img":{"alt_text":"","src":"https:\/\/i0.wp.com\/cfcontabil.com\/cf\/wp-content\/uploads\/2019\/11\/Receita-Federal.jpg?fit=1200%2C675&resize=350%2C200","width":350,"height":200,"srcset":"https:\/\/i0.wp.com\/cfcontabil.com\/cf\/wp-content\/uploads\/2019\/11\/Receita-Federal.jpg?fit=1200%2C675&resize=350%2C200 1x, https:\/\/i0.wp.com\/cfcontabil.com\/cf\/wp-content\/uploads\/2019\/11\/Receita-Federal.jpg?fit=1200%2C675&resize=525%2C300 1.5x, https:\/\/i0.wp.com\/cfcontabil.com\/cf\/wp-content\/uploads\/2019\/11\/Receita-Federal.jpg?fit=1200%2C675&resize=700%2C400 2x, https:\/\/i0.wp.com\/cfcontabil.com\/cf\/wp-content\/uploads\/2019\/11\/Receita-Federal.jpg?fit=1200%2C675&resize=1050%2C600 3x"},"classes":[]},{"id":1156,"url":"http:\/\/cfcontabil.com\/cf\/governo-trabalha-para-reverter-mudancas-no-refis\/","url_meta":{"origin":1888,"position":4},"title":"Governo trabalha para reverter mudan\u00e7as no Refis","author":"Ab\u00edlio Gon\u00e7alves","date":"16 de maio de 2017","format":false,"excerpt":"O governo est\u00e1 trabalhando para reverter mudan\u00e7as no Programa de Regulariza\u00e7\u00e3o Tribut\u00e1ria, esp\u00e9cie de Refis, para parcelamento de d\u00edvidas com a Secretaria da Receita Federal do Brasil e a Procuradoria-Geral da Fazenda Nacional. A afirma\u00e7\u00e3o \u00e9 o ministro da Fazenda, Henrique Meirelles, ap\u00f3s participar hoje (11) do programa Agora Brasil,\u2026","rel":"","context":"Em &quot;Departamento Fiscal&quot;","block_context":{"text":"Departamento Fiscal","link":"http:\/\/cfcontabil.com\/cf\/category\/df\/"},"img":{"alt_text":"","src":"https:\/\/i0.wp.com\/cfcontabil.com\/cf\/wp-content\/uploads\/2016\/03\/dinheiro-1.jpg?fit=661%2C351&resize=350%2C200","width":350,"height":200,"srcset":"https:\/\/i0.wp.com\/cfcontabil.com\/cf\/wp-content\/uploads\/2016\/03\/dinheiro-1.jpg?fit=661%2C351&resize=350%2C200 1x, https:\/\/i0.wp.com\/cfcontabil.com\/cf\/wp-content\/uploads\/2016\/03\/dinheiro-1.jpg?fit=661%2C351&resize=525%2C300 1.5x"},"classes":[]},{"id":1215,"url":"http:\/\/cfcontabil.com\/cf\/receita-federal-vai-notificar-14-mil-empresas-suspeitas-de-sonegacao\/","url_meta":{"origin":1888,"position":5},"title":"Receita Federal vai notificar 14 mil empresas suspeitas de sonega\u00e7\u00e3o","author":"Ab\u00edlio Gon\u00e7alves","date":"17 de fevereiro de 2017","format":false,"excerpt":"Contribuintes prestaram informa\u00e7\u00f5es incorretas para n\u00e3o pagar al\u00edquota de 20% da contribui\u00e7\u00e3o patronal BRAS\u00cdLIA - A Receita Federal come\u00e7ou, nesta quarta-feira, a notificar 14 mil empresas que foram inclu\u00eddas na malha fina das pessoas jur\u00eddicas por suspeita de sonega\u00e7\u00e3o. De acordo com o Fisco, essa \u00e9 a primeira etapa de\u2026","rel":"","context":"Em &quot;Departamento Fiscal&quot;","block_context":{"text":"Departamento Fiscal","link":"http:\/\/cfcontabil.com\/cf\/category\/df\/"},"img":{"alt_text":"","src":"https:\/\/i0.wp.com\/ogimg.infoglobo.com.br\/economia\/19926885-a76-0ae\/FT1086A\/420\/dinheiro5.jpg?resize=350%2C200&ssl=1","width":350,"height":200,"srcset":"https:\/\/i0.wp.com\/ogimg.infoglobo.com.br\/economia\/19926885-a76-0ae\/FT1086A\/420\/dinheiro5.jpg?resize=350%2C200&ssl=1 1x, https:\/\/i0.wp.com\/ogimg.infoglobo.com.br\/economia\/19926885-a76-0ae\/FT1086A\/420\/dinheiro5.jpg?resize=525%2C300&ssl=1 1.5x"},"classes":[]}],"jetpack_likes_enabled":true,"_links":{"self":[{"href":"http:\/\/cfcontabil.com\/cf\/wp-json\/wp\/v2\/posts\/1888","targetHints":{"allow":["GET"]}}],"collection":[{"href":"http:\/\/cfcontabil.com\/cf\/wp-json\/wp\/v2\/posts"}],"about":[{"href":"http:\/\/cfcontabil.com\/cf\/wp-json\/wp\/v2\/types\/post"}],"author":[{"embeddable":true,"href":"http:\/\/cfcontabil.com\/cf\/wp-json\/wp\/v2\/users\/1"}],"replies":[{"embeddable":true,"href":"http:\/\/cfcontabil.com\/cf\/wp-json\/wp\/v2\/comments?post=1888"}],"version-history":[{"count":1,"href":"http:\/\/cfcontabil.com\/cf\/wp-json\/wp\/v2\/posts\/1888\/revisions"}],"predecessor-version":[{"id":1891,"href":"http:\/\/cfcontabil.com\/cf\/wp-json\/wp\/v2\/posts\/1888\/revisions\/1891"}],"wp:featuredmedia":[{"embeddable":true,"href":"http:\/\/cfcontabil.com\/cf\/wp-json\/wp\/v2\/media\/1890"}],"wp:attachment":[{"href":"http:\/\/cfcontabil.com\/cf\/wp-json\/wp\/v2\/media?parent=1888"}],"wp:term":[{"taxonomy":"category","embeddable":true,"href":"http:\/\/cfcontabil.com\/cf\/wp-json\/wp\/v2\/categories?post=1888"},{"taxonomy":"post_tag","embeddable":true,"href":"http:\/\/cfcontabil.com\/cf\/wp-json\/wp\/v2\/tags?post=1888"}],"curies":[{"name":"wp","href":"https:\/\/api.w.org\/{rel}","templated":true}]}}