{"id":1900,"date":"2019-11-14T07:36:53","date_gmt":"2019-11-14T10:36:53","guid":{"rendered":"http:\/\/cfcontabil.com\/cf\/?p=1900"},"modified":"2019-11-14T07:36:53","modified_gmt":"2019-11-14T10:36:53","slug":"whatsapp-quer-ajudar-6-milhoes-de-micro-e-pequenas-empresas-no-brasil","status":"publish","type":"post","link":"http:\/\/cfcontabil.com\/cf\/whatsapp-quer-ajudar-6-milhoes-de-micro-e-pequenas-empresas-no-brasil\/","title":{"rendered":"WhatsApp quer ajudar 6 milh\u00f5es de micro e pequenas empresas no Brasil"},"content":{"rendered":"<h2 class=\"historia-subtitulo\">Parceria com Sebrae-SP visa ajudar MPEs a se conectar com clientes e expandir neg\u00f3cios<\/h2>\n<p><img data-recalc-dims=\"1\" height=\"447\" width=\"768\" decoding=\"async\" src=\"https:\/\/i0.wp.com\/www.itforum365.com.br\/wp-content\/uploads\/2019\/11\/sebrae-e-whatsapp-business-768x447.jpg?resize=768%2C447&#038;ssl=1\" \/><\/p>\n<p>As pessoas j\u00e1 usam o WhatsApp para fazer neg\u00f3cios, mas a empresa quer tornar tudo ainda mais claro. E o WhatsApp Business, que chegou no Brasil em janeiro de 2018, \u00e9 o principal meio de fazer isto.<\/p>\n<p>Uma parceria anunciada na manh\u00e3 desta quarta-feira (13) entre WhatsApp e Sebrae-SP visa ajudar a educar e treinar pequenos e micro empreendedores a utilizar a ferramenta para se conectar com clientes e expandir neg\u00f3cios.<\/p>\n<p>Atualmente, segundo dados do Sebrae, existem cerca de 6,4 milh\u00f5es de estabelecimentos, sendo 99% micro e pequenas empresas (MPE). O foco do aplicativo est\u00e1 exatamente nestes empreendimentos, j\u00e1 que 3,5 milh\u00f5es de empreendedores brasileiros usam o WhatsApp Business.<\/p>\n<p>Como destacado por Ivan Hussni, diretor t\u00e9cnico do Sebrae-SP, &#8220;72% dos pequenos neg\u00f3cios no Brasil j\u00e1 utilizam o WhatsApp como ferramenta para disponibilizar informa\u00e7\u00f5es sobre produtos e servi\u00e7os, fazer atendimentos e realizar vendas&#8221;.<\/p>\n<p>&#8220;Pessoas e empresas j\u00e1 recorrem ao WhatsApp para comunica\u00e7\u00f5es r\u00e1pidas e confi\u00e1veis e, \u00e0 medida que expandimos nossos recursos, acreditamos que podemos ter ainda mais impacto&#8221;, disse Pablo Bello, diretor de Pol\u00edticas e Mensagens Privadas para a Am\u00e9rica Latina no Facebook.<\/p>\n<p>&#8220;Na era digital, \u00e9 muito mais f\u00e1cil alcan\u00e7ar mercados mais distantes&#8221;, disse, completando que o modelo pode alcan\u00e7ar tamb\u00e9m outros pa\u00edses.<\/p>\n<h2>Treinamentos sobre WhatsApp Business<\/h2>\n<p>Segundo Bello, &#8220;empres\u00e1rios que usam WhatsApp Business vendem mais e seus clientes s\u00e3o mais leais.&#8221; O executivo destaca que a ferramenta vem, tamb\u00e9m, para trazer mais qualidade de vida a estes empres\u00e1rios.<\/p>\n<p>Uma pesquisa da Morning Consult aponta que 61% das pequenas e m\u00e9dias empresas que usam o WhatsApp por aqui contrataram mais funcion\u00e1rios por causa do crescimento, desde que come\u00e7aram a usar o app.<\/p>\n<p>J\u00e1 75% das PMEs acreditam que a ferramenta viabiliza a venda de produtos e servi\u00e7os em outras cidades, estados e pa\u00edses; para 73%, o volume de vendas aumentou gra\u00e7as ao aplicativo.<\/p>\n<p>Atualmente, no mundo todo, mais de cinco milh\u00f5es de pequenas empresas j\u00e1 utilizam o WhatsApp Business. Por aqui, a parceria com o Sebrae-SP ter\u00e1 cursos para aprimorar a comunica\u00e7\u00e3o comercial com treinamentos, aulas sobre melhores pr\u00e1ticas do aplicativo e mais.<\/p>\n<p>Ser\u00e3o abordadas as vantagens do uso profissional da ferramenta para empreendedores de todo o estado.<\/p>\n<p>Os materiais est\u00e3o sendo estruturados e o in\u00edcio dos treinamentos acontecer\u00e1 em janeiro de 2020. Os materiais tamb\u00e9m ser\u00e3o disponibilizados gratuitamente no site do Sebrae, redes sociais e canais digitais.<\/p>\n<p>&#8220;O WhatsApp come\u00e7ou como uma pequena empresa e hoje \u00e9 uma comunidade de mais de 1,5 bilh\u00e3o de pessoas&#8221;, disse Bello. Ele aproveitou para refor\u00e7ar que a ferramenta continuar\u00e1 gratuita para todos e sem publicidade.<\/p>\n<p>Na \u00faltima semana, o WhatsApp Business ganhou a funcionalidade de cat\u00e1logo para ilustrar melhor os produtos. A novidade, que come\u00e7a a ser disponibilizada, foi adiantada para PMEs selecionadas anteriormente pela companhia.<\/p>\n<p>Fonte: https:\/\/www.itforum365.com.br\/whatsapp-quer-ajudar-6-milhoes-de-micro-e-pequenas-empresas-no-brasil\/<\/p>\n","protected":false},"excerpt":{"rendered":"<p>Parceria com Sebrae-SP visa ajudar MPEs a se conectar com clientes e expandir neg\u00f3cios As pessoas j\u00e1 usam o WhatsApp para fazer neg\u00f3cios, mas a empresa quer tornar tudo ainda mais claro. E o WhatsApp Business, que chegou no Brasil em janeiro de 2018, \u00e9 o principal meio de fazer isto. Uma parceria anunciada na [&hellip;]<\/p>\n","protected":false},"author":1,"featured_media":1901,"comment_status":"open","ping_status":"open","sticky":false,"template":"","format":"standard","meta":{"jetpack_post_was_ever_published":false,"_jetpack_newsletter_access":"","_jetpack_dont_email_post_to_subs":false,"_jetpack_newsletter_tier_id":0,"_jetpack_memberships_contains_paywalled_content":false,"_jetpack_memberships_contains_paid_content":false,"footnotes":"","jetpack_publicize_message":"","jetpack_publicize_feature_enabled":true,"jetpack_social_post_already_shared":true,"jetpack_social_options":{"image_generator_settings":{"template":"highway","default_image_id":0,"font":"","enabled":false},"version":2}},"categories":[60],"tags":[706,168,707,551],"class_list":["post-1900","post","type-post","status-publish","format-standard","has-post-thumbnail","hentry","category-consultoria","tag-business","tag-empreendedor","tag-sebrae","tag-whatsapp"],"jetpack_publicize_connections":[],"jetpack_featured_media_url":"https:\/\/i0.wp.com\/cfcontabil.com\/cf\/wp-content\/uploads\/2019\/11\/WhatsApp-1.jpg?fit=739%2C415","jetpack_sharing_enabled":true,"jetpack_shortlink":"https:\/\/wp.me\/p2wklX-uE","jetpack-related-posts":[{"id":1924,"url":"http:\/\/cfcontabil.com\/cf\/lei-da-liberdade-economica-deve-ser-aplicada-diz-presidente-do-sebrae\/","url_meta":{"origin":1900,"position":0},"title":"Lei da Liberdade econ\u00f4mica deve ser aplicada, diz presidente do Sebrae","author":"Ab\u00edlio Gon\u00e7alves","date":"19 de novembro de 2019","format":false,"excerpt":"A nova\u00a0Lei da Liberdade Econ\u00f4mica\u00a0deve facilitar o ambiente de trabalho para as pequenas e m\u00e9dias empresas do pa\u00eds. Essa \u00e9 a opini\u00e3o do diretor-presidente do Servi\u00e7o Brasileiro de Apoio \u00e0s Micro e Pequenas Empresas (Sebrae), Carlos Melles. A lei foi sancionada pelo governo\u00a0h\u00e1 cerca de dois meses. \u201cA gente tem\u2026","rel":"","context":"Em &quot;Consultoria Empresarial&quot;","block_context":{"text":"Consultoria Empresarial","link":"http:\/\/cfcontabil.com\/cf\/category\/consultoria\/"},"img":{"alt_text":"","src":"https:\/\/i0.wp.com\/cfcontabil.com\/cf\/wp-content\/uploads\/2019\/11\/Liberdade.jpg?fit=600%2C310&resize=350%2C200","width":350,"height":200,"srcset":"https:\/\/i0.wp.com\/cfcontabil.com\/cf\/wp-content\/uploads\/2019\/11\/Liberdade.jpg?fit=600%2C310&resize=350%2C200 1x, https:\/\/i0.wp.com\/cfcontabil.com\/cf\/wp-content\/uploads\/2019\/11\/Liberdade.jpg?fit=600%2C310&resize=525%2C300 1.5x"},"classes":[]},{"id":1954,"url":"http:\/\/cfcontabil.com\/cf\/mutirao-amplia-atendimento-a-empreendedores-em-taguatinga\/","url_meta":{"origin":1900,"position":1},"title":"Mutir\u00e3o amplia atendimento a empreendedores em Taguatinga","author":"Ab\u00edlio Gon\u00e7alves","date":"27 de novembro de 2019","format":false,"excerpt":"Com o apoio do Sebrae, unidade m\u00f3vel do Simplifica PJ d\u00e1 cursos para melhorar gest\u00e3o de microempresas AG\u00caNCIA BRAS\u00cdLIA * Equipe de t\u00e9cnicos far\u00e1 palestras e promover\u00e1 semin\u00e1rios e oficinas sobre temas como gerenciamento e vendas, coaching\u00a0do empreendedor, controles financeiros e planos de marketing | Foto: Reprodu\u00e7\u00e3o Em parceria com\u2026","rel":"","context":"Em &quot;Consultoria Empresarial&quot;","block_context":{"text":"Consultoria Empresarial","link":"http:\/\/cfcontabil.com\/cf\/category\/consultoria\/"},"img":{"alt_text":"","src":"https:\/\/i0.wp.com\/agenciabrasilia.df.gov.br\/wp-conteudo\/uploads\/2019\/11\/Tagua.png?resize=350%2C200","width":350,"height":200,"srcset":"https:\/\/i0.wp.com\/agenciabrasilia.df.gov.br\/wp-conteudo\/uploads\/2019\/11\/Tagua.png?resize=350%2C200 1x, https:\/\/i0.wp.com\/agenciabrasilia.df.gov.br\/wp-conteudo\/uploads\/2019\/11\/Tagua.png?resize=525%2C300 1.5x, https:\/\/i0.wp.com\/agenciabrasilia.df.gov.br\/wp-conteudo\/uploads\/2019\/11\/Tagua.png?resize=700%2C400 2x"},"classes":[]},{"id":2158,"url":"http:\/\/cfcontabil.com\/cf\/coronavirus-sebrae-lanca-guia-de-gestao-financeira-para-orientar-pequenos-negocios\/","url_meta":{"origin":1900,"position":2},"title":"Coronav\u00edrus: Sebrae lan\u00e7a Guia de Gest\u00e3o Financeira para orientar pequenos neg\u00f3cios","author":"Ab\u00edlio Gon\u00e7alves","date":"18 de mar\u00e7o de 2020","format":false,"excerpt":"Documento orienta donos de pequenos neg\u00f3cios com recomenda\u00e7\u00f5es preparadas por especialistas. Medidas est\u00e3o alinhadas \u00e0s do Banco Central e Febraban O Guia de Gest\u00e3o Financeira do Sebrae busca apoiar os donos de pequenos neg\u00f3cios nesse momento de instabilidade econ\u00f4mica causada pelos efeitos do novo Coronav\u00edrus. O documento traz orienta\u00e7\u00f5es sobre\u2026","rel":"","context":"Em &quot;Geral&quot;","block_context":{"text":"Geral","link":"http:\/\/cfcontabil.com\/cf\/category\/geral\/"},"img":{"alt_text":"","src":"https:\/\/i0.wp.com\/cfcontabil.com\/cf\/wp-content\/uploads\/2020\/03\/coronavirus_1280x720_00124C00.jpg?fit=810%2C455&resize=350%2C200","width":350,"height":200,"srcset":"https:\/\/i0.wp.com\/cfcontabil.com\/cf\/wp-content\/uploads\/2020\/03\/coronavirus_1280x720_00124C00.jpg?fit=810%2C455&resize=350%2C200 1x, https:\/\/i0.wp.com\/cfcontabil.com\/cf\/wp-content\/uploads\/2020\/03\/coronavirus_1280x720_00124C00.jpg?fit=810%2C455&resize=525%2C300 1.5x, https:\/\/i0.wp.com\/cfcontabil.com\/cf\/wp-content\/uploads\/2020\/03\/coronavirus_1280x720_00124C00.jpg?fit=810%2C455&resize=700%2C400 2x"},"classes":[]},{"id":2316,"url":"http:\/\/cfcontabil.com\/cf\/so-14-dos-pequenos-negocios-ja-conseguiram-credito-na-pandemia-diz-sebrae\/","url_meta":{"origin":1900,"position":3},"title":"S\u00f3 14% dos pequenos neg\u00f3cios j\u00e1 conseguiram cr\u00e9dito na pandemia, diz Sebrae","author":"Ab\u00edlio Gon\u00e7alves","date":"20 de maio de 2020","format":false,"excerpt":"Pesquisa do Sebrae diz que 58% das MPEs que pediram cr\u00e9dito nas \u00faltimas semanas j\u00e1 tiveram o pedido negado. Outros 18% est\u00e3o em an\u00e1lise, sendo que 53% aguardam uma resposta dos bancos h\u00e1 mais de duas semanas O Programa Nacional de Apoio \u00e0s Microempresas e Empresas de Pequeno Porte (Pronampe)\u2026","rel":"","context":"Em \"Cr\u00e9dito\"","block_context":{"text":"Cr\u00e9dito","link":"http:\/\/cfcontabil.com\/cf\/tag\/credito\/"},"img":{"alt_text":"","src":"https:\/\/i0.wp.com\/cfcontabil.com\/cf\/wp-content\/uploads\/2019\/11\/dinheiro-nota-real.jpg?fit=678%2C452&resize=350%2C200","width":350,"height":200,"srcset":"https:\/\/i0.wp.com\/cfcontabil.com\/cf\/wp-content\/uploads\/2019\/11\/dinheiro-nota-real.jpg?fit=678%2C452&resize=350%2C200 1x, https:\/\/i0.wp.com\/cfcontabil.com\/cf\/wp-content\/uploads\/2019\/11\/dinheiro-nota-real.jpg?fit=678%2C452&resize=525%2C300 1.5x"},"classes":[]},{"id":1960,"url":"http:\/\/cfcontabil.com\/cf\/donos-de-pequenos-negocios-apontam-melhoria-do-acesso-ao-credito\/","url_meta":{"origin":1900,"position":4},"title":"Donos de pequenos neg\u00f3cios apontam melhoria do acesso ao cr\u00e9dito","author":"Ab\u00edlio Gon\u00e7alves","date":"28 de novembro de 2019","format":false,"excerpt":"Pesquisa realizada pelo Sebrae mostra que mais empres\u00e1rios buscaram empr\u00e9stimos em 2019 e que houve melhora na avalia\u00e7\u00e3o do sistema financeiro A melhora dos \u00edndices de confian\u00e7a dos empres\u00e1rios brasileiros, identificada na Sondagem Conjuntural realizada pelo Sebrae, contribui para que os donos de pequenos neg\u00f3cios retomem o interesse em buscar\u2026","rel":"","context":"Em &quot;Consultoria Empresarial&quot;","block_context":{"text":"Consultoria Empresarial","link":"http:\/\/cfcontabil.com\/cf\/category\/consultoria\/"},"img":{"alt_text":"","src":"https:\/\/i0.wp.com\/cfcontabil.com\/cf\/wp-content\/uploads\/2019\/11\/pequenos-neg%C3%B3cios.jpg?fit=600%2C310&resize=350%2C200","width":350,"height":200,"srcset":"https:\/\/i0.wp.com\/cfcontabil.com\/cf\/wp-content\/uploads\/2019\/11\/pequenos-neg%C3%B3cios.jpg?fit=600%2C310&resize=350%2C200 1x, https:\/\/i0.wp.com\/cfcontabil.com\/cf\/wp-content\/uploads\/2019\/11\/pequenos-neg%C3%B3cios.jpg?fit=600%2C310&resize=525%2C300 1.5x"},"classes":[]},{"id":849,"url":"http:\/\/cfcontabil.com\/cf\/governo-vai-liberar-r-82-bi-para-pequenos-empresarios-nos-proximos-dois-anos\/","url_meta":{"origin":1900,"position":5},"title":"Governo vai liberar R$ 8,2 bi para pequenos empres\u00e1rios nos pr\u00f3ximos dois anos","author":"Ab\u00edlio Gon\u00e7alves","date":"21 de janeiro de 2017","format":false,"excerpt":"O governo federal vai disponibilizar R$ 8,2 bilh\u00f5es em cr\u00e9dito para pequenos empres\u00e1rios nos pr\u00f3ximos dois anos. Os recursos liberados s\u00e3o do Fundo de Amparo ao Trabalhador (FAT) e do Banco Nacional do Desenvolvimento Econ\u00f4mico e Social (BNDES). O objetivo \u00e9 reduzir a inadimpl\u00eancia das empresas de menor porte e\u2026","rel":"","context":"Em &quot;Geral&quot;","block_context":{"text":"Geral","link":"http:\/\/cfcontabil.com\/cf\/category\/geral\/"},"img":{"alt_text":"","src":"https:\/\/i0.wp.com\/cfcontabil.com\/cf\/wp-content\/uploads\/2017\/01\/Moedas-1-real-1.jpg?fit=810%2C455&resize=350%2C200","width":350,"height":200,"srcset":"https:\/\/i0.wp.com\/cfcontabil.com\/cf\/wp-content\/uploads\/2017\/01\/Moedas-1-real-1.jpg?fit=810%2C455&resize=350%2C200 1x, https:\/\/i0.wp.com\/cfcontabil.com\/cf\/wp-content\/uploads\/2017\/01\/Moedas-1-real-1.jpg?fit=810%2C455&resize=525%2C300 1.5x, https:\/\/i0.wp.com\/cfcontabil.com\/cf\/wp-content\/uploads\/2017\/01\/Moedas-1-real-1.jpg?fit=810%2C455&resize=700%2C400 2x"},"classes":[]}],"jetpack_likes_enabled":true,"_links":{"self":[{"href":"http:\/\/cfcontabil.com\/cf\/wp-json\/wp\/v2\/posts\/1900","targetHints":{"allow":["GET"]}}],"collection":[{"href":"http:\/\/cfcontabil.com\/cf\/wp-json\/wp\/v2\/posts"}],"about":[{"href":"http:\/\/cfcontabil.com\/cf\/wp-json\/wp\/v2\/types\/post"}],"author":[{"embeddable":true,"href":"http:\/\/cfcontabil.com\/cf\/wp-json\/wp\/v2\/users\/1"}],"replies":[{"embeddable":true,"href":"http:\/\/cfcontabil.com\/cf\/wp-json\/wp\/v2\/comments?post=1900"}],"version-history":[{"count":1,"href":"http:\/\/cfcontabil.com\/cf\/wp-json\/wp\/v2\/posts\/1900\/revisions"}],"predecessor-version":[{"id":1903,"href":"http:\/\/cfcontabil.com\/cf\/wp-json\/wp\/v2\/posts\/1900\/revisions\/1903"}],"wp:featuredmedia":[{"embeddable":true,"href":"http:\/\/cfcontabil.com\/cf\/wp-json\/wp\/v2\/media\/1901"}],"wp:attachment":[{"href":"http:\/\/cfcontabil.com\/cf\/wp-json\/wp\/v2\/media?parent=1900"}],"wp:term":[{"taxonomy":"category","embeddable":true,"href":"http:\/\/cfcontabil.com\/cf\/wp-json\/wp\/v2\/categories?post=1900"},{"taxonomy":"post_tag","embeddable":true,"href":"http:\/\/cfcontabil.com\/cf\/wp-json\/wp\/v2\/tags?post=1900"}],"curies":[{"name":"wp","href":"https:\/\/api.w.org\/{rel}","templated":true}]}}