{"id":1904,"date":"2019-11-18T08:06:35","date_gmt":"2019-11-18T11:06:35","guid":{"rendered":"http:\/\/cfcontabil.com\/cf\/?p=1904"},"modified":"2019-11-18T08:06:35","modified_gmt":"2019-11-18T11:06:35","slug":"secretaria-assina-primeiro-contrato-do-emprega-df","status":"publish","type":"post","link":"http:\/\/cfcontabil.com\/cf\/secretaria-assina-primeiro-contrato-do-emprega-df\/","title":{"rendered":"Secretaria assina primeiro contrato do Emprega DF"},"content":{"rendered":"<p>Empresa vai gerar 130 novos postos de trabalho. Desconto no ICMS chegar\u00e1 67% e j\u00e1 reflete em investimentos<\/p>\n<p><img data-recalc-dims=\"1\" decoding=\"async\" src=\"https:\/\/i0.wp.com\/jornaldebrasilia.com.br\/wp-content\/uploads\/2019\/11\/1CE1ADB7-48EF-4057-B7C3-75ED0EE65776.png?w=1170&#038;ssl=1\" \/><\/p>\n<p>Criado em meados abril para incentivar os investimentos no Distrito Federal, o programa\u00a0<strong><a href=\"https:\/\/www.agenciabrasilia.df.gov.br\/topicos\/emprega-df\/\" target=\"_blank\" rel=\"noopener noreferrer\">Emprega DF<\/a><\/strong>\u00a0come\u00e7a a sair do papel. O grupo empresarial SKS foi o primeiro a assinar contrato com a Secretaria de Desenvolvimento Econ\u00f4mico (SDE) e garantiu um desconto de 67% no Imposto de sobre a Circula\u00e7\u00e3o de Mercadoria e Servi\u00e7os (ICMS) a ser pago pela empresa<\/p>\n<p>Em troca do benef\u00edcio, a companhia aumentar\u00e1 de 30 para 160 o n\u00famero de funcion\u00e1rios com carteira assinada encarregados de montar estruturas de a\u00e7o utilizadas na constru\u00e7\u00e3o civil. Com o benef\u00edcio, a SKS Industria, Com\u00e9rcio e Servi\u00e7os para Constru\u00e7\u00e3o LTDA espera aumentar tal produ\u00e7\u00e3o para 430 toneladas\/dia. O grupo empresarial \u00e9 formado por cinco empresas, cada uma encarregada de um segmento do neg\u00f3cio.<\/p>\n<p><span data-originalfontsize=\"16pt\" data-originalcomputedfontsize=\"21.33333396911621\">Instalada em Bras\u00edlia desde 2000, a ind\u00fastria produz 380 toneladas por dia de vergalh\u00f5es, telas, treli\u00e7as, espa\u00e7adores e outras estruturas usadas em obras civis que est\u00e3o em curso\u00a0<\/span><span data-originalfontsize=\"16pt\" data-originalcomputedfontsize=\"21.33333396911621\">nas regi\u00f5es Centro-Oeste, Norte e Nordeste. A f\u00e1brica opera em terreno pr\u00f3prio de 40 mil metros quadrados e 20 mil metros de \u00e1rea constru\u00edda. O grupo SKS tamb\u00e9m atua no mercado imobili\u00e1rio e no ramo de minera\u00e7\u00e3o.<\/span><\/p>\n<p><span data-originalfontsize=\"16pt\" data-originalcomputedfontsize=\"21.33333396911621\">A previs\u00e3o de faturamento da empresa no primeiro ano da aplica\u00e7\u00e3o do benef\u00edcio \u00e9 de R$ 12,6 milh\u00f5es. O ICMS pago ao estado j\u00e1 com o desconto de 67% ser\u00e1 de R$ 233 mil, o que representa uma economia de aproximadamente R$ 470 mil ao ano.<\/span><\/p>\n<p><span data-originalfontsize=\"16pt\" data-originalcomputedfontsize=\"21.33333396911621\">A dona da SKS \u00e9 Vera L\u00facia Sarkis, mas a empresa \u00e9 tocada por seu filho Juscelino. Na presid\u00eancia da companhia, ele prev\u00ea um crescimento de, no m\u00ednimo, 10% no pr\u00f3ximo ano, o que possibilitar\u00e1 investimentos em uma nova linha de produ\u00e7\u00e3o at\u00e9 2021.<\/span><\/p>\n<p><span data-originalfontsize=\"16pt\" data-originalcomputedfontsize=\"21.33333396911621\">A economia com o programa teve consequ\u00eancia e a SKS come\u00e7ou a construir uma cl\u00ednica de sa\u00fade na mesma \u00e1rea para atender a funcion\u00e1rios e familiares dos trabalhadores. \u201cNossos funcion\u00e1rios j\u00e1 contam com plano de sa\u00fade, mas a ideia \u00e9 oferecer suporte m\u00e9dico e psicol\u00f3gico tamb\u00e9m para seus familiares e, assim, garantir-lhes mais qualidade de vida\u201d, explica Juscelino Sarkis.<\/span><\/p>\n<p><span data-originalfontsize=\"16pt\" data-originalcomputedfontsize=\"21.33333396911621\">O empres\u00e1rio acrescenta que o programa sai do papel em um momento importante para a empresa, que chegou a receber propostas para se instalar em estados vizinhos. \u201cDesde de 2012 viemos buscando um benef\u00edcio fiscal para expans\u00e3o da empresa. Investimos alto na constru\u00e7\u00e3o um novo galp\u00e3o, compra de m\u00e1quinas e de material\u201d, explica o empres\u00e1rio.<\/span><\/p>\n<h3><strong><span data-originalfontsize=\"16pt\" data-originalcomputedfontsize=\"21.33333396911621\">Emprega DF<\/span><\/strong><\/h3>\n<p><span data-originalfontsize=\"16pt\" data-originalcomputedfontsize=\"21.33333396911621\">Desde que o programa foi lan\u00e7ado, as secretarias de Desenvolvimento e de Economia j\u00e1 receberam nove propostas de grandes empresas pleiteando os benef\u00edcios oferecidos. A concess\u00e3o do Emprega DF requer a apresenta\u00e7\u00e3o, \u00e0 SDE, de um projeto de viabilidade t\u00e9cnica, econ\u00f4mica e financeira simplificado (PVTEFS).<\/span><\/p>\n<p><span data-originalfontsize=\"16pt\" data-originalcomputedfontsize=\"21.33333396911621\">O projeto precisa conter informa\u00e7\u00f5es consistentes sobre o ramo de atua\u00e7\u00e3o, metas de emprego, previs\u00e3o de faturamento e a\u00e7\u00f5es de responsabilidade ambiental e social da empresa.<\/span><\/p>\n<p><span data-originalfontsize=\"16pt\" data-originalcomputedfontsize=\"21.33333396911621\">O formul\u00e1rio para quem pretende participar do\u00a0<\/span><a href=\"http:\/\/www.sde.df.gov.br\/emprega-df\/\" target=\"_blank\" rel=\"noopener noreferrer\" data-saferedirecturl=\"https:\/\/www.google.com\/url?q=http:\/\/www.sde.df.gov.br\/emprega-df\/&amp;source=gmail&amp;ust=1573829686417000&amp;usg=AFQjCNEHxEIkS2MVMJlj7B2fSnUNpzoKyQ\"><span data-originalfontsize=\"16pt\" data-originalcomputedfontsize=\"21.33333396911621\">Emprega DF\u00a0<\/span><\/a><span data-originalfontsize=\"16pt\" data-originalcomputedfontsize=\"21.33333396911621\">\u00a0est\u00e1 dispon\u00edvel na p\u00e1gina da SDE (<a href=\"http:\/\/www.wsde.df.gov.br\/\" target=\"_blank\" rel=\"noopener noreferrer\" data-saferedirecturl=\"https:\/\/www.google.com\/url?q=http:\/\/www.wsde.df.gov.br&amp;source=gmail&amp;ust=1573829686417000&amp;usg=AFQjCNHzJmgrfdnpovbtrFmzaDW7WQkuuQ\" data-removefontsize=\"true\" data-originalcomputedfontsize=\"21.33333396911621\">www.wsde.df.gov.br<\/a>). Depois de preenchido, basta entregar o projeto pessoalmente, sem rasuras, e com documenta\u00e7\u00e3o anexada \u00e0 SDE (Setor Comercial Norte, Quadra 2, Bloco C, n\u00famero 900).<\/span><\/p>\n<p>Ag\u00eancia Bras\u00edlia<\/p>\n","protected":false},"excerpt":{"rendered":"<p>Empresa vai gerar 130 novos postos de trabalho. Desconto no ICMS chegar\u00e1 67% e j\u00e1 reflete em investimentos Criado em meados abril para incentivar os investimentos no Distrito Federal, o programa\u00a0Emprega DF\u00a0come\u00e7a a sair do papel. O grupo empresarial SKS foi o primeiro a assinar contrato com a Secretaria de Desenvolvimento Econ\u00f4mico (SDE) e garantiu [&hellip;]<\/p>\n","protected":false},"author":1,"featured_media":1905,"comment_status":"open","ping_status":"open","sticky":false,"template":"","format":"standard","meta":{"jetpack_post_was_ever_published":false,"_jetpack_newsletter_access":"","_jetpack_dont_email_post_to_subs":false,"_jetpack_newsletter_tier_id":0,"_jetpack_memberships_contains_paywalled_content":false,"_jetpack_memberships_contains_paid_content":false,"footnotes":"","jetpack_publicize_message":"","jetpack_publicize_feature_enabled":true,"jetpack_social_post_already_shared":true,"jetpack_social_options":{"image_generator_settings":{"template":"highway","default_image_id":0,"font":"","enabled":false},"version":2}},"categories":[22],"tags":[709,708],"class_list":["post-1904","post","type-post","status-publish","format-standard","has-post-thumbnail","hentry","category-geral","tag-df","tag-emprega"],"jetpack_publicize_connections":[],"jetpack_featured_media_url":"https:\/\/i0.wp.com\/cfcontabil.com\/cf\/wp-content\/uploads\/2019\/11\/Emprega-DF.jpg?fit=680%2C451","jetpack_sharing_enabled":true,"jetpack_shortlink":"https:\/\/wp.me\/p2wklX-uI","jetpack-related-posts":[{"id":1427,"url":"http:\/\/cfcontabil.com\/cf\/sancionada-a-lei-de-convalidacao-de-beneficios-fiscais-no-df\/","url_meta":{"origin":1904,"position":0},"title":"Sancionada a lei de convalida\u00e7\u00e3o de benef\u00edcios fiscais no DF","author":"Ab\u00edlio Gon\u00e7alves","date":"20 de novembro de 2018","format":false,"excerpt":"Assinatura ocorreu nesta segunda (19), no Buriti. Norma permite que o Distrito Federal conceda vantagens em condi\u00e7\u00e3o de igualdade com estados do Centro-Oeste MARYNA LACERDA, DA AG\u00caNCIA BRAS\u00cdLIA A economia do Distrito Federal fica mais competitiva com a san\u00e7\u00e3o do\u00a0Projeto de Lei n\u00ba 2.063, de 2018. A norma trata da\u00a0convalida\u00e7\u00e3o\u2026","rel":"","context":"Em &quot;Consultoria Empresarial&quot;","block_context":{"text":"Consultoria Empresarial","link":"http:\/\/cfcontabil.com\/cf\/category\/consultoria\/"},"img":{"alt_text":"","src":"https:\/\/i0.wp.com\/cfcontabil.com\/cf\/wp-content\/uploads\/2016\/04\/notebook-1.jpg?fit=627%2C400&resize=350%2C200","width":350,"height":200,"srcset":"https:\/\/i0.wp.com\/cfcontabil.com\/cf\/wp-content\/uploads\/2016\/04\/notebook-1.jpg?fit=627%2C400&resize=350%2C200 1x, https:\/\/i0.wp.com\/cfcontabil.com\/cf\/wp-content\/uploads\/2016\/04\/notebook-1.jpg?fit=627%2C400&resize=525%2C300 1.5x"},"classes":[]},{"id":1768,"url":"http:\/\/cfcontabil.com\/cf\/confaz-autoriza-df-mais-sete-estados-a-fazer-novo-refis-em-2020\/","url_meta":{"origin":1904,"position":1},"title":"Confaz autoriza DF mais sete estados a fazer novo Refis em 2020","author":"Ab\u00edlio Gon\u00e7alves","date":"16 de outubro de 2019","format":false,"excerpt":"O\u00a0Conselho Nacional de Pol\u00edtica Fazend\u00e1ria (Confaz)\u00a0autorizou o Distrito Federal e sete estados a lan\u00e7ar um novo\u00a0Programa de Refinanciamento de D\u00edvidas (Refis)\u00a0em 2020. A medida permite que empresas com d\u00e9bitos relativos ao\u00a0Imposto sobre Circula\u00e7\u00e3o de Mercadorias e Servi\u00e7os (ICMS)\u00a0tenham mais prazo para quit\u00e1-los, com descontos nas multas. No caso do DF,\u2026","rel":"","context":"Em &quot;Departamento Fiscal&quot;","block_context":{"text":"Departamento Fiscal","link":"http:\/\/cfcontabil.com\/cf\/category\/df\/"},"img":{"alt_text":"","src":"https:\/\/i0.wp.com\/cfcontabil.com\/cf\/wp-content\/uploads\/2019\/10\/imposto.jpg?fit=715%2C300&resize=350%2C200","width":350,"height":200,"srcset":"https:\/\/i0.wp.com\/cfcontabil.com\/cf\/wp-content\/uploads\/2019\/10\/imposto.jpg?fit=715%2C300&resize=350%2C200 1x, https:\/\/i0.wp.com\/cfcontabil.com\/cf\/wp-content\/uploads\/2019\/10\/imposto.jpg?fit=715%2C300&resize=525%2C300 1.5x, https:\/\/i0.wp.com\/cfcontabil.com\/cf\/wp-content\/uploads\/2019\/10\/imposto.jpg?fit=715%2C300&resize=700%2C400 2x"},"classes":[]},{"id":2010,"url":"http:\/\/cfcontabil.com\/cf\/cresceu-19-a-economia-do-df-no-terceiro-trimestre-de-2019\/","url_meta":{"origin":1904,"position":2},"title":"Cresceu 1,9% a economia do DF no terceiro trimestre de 2019","author":"Ab\u00edlio Gon\u00e7alves","date":"12 de dezembro de 2019","format":false,"excerpt":"Todos os setores locais evolu\u00edram, com destaque para a Constru\u00e7\u00e3o Civil que reverteu uma s\u00e9rie de resultados negativos desde 2013 e ascendeu 0,8% Segundo o \u00cdndice de Desempenho Econ\u00f4mico do Distrito Federal (Idecon-DF), a economia do Distrito Federal cresceu 1,8% no terceiro trimestre de 2019 na compara\u00e7\u00e3o com o mesmo\u2026","rel":"","context":"Em &quot;Consultoria Empresarial&quot;","block_context":{"text":"Consultoria Empresarial","link":"http:\/\/cfcontabil.com\/cf\/category\/consultoria\/"},"img":{"alt_text":"","src":"https:\/\/i0.wp.com\/cfcontabil.com\/cf\/wp-content\/uploads\/2019\/10\/empresarios.jpg?fit=640%2C433&resize=350%2C200","width":350,"height":200,"srcset":"https:\/\/i0.wp.com\/cfcontabil.com\/cf\/wp-content\/uploads\/2019\/10\/empresarios.jpg?fit=640%2C433&resize=350%2C200 1x, https:\/\/i0.wp.com\/cfcontabil.com\/cf\/wp-content\/uploads\/2019\/10\/empresarios.jpg?fit=640%2C433&resize=525%2C300 1.5x"},"classes":[]},{"id":2357,"url":"http:\/\/cfcontabil.com\/cf\/aprovacao-do-refis-salvara-diversas-empresas-afirma-fecomercio-df\/","url_meta":{"origin":1904,"position":3},"title":"\u201cAprova\u00e7\u00e3o do Refis salvar\u00e1 diversas empresas\u201d, afirma Fecom\u00e9rcio-DF","author":"Ab\u00edlio Gon\u00e7alves","date":"4 de novembro de 2020","format":false,"excerpt":"Projeto foi aprovado nesta ter\u00e7a-feira na CLDF e seguiu para san\u00e7\u00e3o do governador Ibaneis Rocha Muito aguardado pelo setor produtivo do Distrito Federal, o Programa de Incentivo \u00e0 Regulariza\u00e7\u00e3o Fiscal do Distrito Federal (Refis-DF) foi aprovado pela C\u00e2mara Legislativa na noite desta ter\u00e7a-feira (3\/11). Agora, o texto segue para an\u00e1lise\u2026","rel":"","context":"Em &quot;Departamento Fiscal&quot;","block_context":{"text":"Departamento Fiscal","link":"http:\/\/cfcontabil.com\/cf\/category\/df\/"},"img":{"alt_text":"","src":"https:\/\/i0.wp.com\/cfcontabil.com\/cf\/wp-content\/uploads\/2020\/11\/cldf-01-fb.jpg?fit=600%2C315&resize=350%2C200","width":350,"height":200,"srcset":"https:\/\/i0.wp.com\/cfcontabil.com\/cf\/wp-content\/uploads\/2020\/11\/cldf-01-fb.jpg?fit=600%2C315&resize=350%2C200 1x, https:\/\/i0.wp.com\/cfcontabil.com\/cf\/wp-content\/uploads\/2020\/11\/cldf-01-fb.jpg?fit=600%2C315&resize=525%2C300 1.5x"},"classes":[]},{"id":2615,"url":"http:\/\/cfcontabil.com\/cf\/comercio-e-servicos-do-df-reagem-a-crise-e-voltam-a-contratar\/","url_meta":{"origin":1904,"position":4},"title":"Com\u00e9rcio e servi\u00e7os do DF reagem \u00e0 crise e voltam a contratar","author":"Ab\u00edlio Gon\u00e7alves","date":"9 de agosto de 2021","format":false,"excerpt":"O n\u00famero de empregados aumentou 12,3% em junho de 2021, se comparado ao mesmo per\u00edodo do ano passado Governo e empres\u00e1rios est\u00e3o animados porque, finalmente, o com\u00e9rcio e os servi\u00e7os est\u00e3o se recuperando, segundo empregadores, depois de um longo tempo em recess\u00e3o. O aquecimento desses setores gerou 24 mil novos\u2026","rel":"","context":"Em &quot;Geral&quot;","block_context":{"text":"Geral","link":"http:\/\/cfcontabil.com\/cf\/category\/geral\/"},"img":{"alt_text":"","src":"https:\/\/i0.wp.com\/cfcontabil.com\/cf\/wp-content\/uploads\/2017\/05\/carteira-de-trabalho-1.jpg?fit=590%2C302&resize=350%2C200","width":350,"height":200,"srcset":"https:\/\/i0.wp.com\/cfcontabil.com\/cf\/wp-content\/uploads\/2017\/05\/carteira-de-trabalho-1.jpg?fit=590%2C302&resize=350%2C200 1x, https:\/\/i0.wp.com\/cfcontabil.com\/cf\/wp-content\/uploads\/2017\/05\/carteira-de-trabalho-1.jpg?fit=590%2C302&resize=525%2C300 1.5x"},"classes":[]},{"id":2321,"url":"http:\/\/cfcontabil.com\/cf\/distrito-federal-ajuda-empresas-a-abrirem-mais-rapido\/","url_meta":{"origin":1904,"position":5},"title":"Distrito Federal ajuda empresas a abrirem mais r\u00e1pido","author":"Ab\u00edlio Gon\u00e7alves","date":"14 de julho de 2020","format":false,"excerpt":"Etapas de an\u00e1lise para obter registro empresarial tiveram, em junho, o menor tempo de execu\u00e7\u00e3o em todo o pa\u00eds Gra\u00e7as ao ambiente 100% digital, \u00e0 integra\u00e7\u00e3o entre os \u00f3rg\u00e3os e ao regime de teletrabalho implementados pela Junta Comercial, Industrial e Servi\u00e7os do Distrito Federal (Jucis-DF), empres\u00e1rios e contadores podem contar\u2026","rel":"","context":"Em \"abertura\"","block_context":{"text":"abertura","link":"http:\/\/cfcontabil.com\/cf\/tag\/abertura\/"},"img":{"alt_text":"","src":"https:\/\/i0.wp.com\/cfcontabil.com\/cf\/wp-content\/uploads\/2019\/12\/abertura-de-Empresas.jpg?fit=1080%2C640&resize=350%2C200","width":350,"height":200,"srcset":"https:\/\/i0.wp.com\/cfcontabil.com\/cf\/wp-content\/uploads\/2019\/12\/abertura-de-Empresas.jpg?fit=1080%2C640&resize=350%2C200 1x, https:\/\/i0.wp.com\/cfcontabil.com\/cf\/wp-content\/uploads\/2019\/12\/abertura-de-Empresas.jpg?fit=1080%2C640&resize=525%2C300 1.5x, https:\/\/i0.wp.com\/cfcontabil.com\/cf\/wp-content\/uploads\/2019\/12\/abertura-de-Empresas.jpg?fit=1080%2C640&resize=700%2C400 2x, https:\/\/i0.wp.com\/cfcontabil.com\/cf\/wp-content\/uploads\/2019\/12\/abertura-de-Empresas.jpg?fit=1080%2C640&resize=1050%2C600 3x"},"classes":[]}],"jetpack_likes_enabled":true,"_links":{"self":[{"href":"http:\/\/cfcontabil.com\/cf\/wp-json\/wp\/v2\/posts\/1904","targetHints":{"allow":["GET"]}}],"collection":[{"href":"http:\/\/cfcontabil.com\/cf\/wp-json\/wp\/v2\/posts"}],"about":[{"href":"http:\/\/cfcontabil.com\/cf\/wp-json\/wp\/v2\/types\/post"}],"author":[{"embeddable":true,"href":"http:\/\/cfcontabil.com\/cf\/wp-json\/wp\/v2\/users\/1"}],"replies":[{"embeddable":true,"href":"http:\/\/cfcontabil.com\/cf\/wp-json\/wp\/v2\/comments?post=1904"}],"version-history":[{"count":1,"href":"http:\/\/cfcontabil.com\/cf\/wp-json\/wp\/v2\/posts\/1904\/revisions"}],"predecessor-version":[{"id":1906,"href":"http:\/\/cfcontabil.com\/cf\/wp-json\/wp\/v2\/posts\/1904\/revisions\/1906"}],"wp:featuredmedia":[{"embeddable":true,"href":"http:\/\/cfcontabil.com\/cf\/wp-json\/wp\/v2\/media\/1905"}],"wp:attachment":[{"href":"http:\/\/cfcontabil.com\/cf\/wp-json\/wp\/v2\/media?parent=1904"}],"wp:term":[{"taxonomy":"category","embeddable":true,"href":"http:\/\/cfcontabil.com\/cf\/wp-json\/wp\/v2\/categories?post=1904"},{"taxonomy":"post_tag","embeddable":true,"href":"http:\/\/cfcontabil.com\/cf\/wp-json\/wp\/v2\/tags?post=1904"}],"curies":[{"name":"wp","href":"https:\/\/api.w.org\/{rel}","templated":true}]}}