{"id":1907,"date":"2019-11-18T12:00:59","date_gmt":"2019-11-18T15:00:59","guid":{"rendered":"http:\/\/cfcontabil.com\/cf\/?p=1907"},"modified":"2019-11-18T08:19:12","modified_gmt":"2019-11-18T11:19:12","slug":"fim-de-ano-abre-milhares-de-vagas-temporarias-e-esporadicas-veja-como-funciona-cada-contratacao","status":"publish","type":"post","link":"http:\/\/cfcontabil.com\/cf\/fim-de-ano-abre-milhares-de-vagas-temporarias-e-esporadicas-veja-como-funciona-cada-contratacao\/","title":{"rendered":"Fim de ano abre milhares de vagas tempor\u00e1rias e espor\u00e1dicas; veja como funciona cada contrata\u00e7\u00e3o"},"content":{"rendered":"<h2 class=\"content-head__subtitle\">Al\u00e9m das vagas tempor\u00e1rias, que s\u00e3o o principal recurso usado pelas empresas para atender \u00e0 demanda extra de servi\u00e7os, h\u00e1 ainda as vagas intermitentes, que atendem \u00e0 necessidade de trabalhos em per\u00edodos alternados.<\/h2>\n<p><a href=\"https:\/\/i0.wp.com\/cfcontabil.com\/cf\/wp-content\/uploads\/2019\/11\/emprego-carteira-trabalho.jpg\"><img data-recalc-dims=\"1\" fetchpriority=\"high\" decoding=\"async\" data-attachment-id=\"1909\" data-permalink=\"http:\/\/cfcontabil.com\/cf\/fim-de-ano-abre-milhares-de-vagas-temporarias-e-esporadicas-veja-como-funciona-cada-contratacao\/emprego-carteira-trabalho\/\" data-orig-file=\"https:\/\/i0.wp.com\/cfcontabil.com\/cf\/wp-content\/uploads\/2019\/11\/emprego-carteira-trabalho.jpg?fit=1300%2C900\" data-orig-size=\"1300,900\" data-comments-opened=\"1\" data-image-meta=\"{&quot;aperture&quot;:&quot;0&quot;,&quot;credit&quot;:&quot;&quot;,&quot;camera&quot;:&quot;&quot;,&quot;caption&quot;:&quot;&quot;,&quot;created_timestamp&quot;:&quot;0&quot;,&quot;copyright&quot;:&quot;&quot;,&quot;focal_length&quot;:&quot;0&quot;,&quot;iso&quot;:&quot;0&quot;,&quot;shutter_speed&quot;:&quot;0&quot;,&quot;title&quot;:&quot;&quot;,&quot;orientation&quot;:&quot;0&quot;}\" data-image-title=\"emprego carteira trabalho\" data-image-description=\"\" data-image-caption=\"\" data-large-file=\"https:\/\/i0.wp.com\/cfcontabil.com\/cf\/wp-content\/uploads\/2019\/11\/emprego-carteira-trabalho.jpg?fit=1024%2C709\" class=\"aligncenter size-full wp-image-1909\" src=\"https:\/\/i0.wp.com\/cfcontabil.com\/cf\/wp-content\/uploads\/2019\/11\/emprego-carteira-trabalho.jpg?resize=1170%2C810\" alt=\"\" width=\"1170\" height=\"810\" srcset=\"https:\/\/i0.wp.com\/cfcontabil.com\/cf\/wp-content\/uploads\/2019\/11\/emprego-carteira-trabalho.jpg?w=1300 1300w, https:\/\/i0.wp.com\/cfcontabil.com\/cf\/wp-content\/uploads\/2019\/11\/emprego-carteira-trabalho.jpg?resize=300%2C208 300w, https:\/\/i0.wp.com\/cfcontabil.com\/cf\/wp-content\/uploads\/2019\/11\/emprego-carteira-trabalho.jpg?resize=1024%2C709 1024w, https:\/\/i0.wp.com\/cfcontabil.com\/cf\/wp-content\/uploads\/2019\/11\/emprego-carteira-trabalho.jpg?resize=768%2C532 768w, https:\/\/i0.wp.com\/cfcontabil.com\/cf\/wp-content\/uploads\/2019\/11\/emprego-carteira-trabalho.jpg?resize=770%2C533 770w, https:\/\/i0.wp.com\/cfcontabil.com\/cf\/wp-content\/uploads\/2019\/11\/emprego-carteira-trabalho.jpg?resize=370%2C256 370w\" sizes=\"(max-width: 1170px) 100vw, 1170px\" \/><\/a><\/p>\n<div class=\"mc-column content-text active-extra-styles \" data-block-type=\"unstyled\" data-block-weight=\"41\" data-block-id=\"2\">\n<p class=\"content-text__container \" data-track-category=\"Link no Texto\" data-track-links=\"\">Para atender \u00e0 demanda de final de ano, os \u00faltimos meses do ano trazem milhares de oportunidades tempor\u00e1rias e espor\u00e1dicas de trabalho abertas pelos setores de com\u00e9rcio e servi\u00e7os e s\u00e3o uma forma de os desempregados voltarem ao mercado de trabalho.<\/p>\n<\/div>\n<div class=\"wall protected-content\">\n<div class=\"mc-column content-text active-extra-styles \" data-block-type=\"unstyled\" data-block-weight=\"38\" data-block-id=\"3\">\n<p class=\"content-text__container \" data-track-category=\"Link no Texto\" data-track-links=\"\">Al\u00e9m das vagas tempor\u00e1rias, que s\u00e3o o principal recurso usado pelas empresas para atender \u00e0 demanda extra de servi\u00e7os por um per\u00edodo espec\u00edfico, h\u00e1 ainda as vagas intermitentes, que atendem \u00e0 necessidade de trabalhos espor\u00e1dicos, em per\u00edodos alternados.<\/p>\n<\/div>\n<div class=\"mc-column content-text active-extra-styles \" data-block-type=\"unstyled\" data-block-weight=\"25\" data-block-id=\"4\">\n<p class=\"content-text__container \" data-track-category=\"Link no Texto\" data-track-links=\"\">Por\u00e9m, apesar de ambas as modalidades preverem direitos trabalhistas como f\u00e9rias, 13\u00ba e FGTS, as formas de contrata\u00e7\u00e3o s\u00e3o distintas e t\u00eam finalidades diferentes.<\/p>\n<\/div>\n<div class=\"content-ads content-ads--reveal\" data-block-type=\"ads\" data-block-id=\"5\">\n<div id=\"banner_materia2\" class=\"tag-manager-publicidade-container mc-has-reveal mc-has-ad-lazyload tag-manager-publicidade-banner_materia2 tag-manager-publicidade-container--carregado tag-manager-publicidade-container--visivel\" data-id=\"banner_materia2\" data-google-query-id=\"CKK1xaTP8-UCFUAGuQYdCzYF7A\" data-cid=\"138292894793\" data-lid=\"5186344291\">\n<div class=\"mc-column content-text active-extra-styles \" data-block-type=\"unstyled\" data-block-weight=\"19\" data-block-id=\"6\">\n<p class=\"content-text__container \" data-track-category=\"Link no Texto\" data-track-links=\"\">Os especialistas em Direito de Trabalho afirmam que os trabalhadores intermitentes n\u00e3o podem ser contratados para vagas tempor\u00e1rias.<\/p>\n<\/div>\n<div class=\"mc-column content-text active-extra-styles\" data-block-type=\"raw\" data-block-weight=\"70\" data-block-id=\"7\">\n<blockquote class=\"content-blockquote theme-border-color-primary-before\"><p>&#8220;O intermitente atua na empresa de forma espor\u00e1dica e\/ou excepcional e sem exclusividade, apenas para cumprir determinadas tarefas em determinados momentos, quando convocado, podendo atuar por horas, dias ou meses. J\u00e1 o trabalhador tempor\u00e1rio est\u00e1 diretamente associado \u00e0 presta\u00e7\u00e3o de servi\u00e7os destinados a atender \u00e0 necessidade transit\u00f3ria de substitui\u00e7\u00e3o de pessoal permanente ou \u00e0 demanda complementar de servi\u00e7os, em per\u00edodos espec\u00edficos&#8221;, explica o advogado Luiz Andrade, do Baraldi M\u00e9lega Advogados.<\/p><\/blockquote>\n<\/div>\n<\/div>\n<blockquote>\n<div class=\"mc-column content-text active-extra-styles \" data-block-type=\"unstyled\" data-block-weight=\"10\" data-block-id=\"9\">\n<p class=\"content-text__container \" data-track-category=\"Link no Texto\" data-track-links=\"\">Veja abaixo como funciona cada uma das modalidades de contrata\u00e7\u00e3o.<\/p>\n<\/div>\n<div class=\"mc-column content-text active-extra-styles\" data-block-type=\"raw\" data-block-weight=\"2\" data-block-id=\"10\">\n<div class=\"content-intertitle\">\n<h2>Trabalho tempor\u00e1rio<\/h2>\n<\/div>\n<\/div>\n<div class=\"mc-column content-text active-extra-styles \" data-block-type=\"unstyled\" data-block-weight=\"19\" data-block-id=\"11\">\n<p class=\"content-text__container \" data-track-category=\"Link no Texto\" data-track-links=\"\">O trabalho tempor\u00e1rio tem legisla\u00e7\u00e3o pr\u00f3pria e o empregado tem praticamente os mesmos direitos do funcion\u00e1rio efetivo, que s\u00e3o:<\/p>\n<\/div>\n<div class=\"mc-column content-text active-extra-styles\" data-block-type=\"raw\" data-block-weight=\"37\" data-block-id=\"12\">\n<ul class=\"content-unordered-list\">\n<li>Sal\u00e1rio equivalente ao da categoria<\/li>\n<li>Jornada de 8 horas<\/li>\n<li>Horas extras<\/li>\n<li>Adicional por trabalho noturno<\/li>\n<li>Repouso semanal remunerado<\/li>\n<li>Seguro acidente de trabalho<\/li>\n<li>Fundo de Garantia por Tempo de Servi\u00e7o (FGTS)<\/li>\n<li>F\u00e9rias e 13\u00ba sal\u00e1rio proporcionais<\/li>\n<li>Contribui\u00e7\u00e3o previdenci\u00e1ria<\/li>\n<\/ul>\n<div class=\"mc-column content-text active-extra-styles \" data-block-type=\"unstyled\" data-block-weight=\"44\" data-block-id=\"14\">\n<p class=\"content-text__container \" data-track-category=\"Link no Texto\" data-track-links=\"\">De acordo com Andrade, o trabalhador \u00e9 contratado por uma empresa de trabalho tempor\u00e1rio, que o coloca \u00e0 disposi\u00e7\u00e3o de uma empresa tomadora de servi\u00e7os, para suprir a necessidade de substitui\u00e7\u00e3o transit\u00f3ria de pessoal permanente ou para atender \u00e0 demanda complementar de servi\u00e7os.<\/p>\n<\/div>\n<div class=\"mc-column content-text active-extra-styles \" data-block-type=\"unstyled\" data-block-weight=\"44\" data-block-id=\"15\">\n<p class=\"content-text__container \" data-track-category=\"Link no Texto\" data-track-links=\"\">&#8220;Isso significa que a contrata\u00e7\u00e3o n\u00e3o se pode dar de forma direta; a empresa interessada em um empregado tempor\u00e1rio dever\u00e1 procurar uma prestadora de servi\u00e7os, que vai intermediar a contrata\u00e7\u00e3o, e a empresa contratante vai remunerar e dirigir o trabalho do empregado&#8221;, alerta.<\/p>\n<\/div>\n<div class=\"mc-column content-text active-extra-styles \" data-block-type=\"unstyled\" data-block-weight=\"31\" data-block-id=\"16\">\n<p class=\"content-text__container \" data-track-category=\"Link no Texto\" data-track-links=\"\">A empresa tomadora de servi\u00e7os (contratante do trabalhador tempor\u00e1rio) dever\u00e1 garantir as condi\u00e7\u00f5es de seguran\u00e7a, higiene e salubridade do local de trabalho, bem como a alimenta\u00e7\u00e3o e eventual atendimento m\u00e9dico.<\/p>\n<\/div>\n<div class=\"mc-column content-text active-extra-styles \" data-block-type=\"unstyled\" data-block-weight=\"51\" data-block-id=\"17\">\n<p class=\"content-text__container \" data-track-category=\"Link no Texto\" data-track-links=\"\">O contrato de trabalho do empregado tempor\u00e1rio \u00e9 por prazo determinado, n\u00e3o podendo exceder 180 dias, podendo ser ampliado por mais 90 dias, totalizando 270 dias (9 meses). Depois desse prazo, o empregado s\u00f3 poder\u00e1 ser recontratado como tempor\u00e1rio ap\u00f3s 90 dias do t\u00e9rmino do contrato de trabalho, ressalta Andrade.<\/p>\n<\/div>\n<div class=\"mc-column content-text active-extra-styles \" data-block-type=\"unstyled\" data-block-weight=\"33\" data-block-id=\"18\">\n<p class=\"content-text__container \" data-track-category=\"Link no Texto\" data-track-links=\"\">No momento da contrata\u00e7\u00e3o do empregado tempor\u00e1rio dever\u00e1 constar os motivos para contrata\u00e7\u00e3o, e a empresa tomadora n\u00e3o pode utiliz\u00e1-lo para atividades distintas daquelas especificadas em seu contrato de trabalho, ressalta Andrade.<\/p>\n<\/div>\n<div class=\"mc-column content-text active-extra-styles \" data-block-type=\"unstyled\" data-block-weight=\"21\" data-block-id=\"20\">\n<p class=\"content-text__container \" data-track-category=\"Link no Texto\" data-track-links=\"\">As principais caracter\u00edsticas do trabalho tempor\u00e1rio, segundo a advogada Lariane Pinto Del-Vecchio, do escrit\u00f3rio Aith, Badari e Luchin Advogados, s\u00e3o:<\/p>\n<\/div>\n<div class=\"mc-column content-text active-extra-styles\" data-block-type=\"raw\" data-block-weight=\"99\" data-block-id=\"21\">\n<ul class=\"content-unordered-list\">\n<li>A empresa de trabalho tempor\u00e1rio deve ter um registro pr\u00e9vio na Secretaria do Trabalho do Minist\u00e9rio da Economia;<\/li>\n<li>O contrato deve ser por escrito e deve conter a qualifica\u00e7\u00e3o das partes, especifica\u00e7\u00e3o de servi\u00e7os prestados, prazo de presta\u00e7\u00e3o de servi\u00e7os e valor;<\/li>\n<li>O prazo normal do contrato pode ser de at\u00e9 180 dias, podendo ser prorrogados por mais 90 dias totalizando 270 dias;<\/li>\n<li>A empresa tomadora do servi\u00e7o deve garantir as mesmas condi\u00e7\u00f5es de seguran\u00e7a, higiene e salubridade de seus trabalhadores;<\/li>\n<li>\u00c9 necess\u00e1rio estabelecer contrato de presta\u00e7\u00e3o de servi\u00e7o entre tomadora de servi\u00e7os e a empresa de trabalho tempor\u00e1rio.<\/li>\n<\/ul>\n<\/div>\n<div class=\"mc-column content-text active-extra-styles \" data-block-type=\"unstyled\" data-block-weight=\"41\" data-block-id=\"22\">\n<p class=\"content-text__container \" data-track-category=\"Link no Texto\" data-track-links=\"\">O advogado trabalhista Daniel Moreno, do Magalh\u00e3es &amp; Moreno Advogados, destaca que o contrato tempor\u00e1rio \u00e9 permitido apenas nos casos de necessidades tempor\u00e1rias e transit\u00f3rias de m\u00e3o de obra, como, por exemplo, a ind\u00fastria de chocolates na \u00e9poca da P\u00e1scoa.<\/p>\n<\/div>\n<div class=\"mc-column content-text active-extra-styles \" data-block-type=\"unstyled\" data-block-weight=\"54\" data-block-id=\"23\">\n<p class=\"content-text__container \" data-track-category=\"Link no Texto\" data-track-links=\"\">&#8220;Por\u00e9m, afim de suprimir direitos dos trabalhadores, algumas empresas tentam se valer dessa modalidade de contrato de forma irregular, contratando trabalhadores tempor\u00e1rios sem uma justificativa real de aumento de demanda. Nesses casos, se acionado, o Judici\u00e1rio poder\u00e1 afastar a modalidade contratual tempor\u00e1ria e, consequentemente, condenar a empresa ao pagamento das respectivas diferen\u00e7as&#8221;, diz.<\/p>\n<div class=\"mc-column content-text active-extra-styles \" data-block-type=\"unstyled\" data-block-weight=\"46\" data-block-id=\"25\">\n<p class=\"content-text__container \" data-track-category=\"Link no Texto\" data-track-links=\"\">Ruslan Stuchi, s\u00f3cio do Stuchi Advogados, afirma que os principais problemas enfrentados pelo trabalhador tempor\u00e1rio est\u00e3o relacionados ao FGTS e aos direitos previdenci\u00e1rios. &#8220;Em caso de acidente de trabalho, e o funcion\u00e1rio ficar incapacitado por mais de 15 dias, ele ter\u00e1 direito \u00e0 estabilidade&#8221;, afirma.<\/p>\n<\/div>\n<div class=\"mc-column content-text active-extra-styles \" data-block-type=\"unstyled\" data-block-weight=\"62\" data-block-id=\"26\">\n<p class=\"content-text__container \" data-track-category=\"Link no Texto\" data-track-links=\"\">A Confedera\u00e7\u00e3o Nacional do Com\u00e9rcio de Bens, Servi\u00e7os e Turismo (CNC) estima que a\u00a0oferta de vagas tempor\u00e1rias para o Natal de 2019 ser\u00e1 a maior em seis anos.\u00a0Segundo proje\u00e7\u00e3o da entidade, ser\u00e3o contratados 91 mil trabalhadores tempor\u00e1rios neste fim de ano para atender ao aumento das vendas. O n\u00famero \u00e9 4% maior do que o registrado em 2018 (87,5 mil).<\/p>\n<\/div>\n<div class=\"mc-column content-text active-extra-styles \" data-block-type=\"unstyled\" data-block-weight=\"23\" data-block-id=\"27\">\n<p class=\"content-text__container \" data-track-category=\"Link no Texto\" data-track-links=\"\">Oito em cada 10 vagas dever\u00e3o ser preenchidas por vendedores (57 mil), operadores de caixa (13 mil) e pessoal de almoxarifado (4,6 mil).<\/p>\n<div class=\"mc-column content-text active-extra-styles \" data-block-type=\"unstyled\" data-block-weight=\"52\" data-block-id=\"32\">\n<p class=\"content-text__container \" data-track-category=\"Link no Texto\" data-track-links=\"\">O <strong>contrato de trabalho intermitente<\/strong> \u00e9 uma presta\u00e7\u00e3o de servi\u00e7os em per\u00edodos alternados, e o trabalhador \u00e9 remunerado de maneira proporcional, somente pelo per\u00edodo trabalhado. Al\u00e9m disso, a presta\u00e7\u00e3o de servi\u00e7os espor\u00e1dica deve ser registrada em carteira e h\u00e1 direitos trabalhistas previstos como f\u00e9rias e 13\u00ba proporcionais e dep\u00f3sito do FGTS.<\/p>\n<\/div>\n<div class=\"mc-column content-text active-extra-styles \" data-block-type=\"unstyled\" data-block-weight=\"7\" data-block-id=\"33\">\n<p class=\"content-text__container \" data-track-category=\"Link no Texto\" data-track-links=\"\">As principais caracter\u00edsticas do trabalho intermitente s\u00e3o:<\/p>\n<\/div>\n<div class=\"mc-column content-text active-extra-styles\" data-block-type=\"raw\" data-block-weight=\"176\" data-block-id=\"34\">\n<ul class=\"content-unordered-list\">\n<li>Altern\u00e2ncia de per\u00edodos de trabalho e de inatividade em horas, dias ou meses previamente determinados e trabalho n\u00e3o cont\u00ednuo, mas com subordina\u00e7\u00e3o ao empregador;<\/li>\n<li>O trabalhador intermitente deve ser convocado com pelo menos tr\u00eas dias de anteced\u00eancia e ele tem 24 horas para aceitar o trabalho;<\/li>\n<li>Contrato de trabalho deve ser obrigatoriamente escrito, especificando valor da hora ou do dia trabalhado, local e prazo para o pagamento, local de trabalho, turnos e formato de repara\u00e7\u00e3o rec\u00edproca para o caso de cancelamento de um trabalho previamente agendado;<\/li>\n<li>O trabalhador \u00e9 convocado somente quando for necess\u00e1rio para a empresa. N\u00e3o h\u00e1 jornada de trabalho m\u00ednima, somente m\u00e1xima, que s\u00e3o 8 horas di\u00e1rias e 44 horas semanais. O tempo excedido dever\u00e1 ser remunerado com o adicional de horas extras;<\/li>\n<li>A empresa pode contratar para trabalhar apenas aos finais de semana ou na \u00faltima semana do Natal, por exemplo. A altern\u00e2ncia de per\u00edodos, com contrato celebrado por escrito contendo o valor da hora de trabalho e o pagamento ocorrendo ao final de cada presta\u00e7\u00e3o de servi\u00e7o, n\u00e3o configura v\u00ednculo empregat\u00edcio.<\/li>\n<\/ul>\n<div class=\"mc-column content-text active-extra-styles \" data-block-type=\"unstyled\" data-block-weight=\"41\" data-block-id=\"36\">\n<p class=\"content-text__container \" data-track-category=\"Link no Texto\" data-track-links=\"\">De acordo com o advogado Giovanni Magalh\u00e3es, do escrit\u00f3rio Aith, Badari e Luchin Advogados, o trabalhador intermitente tem o direito de receber a remunera\u00e7\u00e3o acordada no contrato de trabalho, f\u00e9rias proporcionais mais um ter\u00e7o, 13\u00ba sal\u00e1rio e repouso semanal remunerado.<\/p>\n<\/div>\n<div class=\"mc-column content-text active-extra-styles \" data-block-type=\"unstyled\" data-block-weight=\"35\" data-block-id=\"37\">\n<p class=\"content-text__container \" data-track-category=\"Link no Texto\" data-track-links=\"\">A remunera\u00e7\u00e3o paga n\u00e3o pode ser inferior ao sal\u00e1rio m\u00ednimo e todas as verbas devidas proporcionais devem ser pagas ao final de cada per\u00edodo de presta\u00e7\u00e3o de servi\u00e7o, tudo registrado em recibo de pagamento.<\/p>\n<\/div>\n<div class=\"mc-column content-text active-extra-styles \" data-block-type=\"unstyled\" data-block-weight=\"55\" data-block-id=\"38\">\n<p class=\"content-text__container \" data-track-category=\"Link no Texto\" data-track-links=\"\">Ou seja, se o pagamento for por hora trabalhada, o valor do per\u00edodo n\u00e3o pode ser inferior ao valor hor\u00e1rio do sal\u00e1rio m\u00ednimo ou dos demais empregados do estabelecimento com a mesma fun\u00e7\u00e3o. E o empregado recebe ap\u00f3s cada per\u00edodo de presta\u00e7\u00e3o de servi\u00e7os a remunera\u00e7\u00e3o acrescida de f\u00e9rias mais 1\/3 e 13\u00ba sal\u00e1rio proporcionais.<\/p>\n<\/div>\n<div class=\"mc-column content-text active-extra-styles \" data-block-type=\"unstyled\" data-block-weight=\"14\" data-block-id=\"39\">\n<p class=\"content-text__container \" data-track-category=\"Link no Texto\" data-track-links=\"\">Al\u00e9m disso, o empregador \u00e9 respons\u00e1vel pelas contribui\u00e7\u00f5es previdenci\u00e1rias e pagamento do FGTS.<\/p>\n<\/div>\n<div class=\"mc-column content-text active-extra-styles \" data-block-type=\"unstyled\" data-block-weight=\"32\" data-block-id=\"40\">\n<p class=\"content-text__container \" data-track-category=\"Link no Texto\" data-track-links=\"\">O trabalhador intermitente tem ainda direito a f\u00e9rias quando o per\u00edodo de trabalho for superior a 12 meses para um mesmo empregador e pode parcel\u00e1-las em at\u00e9 tr\u00eas per\u00edodos, segundo Magalh\u00e3es.<\/p>\n<\/div>\n<div class=\"mc-column content-text active-extra-styles \" data-block-type=\"unstyled\" data-block-weight=\"58\" data-block-id=\"41\">\n<p class=\"content-text__container \" data-track-category=\"Link no Texto\" data-track-links=\"\">O contrato de trabalho, de acordo com os advogados, \u00e9 automaticamente reincidido ap\u00f3s 12 meses de inatividade e a rescis\u00e3o, quando o trabalhador n\u00e3o for demitido por justa causa ou por rescis\u00e3o indireta, ele deve receber metade do valor do aviso pr\u00e9vio, 20% sobre o valor do saldo de FGTS e as demais verbas trabalhistas pagas integralmente.<\/p>\n<div class=\"mc-column content-text active-extra-styles \" data-block-type=\"unstyled\" data-block-weight=\"42\" data-block-id=\"43\">\n<p class=\"content-text__container \" data-track-category=\"Link no Texto\" data-track-links=\"\">Ao contr\u00e1rio do contrato tempor\u00e1rio, que exige a intermedia\u00e7\u00e3o de uma prestadora de servi\u00e7os na contrata\u00e7\u00e3o para a empresa tomadora de servi\u00e7os, no trabalho intermitente, a rela\u00e7\u00e3o empresa e trabalhador \u00e9 bilateral, ou seja, a empresa pode contratar o profissional diretamente.<\/p>\n<\/div>\n<div class=\"mc-column content-text active-extra-styles \" data-block-type=\"unstyled\" data-block-weight=\"68\" data-block-id=\"44\">\n<p class=\"content-text__container \" data-track-category=\"Link no Texto\" data-track-links=\"\">Desde que a modalidade de contrata\u00e7\u00e3o entrou em vigor, em novembro de 2017, at\u00e9 setembro deste ano,\u00a0foram criadas 115,3 mil vagas, segundo dados do Cadastro Geral de Empregados e Desempregados (Caged) do Minist\u00e9rio da Economia. O n\u00famero de postos gerados representa 12% do total de vagas criadas no mesmo per\u00edodo no pa\u00eds (962 mil). Cerca de 70% dessas vagas foram abertas nos setores de com\u00e9rcio e servi\u00e7os.<\/p>\n<\/div>\n<div class=\"mc-column content-text active-extra-styles \" data-block-type=\"unstyled\" data-block-weight=\"76\" data-block-id=\"45\">\n<p class=\"content-text__container \" data-track-category=\"Link no Texto\" data-track-links=\"\">Em 2018, foram quase 52 mil vagas intermitentes, 9,4% do total de 545,6 mil postos criados. Os meses de novembro e dezembro foram os que tiveram maior saldo de vagas. J\u00e1 neste ano, at\u00e9 setembro, 58 mil vagas foram abertas &#8211; 7,6% do total de 762 mil vagas. Os meses de maio e junho, que t\u00eam aumento de vendas por causa do Dia das M\u00e3es e Dia dos Namorados, registraram maior procura por intermitentes.<\/p>\n<p data-track-category=\"Link no Texto\" data-track-links=\"\">Fonte: G1<\/p>\n<p data-track-category=\"Link no Texto\" data-track-links=\"\">\n<\/div>\n<\/div>\n<\/div>\n<\/div>\n<\/div>\n<\/div>\n<\/blockquote>\n<\/div>\n<\/div>\n","protected":false},"excerpt":{"rendered":"<p>Al\u00e9m das vagas tempor\u00e1rias, que s\u00e3o o principal recurso usado pelas empresas para atender \u00e0 demanda extra de servi\u00e7os, h\u00e1 ainda as vagas intermitentes, que atendem \u00e0 necessidade de trabalhos em per\u00edodos alternados. Para atender \u00e0 demanda de final de ano, os \u00faltimos meses do ano trazem milhares de oportunidades tempor\u00e1rias e espor\u00e1dicas de trabalho [&hellip;]<\/p>\n","protected":false},"author":1,"featured_media":1908,"comment_status":"open","ping_status":"open","sticky":false,"template":"","format":"standard","meta":{"jetpack_post_was_ever_published":false,"_jetpack_newsletter_access":"","_jetpack_dont_email_post_to_subs":false,"_jetpack_newsletter_tier_id":0,"_jetpack_memberships_contains_paywalled_content":false,"_jetpack_memberships_contains_paid_content":false,"footnotes":"","jetpack_publicize_message":"","jetpack_publicize_feature_enabled":true,"jetpack_social_post_already_shared":true,"jetpack_social_options":{"image_generator_settings":{"template":"highway","default_image_id":0,"font":"","enabled":false},"version":2}},"categories":[29],"tags":[133,235,711,710,165],"class_list":["post-1907","post","type-post","status-publish","format-standard","has-post-thumbnail","hentry","category-dp","tag-ano","tag-emprego","tag-fim","tag-temporario","tag-trabalhador"],"jetpack_publicize_connections":[],"jetpack_featured_media_url":"https:\/\/i0.wp.com\/cfcontabil.com\/cf\/wp-content\/uploads\/2019\/11\/carteira-trabalho.jpg?fit=826%2C371","jetpack_sharing_enabled":true,"jetpack_shortlink":"https:\/\/wp.me\/p2wklX-uL","jetpack-related-posts":[{"id":730,"url":"http:\/\/cfcontabil.com\/cf\/receita-vai-ampliar-marcacao-de-atendimento-presencial-pela-internet\/","url_meta":{"origin":1907,"position":0},"title":"Receita vai ampliar marca\u00e7\u00e3o de atendimento presencial pela internet","author":"Ab\u00edlio Gon\u00e7alves","date":"4 de abril de 2016","format":false,"excerpt":"A Receita Federal ampliar\u00e1 o servi\u00e7o de agendamento na internet para os contribuintes que necessitam de atendimento presencial como parte do projeto de moderniza\u00e7\u00e3o do Fisco. As mudan\u00e7as est\u00e3o na Portaria 457, de 28 de mar\u00e7o deste ano, que regulamenta um conjunto de procedimentos relativos ao atendimento presencial da Receita,\u2026","rel":"","context":"Em &quot;Consultoria Empresarial&quot;","block_context":{"text":"Consultoria Empresarial","link":"http:\/\/cfcontabil.com\/cf\/category\/consultoria\/"},"img":{"alt_text":"","src":"https:\/\/i0.wp.com\/cfcontabil.com\/cf\/wp-content\/uploads\/2016\/04\/notebook-1.jpg?fit=627%2C400&resize=350%2C200","width":350,"height":200,"srcset":"https:\/\/i0.wp.com\/cfcontabil.com\/cf\/wp-content\/uploads\/2016\/04\/notebook-1.jpg?fit=627%2C400&resize=350%2C200 1x, https:\/\/i0.wp.com\/cfcontabil.com\/cf\/wp-content\/uploads\/2016\/04\/notebook-1.jpg?fit=627%2C400&resize=525%2C300 1.5x"},"classes":[]},{"id":2329,"url":"http:\/\/cfcontabil.com\/cf\/receita-federal-cria-servico-online-para-validacao-da-procuracao-rfb-com-firma-reconhecida\/","url_meta":{"origin":1907,"position":1},"title":"Receita Federal cria servi\u00e7o online para valida\u00e7\u00e3o da Procura\u00e7\u00e3o RFB com firma reconhecida","author":"Ab\u00edlio Gon\u00e7alves","date":"24 de agosto de 2020","format":false,"excerpt":"Medida, dispon\u00edvel no Portal e-CAC, permitir\u00e1 a redu\u00e7\u00e3o do atendimento presencial em cerca de 25% A Receita Federal do Brasil (RFB) passou a oferecer ao contribuinte, no\u00a0Portal e-CAC, o servi\u00e7o Procura\u00e7\u00e3o RFB com firma reconhecida em cart\u00f3rio por meio do Dossi\u00ea Digital de Atendimento (DDA). A medida visa reduzir o\u2026","rel":"","context":"Em &quot;Consultoria Empresarial&quot;","block_context":{"text":"Consultoria Empresarial","link":"http:\/\/cfcontabil.com\/cf\/category\/consultoria\/"},"img":{"alt_text":"","src":"https:\/\/i0.wp.com\/cfcontabil.com\/cf\/wp-content\/uploads\/2020\/03\/RECEITA_FEDERAL.jpeg?fit=768%2C512&resize=350%2C200","width":350,"height":200,"srcset":"https:\/\/i0.wp.com\/cfcontabil.com\/cf\/wp-content\/uploads\/2020\/03\/RECEITA_FEDERAL.jpeg?fit=768%2C512&resize=350%2C200 1x, https:\/\/i0.wp.com\/cfcontabil.com\/cf\/wp-content\/uploads\/2020\/03\/RECEITA_FEDERAL.jpeg?fit=768%2C512&resize=525%2C300 1.5x, https:\/\/i0.wp.com\/cfcontabil.com\/cf\/wp-content\/uploads\/2020\/03\/RECEITA_FEDERAL.jpeg?fit=768%2C512&resize=700%2C400 2x"},"classes":[]},{"id":1202,"url":"http:\/\/cfcontabil.com\/cf\/2013-ano-da-contabilidade-no-brasil\/","url_meta":{"origin":1907,"position":2},"title":"2013: ano da Contabilidade no Brasil","author":"Vin\u00edcius Moizinho","date":"9 de janeiro de 2013","format":false,"excerpt":"\u00a0 O ano de 2013 ser\u00e1, sem d\u00favida, um dos mais importantes para a Contabilidade brasileira. Lideran\u00e7as e \u00f3rg\u00e3os ligados \u00e0 profiss\u00e3o est\u00e3o se unindo para que toda a sociedade saiba e reconhe\u00e7a o verdadeiro papel do profissional da contabilidade. \u00a0 \u00a0 \u00a0 Conhe\u00e7a, a seguir, um pouco do projeto.\u2026","rel":"","context":"Em &quot;Consultoria Empresarial&quot;","block_context":{"text":"Consultoria Empresarial","link":"http:\/\/cfcontabil.com\/cf\/category\/consultoria\/"},"img":{"alt_text":"Ano da Contabilidade no Brasil","src":"http:\/\/www.crcsc.org.br\/arquivosSGC\/BANNER_20121211103353Ano20da20Contabilidade.jpg&w=418&h=238&c=s","width":350,"height":200},"classes":[]},{"id":2615,"url":"http:\/\/cfcontabil.com\/cf\/comercio-e-servicos-do-df-reagem-a-crise-e-voltam-a-contratar\/","url_meta":{"origin":1907,"position":3},"title":"Com\u00e9rcio e servi\u00e7os do DF reagem \u00e0 crise e voltam a contratar","author":"Ab\u00edlio Gon\u00e7alves","date":"9 de agosto de 2021","format":false,"excerpt":"O n\u00famero de empregados aumentou 12,3% em junho de 2021, se comparado ao mesmo per\u00edodo do ano passado Governo e empres\u00e1rios est\u00e3o animados porque, finalmente, o com\u00e9rcio e os servi\u00e7os est\u00e3o se recuperando, segundo empregadores, depois de um longo tempo em recess\u00e3o. O aquecimento desses setores gerou 24 mil novos\u2026","rel":"","context":"Em &quot;Geral&quot;","block_context":{"text":"Geral","link":"http:\/\/cfcontabil.com\/cf\/category\/geral\/"},"img":{"alt_text":"","src":"https:\/\/i0.wp.com\/cfcontabil.com\/cf\/wp-content\/uploads\/2017\/05\/carteira-de-trabalho-1.jpg?fit=590%2C302&resize=350%2C200","width":350,"height":200,"srcset":"https:\/\/i0.wp.com\/cfcontabil.com\/cf\/wp-content\/uploads\/2017\/05\/carteira-de-trabalho-1.jpg?fit=590%2C302&resize=350%2C200 1x, https:\/\/i0.wp.com\/cfcontabil.com\/cf\/wp-content\/uploads\/2017\/05\/carteira-de-trabalho-1.jpg?fit=590%2C302&resize=525%2C300 1.5x"},"classes":[]},{"id":1418,"url":"http:\/\/cfcontabil.com\/cf\/receita-federal-realiza-mudancas-no-atendimento\/","url_meta":{"origin":1907,"position":4},"title":"Receita Federal realiza mudan\u00e7as no atendimento","author":"Ab\u00edlio Gon\u00e7alves","date":"31 de outubro de 2018","format":false,"excerpt":"Para\u00a0servi\u00e7os Pessoa Jur\u00eddica em Minas Gerais e em Bras\u00edlia visando maior agilidade A partir do dia 5 de novembro de 2018, alguns servi\u00e7os de pessoa jur\u00eddica nas unidades de atendimento da Receita Federal em Minas Gerais e no Centro de Atendimento ao Contribuinte (CAC) em Bras\u00edlia ter\u00e3o o fluxo de\u2026","rel":"","context":"Em &quot;Departamento Fiscal&quot;","block_context":{"text":"Departamento Fiscal","link":"http:\/\/cfcontabil.com\/cf\/category\/df\/"},"img":{"alt_text":"","src":"https:\/\/i0.wp.com\/cfcontabil.com\/cf\/wp-content\/uploads\/2017\/02\/receita-federal-1-1.png?fit=702%2C325&resize=350%2C200","width":350,"height":200,"srcset":"https:\/\/i0.wp.com\/cfcontabil.com\/cf\/wp-content\/uploads\/2017\/02\/receita-federal-1-1.png?fit=702%2C325&resize=350%2C200 1x, https:\/\/i0.wp.com\/cfcontabil.com\/cf\/wp-content\/uploads\/2017\/02\/receita-federal-1-1.png?fit=702%2C325&resize=525%2C300 1.5x, https:\/\/i0.wp.com\/cfcontabil.com\/cf\/wp-content\/uploads\/2017\/02\/receita-federal-1-1.png?fit=702%2C325&resize=700%2C400 2x"},"classes":[]},{"id":1197,"url":"http:\/\/cfcontabil.com\/cf\/sine-facil-mais-de-120-mil-downloads-e-55-mil-pessoas-encaminhadas-para-vagas-de-emprego\/","url_meta":{"origin":1907,"position":5},"title":"SINE F\u00c1CIL &#8211; Mais de 120 mil downloads e 5,5 mil pessoas encaminhadas para vagas de emprego","author":"Ab\u00edlio Gon\u00e7alves","date":"23 de junho de 2017","format":false,"excerpt":"Com tr\u00eas semanas de funcionamento, aplicativo superou resultados. Lan\u00e7ado pelo Minist\u00e9rio do Trabalho h\u00e1 tr\u00eas semanas, o Sine F\u00e1cil j\u00e1 registrou 124.715 downloads at\u00e9 a \u00faltima segunda (12) e encaminhou 5.590 pessoas para vagas de emprego. Em apenas um dia, o aplicativo, criado para facilitar o acesso do trabalhador a\u2026","rel":"","context":"Em &quot;Departamento Pessoal&quot;","block_context":{"text":"Departamento Pessoal","link":"http:\/\/cfcontabil.com\/cf\/category\/dp\/"},"img":{"alt_text":"","src":"https:\/\/i0.wp.com\/cfcontabil.com\/cf\/wp-content\/uploads\/2017\/05\/carteira-de-trabalho-1.jpg?fit=590%2C302&resize=350%2C200","width":350,"height":200,"srcset":"https:\/\/i0.wp.com\/cfcontabil.com\/cf\/wp-content\/uploads\/2017\/05\/carteira-de-trabalho-1.jpg?fit=590%2C302&resize=350%2C200 1x, https:\/\/i0.wp.com\/cfcontabil.com\/cf\/wp-content\/uploads\/2017\/05\/carteira-de-trabalho-1.jpg?fit=590%2C302&resize=525%2C300 1.5x"},"classes":[]}],"jetpack_likes_enabled":true,"_links":{"self":[{"href":"http:\/\/cfcontabil.com\/cf\/wp-json\/wp\/v2\/posts\/1907","targetHints":{"allow":["GET"]}}],"collection":[{"href":"http:\/\/cfcontabil.com\/cf\/wp-json\/wp\/v2\/posts"}],"about":[{"href":"http:\/\/cfcontabil.com\/cf\/wp-json\/wp\/v2\/types\/post"}],"author":[{"embeddable":true,"href":"http:\/\/cfcontabil.com\/cf\/wp-json\/wp\/v2\/users\/1"}],"replies":[{"embeddable":true,"href":"http:\/\/cfcontabil.com\/cf\/wp-json\/wp\/v2\/comments?post=1907"}],"version-history":[{"count":1,"href":"http:\/\/cfcontabil.com\/cf\/wp-json\/wp\/v2\/posts\/1907\/revisions"}],"predecessor-version":[{"id":1910,"href":"http:\/\/cfcontabil.com\/cf\/wp-json\/wp\/v2\/posts\/1907\/revisions\/1910"}],"wp:featuredmedia":[{"embeddable":true,"href":"http:\/\/cfcontabil.com\/cf\/wp-json\/wp\/v2\/media\/1908"}],"wp:attachment":[{"href":"http:\/\/cfcontabil.com\/cf\/wp-json\/wp\/v2\/media?parent=1907"}],"wp:term":[{"taxonomy":"category","embeddable":true,"href":"http:\/\/cfcontabil.com\/cf\/wp-json\/wp\/v2\/categories?post=1907"},{"taxonomy":"post_tag","embeddable":true,"href":"http:\/\/cfcontabil.com\/cf\/wp-json\/wp\/v2\/tags?post=1907"}],"curies":[{"name":"wp","href":"https:\/\/api.w.org\/{rel}","templated":true}]}}