{"id":1911,"date":"2019-11-18T15:00:45","date_gmt":"2019-11-18T18:00:45","guid":{"rendered":"http:\/\/cfcontabil.com\/cf\/?p=1911"},"modified":"2021-08-13T11:01:35","modified_gmt":"2021-08-13T14:01:35","slug":"mudancas-nas-aliquotas-de-contribuicao-previdenciaria-comecarao-a-valer-em-marco-de-2020","status":"publish","type":"post","link":"http:\/\/cfcontabil.com\/cf\/mudancas-nas-aliquotas-de-contribuicao-previdenciaria-comecarao-a-valer-em-marco-de-2020\/","title":{"rendered":"Mudan\u00e7as nas al\u00edquotas de contribui\u00e7\u00e3o previdenci\u00e1ria come\u00e7ar\u00e3o a valer em mar\u00e7o de 2020"},"content":{"rendered":"<p><img data-recalc-dims=\"1\" decoding=\"async\" src=\"https:\/\/i0.wp.com\/extra.globo.com\/incoming\/24084739-142-eea\/w640h360-PROP\/x80651668_ec-rio-de-janeiroi-rj-15-01-2019-movimento-nas-agencias-do-inss-na-foto-agencia-da-previden-%2C281%2C29.jpg.pagespeed.ic.bjK2SUYmxc.jpg?w=1170&#038;ssl=1\" alt=\"Movimento nas ag\u00eancias do INSS\"\/><\/p>\n<p>A&nbsp;<strong>reforma da Previd\u00eancia<\/strong>&nbsp;foi publicada no Di\u00e1rio Oficial na \u00faltima quarta-feira (dia 13) e, com isso, as novas regras de concess\u00e3o de aposentadoria e pens\u00e3o por morte j\u00e1 come\u00e7aram a valer. As&nbsp;<strong>mudan\u00e7as nas al\u00edquotas de contribui\u00e7\u00e3o previdenci\u00e1ria<\/strong>&nbsp;de servidores p\u00fablicos e segurados do Instituto Nacional do Seguro Social (INSS), por\u00e9m, s<strong>\u00f3 come\u00e7ar\u00e3o a ser aplicadas em mar\u00e7o de 2020.<\/strong><\/p>\n<p>De acordo com a Emenda Constitucional n\u00ba 103, que trata das altera\u00e7\u00f5es feitas pela reforma da Previd\u00eancia, os trechos que dizem respeito \u00e0s al\u00edquotas entram em vigor no primeiro dia do quarto m\u00eas subsequente ao da data de publica\u00e7\u00e3o. Ou seja, em 1\u00ba de mar\u00e7o.<\/p>\n<p>O texto criou&nbsp;<strong>al\u00edquotas de contribui\u00e7\u00e3o progressivas<\/strong>&nbsp;tanto para o Regime Geral de Previd\u00eancia Social (RGPS), que re\u00fane os segurados do INSS, quanto para o Regime Pr\u00f3prio de Previd\u00eancia Social (RPPS), que atende os servidores da Uni\u00e3o. Com isso, os trabalhadores com renda menor ter\u00e3o um al\u00edvio nos recolhimentos mensais. Em compensa\u00e7\u00e3o, os que ganham mais v\u00e3o ter desembolsos maiores.<\/p>\n<p>Hoje, h\u00e1 tr\u00eas percentuais de contribui\u00e7\u00e3o para o INSS de acordo com a faixa de renda do empregado com carteira assinada: 8%, 9% e 11% (o c\u00e1lculo \u00e9 feito sobre todo o sal\u00e1rio). Mas os percentuais, agora, v\u00e3o variar de 7,5% a 14% (e o c\u00e1lculo ser\u00e1 feito sobre cada faixa de sal\u00e1rio). Para fazer as contas, ser\u00e1 preciso que o rendimento do trabalhador seja desmembrado nessas faixas, como acontece com o Imposto de Renda (veja um exemplo abaixo).<\/p>\n<p><img data-recalc-dims=\"1\" decoding=\"async\" class=\"aligncenter\" src=\"https:\/\/i0.wp.com\/extra.globo.com\/incoming\/24077093-dc8-d3f\/w448\/xaliquotas-previdenciarias1.jpg.pagespeed.ic.WuvSebIbOm.jpg?w=1170&#038;ssl=1\"\/><\/p>\n<p>No caso dos servidores, a al\u00edquota atual \u00e9 de 11% para todos. Quem aderiu ao fundo complementar (Funpresp) ou ingressou no funcionalismo p\u00fablico depois de 2013 recolhe os mesmos 11%, mas pelo teto do INSS (R$ 5.839.45). Se quiser receber mais do que esse valor de aposentadoria tem que recolher tamb\u00e9m para o fundo. Com a reforma, as novas contribui\u00e7\u00f5es v\u00e3o variar de 7,5% a 22%, de acordo com a faixa salarial.<\/p>\n<p><img data-recalc-dims=\"1\" decoding=\"async\" class=\"aligncenter\" src=\"https:\/\/i0.wp.com\/extra.globo.com\/incoming\/24077052-d7e-dc2\/w448\/xaliquotas-previdenciarias2.jpg.pagespeed.ic.-ei8G9Iljw.jpg?w=1170&#038;ssl=1\"\/><\/p>\n<p>De acordo com a Emenda Constitucional, a contribui\u00e7\u00e3o patronal continua sendo de 20%. No entanto, pode haver mudan\u00e7as se entrar em vigor alguma lei que modifique esse percentual.<\/p>\n<p>Fonte: <a href=\"https:\/\/extra.globo.com\/noticias\/economia\/mudancas-nas-aliquotas-de-contribuicao-previdenciaria-comecarao-valer-em-marco-de-2020-24082041.html\">Extra<\/a><\/p>\n","protected":false},"excerpt":{"rendered":"<p>A&nbsp;reforma da Previd\u00eancia&nbsp;foi publicada no Di\u00e1rio Oficial na \u00faltima quarta-feira (dia 13) e, com isso, as novas regras de concess\u00e3o de aposentadoria e pens\u00e3o por morte j\u00e1 come\u00e7aram a valer. As&nbsp;mudan\u00e7as nas al\u00edquotas de contribui\u00e7\u00e3o previdenci\u00e1ria&nbsp;de servidores p\u00fablicos e segurados do Instituto Nacional do Seguro Social (INSS), por\u00e9m, s\u00f3 come\u00e7ar\u00e3o a ser aplicadas em mar\u00e7o [&hellip;]<\/p>\n","protected":false},"author":1,"featured_media":823,"comment_status":"open","ping_status":"open","sticky":false,"template":"","format":"standard","meta":{"jetpack_post_was_ever_published":false,"_jetpack_newsletter_access":"","_jetpack_dont_email_post_to_subs":false,"_jetpack_newsletter_tier_id":0,"_jetpack_memberships_contains_paywalled_content":false,"_jetpack_memberships_contains_paid_content":false,"footnotes":"","jetpack_publicize_message":"","jetpack_publicize_feature_enabled":true,"jetpack_social_post_already_shared":true,"jetpack_social_options":{"image_generator_settings":{"template":"highway","default_image_id":0,"font":"","enabled":false},"version":2}},"categories":[29],"tags":[217,289,295],"class_list":["post-1911","post","type-post","status-publish","format-standard","has-post-thumbnail","hentry","category-dp","tag-aliquota","tag-contribuicao","tag-previdencia"],"jetpack_publicize_connections":[],"jetpack_featured_media_url":"https:\/\/i0.wp.com\/cfcontabil.com\/cf\/wp-content\/uploads\/2017\/01\/logo-inss-previdencia-social-1.png?fit=1000%2C604","jetpack_sharing_enabled":true,"jetpack_shortlink":"https:\/\/wp.me\/p2wklX-uP","jetpack-related-posts":[{"id":1888,"url":"http:\/\/cfcontabil.com\/cf\/reforma-da-previdencia-novas-regras\/","url_meta":{"origin":1911,"position":0},"title":"Reforma da Previd\u00eancia &#8211; Novas Regras","author":"Ab\u00edlio Gon\u00e7alves","date":"13 de novembro de 2019","format":false,"excerpt":"A reforma da previd\u00eancia, promulgada pelo Congresso Nacional no dia 12 de novembro de 2019, estabelece regras para aposentadoria do Regime Geral (setor privado) e de servidores p\u00fablicos instituindo novas al\u00edquotas de contribui\u00e7\u00e3o para a Previd\u00eancia, al\u00e9m da exig\u00eancia de idade m\u00ednima para que homens e mulheres se aposentem. As\u2026","rel":"","context":"Em &quot;Departamento Pessoal&quot;","block_context":{"text":"Departamento Pessoal","link":"http:\/\/cfcontabil.com\/cf\/category\/dp\/"},"img":{"alt_text":"","src":"https:\/\/i0.wp.com\/cfcontabil.com\/cf\/wp-content\/uploads\/2019\/11\/reforma-previdencia.jpg?fit=736%2C417&resize=350%2C200","width":350,"height":200,"srcset":"https:\/\/i0.wp.com\/cfcontabil.com\/cf\/wp-content\/uploads\/2019\/11\/reforma-previdencia.jpg?fit=736%2C417&resize=350%2C200 1x, https:\/\/i0.wp.com\/cfcontabil.com\/cf\/wp-content\/uploads\/2019\/11\/reforma-previdencia.jpg?fit=736%2C417&resize=525%2C300 1.5x, https:\/\/i0.wp.com\/cfcontabil.com\/cf\/wp-content\/uploads\/2019\/11\/reforma-previdencia.jpg?fit=736%2C417&resize=700%2C400 2x"},"classes":[]},{"id":1215,"url":"http:\/\/cfcontabil.com\/cf\/receita-federal-vai-notificar-14-mil-empresas-suspeitas-de-sonegacao\/","url_meta":{"origin":1911,"position":1},"title":"Receita Federal vai notificar 14 mil empresas suspeitas de sonega\u00e7\u00e3o","author":"Ab\u00edlio Gon\u00e7alves","date":"17 de fevereiro de 2017","format":false,"excerpt":"Contribuintes prestaram informa\u00e7\u00f5es incorretas para n\u00e3o pagar al\u00edquota de 20% da contribui\u00e7\u00e3o patronal BRAS\u00cdLIA - A Receita Federal come\u00e7ou, nesta quarta-feira, a notificar 14 mil empresas que foram inclu\u00eddas na malha fina das pessoas jur\u00eddicas por suspeita de sonega\u00e7\u00e3o. De acordo com o Fisco, essa \u00e9 a primeira etapa de\u2026","rel":"","context":"Em &quot;Departamento Fiscal&quot;","block_context":{"text":"Departamento Fiscal","link":"http:\/\/cfcontabil.com\/cf\/category\/df\/"},"img":{"alt_text":"","src":"https:\/\/i0.wp.com\/ogimg.infoglobo.com.br\/economia\/19926885-a76-0ae\/FT1086A\/420\/dinheiro5.jpg?resize=350%2C200&ssl=1","width":350,"height":200,"srcset":"https:\/\/i0.wp.com\/ogimg.infoglobo.com.br\/economia\/19926885-a76-0ae\/FT1086A\/420\/dinheiro5.jpg?resize=350%2C200&ssl=1 1x, https:\/\/i0.wp.com\/ogimg.infoglobo.com.br\/economia\/19926885-a76-0ae\/FT1086A\/420\/dinheiro5.jpg?resize=525%2C300&ssl=1 1.5x"},"classes":[]},{"id":1823,"url":"http:\/\/cfcontabil.com\/cf\/veja-o-que-mudara-na-aposentadoria-apos-a-promulgacao-da-reforma-da-previdencia\/","url_meta":{"origin":1911,"position":2},"title":"Veja o que mudar\u00e1 na aposentadoria ap\u00f3s a promulga\u00e7\u00e3o da reforma da Previd\u00eancia","author":"Ab\u00edlio Gon\u00e7alves","date":"29 de outubro de 2019","format":false,"excerpt":"Proposta de emenda \u00e0 Constitui\u00e7\u00e3o da reforma da Previd\u00eancia ser\u00e1 promulgada pelo Congresso Nacional nos pr\u00f3ximos dias F\u00e1bio Rodrigues Pozzebom\/Ag\u00eancia Brasil Para quem j\u00e1 est\u00e1 no mercado de trabalho, de modo geral, valem as regras de transi\u00e7\u00e3o As principais mudan\u00e7as na regra geral s\u00e3o o aumento da idade para se\u2026","rel":"","context":"Em &quot;Departamento Pessoal&quot;","block_context":{"text":"Departamento Pessoal","link":"http:\/\/cfcontabil.com\/cf\/category\/dp\/"},"img":{"alt_text":"","src":"https:\/\/i0.wp.com\/cfcontabil.com\/cf\/wp-content\/uploads\/2017\/01\/logo-inss-previdencia-social-1.png?fit=1000%2C604&resize=350%2C200","width":350,"height":200,"srcset":"https:\/\/i0.wp.com\/cfcontabil.com\/cf\/wp-content\/uploads\/2017\/01\/logo-inss-previdencia-social-1.png?fit=1000%2C604&resize=350%2C200 1x, https:\/\/i0.wp.com\/cfcontabil.com\/cf\/wp-content\/uploads\/2017\/01\/logo-inss-previdencia-social-1.png?fit=1000%2C604&resize=525%2C300 1.5x, https:\/\/i0.wp.com\/cfcontabil.com\/cf\/wp-content\/uploads\/2017\/01\/logo-inss-previdencia-social-1.png?fit=1000%2C604&resize=700%2C400 2x"},"classes":[]},{"id":554,"url":"http:\/\/cfcontabil.com\/cf\/saiba-quais-sao-os-tributos-que-todo-empreendedor-precisa-conhecer\/","url_meta":{"origin":1911,"position":3},"title":"Saiba quais s\u00e3o os tributos que todo empreendedor precisa conhecer","author":"Vin\u00edcius Moizinho","date":"14 de agosto de 2014","format":false,"excerpt":"\u00a0 Uma boa administra\u00e7\u00e3o tribut\u00e1ria desde o come\u00e7o do neg\u00f3cio pode fazer diferen\u00e7a no sucesso. Confira a excelente compila\u00e7\u00e3o sobre o assunto publicada pela Endeavor Brasil e redistribu\u00edda pelo Di\u00e1rio Catarinense. \u00a0 N\u00e3o \u00e9 incomum ouvir dizer que o Brasil \u00e9 o \u201cpa\u00eds dos impostos\u201d, mas \u00e9 importante ter claro\u2026","rel":"","context":"Em &quot;Consultoria Empresarial&quot;","block_context":{"text":"Consultoria Empresarial","link":"http:\/\/cfcontabil.com\/cf\/category\/consultoria\/"},"img":{"alt_text":"","src":"","width":0,"height":0},"classes":[]},{"id":1948,"url":"http:\/\/cfcontabil.com\/cf\/tributar-dividendo-e-peca-fundamental-na-reforma-do-imposto-de-renda\/","url_meta":{"origin":1911,"position":4},"title":"Tributar dividendo \u00e9 pe\u00e7a fundamental na reforma do Imposto de Renda","author":"Ab\u00edlio Gon\u00e7alves","date":"26 de novembro de 2019","format":false,"excerpt":"Entre os itens que podem ser alterados no Importo de Renda est\u00e3o as dedu\u00e7\u00f5es de despesas com sa\u00fade e educa\u00e7\u00e3o A cobran\u00e7a de imposto sobre dividendos, hoje isentos, \u00e9 pe\u00e7a fundamental no projeto do governo federal de\u00a0aliviar a carga tribut\u00e1ria sobre empresas e tornar o Imposto de Renda\u00a0das pessoas f\u00edsicas\u2026","rel":"","context":"Em &quot;Departamento Fiscal&quot;","block_context":{"text":"Departamento Fiscal","link":"http:\/\/cfcontabil.com\/cf\/category\/df\/"},"img":{"alt_text":"","src":"https:\/\/i0.wp.com\/cfcontabil.com\/cf\/wp-content\/uploads\/2019\/11\/Receita-Federal.jpg?fit=1200%2C675&resize=350%2C200","width":350,"height":200,"srcset":"https:\/\/i0.wp.com\/cfcontabil.com\/cf\/wp-content\/uploads\/2019\/11\/Receita-Federal.jpg?fit=1200%2C675&resize=350%2C200 1x, https:\/\/i0.wp.com\/cfcontabil.com\/cf\/wp-content\/uploads\/2019\/11\/Receita-Federal.jpg?fit=1200%2C675&resize=525%2C300 1.5x, https:\/\/i0.wp.com\/cfcontabil.com\/cf\/wp-content\/uploads\/2019\/11\/Receita-Federal.jpg?fit=1200%2C675&resize=700%2C400 2x, https:\/\/i0.wp.com\/cfcontabil.com\/cf\/wp-content\/uploads\/2019\/11\/Receita-Federal.jpg?fit=1200%2C675&resize=1050%2C600 3x"},"classes":[]},{"id":1883,"url":"http:\/\/cfcontabil.com\/cf\/governo-informa-que-cobrara-contribuicao-previdenciaria-de-quem-receber-seguro-desemprego\/","url_meta":{"origin":1911,"position":5},"title":"Governo informa que cobrar\u00e1 contribui\u00e7\u00e3o previdenci\u00e1ria de quem receber seguro-desemprego","author":"Ab\u00edlio Gon\u00e7alves","date":"12 de novembro de 2019","format":false,"excerpt":"Segundo secret\u00e1rio de Previd\u00eancia, medida permitir\u00e1 ao benefici\u00e1rio contar tempo para aposentadoria. Governo estima arrecadar at\u00e9 R$ 12 bi em cinco anos. O secret\u00e1rio de Previd\u00eancia do\u00a0Minist\u00e9rio da Economia, Rog\u00e9rio Marinho, informou nesta segunda-feira (11) que o governo passar\u00e1 a cobrar contribui\u00e7\u00e3o previdenci\u00e1ria de quem receber seguro-desemprego. De acordo com\u2026","rel":"","context":"Em &quot;Departamento Pessoal&quot;","block_context":{"text":"Departamento Pessoal","link":"http:\/\/cfcontabil.com\/cf\/category\/dp\/"},"img":{"alt_text":"","src":"https:\/\/i0.wp.com\/cfcontabil.com\/cf\/wp-content\/uploads\/2019\/11\/salario.jpg?fit=703%2C436&resize=350%2C200","width":350,"height":200,"srcset":"https:\/\/i0.wp.com\/cfcontabil.com\/cf\/wp-content\/uploads\/2019\/11\/salario.jpg?fit=703%2C436&resize=350%2C200 1x, https:\/\/i0.wp.com\/cfcontabil.com\/cf\/wp-content\/uploads\/2019\/11\/salario.jpg?fit=703%2C436&resize=525%2C300 1.5x, https:\/\/i0.wp.com\/cfcontabil.com\/cf\/wp-content\/uploads\/2019\/11\/salario.jpg?fit=703%2C436&resize=700%2C400 2x"},"classes":[]}],"jetpack_likes_enabled":true,"_links":{"self":[{"href":"http:\/\/cfcontabil.com\/cf\/wp-json\/wp\/v2\/posts\/1911","targetHints":{"allow":["GET"]}}],"collection":[{"href":"http:\/\/cfcontabil.com\/cf\/wp-json\/wp\/v2\/posts"}],"about":[{"href":"http:\/\/cfcontabil.com\/cf\/wp-json\/wp\/v2\/types\/post"}],"author":[{"embeddable":true,"href":"http:\/\/cfcontabil.com\/cf\/wp-json\/wp\/v2\/users\/1"}],"replies":[{"embeddable":true,"href":"http:\/\/cfcontabil.com\/cf\/wp-json\/wp\/v2\/comments?post=1911"}],"version-history":[{"count":2,"href":"http:\/\/cfcontabil.com\/cf\/wp-json\/wp\/v2\/posts\/1911\/revisions"}],"predecessor-version":[{"id":2629,"href":"http:\/\/cfcontabil.com\/cf\/wp-json\/wp\/v2\/posts\/1911\/revisions\/2629"}],"wp:featuredmedia":[{"embeddable":true,"href":"http:\/\/cfcontabil.com\/cf\/wp-json\/wp\/v2\/media\/823"}],"wp:attachment":[{"href":"http:\/\/cfcontabil.com\/cf\/wp-json\/wp\/v2\/media?parent=1911"}],"wp:term":[{"taxonomy":"category","embeddable":true,"href":"http:\/\/cfcontabil.com\/cf\/wp-json\/wp\/v2\/categories?post=1911"},{"taxonomy":"post_tag","embeddable":true,"href":"http:\/\/cfcontabil.com\/cf\/wp-json\/wp\/v2\/tags?post=1911"}],"curies":[{"name":"wp","href":"https:\/\/api.w.org\/{rel}","templated":true}]}}