{"id":1922,"date":"2019-11-19T14:30:54","date_gmt":"2019-11-19T17:30:54","guid":{"rendered":"http:\/\/cfcontabil.com\/cf\/?p=1922"},"modified":"2019-11-19T14:30:54","modified_gmt":"2019-11-19T17:30:54","slug":"empresas-devem-criar-banco-de-dados-para-guardar-informacoes-de-clientes","status":"publish","type":"post","link":"http:\/\/cfcontabil.com\/cf\/empresas-devem-criar-banco-de-dados-para-guardar-informacoes-de-clientes\/","title":{"rendered":"Empresas devem criar banco de dados para guardar informa\u00e7\u00f5es de clientes"},"content":{"rendered":"<h3 class=\"subtitulo\">A proposta trata-se de um compilado de regulamenta\u00e7\u00f5es que abarca diversos pontos do C\u00f3digo de Defesa do Consumidor.<\/h3>\n<p><a href=\"https:\/\/i0.wp.com\/cfcontabil.com\/cf\/wp-content\/uploads\/2019\/10\/Seguran%C3%A7a.jpg\"><img data-recalc-dims=\"1\" fetchpriority=\"high\" decoding=\"async\" data-attachment-id=\"1785\" data-permalink=\"http:\/\/cfcontabil.com\/cf\/lgpd-sua-empresa-esta-preparada-conheca-a-lei-geral-de-protecao-de-dados\/seguranca\/\" data-orig-file=\"https:\/\/i0.wp.com\/cfcontabil.com\/cf\/wp-content\/uploads\/2019\/10\/Seguran%C3%A7a.jpg?fit=783%2C391\" data-orig-size=\"783,391\" data-comments-opened=\"1\" data-image-meta=\"{&quot;aperture&quot;:&quot;0&quot;,&quot;credit&quot;:&quot;&quot;,&quot;camera&quot;:&quot;&quot;,&quot;caption&quot;:&quot;&quot;,&quot;created_timestamp&quot;:&quot;0&quot;,&quot;copyright&quot;:&quot;&quot;,&quot;focal_length&quot;:&quot;0&quot;,&quot;iso&quot;:&quot;0&quot;,&quot;shutter_speed&quot;:&quot;0&quot;,&quot;title&quot;:&quot;&quot;,&quot;orientation&quot;:&quot;0&quot;}\" data-image-title=\"Seguran\u00e7a\" data-image-description=\"\" data-image-caption=\"\" data-large-file=\"https:\/\/i0.wp.com\/cfcontabil.com\/cf\/wp-content\/uploads\/2019\/10\/Seguran%C3%A7a.jpg?fit=783%2C391\" class=\"aligncenter size-full wp-image-1785\" src=\"https:\/\/i0.wp.com\/cfcontabil.com\/cf\/wp-content\/uploads\/2019\/10\/Seguran%C3%A7a.jpg?resize=783%2C391\" alt=\"\" width=\"783\" height=\"391\" srcset=\"https:\/\/i0.wp.com\/cfcontabil.com\/cf\/wp-content\/uploads\/2019\/10\/Seguran%C3%A7a.jpg?w=783 783w, https:\/\/i0.wp.com\/cfcontabil.com\/cf\/wp-content\/uploads\/2019\/10\/Seguran%C3%A7a.jpg?resize=300%2C150 300w, https:\/\/i0.wp.com\/cfcontabil.com\/cf\/wp-content\/uploads\/2019\/10\/Seguran%C3%A7a.jpg?resize=768%2C384 768w, https:\/\/i0.wp.com\/cfcontabil.com\/cf\/wp-content\/uploads\/2019\/10\/Seguran%C3%A7a.jpg?resize=770%2C385 770w, https:\/\/i0.wp.com\/cfcontabil.com\/cf\/wp-content\/uploads\/2019\/10\/Seguran%C3%A7a.jpg?resize=370%2C185 370w\" sizes=\"(max-width: 783px) 100vw, 783px\" \/><\/a><\/p>\n<p>A lei n\u00ba 13.709\/18, que trata da\u00a0<b>Lei Geral de Prote\u00e7\u00e3o de Dados (LGPD)<\/b>, entrar\u00e1 em vigor em agosto de 2020. A proposta trata-se de um compilado de regulamenta\u00e7\u00f5es que abarca diversos pontos do C\u00f3digo de Defesa do Consumidor (CDC), Marco Civil da Internet e do\u00a0<b>C\u00f3digo Civil<\/b>\u00a0em uma \u00fanica legisla\u00e7\u00e3o.<\/p>\n<p>O advogado especialista em Direito Digital e presidente da Comiss\u00e3o de Direito Digital da OAB\/PI,\u00a0<b>Eduardo Henrique Tobler<\/b>, explica que, se antes existia uma legisla\u00e7\u00e3o espa\u00e7a, a partir da LGPD, empresas, \u00f3rg\u00e3os p\u00fablicos e pessoa f\u00edsica dever\u00e3o cuidar do dado pessoal, criando um banco de dados seguro para os clientes.<\/p>\n<p><img data-recalc-dims=\"1\" decoding=\"async\" class=\"aligncenter\" src=\"https:\/\/i0.wp.com\/dia.portalodia.com\/media\/editor\/emp1p1f1--infografico--serpro1574071969.jpg?w=1170&#038;ssl=1\" \/><\/p>\n<p>\u201cA lei diz como esses\u00a0<b>dados<\/b>\u00a0devem ser guardados. Inclusive se n\u00e3o guardar a pessoa ou empresa ser\u00e1 responsabilizada e pode sofrer san\u00e7\u00f5es, desde advert\u00eancias, multas, chegando at\u00e9 a publiciza\u00e7\u00e3o de uma falha de uma infra\u00e7\u00e3o em rela\u00e7\u00e3o ao\u00a0<b>vazamento de dados<\/b>. Uma das medidas que podem ser adotadas \u00e9 a cria\u00e7\u00e3o de um banco de dados criptografado, mas isso depender\u00e1 do tipo de atividade que \u00e9 feita com o dado pessoal\u201d, comenta.<\/p>\n<p>O especialista explica, por exemplo, que se for uma empresa de tecnologia que coleta dados para fornecer sistemas de internet, ent\u00e3o necessariamente ela ir\u00e1 guardar esses dados em um banco de um determinado servidor. Para isso, ele precisar\u00e1 ser protegido por senha, criptografado ou atrav\u00e9s de outra forma de prote\u00e7\u00e3o. Eduardo Tobler ainda acrescenta que a LGPD se estende tanto para o ambiente online ou off-line.<\/p>\n<p><img data-recalc-dims=\"1\" decoding=\"async\" class=\"aligncenter\" src=\"https:\/\/i0.wp.com\/dia.portalodia.com\/media\/editor\/emp1p1f2--assis-fernandes--eduardo-tobler-advogado-41574071985.jpg?w=1170&#038;ssl=1\" \/><br \/>\n<sup><b>Todos os estabelecimentos\u00a0precisam estar em\u00a0conformidade com a lei &#8211; Foto: Assis Fernandes\/O Dia<br \/>\n<\/b><\/sup><\/p>\n<p>\u201cEstamos acompanhando o desenvolvimento tecnol\u00f3gico e percebemos que as empresas est\u00e3o cada vez mais migrando do papel para o ambiente digital. Muitas dessas empresas est\u00e3o guardando esses dados, coletando, armazenando, compartilhando, mas sem dar uma seguran\u00e7a de prote\u00e7\u00e3o a essas pessoas\u201d, frisa.<\/p>\n<p>O advogado especialista em Direito Digital salienta que todos os estabelecimentos precisam estar em conformidade com a lei, que v\u00e3o precisar ter um sistema de guarda e\u00a0<b>prote\u00e7\u00e3o de dados<\/b>, inclusive dentro das hip\u00f3teses de bases legais para coletar aquele dado pessoal. Enfatiza ainda que n\u00e3o basta coletar, \u00e9 preciso que o estabelecimento diga a necessidade para que est\u00e1 coletando aquele dado e, ap\u00f3s executar aquela finalidade, tem que, de alguma forma, eliminar aquele dado. Se for guardar, \u00e9 preciso dizer porque precisa fazer isso.<\/p>\n<p>Entende-se por dados pessoais toda e qualquer informa\u00e7\u00e3o que possa identificar ou identifique uma determinada pessoa, desde o nome; RG; CPF; dados de geolocaliza\u00e7\u00e3o, como os locais que essa pessoa frequenta; a comida pedida em um determinado aplicativo e at\u00e9 dados sens\u00edveis, como orienta\u00e7\u00e3o sexual, religiosa ou pol\u00edtica.<\/p>\n<p><strong>Fonte: <\/strong>Isabela Lopes, do Jornal O Dia<\/p>\n","protected":false},"excerpt":{"rendered":"<p>A proposta trata-se de um compilado de regulamenta\u00e7\u00f5es que abarca diversos pontos do C\u00f3digo de Defesa do Consumidor. A lei n\u00ba 13.709\/18, que trata da\u00a0Lei Geral de Prote\u00e7\u00e3o de Dados (LGPD), entrar\u00e1 em vigor em agosto de 2020. A proposta trata-se de um compilado de regulamenta\u00e7\u00f5es que abarca diversos pontos do C\u00f3digo de Defesa do [&hellip;]<\/p>\n","protected":false},"author":1,"featured_media":1788,"comment_status":"open","ping_status":"open","sticky":false,"template":"","format":"standard","meta":{"jetpack_post_was_ever_published":false,"_jetpack_newsletter_access":"","_jetpack_dont_email_post_to_subs":false,"_jetpack_newsletter_tier_id":0,"_jetpack_memberships_contains_paywalled_content":false,"_jetpack_memberships_contains_paid_content":false,"footnotes":"","jetpack_publicize_message":"","jetpack_publicize_feature_enabled":true,"jetpack_social_post_already_shared":true,"jetpack_social_options":{"image_generator_settings":{"template":"highway","default_image_id":0,"font":"","enabled":false},"version":2}},"categories":[60],"tags":[273,84,342,674,673],"class_list":["post-1922","post","type-post","status-publish","format-standard","has-post-thumbnail","hentry","category-consultoria","tag-consumidor","tag-dados","tag-lei","tag-lgpd","tag-protecao"],"jetpack_publicize_connections":[],"jetpack_featured_media_url":"https:\/\/i0.wp.com\/cfcontabil.com\/cf\/wp-content\/uploads\/2019\/10\/LGPD-cadeado.jpg?fit=619%2C496","jetpack_sharing_enabled":true,"jetpack_shortlink":"https:\/\/wp.me\/p2wklX-v0","jetpack-related-posts":[{"id":1784,"url":"http:\/\/cfcontabil.com\/cf\/lgpd-sua-empresa-esta-preparada-conheca-a-lei-geral-de-protecao-de-dados\/","url_meta":{"origin":1922,"position":0},"title":"LGPD, sua empresa est\u00e1 preparada? Conhe\u00e7a a Lei Geral de Prote\u00e7\u00e3o de Dados!","author":"Ab\u00edlio Gon\u00e7alves","date":"19 de outubro de 2019","format":false,"excerpt":"A Lei Geral de Prote\u00e7\u00e3o de Dados vem com o intuito de garantir ao usu\u00e1rio uma maior privacidade e controle dos seus dados, tendo uma maior seguran\u00e7a contra o uso indevido por parte de empresas ou pessoas mal intencionadas. Bom vamos pensar em um cen\u00e1rio, \u00e9 \u00e9poca de elei\u00e7\u00f5es e\u2026","rel":"","context":"Em &quot;Consultoria Empresarial&quot;","block_context":{"text":"Consultoria Empresarial","link":"http:\/\/cfcontabil.com\/cf\/category\/consultoria\/"},"img":{"alt_text":"","src":"https:\/\/i0.wp.com\/cfcontabil.com\/cf\/wp-content\/uploads\/2019\/10\/LGPD.png?fit=682%2C450&resize=350%2C200","width":350,"height":200,"srcset":"https:\/\/i0.wp.com\/cfcontabil.com\/cf\/wp-content\/uploads\/2019\/10\/LGPD.png?fit=682%2C450&resize=350%2C200 1x, https:\/\/i0.wp.com\/cfcontabil.com\/cf\/wp-content\/uploads\/2019\/10\/LGPD.png?fit=682%2C450&resize=525%2C300 1.5x"},"classes":[]},{"id":1792,"url":"http:\/\/cfcontabil.com\/cf\/o-que-muda-com-a-lgpd\/","url_meta":{"origin":1922,"position":1},"title":"O QUE MUDA COM A LGPD","author":"Ab\u00edlio Gon\u00e7alves","date":"21 de outubro de 2019","format":false,"excerpt":"O que \u00e9 a Lei Geral de Prote\u00e7\u00e3o de Dados Pessoais? D\u00ea um \"giro\" pela lei e conhe\u00e7a desde j\u00e1 as principais transforma\u00e7\u00f5es que ela traz para o pa\u00eds De compras on-line a redes sociais, de hospitais a bancos, de escolas a teatros, de hot\u00e9is a \u00f3rg\u00e3os p\u00fablicos, da publicidade\u2026","rel":"","context":"Em &quot;Consultoria Empresarial&quot;","block_context":{"text":"Consultoria Empresarial","link":"http:\/\/cfcontabil.com\/cf\/category\/consultoria\/"},"img":{"alt_text":"","src":"https:\/\/i0.wp.com\/cfcontabil.com\/cf\/wp-content\/uploads\/2019\/10\/LGPD-cadeado.jpg?fit=619%2C496&resize=350%2C200","width":350,"height":200,"srcset":"https:\/\/i0.wp.com\/cfcontabil.com\/cf\/wp-content\/uploads\/2019\/10\/LGPD-cadeado.jpg?fit=619%2C496&resize=350%2C200 1x, https:\/\/i0.wp.com\/cfcontabil.com\/cf\/wp-content\/uploads\/2019\/10\/LGPD-cadeado.jpg?fit=619%2C496&resize=525%2C300 1.5x"},"classes":[]},{"id":2339,"url":"http:\/\/cfcontabil.com\/cf\/lgpd-como-garantir-a-seguranca-dos-dados-no-home-office\/","url_meta":{"origin":1922,"position":2},"title":"LGPD: Como garantir a seguran\u00e7a dos dados no home office?","author":"Ab\u00edlio Gon\u00e7alves","date":"14 de setembro de 2020","format":false,"excerpt":"A san\u00e7\u00e3o da Lei Geral de Prote\u00e7\u00e3o de Dados (LGPD) completou dois anos em 14 de agosto e o Senado votou no \u00faltimo dia 26 de agosto a medida provis\u00f3ria 959\/20, que prop\u00f4s o adiamento da LGPD. Mas, na pr\u00e1tica, a lei ainda n\u00e3o est\u00e1 em vigor e o in\u00edcio\u2026","rel":"","context":"Em &quot;Geral&quot;","block_context":{"text":"Geral","link":"http:\/\/cfcontabil.com\/cf\/category\/geral\/"},"img":{"alt_text":"","src":"https:\/\/i0.wp.com\/cfcontabil.com\/cf\/wp-content\/uploads\/2020\/09\/LGPD-cadeado-1.jpg?fit=870%2C450&resize=350%2C200","width":350,"height":200,"srcset":"https:\/\/i0.wp.com\/cfcontabil.com\/cf\/wp-content\/uploads\/2020\/09\/LGPD-cadeado-1.jpg?fit=870%2C450&resize=350%2C200 1x, https:\/\/i0.wp.com\/cfcontabil.com\/cf\/wp-content\/uploads\/2020\/09\/LGPD-cadeado-1.jpg?fit=870%2C450&resize=525%2C300 1.5x, https:\/\/i0.wp.com\/cfcontabil.com\/cf\/wp-content\/uploads\/2020\/09\/LGPD-cadeado-1.jpg?fit=870%2C450&resize=700%2C400 2x"},"classes":[]},{"id":1587,"url":"http:\/\/cfcontabil.com\/cf\/tecnologia-e-contabilidade\/","url_meta":{"origin":1922,"position":3},"title":"Tecnologia e Contabilidade","author":"Ab\u00edlio Gon\u00e7alves","date":"16 de setembro de 2019","format":false,"excerpt":"Como surpreende o ritmo das inova\u00e7\u00f5es e a tend\u00eancia mundial com os r\u00e1pidos avan\u00e7os tecnol\u00f3gicos atualmente. \u00c9 um processo sem volta, que vislumbra um tempo novo surgindo. \u00c9 poss\u00edvel ressaltar que o impacto \u00e9 sentindo em todas as \u00e1reas de neg\u00f3cios e at\u00e9 da vida cotidiana. A evolu\u00e7\u00e3o \u00e9 um\u2026","rel":"","context":"Em &quot;Consultoria Empresarial&quot;","block_context":{"text":"Consultoria Empresarial","link":"http:\/\/cfcontabil.com\/cf\/category\/consultoria\/"},"img":{"alt_text":"","src":"https:\/\/i0.wp.com\/cfcontabil.com\/cf\/wp-content\/uploads\/2019\/09\/tecnologia-na-contabilidade-vantagens-1024x633.jpg?fit=1024%2C633&resize=350%2C200","width":350,"height":200,"srcset":"https:\/\/i0.wp.com\/cfcontabil.com\/cf\/wp-content\/uploads\/2019\/09\/tecnologia-na-contabilidade-vantagens-1024x633.jpg?fit=1024%2C633&resize=350%2C200 1x, https:\/\/i0.wp.com\/cfcontabil.com\/cf\/wp-content\/uploads\/2019\/09\/tecnologia-na-contabilidade-vantagens-1024x633.jpg?fit=1024%2C633&resize=525%2C300 1.5x, https:\/\/i0.wp.com\/cfcontabil.com\/cf\/wp-content\/uploads\/2019\/09\/tecnologia-na-contabilidade-vantagens-1024x633.jpg?fit=1024%2C633&resize=700%2C400 2x"},"classes":[]},{"id":1239,"url":"http:\/\/cfcontabil.com\/cf\/lei-autoriza-diferenciacao-de-preco-para-compras-em-dinheiro-e-cartao\/","url_meta":{"origin":1922,"position":4},"title":"Lei autoriza diferencia\u00e7\u00e3o de pre\u00e7o para compras em dinheiro e cart\u00e3o","author":"Ab\u00edlio Gon\u00e7alves","date":"27 de junho de 2017","format":false,"excerpt":"A partir desta ter\u00e7a-feira (27), comerciantes est\u00e3o autorizados a oferecer pre\u00e7os diferenciados para pagamentos em dinheiro ou cart\u00e3o de cr\u00e9dito ou d\u00e9bito. O texto foi sancionado sem vetos nesta segunda-feira (26) em cerim\u00f4nia no Pal\u00e1cio do Planalto pelo presidente da Rep\u00fablica, Michel Temer, e vai entrar em vigor amanh\u00e3, com\u2026","rel":"","context":"Em &quot;Geral&quot;","block_context":{"text":"Geral","link":"http:\/\/cfcontabil.com\/cf\/category\/geral\/"},"img":{"alt_text":"","src":"https:\/\/i0.wp.com\/cfcontabil.com\/cf\/wp-content\/uploads\/2017\/01\/Moedas-1-real-1.jpg?fit=810%2C455&resize=350%2C200","width":350,"height":200,"srcset":"https:\/\/i0.wp.com\/cfcontabil.com\/cf\/wp-content\/uploads\/2017\/01\/Moedas-1-real-1.jpg?fit=810%2C455&resize=350%2C200 1x, https:\/\/i0.wp.com\/cfcontabil.com\/cf\/wp-content\/uploads\/2017\/01\/Moedas-1-real-1.jpg?fit=810%2C455&resize=525%2C300 1.5x, https:\/\/i0.wp.com\/cfcontabil.com\/cf\/wp-content\/uploads\/2017\/01\/Moedas-1-real-1.jpg?fit=810%2C455&resize=700%2C400 2x"},"classes":[]},{"id":2407,"url":"http:\/\/cfcontabil.com\/cf\/pix-saiba-o-que-fazer-se-cair-num-golpe-de-transferencia\/","url_meta":{"origin":1922,"position":5},"title":"PIX: saiba o que fazer se cair num golpe de transfer\u00eancia","author":"Ab\u00edlio Gon\u00e7alves","date":"21 de janeiro de 2021","format":false,"excerpt":"Por realizar a transfer\u00eancia de recursos em segundos, a recupera\u00e7\u00e3o dos valores acaba sendo mais dif\u00edcil Em opera\u00e7\u00e3o desde o \u00faltimo dia 3 de novembro, o PIX tem sido usado para sofisticar o j\u00e1 conhecido golpe de clonagem do WhatsApp. Por realizar a transfer\u00eancia de recursos em segundos, a recupera\u00e7\u00e3o\u2026","rel":"","context":"Em &quot;Geral&quot;","block_context":{"text":"Geral","link":"http:\/\/cfcontabil.com\/cf\/category\/geral\/"},"img":{"alt_text":"","src":"https:\/\/i0.wp.com\/cfcontabil.com\/cf\/wp-content\/uploads\/2021\/01\/pix_bancocentral.jpg?fit=1200%2C633&resize=350%2C200","width":350,"height":200,"srcset":"https:\/\/i0.wp.com\/cfcontabil.com\/cf\/wp-content\/uploads\/2021\/01\/pix_bancocentral.jpg?fit=1200%2C633&resize=350%2C200 1x, https:\/\/i0.wp.com\/cfcontabil.com\/cf\/wp-content\/uploads\/2021\/01\/pix_bancocentral.jpg?fit=1200%2C633&resize=525%2C300 1.5x, https:\/\/i0.wp.com\/cfcontabil.com\/cf\/wp-content\/uploads\/2021\/01\/pix_bancocentral.jpg?fit=1200%2C633&resize=700%2C400 2x, https:\/\/i0.wp.com\/cfcontabil.com\/cf\/wp-content\/uploads\/2021\/01\/pix_bancocentral.jpg?fit=1200%2C633&resize=1050%2C600 3x"},"classes":[]}],"jetpack_likes_enabled":true,"_links":{"self":[{"href":"http:\/\/cfcontabil.com\/cf\/wp-json\/wp\/v2\/posts\/1922","targetHints":{"allow":["GET"]}}],"collection":[{"href":"http:\/\/cfcontabil.com\/cf\/wp-json\/wp\/v2\/posts"}],"about":[{"href":"http:\/\/cfcontabil.com\/cf\/wp-json\/wp\/v2\/types\/post"}],"author":[{"embeddable":true,"href":"http:\/\/cfcontabil.com\/cf\/wp-json\/wp\/v2\/users\/1"}],"replies":[{"embeddable":true,"href":"http:\/\/cfcontabil.com\/cf\/wp-json\/wp\/v2\/comments?post=1922"}],"version-history":[{"count":1,"href":"http:\/\/cfcontabil.com\/cf\/wp-json\/wp\/v2\/posts\/1922\/revisions"}],"predecessor-version":[{"id":1923,"href":"http:\/\/cfcontabil.com\/cf\/wp-json\/wp\/v2\/posts\/1922\/revisions\/1923"}],"wp:featuredmedia":[{"embeddable":true,"href":"http:\/\/cfcontabil.com\/cf\/wp-json\/wp\/v2\/media\/1788"}],"wp:attachment":[{"href":"http:\/\/cfcontabil.com\/cf\/wp-json\/wp\/v2\/media?parent=1922"}],"wp:term":[{"taxonomy":"category","embeddable":true,"href":"http:\/\/cfcontabil.com\/cf\/wp-json\/wp\/v2\/categories?post=1922"},{"taxonomy":"post_tag","embeddable":true,"href":"http:\/\/cfcontabil.com\/cf\/wp-json\/wp\/v2\/tags?post=1922"}],"curies":[{"name":"wp","href":"https:\/\/api.w.org\/{rel}","templated":true}]}}