{"id":1927,"date":"2019-11-20T16:30:07","date_gmt":"2019-11-20T19:30:07","guid":{"rendered":"http:\/\/cfcontabil.com\/cf\/?p=1927"},"modified":"2019-11-20T16:30:07","modified_gmt":"2019-11-20T19:30:07","slug":"caixa-oferece-taxas-diferentes-para-incentivar-empreendedorismo-feminino","status":"publish","type":"post","link":"http:\/\/cfcontabil.com\/cf\/caixa-oferece-taxas-diferentes-para-incentivar-empreendedorismo-feminino\/","title":{"rendered":"Caixa oferece taxas diferentes para incentivar empreendedorismo feminino"},"content":{"rendered":"<p><img data-recalc-dims=\"1\" decoding=\"async\" class=\"aligncenter\" src=\"https:\/\/i0.wp.com\/extra.globo.com\/incoming\/24088573-059-aa2\/w640h360-PROP\/xcaixa.jpg.pagespeed.ic.0XmJhgmntq.jpg?w=1170&#038;ssl=1\" alt=\"A Caixa lan\u00e7ou um pacote com taxas especiais para mulheres empreendedoras\" \/><\/p>\n<p align=\"justify\">Para celebrar o\u00a0<strong>Dia Mundial do Empreendedorismo Feminino<\/strong>, comemorado nesta ter\u00e7a-feira (dia 19), e tamb\u00e9m para incentivar mais mulheres \u00e0 frente dos neg\u00f3cios, a Caixa Econ\u00f4mica Federal lan\u00e7ou um pacote de vantagens que abrange\u00a0<strong>de<\/strong>\u00a0<strong>taxas no capital de giro<\/strong>\u00a0\u2014 modalidade de cr\u00e9dito destinada \u00e0s microempreendedoras \u2014\u00a0<strong>at\u00e9 cart\u00e3o de cr\u00e9dito com design especial e sem anuidade para mulheres<\/strong>. A a\u00e7\u00e3o prev\u00ea ainda educa\u00e7\u00e3o financeira e capacita\u00e7\u00e3o profissional.<\/p>\n<p align=\"justify\">Segundo o presidente da institui\u00e7\u00e3o financeira, Pedro Guimar\u00e3es, o p\u00fablico feminino j\u00e1 representa 52% dos clientes pessoa f\u00edsica da Caixa, e a estrat\u00e9gia refor\u00e7a o posicionamento como banco de inclus\u00e3o. A Caixa, ressaltou ele, tamb\u00e9m foi a primeira a contratar mulheres e a abrir conta para elas.<\/p>\n<p align=\"justify\"><strong>O que \u00e9 oferecido<\/strong><\/p>\n<p align=\"justify\">Est\u00e3o reservados R$ 5 milh\u00f5es para empresas com maioria societ\u00e1ria feminina para a\u00a0<strong>contrata\u00e7\u00e3o de linha de capital de giro com recursos do PIS, cujas taxas s\u00e3o a partir de 0,83% ao m\u00eas<\/strong>.<\/p>\n<p align=\"justify\">Para o<strong>\u00a0capital de giro com recursos Caixa<\/strong>, a taxa tamb\u00e9m foi reduzida e pode ser contratada\u00a0<strong>a partir de 1,43% ao m\u00eas<\/strong>, com prazo m\u00e1ximo de pagamento de 24 meses, o que, segundo o banco, representa uma queda de 0,16% em rela\u00e7\u00e3o \u00e0s taxas praticadas no balc\u00e3o.<\/p>\n<p align=\"justify\"><strong>Na categoria MEI,<\/strong>\u00a0o cr\u00e9dito pode ser obtido com<strong>\u00a0taxas de juros a partir de 1,99% ao m\u00eas, com at\u00e9 24 meses para pagar<\/strong>, numa linha espec\u00edfica para esse segmento. Nessa modalidade, os valores m\u00e1ximos liberados s\u00e3o de R$ 5 mil (para as empreendedoras informais) e de R$ 10 mil. (para as microempres\u00e1rias formalizadas). Os requisitos para acessar essas linhas s\u00e3o ter conta-corrente na institui\u00e7\u00e3o financeira e ter realizado uma capacita\u00e7\u00e3o negocial reconhecida pelo banco.<\/p>\n<p align=\"justify\">Os seguros j\u00e1 contam com condi\u00e7\u00f5es exclusivas para as mulheres: a cliente que adquirir uma\u00a0<strong>Previd\u00eancia Mulher<\/strong>\u00a0poder\u00e1 fazer\u00a0<strong>check-up anual com ginecologista credenciado<\/strong>\u00a0e garantir R$ 50 mil extras em caso de gravidez de g\u00eameos ou trig\u00eameos para gesta\u00e7\u00e3o concebida naturalmente, com car\u00eancia de 280 dias.<\/p>\n<p align=\"justify\">No<strong>\u00a0Seguro Auto Mulher,\u00a0<\/strong>\u00e9 poss\u00edvel contratar uma cobertura veicular com isen\u00e7\u00e3o da franquia para o primeiro sinistro, al\u00e9m de outros atrativos, como troca de pneus, aux\u00edlio mec\u00e2nico e reboque ilimitados, e tamb\u00e9m\u00a0<strong>servi\u00e7o de motorista sete vezes ao ano para a condutora<\/strong>.<\/p>\n<p align=\"justify\">O\u00a0<strong>Seguro Vida Mulher\u00a0<\/strong>oferece isen\u00e7\u00e3o de pagamento em caso de diagn\u00f3stico de\u00a0<strong>c\u00e2ncer feminino ou desemprego<\/strong>, orienta\u00e7\u00e3o nutricional e descontos em farm\u00e1cia.<\/p>\n","protected":false},"excerpt":{"rendered":"<p>Para celebrar o\u00a0Dia Mundial do Empreendedorismo Feminino, comemorado nesta ter\u00e7a-feira (dia 19), e tamb\u00e9m para incentivar mais mulheres \u00e0 frente dos neg\u00f3cios, a Caixa Econ\u00f4mica Federal lan\u00e7ou um pacote de vantagens que abrange\u00a0de\u00a0taxas no capital de giro\u00a0\u2014 modalidade de cr\u00e9dito destinada \u00e0s microempreendedoras \u2014\u00a0at\u00e9 cart\u00e3o de cr\u00e9dito com design especial e sem anuidade para mulheres. [&hellip;]<\/p>\n","protected":false},"author":1,"featured_media":1928,"comment_status":"open","ping_status":"open","sticky":false,"template":"","format":"standard","meta":{"jetpack_post_was_ever_published":false,"_jetpack_newsletter_access":"","_jetpack_dont_email_post_to_subs":false,"_jetpack_newsletter_tier_id":0,"_jetpack_memberships_contains_paywalled_content":false,"_jetpack_memberships_contains_paid_content":false,"footnotes":"","jetpack_publicize_message":"","jetpack_publicize_feature_enabled":true,"jetpack_social_post_already_shared":true,"jetpack_social_options":{"image_generator_settings":{"template":"highway","default_image_id":0,"font":"","enabled":false},"version":2}},"categories":[60],"tags":[300,152,715,714],"class_list":["post-1927","post","type-post","status-publish","format-standard","has-post-thumbnail","hentry","category-consultoria","tag-credito","tag-empreendedorismo","tag-feminino","tag-mulher"],"jetpack_publicize_connections":[],"jetpack_featured_media_url":"https:\/\/i0.wp.com\/cfcontabil.com\/cf\/wp-content\/uploads\/2019\/11\/empresaria-produtiva.jpg?fit=622%2C380","jetpack_sharing_enabled":true,"jetpack_shortlink":"https:\/\/wp.me\/p2wklX-v5","jetpack-related-posts":[{"id":1972,"url":"http:\/\/cfcontabil.com\/cf\/dez-opcoes-de-contas-digitais-para-meis-e-pequenos-empresarios\/","url_meta":{"origin":1927,"position":0},"title":"Dez op\u00e7\u00f5es de contas digitais para MEIs e pequenos empres\u00e1rios","author":"Ab\u00edlio Gon\u00e7alves","date":"3 de dezembro de 2019","format":false,"excerpt":"De olho neste mercado, fintechs oferecem desde tarifa de manuten\u00e7\u00e3o zero a boletos sem custos e Ted's gratuitos A onda de fintechs que atingiu seis em cada dez brasileiros (64%) que t\u00eam acesso a computadores e celulares est\u00e1 cada vez mais pr\u00f3xima de atingir tamb\u00e9m os microempreendedores e pequenos neg\u00f3cios.\u2026","rel":"","context":"Em &quot;Consultoria Empresarial&quot;","block_context":{"text":"Consultoria Empresarial","link":"http:\/\/cfcontabil.com\/cf\/category\/consultoria\/"},"img":{"alt_text":"","src":"https:\/\/i0.wp.com\/cfcontabil.com\/cf\/wp-content\/uploads\/2019\/12\/contas-digitais.jpg?fit=678%2C452&resize=350%2C200","width":350,"height":200,"srcset":"https:\/\/i0.wp.com\/cfcontabil.com\/cf\/wp-content\/uploads\/2019\/12\/contas-digitais.jpg?fit=678%2C452&resize=350%2C200 1x, https:\/\/i0.wp.com\/cfcontabil.com\/cf\/wp-content\/uploads\/2019\/12\/contas-digitais.jpg?fit=678%2C452&resize=525%2C300 1.5x"},"classes":[]},{"id":2158,"url":"http:\/\/cfcontabil.com\/cf\/coronavirus-sebrae-lanca-guia-de-gestao-financeira-para-orientar-pequenos-negocios\/","url_meta":{"origin":1927,"position":1},"title":"Coronav\u00edrus: Sebrae lan\u00e7a Guia de Gest\u00e3o Financeira para orientar pequenos neg\u00f3cios","author":"Ab\u00edlio Gon\u00e7alves","date":"18 de mar\u00e7o de 2020","format":false,"excerpt":"Documento orienta donos de pequenos neg\u00f3cios com recomenda\u00e7\u00f5es preparadas por especialistas. Medidas est\u00e3o alinhadas \u00e0s do Banco Central e Febraban O Guia de Gest\u00e3o Financeira do Sebrae busca apoiar os donos de pequenos neg\u00f3cios nesse momento de instabilidade econ\u00f4mica causada pelos efeitos do novo Coronav\u00edrus. O documento traz orienta\u00e7\u00f5es sobre\u2026","rel":"","context":"Em &quot;Geral&quot;","block_context":{"text":"Geral","link":"http:\/\/cfcontabil.com\/cf\/category\/geral\/"},"img":{"alt_text":"","src":"https:\/\/i0.wp.com\/cfcontabil.com\/cf\/wp-content\/uploads\/2020\/03\/coronavirus_1280x720_00124C00.jpg?fit=810%2C455&resize=350%2C200","width":350,"height":200,"srcset":"https:\/\/i0.wp.com\/cfcontabil.com\/cf\/wp-content\/uploads\/2020\/03\/coronavirus_1280x720_00124C00.jpg?fit=810%2C455&resize=350%2C200 1x, https:\/\/i0.wp.com\/cfcontabil.com\/cf\/wp-content\/uploads\/2020\/03\/coronavirus_1280x720_00124C00.jpg?fit=810%2C455&resize=525%2C300 1.5x, https:\/\/i0.wp.com\/cfcontabil.com\/cf\/wp-content\/uploads\/2020\/03\/coronavirus_1280x720_00124C00.jpg?fit=810%2C455&resize=700%2C400 2x"},"classes":[]},{"id":1835,"url":"http:\/\/cfcontabil.com\/cf\/empresarios-mais-confiantes-e-com-intencao-de-contratar\/","url_meta":{"origin":1927,"position":2},"title":"Empres\u00e1rios: mais confiantes e com inten\u00e7\u00e3o de contratar","author":"Ab\u00edlio Gon\u00e7alves","date":"30 de outubro de 2019","format":false,"excerpt":"Indicador da FecomercioSP registrou a segunda alta consecutiva em outubro, puxada pela queda dos juros com tend\u00eancia de redu\u00e7\u00e3o devido \u00e0 Reforma da Previd\u00eancia A\u00a0confian\u00e7a\u00a0do empres\u00e1rio registrou a segunda alta consecutiva em outubro (2,7%) ao passar de 115,3 pontos, em setembro, para os atuais 118,4. Na compara\u00e7\u00e3o com o mesmo\u2026","rel":"","context":"Em &quot;Consultoria Empresarial&quot;","block_context":{"text":"Consultoria Empresarial","link":"http:\/\/cfcontabil.com\/cf\/category\/consultoria\/"},"img":{"alt_text":"","src":"https:\/\/i0.wp.com\/cfcontabil.com\/cf\/wp-content\/uploads\/2019\/10\/empresarios.jpg?fit=640%2C433&resize=350%2C200","width":350,"height":200,"srcset":"https:\/\/i0.wp.com\/cfcontabil.com\/cf\/wp-content\/uploads\/2019\/10\/empresarios.jpg?fit=640%2C433&resize=350%2C200 1x, https:\/\/i0.wp.com\/cfcontabil.com\/cf\/wp-content\/uploads\/2019\/10\/empresarios.jpg?fit=640%2C433&resize=525%2C300 1.5x"},"classes":[]},{"id":2316,"url":"http:\/\/cfcontabil.com\/cf\/so-14-dos-pequenos-negocios-ja-conseguiram-credito-na-pandemia-diz-sebrae\/","url_meta":{"origin":1927,"position":3},"title":"S\u00f3 14% dos pequenos neg\u00f3cios j\u00e1 conseguiram cr\u00e9dito na pandemia, diz Sebrae","author":"Ab\u00edlio Gon\u00e7alves","date":"20 de maio de 2020","format":false,"excerpt":"Pesquisa do Sebrae diz que 58% das MPEs que pediram cr\u00e9dito nas \u00faltimas semanas j\u00e1 tiveram o pedido negado. Outros 18% est\u00e3o em an\u00e1lise, sendo que 53% aguardam uma resposta dos bancos h\u00e1 mais de duas semanas O Programa Nacional de Apoio \u00e0s Microempresas e Empresas de Pequeno Porte (Pronampe)\u2026","rel":"","context":"Em \"Cr\u00e9dito\"","block_context":{"text":"Cr\u00e9dito","link":"http:\/\/cfcontabil.com\/cf\/tag\/credito\/"},"img":{"alt_text":"","src":"https:\/\/i0.wp.com\/cfcontabil.com\/cf\/wp-content\/uploads\/2019\/11\/dinheiro-nota-real.jpg?fit=678%2C452&resize=350%2C200","width":350,"height":200,"srcset":"https:\/\/i0.wp.com\/cfcontabil.com\/cf\/wp-content\/uploads\/2019\/11\/dinheiro-nota-real.jpg?fit=678%2C452&resize=350%2C200 1x, https:\/\/i0.wp.com\/cfcontabil.com\/cf\/wp-content\/uploads\/2019\/11\/dinheiro-nota-real.jpg?fit=678%2C452&resize=525%2C300 1.5x"},"classes":[]},{"id":1229,"url":"http:\/\/cfcontabil.com\/cf\/governo-regulamenta-saque-das-contas-inativas-do-fgts-previsto-na-mp-7632016\/","url_meta":{"origin":1927,"position":4},"title":"Governo regulamenta saque das contas inativas do FGTS previsto na MP 763\/2016","author":"Ab\u00edlio Gon\u00e7alves","date":"3 de mar\u00e7o de 2017","format":false,"excerpt":"DECRETO 8.989, DE 14-2-2017 (DO-U DE 15-2-2017) \u00a0 MOVIMENTA\u00c7\u00c3O DA CONTA \u2013 Hip\u00f3teses \u00a0 Governo regulamenta saque das contas inativas do FGTS previsto na MP 763\/2016 O Ato em refer\u00eancia acrescenta os \u00a7\u00a7 9\u00ba e 10 ao artigo 35 do\u00a0Decreto 99.684, de 8-11-90, que consolida as normas relativas ao FGTS,\u2026","rel":"","context":"Em &quot;Departamento Pessoal&quot;","block_context":{"text":"Departamento Pessoal","link":"http:\/\/cfcontabil.com\/cf\/category\/dp\/"},"img":{"alt_text":"","src":"https:\/\/i0.wp.com\/cfcontabil.com\/cf\/wp-content\/uploads\/2017\/03\/FGTS1-1.jpg?fit=1200%2C702&resize=350%2C200","width":350,"height":200,"srcset":"https:\/\/i0.wp.com\/cfcontabil.com\/cf\/wp-content\/uploads\/2017\/03\/FGTS1-1.jpg?fit=1200%2C702&resize=350%2C200 1x, https:\/\/i0.wp.com\/cfcontabil.com\/cf\/wp-content\/uploads\/2017\/03\/FGTS1-1.jpg?fit=1200%2C702&resize=525%2C300 1.5x, https:\/\/i0.wp.com\/cfcontabil.com\/cf\/wp-content\/uploads\/2017\/03\/FGTS1-1.jpg?fit=1200%2C702&resize=700%2C400 2x, https:\/\/i0.wp.com\/cfcontabil.com\/cf\/wp-content\/uploads\/2017\/03\/FGTS1-1.jpg?fit=1200%2C702&resize=1050%2C600 3x"},"classes":[]},{"id":1960,"url":"http:\/\/cfcontabil.com\/cf\/donos-de-pequenos-negocios-apontam-melhoria-do-acesso-ao-credito\/","url_meta":{"origin":1927,"position":5},"title":"Donos de pequenos neg\u00f3cios apontam melhoria do acesso ao cr\u00e9dito","author":"Ab\u00edlio Gon\u00e7alves","date":"28 de novembro de 2019","format":false,"excerpt":"Pesquisa realizada pelo Sebrae mostra que mais empres\u00e1rios buscaram empr\u00e9stimos em 2019 e que houve melhora na avalia\u00e7\u00e3o do sistema financeiro A melhora dos \u00edndices de confian\u00e7a dos empres\u00e1rios brasileiros, identificada na Sondagem Conjuntural realizada pelo Sebrae, contribui para que os donos de pequenos neg\u00f3cios retomem o interesse em buscar\u2026","rel":"","context":"Em &quot;Consultoria Empresarial&quot;","block_context":{"text":"Consultoria Empresarial","link":"http:\/\/cfcontabil.com\/cf\/category\/consultoria\/"},"img":{"alt_text":"","src":"https:\/\/i0.wp.com\/cfcontabil.com\/cf\/wp-content\/uploads\/2019\/11\/pequenos-neg%C3%B3cios.jpg?fit=600%2C310&resize=350%2C200","width":350,"height":200,"srcset":"https:\/\/i0.wp.com\/cfcontabil.com\/cf\/wp-content\/uploads\/2019\/11\/pequenos-neg%C3%B3cios.jpg?fit=600%2C310&resize=350%2C200 1x, https:\/\/i0.wp.com\/cfcontabil.com\/cf\/wp-content\/uploads\/2019\/11\/pequenos-neg%C3%B3cios.jpg?fit=600%2C310&resize=525%2C300 1.5x"},"classes":[]}],"jetpack_likes_enabled":true,"_links":{"self":[{"href":"http:\/\/cfcontabil.com\/cf\/wp-json\/wp\/v2\/posts\/1927","targetHints":{"allow":["GET"]}}],"collection":[{"href":"http:\/\/cfcontabil.com\/cf\/wp-json\/wp\/v2\/posts"}],"about":[{"href":"http:\/\/cfcontabil.com\/cf\/wp-json\/wp\/v2\/types\/post"}],"author":[{"embeddable":true,"href":"http:\/\/cfcontabil.com\/cf\/wp-json\/wp\/v2\/users\/1"}],"replies":[{"embeddable":true,"href":"http:\/\/cfcontabil.com\/cf\/wp-json\/wp\/v2\/comments?post=1927"}],"version-history":[{"count":1,"href":"http:\/\/cfcontabil.com\/cf\/wp-json\/wp\/v2\/posts\/1927\/revisions"}],"predecessor-version":[{"id":1929,"href":"http:\/\/cfcontabil.com\/cf\/wp-json\/wp\/v2\/posts\/1927\/revisions\/1929"}],"wp:featuredmedia":[{"embeddable":true,"href":"http:\/\/cfcontabil.com\/cf\/wp-json\/wp\/v2\/media\/1928"}],"wp:attachment":[{"href":"http:\/\/cfcontabil.com\/cf\/wp-json\/wp\/v2\/media?parent=1927"}],"wp:term":[{"taxonomy":"category","embeddable":true,"href":"http:\/\/cfcontabil.com\/cf\/wp-json\/wp\/v2\/categories?post=1927"},{"taxonomy":"post_tag","embeddable":true,"href":"http:\/\/cfcontabil.com\/cf\/wp-json\/wp\/v2\/tags?post=1927"}],"curies":[{"name":"wp","href":"https:\/\/api.w.org\/{rel}","templated":true}]}}