{"id":1944,"date":"2019-11-22T16:57:10","date_gmt":"2019-11-22T19:57:10","guid":{"rendered":"http:\/\/cfcontabil.com\/cf\/?p=1944"},"modified":"2019-11-22T16:57:10","modified_gmt":"2019-11-22T19:57:10","slug":"brasil-cria-mais-de-70-mil-novos-empregos-formais-em-outubro","status":"publish","type":"post","link":"http:\/\/cfcontabil.com\/cf\/brasil-cria-mais-de-70-mil-novos-empregos-formais-em-outubro\/","title":{"rendered":"Brasil cria mais de 70 mil novos empregos formais em outubro"},"content":{"rendered":"<h2 class=\"txt-gray mb-0 h4\">Os n\u00fameros, divulgados pelo Minist\u00e9rio da Economia nesta quinta-feira (21\/11), mostram o s\u00e9timo m\u00eas consecutivo de saldo positivo para o mercado de trabalho formal<\/h2>\n<p>O Cadastro Geral de Empregados e Desempregados (<strong>Caged<\/strong>) registrou 70.852 novos trabalhadores por carteira assinada em outubro, na compara\u00e7\u00e3o com o m\u00eas anterior. O resultado \u00e9 a diferen\u00e7a de 1,365 milh\u00e3o de admiss\u00f5es e 1,294 milh\u00e3o de demiss\u00f5es. Os n\u00fameros, divulgados pelo\u00a0<strong>Minist\u00e9rio da Economia<\/strong>\u00a0nesta quinta-feira (21\/11), mostram o s\u00e9timo m\u00eas consecutivo de saldo positivo para o mercado de trabalho formal.<\/p>\n<div>O\u00a0<strong>desempenho de outubro<\/strong>\u00a0deste ano \u00e9 melhor que o do ano passado, quando o saldo do m\u00eas ficou em 57.733, no entanto, \u00e9 levemente pior que o resultado de 2017, de 76.599 novas vagas. Antes disso, o mercado de emprego formal registrou tr\u00eas anos consecutivos de saldo negativo, com as demiss\u00f5es superando as contrata\u00e7\u00f5es.<\/div>\n<div><\/div>\n<div>No acumulado de janeiro a setembro, 841.589 postos formais foram gerados. J\u00e1 na compara\u00e7\u00e3o dos \u00faltimos 12 meses imediatamente anteriores, o saldo foi de 562.186. Considerando o resultado por setores da atividade econ\u00f4mica, cinco dos oito campos tiveram cria\u00e7\u00e3o de vagas. O Com\u00e9rcio liderou as altas, com 43.972 novas vagas, representando 62,06% do total. Em segundo lugar vem o setor se servi\u00e7os, com 19.123.<\/div>\n<div><\/div>\n<div>\u00c9 o segundo m\u00eas de 2019 em que todas as 27 unidades federativas do pa\u00eds apresentaram resultado positiva na oferta de postos de trabalhos formais. Os destaques ficam com Mina Gerais, com saldo de 12,3 mil empregos, S\u00e3o Paulo, com 11,7 mil novas vagas, e Santa Catarina, com 11,6 mil.<\/div>\n<div><\/div>\n<div>Ainda de acordo com os dados, todas as regi\u00f5es do pa\u00eds tamb\u00e9m tiveram resultado positivo na abertura de vagas formais em outubro, destacando-se o Sul, com 27,3 mil empregos, e o Nordeste, com 21,7 mil.<\/div>\n<div><\/div>\n<div>Com a gera\u00e7\u00e3o de empregos em outubro, h\u00e1, ao todo, um estoque de 39,252 milh\u00f5es de\u00a0<strong>trabalhadores formais<\/strong>, o maior n\u00famero para outubro desde 2015.<\/div>\n<div><\/div>\n<div>Segundo o Minist\u00e9rio da Economia, a modalidade de trabalho intermitente, criada na\u00a0<strong>reforma trabalhista<\/strong>, que entrou em vigor em novembro de 2017, teve saldo positivo de 6.087 empregos no per\u00edodo, sendo 14.254 admiss\u00f5es e 8.167 desligamentos. Na op\u00e7\u00e3o trabalho em regime de tempo parcial, houve gera\u00e7\u00e3o de 2.569 empregos, saldo de 7.480 contrata\u00e7\u00f5es e 4.911 demiss\u00f5es.<\/div>\n","protected":false},"excerpt":{"rendered":"<p>Os n\u00fameros, divulgados pelo Minist\u00e9rio da Economia nesta quinta-feira (21\/11), mostram o s\u00e9timo m\u00eas consecutivo de saldo positivo para o mercado de trabalho formal O Cadastro Geral de Empregados e Desempregados (Caged) registrou 70.852 novos trabalhadores por carteira assinada em outubro, na compara\u00e7\u00e3o com o m\u00eas anterior. O resultado \u00e9 a diferen\u00e7a de 1,365 milh\u00e3o [&hellip;]<\/p>\n","protected":false},"author":1,"featured_media":1908,"comment_status":"open","ping_status":"open","sticky":false,"template":"","format":"standard","meta":{"jetpack_post_was_ever_published":false,"_jetpack_newsletter_access":"","_jetpack_dont_email_post_to_subs":false,"_jetpack_newsletter_tier_id":0,"_jetpack_memberships_contains_paywalled_content":false,"_jetpack_memberships_contains_paid_content":false,"footnotes":"","jetpack_publicize_message":"","jetpack_publicize_feature_enabled":true,"jetpack_social_post_already_shared":true,"jetpack_social_options":{"image_generator_settings":{"template":"highway","default_image_id":0,"font":"","enabled":false},"version":2}},"categories":[29],"tags":[235],"class_list":["post-1944","post","type-post","status-publish","format-standard","has-post-thumbnail","hentry","category-dp","tag-emprego"],"jetpack_publicize_connections":[],"jetpack_featured_media_url":"https:\/\/i0.wp.com\/cfcontabil.com\/cf\/wp-content\/uploads\/2019\/11\/carteira-trabalho.jpg?fit=826%2C371","jetpack_sharing_enabled":true,"jetpack_shortlink":"https:\/\/wp.me\/p2wklX-vm","jetpack-related-posts":[{"id":2372,"url":"http:\/\/cfcontabil.com\/cf\/outubro-tem-saldo-de-mais-de-231-mil-novas-empresas-abertas-no-pais\/","url_meta":{"origin":1944,"position":0},"title":"Outubro tem saldo de mais de 231 mil novas empresas abertas no pa\u00eds","author":"Ab\u00edlio Gon\u00e7alves","date":"10 de novembro de 2020","format":false,"excerpt":"Segundo o Mapa de Empresas, do Minist\u00e9rio da Economia, foram abertas 320.559 firmas e 89.306 fecharam. Tempo m\u00e9dio da burocracia diminuiu: menos de tr\u00eas dias O Mapa de Empresas, ferramenta digital do Minist\u00e9rio da Economia que acompanha dados sobre registro empresarial no Brasil, apontou que, em outubro, houve saldo positivo\u2026","rel":"","context":"Em &quot;Consultoria Empresarial&quot;","block_context":{"text":"Consultoria Empresarial","link":"http:\/\/cfcontabil.com\/cf\/category\/consultoria\/"},"img":{"alt_text":"","src":"https:\/\/i0.wp.com\/cfcontabil.com\/cf\/wp-content\/uploads\/2019\/12\/abertura-de-Empresas.jpg?fit=1080%2C640&resize=350%2C200","width":350,"height":200,"srcset":"https:\/\/i0.wp.com\/cfcontabil.com\/cf\/wp-content\/uploads\/2019\/12\/abertura-de-Empresas.jpg?fit=1080%2C640&resize=350%2C200 1x, https:\/\/i0.wp.com\/cfcontabil.com\/cf\/wp-content\/uploads\/2019\/12\/abertura-de-Empresas.jpg?fit=1080%2C640&resize=525%2C300 1.5x, https:\/\/i0.wp.com\/cfcontabil.com\/cf\/wp-content\/uploads\/2019\/12\/abertura-de-Empresas.jpg?fit=1080%2C640&resize=700%2C400 2x, https:\/\/i0.wp.com\/cfcontabil.com\/cf\/wp-content\/uploads\/2019\/12\/abertura-de-Empresas.jpg?fit=1080%2C640&resize=1050%2C600 3x"},"classes":[]},{"id":1160,"url":"http:\/\/cfcontabil.com\/cf\/encontrados-92-412-trabalhadores-sem-registro-formal-em-2016\/","url_meta":{"origin":1944,"position":1},"title":"Encontrados 92.412 trabalhadores sem registro formal em 2016","author":"Ab\u00edlio Gon\u00e7alves","date":"25 de maio de 2017","format":false,"excerpt":"Auditores fiscais do Trabalho realizaram mais de 11 mil a\u00e7\u00f5es fiscais no pa\u00eds no ano passado Em 2016 foram encontrados 92.412 empregados sem registro formal nas mais de 11 mil a\u00e7\u00f5es fiscais realizadas pelos auditores fiscais do Trabalho em estabelecimentos comerciais no pa\u00eds. O maior n\u00famero de empregados sem registro\u2026","rel":"","context":"Em &quot;Departamento Pessoal&quot;","block_context":{"text":"Departamento Pessoal","link":"http:\/\/cfcontabil.com\/cf\/category\/dp\/"},"img":{"alt_text":"","src":"https:\/\/i0.wp.com\/cfcontabil.com\/cf\/wp-content\/uploads\/2017\/05\/carteira-de-trabalho-1.jpg?fit=590%2C302&resize=350%2C200","width":350,"height":200,"srcset":"https:\/\/i0.wp.com\/cfcontabil.com\/cf\/wp-content\/uploads\/2017\/05\/carteira-de-trabalho-1.jpg?fit=590%2C302&resize=350%2C200 1x, https:\/\/i0.wp.com\/cfcontabil.com\/cf\/wp-content\/uploads\/2017\/05\/carteira-de-trabalho-1.jpg?fit=590%2C302&resize=525%2C300 1.5x"},"classes":[]},{"id":1835,"url":"http:\/\/cfcontabil.com\/cf\/empresarios-mais-confiantes-e-com-intencao-de-contratar\/","url_meta":{"origin":1944,"position":2},"title":"Empres\u00e1rios: mais confiantes e com inten\u00e7\u00e3o de contratar","author":"Ab\u00edlio Gon\u00e7alves","date":"30 de outubro de 2019","format":false,"excerpt":"Indicador da FecomercioSP registrou a segunda alta consecutiva em outubro, puxada pela queda dos juros com tend\u00eancia de redu\u00e7\u00e3o devido \u00e0 Reforma da Previd\u00eancia A\u00a0confian\u00e7a\u00a0do empres\u00e1rio registrou a segunda alta consecutiva em outubro (2,7%) ao passar de 115,3 pontos, em setembro, para os atuais 118,4. Na compara\u00e7\u00e3o com o mesmo\u2026","rel":"","context":"Em &quot;Consultoria Empresarial&quot;","block_context":{"text":"Consultoria Empresarial","link":"http:\/\/cfcontabil.com\/cf\/category\/consultoria\/"},"img":{"alt_text":"","src":"https:\/\/i0.wp.com\/cfcontabil.com\/cf\/wp-content\/uploads\/2019\/10\/empresarios.jpg?fit=640%2C433&resize=350%2C200","width":350,"height":200,"srcset":"https:\/\/i0.wp.com\/cfcontabil.com\/cf\/wp-content\/uploads\/2019\/10\/empresarios.jpg?fit=640%2C433&resize=350%2C200 1x, https:\/\/i0.wp.com\/cfcontabil.com\/cf\/wp-content\/uploads\/2019\/10\/empresarios.jpg?fit=640%2C433&resize=525%2C300 1.5x"},"classes":[]},{"id":2024,"url":"http:\/\/cfcontabil.com\/cf\/numero-de-empresas-abertas-no-pais-cresce-308-em-outubro\/","url_meta":{"origin":1944,"position":3},"title":"N\u00famero de empresas abertas no pa\u00eds cresce 30,8% em outubro","author":"Ab\u00edlio Gon\u00e7alves","date":"23 de dezembro de 2019","format":false,"excerpt":"S\u00e3o quase 10 mil novos empreendimentos por dia, diz Serasa Experian O n\u00famero de empresas abertas em outubro deste ano aumentou 30,8%, ante o mesmo per\u00edodo de 2018, com o surgimento de 307.443 novos empreendimentos, quase 10 mil por dia, segundo levantamento da Serasa Experian. O acumulado de janeiro a\u2026","rel":"","context":"Em &quot;Consultoria Empresarial&quot;","block_context":{"text":"Consultoria Empresarial","link":"http:\/\/cfcontabil.com\/cf\/category\/consultoria\/"},"img":{"alt_text":"","src":"https:\/\/i0.wp.com\/cfcontabil.com\/cf\/wp-content\/uploads\/2019\/12\/abertura-de-Empresas.jpg?fit=1080%2C640&resize=350%2C200","width":350,"height":200,"srcset":"https:\/\/i0.wp.com\/cfcontabil.com\/cf\/wp-content\/uploads\/2019\/12\/abertura-de-Empresas.jpg?fit=1080%2C640&resize=350%2C200 1x, https:\/\/i0.wp.com\/cfcontabil.com\/cf\/wp-content\/uploads\/2019\/12\/abertura-de-Empresas.jpg?fit=1080%2C640&resize=525%2C300 1.5x, https:\/\/i0.wp.com\/cfcontabil.com\/cf\/wp-content\/uploads\/2019\/12\/abertura-de-Empresas.jpg?fit=1080%2C640&resize=700%2C400 2x, https:\/\/i0.wp.com\/cfcontabil.com\/cf\/wp-content\/uploads\/2019\/12\/abertura-de-Empresas.jpg?fit=1080%2C640&resize=1050%2C600 3x"},"classes":[]},{"id":649,"url":"http:\/\/cfcontabil.com\/cf\/prazo-de-entrega-da-rais-termina-em-18marco\/","url_meta":{"origin":1944,"position":4},"title":"Prazo de Entrega da RAIS Termina em 18\/Mar\u00e7o","author":"Ab\u00edlio Gon\u00e7alves","date":"10 de mar\u00e7o de 2016","format":false,"excerpt":"Para o ano base 2015, o\u00a0prazo para a entrega da\u00a0RAIS \u2013 Rela\u00e7\u00e3o Anual de Informa\u00e7\u00f5es Sociais\u00a0encerra-se no dia 18\/03\/2016.\u00a0\u00a0O prazo n\u00e3o ser\u00e1 prorrogado. Segundo a Portaria n\u00ba 269, de 29 de dezembro de 2015, do Minist\u00e9rio do Trabalho e Emprego (MTE), a entrega da Rais n\u00e3o ser\u00e1 prorrogada. Assim, a\u2026","rel":"","context":"Em &quot;Departamento Pessoal&quot;","block_context":{"text":"Departamento Pessoal","link":"http:\/\/cfcontabil.com\/cf\/category\/dp\/"},"img":{"alt_text":"","src":"https:\/\/i0.wp.com\/cfcontabil.com\/cf\/wp-content\/uploads\/2016\/03\/rais-2016-2-2.jpg?fit=530%2C249&resize=350%2C200","width":350,"height":200,"srcset":"https:\/\/i0.wp.com\/cfcontabil.com\/cf\/wp-content\/uploads\/2016\/03\/rais-2016-2-2.jpg?fit=530%2C249&resize=350%2C200 1x, https:\/\/i0.wp.com\/cfcontabil.com\/cf\/wp-content\/uploads\/2016\/03\/rais-2016-2-2.jpg?fit=530%2C249&resize=525%2C300 1.5x"},"classes":[]},{"id":1930,"url":"http:\/\/cfcontabil.com\/cf\/mais-de-800-mil-brasileiros-optaram-por-saque-aniversario-do-fgts-para-2020\/","url_meta":{"origin":1944,"position":5},"title":"Mais de 800 mil brasileiros optaram por saque anivers\u00e1rio do FGTS para 2020","author":"Ab\u00edlio Gon\u00e7alves","date":"20 de novembro de 2019","format":false,"excerpt":"No saque anivers\u00e1rio, o trabalhador pode retirar anualmente uma parcela do saldo da conta do FGTS, o que permitir\u00e1 uma renda extra opcional Mais de 823 mil pessoas j\u00e1 optaram pelo saque anivers\u00e1rio do Fundo de Garantia do Tempo de Servi\u00e7o (FGTS) para 2020, de acordo com o secret\u00e1rio de\u2026","rel":"","context":"Em &quot;Geral&quot;","block_context":{"text":"Geral","link":"http:\/\/cfcontabil.com\/cf\/category\/geral\/"},"img":{"alt_text":"","src":"https:\/\/i0.wp.com\/cfcontabil.com\/cf\/wp-content\/uploads\/2017\/03\/FGTS1-1.jpg?fit=1200%2C702&resize=350%2C200","width":350,"height":200,"srcset":"https:\/\/i0.wp.com\/cfcontabil.com\/cf\/wp-content\/uploads\/2017\/03\/FGTS1-1.jpg?fit=1200%2C702&resize=350%2C200 1x, https:\/\/i0.wp.com\/cfcontabil.com\/cf\/wp-content\/uploads\/2017\/03\/FGTS1-1.jpg?fit=1200%2C702&resize=525%2C300 1.5x, https:\/\/i0.wp.com\/cfcontabil.com\/cf\/wp-content\/uploads\/2017\/03\/FGTS1-1.jpg?fit=1200%2C702&resize=700%2C400 2x, https:\/\/i0.wp.com\/cfcontabil.com\/cf\/wp-content\/uploads\/2017\/03\/FGTS1-1.jpg?fit=1200%2C702&resize=1050%2C600 3x"},"classes":[]}],"jetpack_likes_enabled":true,"_links":{"self":[{"href":"http:\/\/cfcontabil.com\/cf\/wp-json\/wp\/v2\/posts\/1944","targetHints":{"allow":["GET"]}}],"collection":[{"href":"http:\/\/cfcontabil.com\/cf\/wp-json\/wp\/v2\/posts"}],"about":[{"href":"http:\/\/cfcontabil.com\/cf\/wp-json\/wp\/v2\/types\/post"}],"author":[{"embeddable":true,"href":"http:\/\/cfcontabil.com\/cf\/wp-json\/wp\/v2\/users\/1"}],"replies":[{"embeddable":true,"href":"http:\/\/cfcontabil.com\/cf\/wp-json\/wp\/v2\/comments?post=1944"}],"version-history":[{"count":1,"href":"http:\/\/cfcontabil.com\/cf\/wp-json\/wp\/v2\/posts\/1944\/revisions"}],"predecessor-version":[{"id":1945,"href":"http:\/\/cfcontabil.com\/cf\/wp-json\/wp\/v2\/posts\/1944\/revisions\/1945"}],"wp:featuredmedia":[{"embeddable":true,"href":"http:\/\/cfcontabil.com\/cf\/wp-json\/wp\/v2\/media\/1908"}],"wp:attachment":[{"href":"http:\/\/cfcontabil.com\/cf\/wp-json\/wp\/v2\/media?parent=1944"}],"wp:term":[{"taxonomy":"category","embeddable":true,"href":"http:\/\/cfcontabil.com\/cf\/wp-json\/wp\/v2\/categories?post=1944"},{"taxonomy":"post_tag","embeddable":true,"href":"http:\/\/cfcontabil.com\/cf\/wp-json\/wp\/v2\/tags?post=1944"}],"curies":[{"name":"wp","href":"https:\/\/api.w.org\/{rel}","templated":true}]}}